{"id":286,"date":"2011-09-12T01:07:00","date_gmt":"2011-09-12T01:07:00","guid":{"rendered":"https:\/\/tremdavale.org\/?p=286"},"modified":"2025-10-10T11:57:00","modified_gmt":"2025-10-10T11:57:00","slug":"trem-da-vale-apresenta-dia-nacional-do-circo","status":"publish","type":"post","link":"https:\/\/tremdavale.org\/pt\/trem-da-vale-apresenta-dia-nacional-do-circo\/","title":{"rendered":"Trem da Vale apresenta \u201cDia Internacional do Circo\u201d"},"content":{"rendered":"<p><em><\/em><\/p>\n<p>&nbsp;<\/p>\n<p><img loading=\"lazy\" decoding=\"async\" class=\"size-medium\" title=\"circo-maquete\" src=\"\/wp-content\/uploads\/circo-maquete-300x199.jpg\" alt=\"Maquete de circo da Esta\u00e7\u00e3o de Ouro Preto\" width=\"300\" height=\"199\"><\/p>\n<p>Maquete de circo da Esta\u00e7\u00e3o de Ouro Preto<\/p>\n<p>&nbsp;<\/p>\n<p><em>Venha conferir as atra\u00e7\u00f5es do Dia Internacional do Circo na Esta\u00e7\u00e3o de Ouro Preto!<\/em><!--more--><\/p>\n<p>&nbsp;<\/p>\n<p>Em homenagem ao circo e a sua import\u00e2ncia hist\u00f3rica e cultural no cen\u00e1rio art\u00edstico brasileiro, o Trem da Vale promove, no dia 27 de mar\u00e7o o evento \u201cDia Internacional do Circo\u201d, com apresenta\u00e7\u00e3o do grupo \u201cCirco &#8211; Arte Educa\u00e7\u00e3o e Cidadania\u201d. A apresenta\u00e7\u00e3o acontece na plataforma da esta\u00e7\u00e3o de Ouro Preto \u00e0s 9h30. Em seguida, a trupe embarca no trem que parte \u00e0s 10h em dire\u00e7\u00e3o \u00e0 Mariana, apresentando-se durante a viagem e em seguida na plataforma da Esta\u00e7\u00e3o de Mariana , \u00e0s&nbsp; 11h. O evento \u00e9 aberto ao p\u00fablico.<\/p>\n<p>O dia do Circo foi criado em homenagem ao Palha\u00e7o Piolim, Abelardo Pinto. A data remete ao seu nascimento, em 1897 em Ribeir\u00e3o Preto &#8211; SP. Um dos maiores sonhos deste palha\u00e7o era montar uma escola para manter as tradi\u00e7\u00f5es art\u00edsticas do circo, j\u00e1 que as pr\u00e1ticas circenses trazem consigo valores c\u00edvicos, morais e educacionais fundamentais para a vida em comunidade e para o desenvolvimento pessoal e social.<\/p>\n<p>Importante patrim\u00f4nio cultural brasileiro, o circo teve papel fundamental na difus\u00e3o das artes pelo interior do Brasil. A hist\u00f3ria das artes circenses no pa\u00eds tem origem no s\u00e9culo XIX, quando grupos de saltimbancos ligados a companhias de teatro faziam apresenta\u00e7\u00f5es pelo interior dos estados, levando alegria para p\u00fablicos de todas as idades. Por sua mobilidade e itiner\u00e2ncia, o circo era o \u00fanico espet\u00e1culo que conseguia chegar a quase todas as cidades do Brasil at\u00e9 os anos 50.<\/p>\n<p>&nbsp;<\/p>\n","protected":false},"excerpt":{"rendered":"<p>&nbsp; Maquete de circo da Esta\u00e7\u00e3o de Ouro Preto &nbsp; Venha conferir as atra\u00e7\u00f5es do Dia Internacional do Circo na Esta\u00e7\u00e3o de Ouro Preto!<\/p>\n","protected":false},"author":1,"featured_media":532,"comment_status":"open","ping_status":"closed","sticky":false,"template":"","format":"standard","meta":{"footnotes":""},"categories":[3],"tags":[],"class_list":["post-286","post","type-post","status-publish","format-standard","has-post-thumbnail","hentry","category-noticias"],"yoast_head":"<!-- This site is optimized with the Yoast SEO plugin v26.1.1 - https:\/\/yoast.com\/wordpress\/plugins\/seo\/ -->\n<title>Trem da Vale apresenta \u201cDia Internacional do Circo\u201d &#8212; Trem da Vale<\/title>\n<meta name=\"robots\" content=\"index, follow, max-snippet:-1, max-image-preview:large, max-video-preview:-1\" \/>\n<link rel=\"canonical\" href=\"https:\/\/tremdavale.org\/pt\/trem-da-vale-apresenta-dia-nacional-do-circo\/\" \/>\n<meta property=\"og:locale\" content=\"pt_PT\" \/>\n<meta property=\"og:type\" content=\"article\" \/>\n<meta property=\"og:title\" content=\"Trem da Vale apresenta \u201cDia Internacional do Circo\u201d &#8212; Trem da Vale\" \/>\n<meta property=\"og:description\" content=\"&nbsp; Maquete de circo da Esta\u00e7\u00e3o de Ouro Preto &nbsp; Venha conferir as atra\u00e7\u00f5es do Dia Internacional do Circo na Esta\u00e7\u00e3o de Ouro Preto!\" \/>\n<meta property=\"og:url\" content=\"https:\/\/tremdavale.org\/pt\/trem-da-vale-apresenta-dia-nacional-do-circo\/\" \/>\n<meta property=\"og:site_name\" content=\"Trem da Vale\" \/>\n<meta property=\"article:published_time\" content=\"2011-09-12T01:07:00+00:00\" \/>\n<meta property=\"article:modified_time\" content=\"2025-10-10T11:57:00+00:00\" \/>\n<meta property=\"og:image\" content=\"https:\/\/tremdavale.org\/wp-content\/uploads\/circo-maquete-300x199.jpg\" \/>\n\t<meta property=\"og:image:width\" content=\"300\" \/>\n\t<meta property=\"og:image:height\" content=\"199\" \/>\n\t<meta property=\"og:image:type\" content=\"image\/jpeg\" \/>\n<meta name=\"author\" content=\"admin\" \/>\n<meta name=\"twitter:card\" content=\"summary_large_image\" \/>\n<meta name=\"twitter:label1\" content=\"Escrito por\" \/>\n\t<meta name=\"twitter:data1\" content=\"admin\" \/>\n\t<meta name=\"twitter:label2\" content=\"Tempo estimado de leitura\" \/>\n\t<meta name=\"twitter:data2\" content=\"1 minuto\" \/>\n<script type=\"application\/ld+json\" class=\"yoast-schema-graph\">{\"@context\":\"https:\/\/schema.org\",\"@graph\":[{\"@type\":\"WebPage\",\"@id\":\"https:\/\/tremdavale.org\/pt\/trem-da-vale-apresenta-dia-nacional-do-circo\/\",\"url\":\"https:\/\/tremdavale.org\/pt\/trem-da-vale-apresenta-dia-nacional-do-circo\/\",\"name\":\"Trem da Vale apresenta \u201cDia Internacional do Circo\u201d &#8212; Trem da Vale\",\"isPartOf\":{\"@id\":\"https:\/\/tremdavale.org\/pt\/#website\"},\"primaryImageOfPage\":{\"@id\":\"https:\/\/tremdavale.org\/pt\/trem-da-vale-apresenta-dia-nacional-do-circo\/#primaryimage\"},\"image\":{\"@id\":\"https:\/\/tremdavale.org\/pt\/trem-da-vale-apresenta-dia-nacional-do-circo\/#primaryimage\"},\"thumbnailUrl\":\"https:\/\/tremdavale.org\/wp-content\/uploads\/circo-maquete-300x199.jpg\",\"datePublished\":\"2011-09-12T01:07:00+00:00\",\"dateModified\":\"2025-10-10T11:57:00+00:00\",\"author\":{\"@id\":\"https:\/\/tremdavale.org\/pt\/#\/schema\/person\/50912137d47426d31329f246d02eaeca\"},\"breadcrumb\":{\"@id\":\"https:\/\/tremdavale.org\/pt\/trem-da-vale-apresenta-dia-nacional-do-circo\/#breadcrumb\"},\"inLanguage\":\"pt-PT\",\"potentialAction\":[{\"@type\":\"ReadAction\",\"target\":[\"https:\/\/tremdavale.org\/pt\/trem-da-vale-apresenta-dia-nacional-do-circo\/\"]}]},{\"@type\":\"ImageObject\",\"inLanguage\":\"pt-PT\",\"@id\":\"https:\/\/tremdavale.org\/pt\/trem-da-vale-apresenta-dia-nacional-do-circo\/#primaryimage\",\"url\":\"https:\/\/tremdavale.org\/wp-content\/uploads\/circo-maquete-300x199.jpg\",\"contentUrl\":\"https:\/\/tremdavale.org\/wp-content\/uploads\/circo-maquete-300x199.jpg\",\"width\":300,\"height\":199},{\"@type\":\"BreadcrumbList\",\"@id\":\"https:\/\/tremdavale.org\/pt\/trem-da-vale-apresenta-dia-nacional-do-circo\/#breadcrumb\",\"itemListElement\":[{\"@type\":\"ListItem\",\"position\":1,\"name\":\"In\u00edcio\",\"item\":\"https:\/\/tremdavale.org\/pt\/\"},{\"@type\":\"ListItem\",\"position\":2,\"name\":\"Trem da Vale apresenta \u201cDia Internacional do Circo\u201d\"}]},{\"@type\":\"WebSite\",\"@id\":\"https:\/\/tremdavale.org\/pt\/#website\",\"url\":\"https:\/\/tremdavale.org\/pt\/\",\"name\":\"Trem da Vale\",\"description\":\"Programa de Educa\u00e7\u00e3o Patrimonial\",\"potentialAction\":[{\"@type\":\"SearchAction\",\"target\":{\"@type\":\"EntryPoint\",\"urlTemplate\":\"https:\/\/tremdavale.org\/pt\/?s={search_term_string}\"},\"query-input\":{\"@type\":\"PropertyValueSpecification\",\"valueRequired\":true,\"valueName\":\"search_term_string\"}}],\"inLanguage\":\"pt-PT\"},{\"@type\":\"Person\",\"@id\":\"https:\/\/tremdavale.org\/pt\/#\/schema\/person\/50912137d47426d31329f246d02eaeca\",\"name\":\"admin\",\"image\":{\"@type\":\"ImageObject\",\"inLanguage\":\"pt-PT\",\"@id\":\"https:\/\/tremdavale.org\/pt\/#\/schema\/person\/image\/\",\"url\":\"https:\/\/secure.gravatar.com\/avatar\/b3564f0fda6ea47959fe96a4217203e79a167568a37409758659bc3ba443b452?s=96&d=mm&r=g\",\"contentUrl\":\"https:\/\/secure.gravatar.com\/avatar\/b3564f0fda6ea47959fe96a4217203e79a167568a37409758659bc3ba443b452?s=96&d=mm&r=g\",\"caption\":\"admin\"},\"sameAs\":[\"https:\/\/tremdavale.org\"],\"url\":\"https:\/\/tremdavale.org\/pt\/author\/admin\/\"}]}<\/script>\n<!-- \/ Yoast SEO plugin. -->","yoast_head_json":{"title":"Trem da Vale apresenta \u201cDia Internacional do Circo\u201d &#8212; Trem da Vale","robots":{"index":"index","follow":"follow","max-snippet":"max-snippet:-1","max-image-preview":"max-image-preview:large","max-video-preview":"max-video-preview:-1"},"canonical":"https:\/\/tremdavale.org\/pt\/trem-da-vale-apresenta-dia-nacional-do-circo\/","og_locale":"pt_PT","og_type":"article","og_title":"Trem da Vale apresenta \u201cDia Internacional do Circo\u201d &#8212; Trem da Vale","og_description":"&nbsp; Maquete de circo da Esta\u00e7\u00e3o de Ouro Preto &nbsp; Venha conferir as atra\u00e7\u00f5es do Dia Internacional do Circo na Esta\u00e7\u00e3o de Ouro Preto!","og_url":"https:\/\/tremdavale.org\/pt\/trem-da-vale-apresenta-dia-nacional-do-circo\/","og_site_name":"Trem da Vale","article_published_time":"2011-09-12T01:07:00+00:00","article_modified_time":"2025-10-10T11:57:00+00:00","og_image":[{"width":300,"height":199,"url":"https:\/\/tremdavale.org\/wp-content\/uploads\/circo-maquete-300x199.jpg","type":"image\/jpeg"}],"author":"admin","twitter_card":"summary_large_image","twitter_misc":{"Escrito por":"admin","Tempo estimado de leitura":"1 minuto"},"schema":{"@context":"https:\/\/schema.org","@graph":[{"@type":"WebPage","@id":"https:\/\/tremdavale.org\/pt\/trem-da-vale-apresenta-dia-nacional-do-circo\/","url":"https:\/\/tremdavale.org\/pt\/trem-da-vale-apresenta-dia-nacional-do-circo\/","name":"Trem da Vale apresenta \u201cDia Internacional do Circo\u201d &#8212; Trem da Vale","isPartOf":{"@id":"https:\/\/tremdavale.org\/pt\/#website"},"primaryImageOfPage":{"@id":"https:\/\/tremdavale.org\/pt\/trem-da-vale-apresenta-dia-nacional-do-circo\/#primaryimage"},"image":{"@id":"https:\/\/tremdavale.org\/pt\/trem-da-vale-apresenta-dia-nacional-do-circo\/#primaryimage"},"thumbnailUrl":"https:\/\/tremdavale.org\/wp-content\/uploads\/circo-maquete-300x199.jpg","datePublished":"2011-09-12T01:07:00+00:00","dateModified":"2025-10-10T11:57:00+00:00","author":{"@id":"https:\/\/tremdavale.org\/pt\/#\/schema\/person\/50912137d47426d31329f246d02eaeca"},"breadcrumb":{"@id":"https:\/\/tremdavale.org\/pt\/trem-da-vale-apresenta-dia-nacional-do-circo\/#breadcrumb"},"inLanguage":"pt-PT","potentialAction":[{"@type":"ReadAction","target":["https:\/\/tremdavale.org\/pt\/trem-da-vale-apresenta-dia-nacional-do-circo\/"]}]},{"@type":"ImageObject","inLanguage":"pt-PT","@id":"https:\/\/tremdavale.org\/pt\/trem-da-vale-apresenta-dia-nacional-do-circo\/#primaryimage","url":"https:\/\/tremdavale.org\/wp-content\/uploads\/circo-maquete-300x199.jpg","contentUrl":"https:\/\/tremdavale.org\/wp-content\/uploads\/circo-maquete-300x199.jpg","width":300,"height":199},{"@type":"BreadcrumbList","@id":"https:\/\/tremdavale.org\/pt\/trem-da-vale-apresenta-dia-nacional-do-circo\/#breadcrumb","itemListElement":[{"@type":"ListItem","position":1,"name":"In\u00edcio","item":"https:\/\/tremdavale.org\/pt\/"},{"@type":"ListItem","position":2,"name":"Trem da Vale apresenta \u201cDia Internacional do Circo\u201d"}]},{"@type":"WebSite","@id":"https:\/\/tremdavale.org\/pt\/#website","url":"https:\/\/tremdavale.org\/pt\/","name":"Trem da Vale","description":"Programa de Educa\u00e7\u00e3o Patrimonial","potentialAction":[{"@type":"SearchAction","target":{"@type":"EntryPoint","urlTemplate":"https:\/\/tremdavale.org\/pt\/?s={search_term_string}"},"query-input":{"@type":"PropertyValueSpecification","valueRequired":true,"valueName":"search_term_string"}}],"inLanguage":"pt-PT"},{"@type":"Person","@id":"https:\/\/tremdavale.org\/pt\/#\/schema\/person\/50912137d47426d31329f246d02eaeca","name":"admin","image":{"@type":"ImageObject","inLanguage":"pt-PT","@id":"https:\/\/tremdavale.org\/pt\/#\/schema\/person\/image\/","url":"https:\/\/secure.gravatar.com\/avatar\/b3564f0fda6ea47959fe96a4217203e79a167568a37409758659bc3ba443b452?s=96&d=mm&r=g","contentUrl":"https:\/\/secure.gravatar.com\/avatar\/b3564f0fda6ea47959fe96a4217203e79a167568a37409758659bc3ba443b452?s=96&d=mm&r=g","caption":"admin"},"sameAs":["https:\/\/tremdavale.org"],"url":"https:\/\/tremdavale.org\/pt\/author\/admin\/"}]}},"_links":{"self":[{"href":"https:\/\/tremdavale.org\/pt\/wp-json\/wp\/v2\/posts\/286","targetHints":{"allow":["GET"]}}],"collection":[{"href":"https:\/\/tremdavale.org\/pt\/wp-json\/wp\/v2\/posts"}],"about":[{"href":"https:\/\/tremdavale.org\/pt\/wp-json\/wp\/v2\/types\/post"}],"author":[{"embeddable":true,"href":"https:\/\/tremdavale.org\/pt\/wp-json\/wp\/v2\/users\/1"}],"replies":[{"embeddable":true,"href":"https:\/\/tremdavale.org\/pt\/wp-json\/wp\/v2\/comments?post=286"}],"version-history":[{"count":0,"href":"https:\/\/tremdavale.org\/pt\/wp-json\/wp\/v2\/posts\/286\/revisions"}],"wp:featuredmedia":[{"embeddable":true,"href":"https:\/\/tremdavale.org\/pt\/wp-json\/wp\/v2\/media\/532"}],"wp:attachment":[{"href":"https:\/\/tremdavale.org\/pt\/wp-json\/wp\/v2\/media?parent=286"}],"wp:term":[{"taxonomy":"category","embeddable":true,"href":"https:\/\/tremdavale.org\/pt\/wp-json\/wp\/v2\/categories?post=286"},{"taxonomy":"post_tag","embeddable":true,"href":"https:\/\/tremdavale.org\/pt\/wp-json\/wp\/v2\/tags?post=286"}],"curies":[{"name":"wp","href":"https:\/\/api.w.org\/{rel}","templated":true}]}}