{"id":287,"date":"2011-09-13T13:00:00","date_gmt":"2011-09-13T13:00:00","guid":{"rendered":"https:\/\/tremdavale.org\/?p=287"},"modified":"2025-10-10T11:57:00","modified_gmt":"2025-10-10T11:57:00","slug":"trem-da-vale-completa-quatro-anos-de-atividades","status":"publish","type":"post","link":"https:\/\/tremdavale.org\/pt\/trem-da-vale-completa-quatro-anos-de-atividades\/","title":{"rendered":"Trem da Vale completa quatro anos de atividades"},"content":{"rendered":"<p><img loading=\"lazy\" decoding=\"async\" class=\"size-full\" title=\"lona-do-circo-e-locomotiva1\" src=\"\/wp-content\/uploads\/lona-do-circo-e-locomotiva1.jpg\" alt=\"Esta\u00e7\u00e3o de Ouro Preto\" width=\"302\" height=\"202\"><\/p>\n<p>Esta\u00e7\u00e3o de Ouro Preto<\/p>\n<p>&nbsp;<\/p>\n<p>No m\u00eas de maio o Programa de Educa\u00e7\u00e3o Patrimonial Trem da Vale comemora quatro anos de atividades. <!--more-->Inaugurado em maio de 2006, o Programa abrange um conjunto de a\u00e7\u00f5es culturais gratuitas, voltadas para a valoriza\u00e7\u00e3o do patrim\u00f4nio cultural e natural das cidades hist\u00f3ricas de Ouro Preto e Mariana. Desde a sua implanta\u00e7\u00e3o, o Programa j\u00e1 recebeu mais de 690 mil visitantes em suas esta\u00e7\u00f5es e 389 mil pessoas fizeram o passeio de trem. Al\u00e9m disso, beneficiou cerca de 15 mil crian\u00e7as e jovens da rede p\u00fablica estadual e municipal, n\u00famero que corresponde a mais de 50% do total de alunos de institui\u00e7\u00f5es p\u00fablicas das duas cidades.<\/p>\n<p>Em comemora\u00e7\u00e3o a esta data, o Programa de Educa\u00e7\u00e3o Patrimonial Trem da Vale presta homenagem aos maquinistas, foguistas, mestres de linha, engenheiros e tantos outros funcion\u00e1rios que fazem parte de nossa hist\u00f3ria ferrovi\u00e1ria. No \u201cDia do Ferrovi\u00e1rio\u201d, 30 de abril, \u00e0s 11h, haver\u00e1 apresenta\u00e7\u00e3o de um esquete teatral sobre o tema \u201cFerrovia\u201d, com o grupo de Teatro Reciclinove, na Esta\u00e7\u00e3o de Mariana. E no dia 05 de maio, ferrovi\u00e1rios e ex-ferrovi\u00e1rios se re\u00fanem na Tenda Cultural da Esta\u00e7\u00e3o de Ouro Preto para uma roda de \u201cconta\u00e7\u00e3o de casos\u201d, com a presen\u00e7a de alunos de escolas p\u00fablicas. &nbsp;Na ocasi\u00e3o, ser\u00e1 exibido o v\u00eddeo \u201cLocomotiva\u201d, que aborda o surgimento e o funcionamento das locomotivas. O evento tem in\u00edcio \u00e0s 15h, e \u00e9 aberto ao p\u00fablico.<\/p>\n<p>Durante a primeira semana de maio, haver\u00e1 tamb\u00e9m a Oficina \u201cColcha de Retalhos\u201d,&nbsp; o Circuito de Leitura e os \u201cCircuitos Diferenciados\u201d em torno do tema <strong><em>Mem\u00f3rias do Trem.<\/em><\/strong><\/p>\n<p>&nbsp;<\/p>\n","protected":false},"excerpt":{"rendered":"<p>Esta\u00e7\u00e3o de Ouro Preto &nbsp; No m\u00eas de maio o Programa de Educa\u00e7\u00e3o Patrimonial Trem da Vale comemora quatro anos de atividades.<\/p>\n","protected":false},"author":1,"featured_media":533,"comment_status":"open","ping_status":"closed","sticky":false,"template":"","format":"standard","meta":{"footnotes":""},"categories":[2],"tags":[],"class_list":["post-287","post","type-post","status-publish","format-standard","has-post-thumbnail","hentry","category-destaques-home"],"yoast_head":"<!-- This site is optimized with the Yoast SEO plugin v26.1.1 - https:\/\/yoast.com\/wordpress\/plugins\/seo\/ -->\n<title>Trem da Vale completa quatro anos de atividades &#8212; Trem da Vale<\/title>\n<meta name=\"robots\" content=\"index, follow, max-snippet:-1, max-image-preview:large, max-video-preview:-1\" \/>\n<link rel=\"canonical\" href=\"https:\/\/tremdavale.org\/pt\/trem-da-vale-completa-quatro-anos-de-atividades\/\" \/>\n<meta property=\"og:locale\" content=\"pt_PT\" \/>\n<meta property=\"og:type\" content=\"article\" \/>\n<meta property=\"og:title\" content=\"Trem da Vale completa quatro anos de atividades &#8212; Trem da Vale\" \/>\n<meta property=\"og:description\" content=\"Esta\u00e7\u00e3o de Ouro Preto &nbsp; No m\u00eas de maio o Programa de Educa\u00e7\u00e3o Patrimonial Trem da Vale comemora quatro anos de atividades.\" \/>\n<meta property=\"og:url\" content=\"https:\/\/tremdavale.org\/pt\/trem-da-vale-completa-quatro-anos-de-atividades\/\" \/>\n<meta property=\"og:site_name\" content=\"Trem da Vale\" \/>\n<meta property=\"article:published_time\" content=\"2011-09-13T13:00:00+00:00\" \/>\n<meta property=\"article:modified_time\" content=\"2025-10-10T11:57:00+00:00\" \/>\n<meta property=\"og:image\" content=\"https:\/\/tremdavale.org\/wp-content\/uploads\/lona-do-circo-e-locomotiva1.jpg\" \/>\n\t<meta property=\"og:image:width\" content=\"1024\" \/>\n\t<meta property=\"og:image:height\" content=\"683\" \/>\n\t<meta property=\"og:image:type\" content=\"image\/jpeg\" \/>\n<meta name=\"author\" content=\"admin\" \/>\n<meta name=\"twitter:card\" content=\"summary_large_image\" \/>\n<meta name=\"twitter:label1\" content=\"Escrito por\" \/>\n\t<meta name=\"twitter:data1\" content=\"admin\" \/>\n\t<meta name=\"twitter:label2\" content=\"Tempo estimado de leitura\" \/>\n\t<meta name=\"twitter:data2\" content=\"1 minuto\" \/>\n<script type=\"application\/ld+json\" class=\"yoast-schema-graph\">{\"@context\":\"https:\/\/schema.org\",\"@graph\":[{\"@type\":\"WebPage\",\"@id\":\"https:\/\/tremdavale.org\/pt\/trem-da-vale-completa-quatro-anos-de-atividades\/\",\"url\":\"https:\/\/tremdavale.org\/pt\/trem-da-vale-completa-quatro-anos-de-atividades\/\",\"name\":\"Trem da Vale completa quatro anos de atividades &#8212; Trem da Vale\",\"isPartOf\":{\"@id\":\"https:\/\/tremdavale.org\/pt\/#website\"},\"primaryImageOfPage\":{\"@id\":\"https:\/\/tremdavale.org\/pt\/trem-da-vale-completa-quatro-anos-de-atividades\/#primaryimage\"},\"image\":{\"@id\":\"https:\/\/tremdavale.org\/pt\/trem-da-vale-completa-quatro-anos-de-atividades\/#primaryimage\"},\"thumbnailUrl\":\"https:\/\/tremdavale.org\/wp-content\/uploads\/lona-do-circo-e-locomotiva1.jpg\",\"datePublished\":\"2011-09-13T13:00:00+00:00\",\"dateModified\":\"2025-10-10T11:57:00+00:00\",\"author\":{\"@id\":\"https:\/\/tremdavale.org\/pt\/#\/schema\/person\/50912137d47426d31329f246d02eaeca\"},\"breadcrumb\":{\"@id\":\"https:\/\/tremdavale.org\/pt\/trem-da-vale-completa-quatro-anos-de-atividades\/#breadcrumb\"},\"inLanguage\":\"pt-PT\",\"potentialAction\":[{\"@type\":\"ReadAction\",\"target\":[\"https:\/\/tremdavale.org\/pt\/trem-da-vale-completa-quatro-anos-de-atividades\/\"]}]},{\"@type\":\"ImageObject\",\"inLanguage\":\"pt-PT\",\"@id\":\"https:\/\/tremdavale.org\/pt\/trem-da-vale-completa-quatro-anos-de-atividades\/#primaryimage\",\"url\":\"https:\/\/tremdavale.org\/wp-content\/uploads\/lona-do-circo-e-locomotiva1.jpg\",\"contentUrl\":\"https:\/\/tremdavale.org\/wp-content\/uploads\/lona-do-circo-e-locomotiva1.jpg\",\"width\":3888,\"height\":2592},{\"@type\":\"BreadcrumbList\",\"@id\":\"https:\/\/tremdavale.org\/pt\/trem-da-vale-completa-quatro-anos-de-atividades\/#breadcrumb\",\"itemListElement\":[{\"@type\":\"ListItem\",\"position\":1,\"name\":\"In\u00edcio\",\"item\":\"https:\/\/tremdavale.org\/pt\/\"},{\"@type\":\"ListItem\",\"position\":2,\"name\":\"Trem da Vale completa quatro anos de atividades\"}]},{\"@type\":\"WebSite\",\"@id\":\"https:\/\/tremdavale.org\/pt\/#website\",\"url\":\"https:\/\/tremdavale.org\/pt\/\",\"name\":\"Trem da Vale\",\"description\":\"Programa de Educa\u00e7\u00e3o Patrimonial\",\"potentialAction\":[{\"@type\":\"SearchAction\",\"target\":{\"@type\":\"EntryPoint\",\"urlTemplate\":\"https:\/\/tremdavale.org\/pt\/?s={search_term_string}\"},\"query-input\":{\"@type\":\"PropertyValueSpecification\",\"valueRequired\":true,\"valueName\":\"search_term_string\"}}],\"inLanguage\":\"pt-PT\"},{\"@type\":\"Person\",\"@id\":\"https:\/\/tremdavale.org\/pt\/#\/schema\/person\/50912137d47426d31329f246d02eaeca\",\"name\":\"admin\",\"image\":{\"@type\":\"ImageObject\",\"inLanguage\":\"pt-PT\",\"@id\":\"https:\/\/tremdavale.org\/pt\/#\/schema\/person\/image\/\",\"url\":\"https:\/\/secure.gravatar.com\/avatar\/b3564f0fda6ea47959fe96a4217203e79a167568a37409758659bc3ba443b452?s=96&d=mm&r=g\",\"contentUrl\":\"https:\/\/secure.gravatar.com\/avatar\/b3564f0fda6ea47959fe96a4217203e79a167568a37409758659bc3ba443b452?s=96&d=mm&r=g\",\"caption\":\"admin\"},\"sameAs\":[\"https:\/\/tremdavale.org\"],\"url\":\"https:\/\/tremdavale.org\/pt\/author\/admin\/\"}]}<\/script>\n<!-- \/ Yoast SEO plugin. -->","yoast_head_json":{"title":"Trem da Vale completa quatro anos de atividades &#8212; Trem da Vale","robots":{"index":"index","follow":"follow","max-snippet":"max-snippet:-1","max-image-preview":"max-image-preview:large","max-video-preview":"max-video-preview:-1"},"canonical":"https:\/\/tremdavale.org\/pt\/trem-da-vale-completa-quatro-anos-de-atividades\/","og_locale":"pt_PT","og_type":"article","og_title":"Trem da Vale completa quatro anos de atividades &#8212; Trem da Vale","og_description":"Esta\u00e7\u00e3o de Ouro Preto &nbsp; No m\u00eas de maio o Programa de Educa\u00e7\u00e3o Patrimonial Trem da Vale comemora quatro anos de atividades.","og_url":"https:\/\/tremdavale.org\/pt\/trem-da-vale-completa-quatro-anos-de-atividades\/","og_site_name":"Trem da Vale","article_published_time":"2011-09-13T13:00:00+00:00","article_modified_time":"2025-10-10T11:57:00+00:00","og_image":[{"url":"https:\/\/tremdavale.org\/wp-content\/uploads\/lona-do-circo-e-locomotiva1.jpg","width":1024,"height":683,"type":"image\/jpeg"}],"author":"admin","twitter_card":"summary_large_image","twitter_misc":{"Escrito por":"admin","Tempo estimado de leitura":"1 minuto"},"schema":{"@context":"https:\/\/schema.org","@graph":[{"@type":"WebPage","@id":"https:\/\/tremdavale.org\/pt\/trem-da-vale-completa-quatro-anos-de-atividades\/","url":"https:\/\/tremdavale.org\/pt\/trem-da-vale-completa-quatro-anos-de-atividades\/","name":"Trem da Vale completa quatro anos de atividades &#8212; Trem da Vale","isPartOf":{"@id":"https:\/\/tremdavale.org\/pt\/#website"},"primaryImageOfPage":{"@id":"https:\/\/tremdavale.org\/pt\/trem-da-vale-completa-quatro-anos-de-atividades\/#primaryimage"},"image":{"@id":"https:\/\/tremdavale.org\/pt\/trem-da-vale-completa-quatro-anos-de-atividades\/#primaryimage"},"thumbnailUrl":"https:\/\/tremdavale.org\/wp-content\/uploads\/lona-do-circo-e-locomotiva1.jpg","datePublished":"2011-09-13T13:00:00+00:00","dateModified":"2025-10-10T11:57:00+00:00","author":{"@id":"https:\/\/tremdavale.org\/pt\/#\/schema\/person\/50912137d47426d31329f246d02eaeca"},"breadcrumb":{"@id":"https:\/\/tremdavale.org\/pt\/trem-da-vale-completa-quatro-anos-de-atividades\/#breadcrumb"},"inLanguage":"pt-PT","potentialAction":[{"@type":"ReadAction","target":["https:\/\/tremdavale.org\/pt\/trem-da-vale-completa-quatro-anos-de-atividades\/"]}]},{"@type":"ImageObject","inLanguage":"pt-PT","@id":"https:\/\/tremdavale.org\/pt\/trem-da-vale-completa-quatro-anos-de-atividades\/#primaryimage","url":"https:\/\/tremdavale.org\/wp-content\/uploads\/lona-do-circo-e-locomotiva1.jpg","contentUrl":"https:\/\/tremdavale.org\/wp-content\/uploads\/lona-do-circo-e-locomotiva1.jpg","width":3888,"height":2592},{"@type":"BreadcrumbList","@id":"https:\/\/tremdavale.org\/pt\/trem-da-vale-completa-quatro-anos-de-atividades\/#breadcrumb","itemListElement":[{"@type":"ListItem","position":1,"name":"In\u00edcio","item":"https:\/\/tremdavale.org\/pt\/"},{"@type":"ListItem","position":2,"name":"Trem da Vale completa quatro anos de atividades"}]},{"@type":"WebSite","@id":"https:\/\/tremdavale.org\/pt\/#website","url":"https:\/\/tremdavale.org\/pt\/","name":"Trem da Vale","description":"Programa de Educa\u00e7\u00e3o Patrimonial","potentialAction":[{"@type":"SearchAction","target":{"@type":"EntryPoint","urlTemplate":"https:\/\/tremdavale.org\/pt\/?s={search_term_string}"},"query-input":{"@type":"PropertyValueSpecification","valueRequired":true,"valueName":"search_term_string"}}],"inLanguage":"pt-PT"},{"@type":"Person","@id":"https:\/\/tremdavale.org\/pt\/#\/schema\/person\/50912137d47426d31329f246d02eaeca","name":"admin","image":{"@type":"ImageObject","inLanguage":"pt-PT","@id":"https:\/\/tremdavale.org\/pt\/#\/schema\/person\/image\/","url":"https:\/\/secure.gravatar.com\/avatar\/b3564f0fda6ea47959fe96a4217203e79a167568a37409758659bc3ba443b452?s=96&d=mm&r=g","contentUrl":"https:\/\/secure.gravatar.com\/avatar\/b3564f0fda6ea47959fe96a4217203e79a167568a37409758659bc3ba443b452?s=96&d=mm&r=g","caption":"admin"},"sameAs":["https:\/\/tremdavale.org"],"url":"https:\/\/tremdavale.org\/pt\/author\/admin\/"}]}},"_links":{"self":[{"href":"https:\/\/tremdavale.org\/pt\/wp-json\/wp\/v2\/posts\/287","targetHints":{"allow":["GET"]}}],"collection":[{"href":"https:\/\/tremdavale.org\/pt\/wp-json\/wp\/v2\/posts"}],"about":[{"href":"https:\/\/tremdavale.org\/pt\/wp-json\/wp\/v2\/types\/post"}],"author":[{"embeddable":true,"href":"https:\/\/tremdavale.org\/pt\/wp-json\/wp\/v2\/users\/1"}],"replies":[{"embeddable":true,"href":"https:\/\/tremdavale.org\/pt\/wp-json\/wp\/v2\/comments?post=287"}],"version-history":[{"count":0,"href":"https:\/\/tremdavale.org\/pt\/wp-json\/wp\/v2\/posts\/287\/revisions"}],"wp:featuredmedia":[{"embeddable":true,"href":"https:\/\/tremdavale.org\/pt\/wp-json\/wp\/v2\/media\/533"}],"wp:attachment":[{"href":"https:\/\/tremdavale.org\/pt\/wp-json\/wp\/v2\/media?parent=287"}],"wp:term":[{"taxonomy":"category","embeddable":true,"href":"https:\/\/tremdavale.org\/pt\/wp-json\/wp\/v2\/categories?post=287"},{"taxonomy":"post_tag","embeddable":true,"href":"https:\/\/tremdavale.org\/pt\/wp-json\/wp\/v2\/tags?post=287"}],"curies":[{"name":"wp","href":"https:\/\/api.w.org\/{rel}","templated":true}]}}