{"id":288,"date":"2014-04-29T23:44:00","date_gmt":"2014-04-29T23:44:00","guid":{"rendered":"https:\/\/tremdavale.org\/?p=288"},"modified":"2025-10-10T11:57:00","modified_gmt":"2025-10-10T11:57:00","slug":"trem-da-vale-divulga-resultados-da-v-mostra-intermunicipal-de-preservacao-patrimonial","status":"publish","type":"post","link":"https:\/\/tremdavale.org\/pt\/trem-da-vale-divulga-resultados-da-v-mostra-intermunicipal-de-preservacao-patrimonial\/","title":{"rendered":"Trem da Vale divulga resultados da V Mostra Intermunicipal de Preserva\u00e7\u00e3o Patrimonial"},"content":{"rendered":"<p>No \u00faltimo dia 9, foi realizada na Tenda Cultural da Esta\u00e7\u00e3o de Ouro Preto a <strong>V Mostra Intermunicipal de Preserva\u00e7\u00e3o Patrimonial<\/strong>.<\/p>\n<p>A Mostra \u00e9 realizada anualmente para a apresenta\u00e7\u00e3o de projetos de preserva\u00e7\u00e3o e educa\u00e7\u00e3o patrimonial desenvolvidos pelas escolas das redes municipal e estadual dos munic\u00edpios, e pelos grupos e institui\u00e7\u00f5es representantes das comunidades.<\/p>\n<p>A V Mostra teve como tema \u201cTerrit\u00f3rios locais e regionais &#8211; culturas, identidades e mem\u00f3rias\u201d e contou com a apresenta\u00e7\u00e3o de 12 projetos, sendo 7 de escolas e 5 de institui\u00e7\u00f5es\/grupos. Este ano, a Mostra ampliou o edital para participa\u00e7\u00e3o de todos os munic\u00edpios da 25\u00aa Superintend\u00eancia Regional de Ensino: Mariana, Ouro Preto, Acaiaca, Itabirito e Diogo de Vasconcelos.<\/p>\n<p>A Comiss\u00e3o julgadora foi composta pelos seguintes membros:<\/p>\n<p>Jason Barroso Santa Rosa &#8211; Diretor do N\u00facleo Audiovisual e Supervisor do Vale Registrar do Programa de Educa\u00e7\u00e3o Patrimonial Trem da Vale;<\/p>\n<p>Andr\u00e9 Luis Ramos Soares &#8211; Professor da Universidade Federal de Santa Maria &#8211; RS;<\/p>\n<p>Carlos Henrique Rangel &#8211; Analista de Gest\u00e3o e Prote\u00e7\u00e3o do IEPHA;<\/p>\n<p>Iracema Mapa &#8211; Superintendente da 25\u00aa Superintend\u00eancia Regional de Ensino de Ouro Preto;<\/p>\n<p>Celmar Ata\u00eddes J\u00fanior &#8211; Diretor de Promo\u00e7\u00e3o da Funda\u00e7\u00e3o de Arte de Ouro Preto &#8211; FAOP.<\/p>\n<p>Com o objetivo de valorizar os projetos desenvolvidos e incentivar sua continuidade, o Programa de Educa\u00e7\u00e3o Patrimonial Trem da Vale premiou os participantes selecionados pela Comiss\u00e3o julgadora, conforme rela\u00e7\u00e3o abaixo:<\/p>\n<p><strong>Categoria Grupos\/Institui\u00e7\u00f5es:<\/strong><\/p>\n<p>1\u00ba Lugar -Projeto \u201cA F\u00e9 que Canta e Dan\u00e7a\u201d da Associa\u00e7\u00e3o Amigos do Reinado de N. S. do Ros\u00e1rio e Santa Efig\u00eania &#8211; AMIREI .<\/p>\n<p>2\u00ba Lugar &#8211; Projeto \u201cOuro Preto Patrim\u00f4nio: conhecer para preservar\u201d da Casa do Professor &#8211; Secretaria Municipal de Educa\u00e7\u00e3o de Ouro Preto<\/p>\n<p><strong>Categoria Escolas:<\/strong><\/p>\n<p>1\u00ba Lugar &#8211; Projeto \u201cResgatando Valores\u201d da E. M. S\u00e3o Sebasti\u00e3o.<\/p>\n<p>2\u00ba Lugar &#8211; Projeto \u201cTerno de Congado N. S. do Ros\u00e1rio dos Pretos &#8211; Congado da APAE\u201d da Escola Especial Irany Silva &#8211; APAE de Itabirito.<\/p>\n<p>3\u00ba Lugar &#8211; Projeto \u201cAluno Consciente, Patrim\u00f4nio Preservado: Um novo olhar para Glaura\u201d da Escola Municipal Benedito Xavier.<\/p>\n<p><strong>Men\u00e7\u00e3o Honrosa<\/strong><\/p>\n<p>1\u00ba Lugar &#8211; Projeto \u201cResgate da Banda Musical\u201d da Corpora\u00e7\u00e3o Musical Sagrado Cora\u00e7\u00e3o de Jesus.<\/p>\n<p>2\u00ba Lugar &#8211; Projeto \u201cMinas que Contam Hist\u00f3ria\u201d da E. M. Izaura Mendes.<\/p>\n<p>3\u00ba Lugar &#8211; Projeto \u201cS\u00e9rie Nossa Hist\u00f3rias &#8211; Contos da Passagem\u201d da Associa\u00e7\u00e3o Clube Osquind\u00f4.<\/p>\n<p>Durante a V Mostra, foram tamb\u00e9m realizadas oficinas vivas nas quais o p\u00fablico presente pode participar da confec\u00e7\u00e3o de flores, cestas de taquara, bonecas de bucha vegetal, artesanato em pedra sab\u00e3o e confec\u00e7\u00e3o de bonecos em papel mach\u00ea (Z\u00e9 Pereira).<\/p>\n<p>Houve, ainda, a participa\u00e7\u00e3o especial do Coral Canarinhos, da cidade de Itabirito, e do Grupo de Dan\u00e7a Ros\u00e1rios, formado por alunos da Universidade Federal de Ouro Preto.<\/p>\n<p>Aproximadamente, 370 pessoas participaram do evento, que apresentou projetos relevantes para o reconhecimento e a valoriza\u00e7\u00e3o do patrim\u00f4nio cultural da regi\u00e3o.<\/p>\n<p>&nbsp;<\/p>\n<p><img loading=\"lazy\" decoding=\"async\" class=\"size-medium\" title=\"v-mostra-apresentacaao-amirei\" src=\"\/wp-content\/uploads\/v-mostra-apresentacaao-amirei-300x200.jpg\" alt=\"v-mostra-apresentacaao-amirei\" width=\"300\" height=\"200\"><\/p>\n<p>Apresenta\u00e7\u00e3o \u201cA F\u00e9 que Canta e Dan\u00e7a\u201d da Associa\u00e7\u00e3o Amigos do Reinado de N. S. do Ros\u00e1rio e Santa Efig\u00eania \u2013 AMIREI<\/p>\n<p>&nbsp;<\/p>\n<p><img loading=\"lazy\" decoding=\"async\" class=\"size-medium\" title=\"0911-premiacao-v-mostra-e-m-sao-sebastiao\" src=\"\/wp-content\/uploads\/0911-premiacao-v-mostra-e-m-sao-sebastiao-300x199.jpg\" alt=\"0911-premiacao-v-mostra-e-m-sao-sebastiao\" width=\"300\" height=\"199\"><\/p>\n<p>1\u00ba lugar Categoria Escolas &#8211; \u201cResgatando Valores\u201d da E. M. S\u00e3o Sebasti\u00e3o<\/p>\n<p>&nbsp;<\/p>\n<p><img loading=\"lazy\" decoding=\"async\" class=\"size-medium\" title=\"0911-apresentacao-apae-itabitiro-v-mostra\" src=\"\/wp-content\/uploads\/0911-apresentacao-apae-itabitiro-v-mostra-300x200.jpg\" alt=\"0911-apresentacao-apae-itabitiro-v-mostra\" width=\"300\" height=\"200\"><\/p>\n<p>Apresenta\u00e7\u00e3o \u201cTerno de Congado N. S. do Ros\u00e1rio dos Pretos \u2013 Congado da APAE\u201d da Escola Especial Irany Silva \u2013 APAE de Itabirito<\/p>\n<p>&nbsp;<\/p>\n<p><img loading=\"lazy\" decoding=\"async\" class=\"size-medium\" title=\"0911-v-mostra-visao-geral-arquibancada-durante-apresentacoes\" src=\"\/wp-content\/uploads\/0911-v-mostra-visao-geral-arquibancada-durante-apresentacoes-300x200.jpg\" alt=\"0911-v-mostra-visao-geral-arquibancada-durante-apresentacoes\" width=\"300\" height=\"200\"><\/p>\n<p>P\u00fablico prestigia apresenta\u00e7\u00f5es dos projetos da V Mostra de Preserva\u00e7\u00e3o Patrimonial<\/p>\n<p>&nbsp;<\/p>\n","protected":false},"excerpt":{"rendered":"<p>No \u00faltimo dia 9, foi realizada na Tenda Cultural da Esta\u00e7\u00e3o de Ouro Preto a V Mostra Intermunicipal de Preserva\u00e7\u00e3o Patrimonial. A Mostra \u00e9 realizada anualmente para a apresenta\u00e7\u00e3o de projetos de preserva\u00e7\u00e3o e educa\u00e7\u00e3o patrimonial desenvolvidos pelas escolas das redes municipal e estadual dos munic\u00edpios, e pelos grupos e &hellip;<\/p>\n","protected":false},"author":1,"featured_media":534,"comment_status":"open","ping_status":"closed","sticky":false,"template":"","format":"standard","meta":{"footnotes":""},"categories":[3],"tags":[],"class_list":["post-288","post","type-post","status-publish","format-standard","has-post-thumbnail","hentry","category-noticias"],"yoast_head":"<!-- This site is optimized with the Yoast SEO plugin v26.1.1 - https:\/\/yoast.com\/wordpress\/plugins\/seo\/ -->\n<title>Trem da Vale divulga resultados da V Mostra Intermunicipal de Preserva\u00e7\u00e3o Patrimonial &#8212; Trem da Vale<\/title>\n<meta name=\"robots\" content=\"index, follow, max-snippet:-1, max-image-preview:large, max-video-preview:-1\" \/>\n<link rel=\"canonical\" href=\"https:\/\/tremdavale.org\/pt\/trem-da-vale-divulga-resultados-da-v-mostra-intermunicipal-de-preservacao-patrimonial\/\" \/>\n<meta property=\"og:locale\" content=\"pt_PT\" \/>\n<meta property=\"og:type\" content=\"article\" \/>\n<meta property=\"og:title\" content=\"Trem da Vale divulga resultados da V Mostra Intermunicipal de Preserva\u00e7\u00e3o Patrimonial &#8212; Trem da Vale\" \/>\n<meta property=\"og:description\" content=\"No \u00faltimo dia 9, foi realizada na Tenda Cultural da Esta\u00e7\u00e3o de Ouro Preto a V Mostra Intermunicipal de Preserva\u00e7\u00e3o Patrimonial. A Mostra \u00e9 realizada anualmente para a apresenta\u00e7\u00e3o de projetos de preserva\u00e7\u00e3o e educa\u00e7\u00e3o patrimonial desenvolvidos pelas escolas das redes municipal e estadual dos munic\u00edpios, e pelos grupos e &hellip;\" \/>\n<meta property=\"og:url\" content=\"https:\/\/tremdavale.org\/pt\/trem-da-vale-divulga-resultados-da-v-mostra-intermunicipal-de-preservacao-patrimonial\/\" \/>\n<meta property=\"og:site_name\" content=\"Trem da Vale\" \/>\n<meta property=\"article:published_time\" content=\"2014-04-29T23:44:00+00:00\" \/>\n<meta property=\"article:modified_time\" content=\"2025-10-10T11:57:00+00:00\" \/>\n<meta property=\"og:image\" content=\"https:\/\/tremdavale.org\/wp-content\/uploads\/v-mostra-apresentacaao-amirei-300x200.jpg\" \/>\n\t<meta property=\"og:image:width\" content=\"300\" \/>\n\t<meta property=\"og:image:height\" content=\"200\" \/>\n\t<meta property=\"og:image:type\" content=\"image\/jpeg\" \/>\n<meta name=\"author\" content=\"admin\" \/>\n<meta name=\"twitter:card\" content=\"summary_large_image\" \/>\n<meta name=\"twitter:label1\" content=\"Escrito por\" \/>\n\t<meta name=\"twitter:data1\" content=\"admin\" \/>\n\t<meta name=\"twitter:label2\" content=\"Tempo estimado de leitura\" \/>\n\t<meta name=\"twitter:data2\" content=\"3 minutos\" \/>\n<script type=\"application\/ld+json\" class=\"yoast-schema-graph\">{\"@context\":\"https:\/\/schema.org\",\"@graph\":[{\"@type\":\"WebPage\",\"@id\":\"https:\/\/tremdavale.org\/pt\/trem-da-vale-divulga-resultados-da-v-mostra-intermunicipal-de-preservacao-patrimonial\/\",\"url\":\"https:\/\/tremdavale.org\/pt\/trem-da-vale-divulga-resultados-da-v-mostra-intermunicipal-de-preservacao-patrimonial\/\",\"name\":\"Trem da Vale divulga resultados da V Mostra Intermunicipal de Preserva\u00e7\u00e3o Patrimonial &#8212; Trem da Vale\",\"isPartOf\":{\"@id\":\"https:\/\/tremdavale.org\/pt\/#website\"},\"primaryImageOfPage\":{\"@id\":\"https:\/\/tremdavale.org\/pt\/trem-da-vale-divulga-resultados-da-v-mostra-intermunicipal-de-preservacao-patrimonial\/#primaryimage\"},\"image\":{\"@id\":\"https:\/\/tremdavale.org\/pt\/trem-da-vale-divulga-resultados-da-v-mostra-intermunicipal-de-preservacao-patrimonial\/#primaryimage\"},\"thumbnailUrl\":\"https:\/\/tremdavale.org\/wp-content\/uploads\/v-mostra-apresentacaao-amirei-300x200.jpg\",\"datePublished\":\"2014-04-29T23:44:00+00:00\",\"dateModified\":\"2025-10-10T11:57:00+00:00\",\"author\":{\"@id\":\"https:\/\/tremdavale.org\/pt\/#\/schema\/person\/50912137d47426d31329f246d02eaeca\"},\"breadcrumb\":{\"@id\":\"https:\/\/tremdavale.org\/pt\/trem-da-vale-divulga-resultados-da-v-mostra-intermunicipal-de-preservacao-patrimonial\/#breadcrumb\"},\"inLanguage\":\"pt-PT\",\"potentialAction\":[{\"@type\":\"ReadAction\",\"target\":[\"https:\/\/tremdavale.org\/pt\/trem-da-vale-divulga-resultados-da-v-mostra-intermunicipal-de-preservacao-patrimonial\/\"]}]},{\"@type\":\"ImageObject\",\"inLanguage\":\"pt-PT\",\"@id\":\"https:\/\/tremdavale.org\/pt\/trem-da-vale-divulga-resultados-da-v-mostra-intermunicipal-de-preservacao-patrimonial\/#primaryimage\",\"url\":\"https:\/\/tremdavale.org\/wp-content\/uploads\/v-mostra-apresentacaao-amirei-300x200.jpg\",\"contentUrl\":\"https:\/\/tremdavale.org\/wp-content\/uploads\/v-mostra-apresentacaao-amirei-300x200.jpg\",\"width\":300,\"height\":200},{\"@type\":\"BreadcrumbList\",\"@id\":\"https:\/\/tremdavale.org\/pt\/trem-da-vale-divulga-resultados-da-v-mostra-intermunicipal-de-preservacao-patrimonial\/#breadcrumb\",\"itemListElement\":[{\"@type\":\"ListItem\",\"position\":1,\"name\":\"In\u00edcio\",\"item\":\"https:\/\/tremdavale.org\/pt\/\"},{\"@type\":\"ListItem\",\"position\":2,\"name\":\"Trem da Vale divulga resultados da V Mostra Intermunicipal de Preserva\u00e7\u00e3o Patrimonial\"}]},{\"@type\":\"WebSite\",\"@id\":\"https:\/\/tremdavale.org\/pt\/#website\",\"url\":\"https:\/\/tremdavale.org\/pt\/\",\"name\":\"Trem da Vale\",\"description\":\"Programa de Educa\u00e7\u00e3o Patrimonial\",\"potentialAction\":[{\"@type\":\"SearchAction\",\"target\":{\"@type\":\"EntryPoint\",\"urlTemplate\":\"https:\/\/tremdavale.org\/pt\/?s={search_term_string}\"},\"query-input\":{\"@type\":\"PropertyValueSpecification\",\"valueRequired\":true,\"valueName\":\"search_term_string\"}}],\"inLanguage\":\"pt-PT\"},{\"@type\":\"Person\",\"@id\":\"https:\/\/tremdavale.org\/pt\/#\/schema\/person\/50912137d47426d31329f246d02eaeca\",\"name\":\"admin\",\"image\":{\"@type\":\"ImageObject\",\"inLanguage\":\"pt-PT\",\"@id\":\"https:\/\/tremdavale.org\/pt\/#\/schema\/person\/image\/\",\"url\":\"https:\/\/secure.gravatar.com\/avatar\/b3564f0fda6ea47959fe96a4217203e79a167568a37409758659bc3ba443b452?s=96&d=mm&r=g\",\"contentUrl\":\"https:\/\/secure.gravatar.com\/avatar\/b3564f0fda6ea47959fe96a4217203e79a167568a37409758659bc3ba443b452?s=96&d=mm&r=g\",\"caption\":\"admin\"},\"sameAs\":[\"https:\/\/tremdavale.org\"],\"url\":\"https:\/\/tremdavale.org\/pt\/author\/admin\/\"}]}<\/script>\n<!-- \/ Yoast SEO plugin. -->","yoast_head_json":{"title":"Trem da Vale divulga resultados da V Mostra Intermunicipal de Preserva\u00e7\u00e3o Patrimonial &#8212; Trem da Vale","robots":{"index":"index","follow":"follow","max-snippet":"max-snippet:-1","max-image-preview":"max-image-preview:large","max-video-preview":"max-video-preview:-1"},"canonical":"https:\/\/tremdavale.org\/pt\/trem-da-vale-divulga-resultados-da-v-mostra-intermunicipal-de-preservacao-patrimonial\/","og_locale":"pt_PT","og_type":"article","og_title":"Trem da Vale divulga resultados da V Mostra Intermunicipal de Preserva\u00e7\u00e3o Patrimonial &#8212; Trem da Vale","og_description":"No \u00faltimo dia 9, foi realizada na Tenda Cultural da Esta\u00e7\u00e3o de Ouro Preto a V Mostra Intermunicipal de Preserva\u00e7\u00e3o Patrimonial. A Mostra \u00e9 realizada anualmente para a apresenta\u00e7\u00e3o de projetos de preserva\u00e7\u00e3o e educa\u00e7\u00e3o patrimonial desenvolvidos pelas escolas das redes municipal e estadual dos munic\u00edpios, e pelos grupos e &hellip;","og_url":"https:\/\/tremdavale.org\/pt\/trem-da-vale-divulga-resultados-da-v-mostra-intermunicipal-de-preservacao-patrimonial\/","og_site_name":"Trem da Vale","article_published_time":"2014-04-29T23:44:00+00:00","article_modified_time":"2025-10-10T11:57:00+00:00","og_image":[{"width":300,"height":200,"url":"https:\/\/tremdavale.org\/wp-content\/uploads\/v-mostra-apresentacaao-amirei-300x200.jpg","type":"image\/jpeg"}],"author":"admin","twitter_card":"summary_large_image","twitter_misc":{"Escrito por":"admin","Tempo estimado de leitura":"3 minutos"},"schema":{"@context":"https:\/\/schema.org","@graph":[{"@type":"WebPage","@id":"https:\/\/tremdavale.org\/pt\/trem-da-vale-divulga-resultados-da-v-mostra-intermunicipal-de-preservacao-patrimonial\/","url":"https:\/\/tremdavale.org\/pt\/trem-da-vale-divulga-resultados-da-v-mostra-intermunicipal-de-preservacao-patrimonial\/","name":"Trem da Vale divulga resultados da V Mostra Intermunicipal de Preserva\u00e7\u00e3o Patrimonial &#8212; Trem da Vale","isPartOf":{"@id":"https:\/\/tremdavale.org\/pt\/#website"},"primaryImageOfPage":{"@id":"https:\/\/tremdavale.org\/pt\/trem-da-vale-divulga-resultados-da-v-mostra-intermunicipal-de-preservacao-patrimonial\/#primaryimage"},"image":{"@id":"https:\/\/tremdavale.org\/pt\/trem-da-vale-divulga-resultados-da-v-mostra-intermunicipal-de-preservacao-patrimonial\/#primaryimage"},"thumbnailUrl":"https:\/\/tremdavale.org\/wp-content\/uploads\/v-mostra-apresentacaao-amirei-300x200.jpg","datePublished":"2014-04-29T23:44:00+00:00","dateModified":"2025-10-10T11:57:00+00:00","author":{"@id":"https:\/\/tremdavale.org\/pt\/#\/schema\/person\/50912137d47426d31329f246d02eaeca"},"breadcrumb":{"@id":"https:\/\/tremdavale.org\/pt\/trem-da-vale-divulga-resultados-da-v-mostra-intermunicipal-de-preservacao-patrimonial\/#breadcrumb"},"inLanguage":"pt-PT","potentialAction":[{"@type":"ReadAction","target":["https:\/\/tremdavale.org\/pt\/trem-da-vale-divulga-resultados-da-v-mostra-intermunicipal-de-preservacao-patrimonial\/"]}]},{"@type":"ImageObject","inLanguage":"pt-PT","@id":"https:\/\/tremdavale.org\/pt\/trem-da-vale-divulga-resultados-da-v-mostra-intermunicipal-de-preservacao-patrimonial\/#primaryimage","url":"https:\/\/tremdavale.org\/wp-content\/uploads\/v-mostra-apresentacaao-amirei-300x200.jpg","contentUrl":"https:\/\/tremdavale.org\/wp-content\/uploads\/v-mostra-apresentacaao-amirei-300x200.jpg","width":300,"height":200},{"@type":"BreadcrumbList","@id":"https:\/\/tremdavale.org\/pt\/trem-da-vale-divulga-resultados-da-v-mostra-intermunicipal-de-preservacao-patrimonial\/#breadcrumb","itemListElement":[{"@type":"ListItem","position":1,"name":"In\u00edcio","item":"https:\/\/tremdavale.org\/pt\/"},{"@type":"ListItem","position":2,"name":"Trem da Vale divulga resultados da V Mostra Intermunicipal de Preserva\u00e7\u00e3o Patrimonial"}]},{"@type":"WebSite","@id":"https:\/\/tremdavale.org\/pt\/#website","url":"https:\/\/tremdavale.org\/pt\/","name":"Trem da Vale","description":"Programa de Educa\u00e7\u00e3o Patrimonial","potentialAction":[{"@type":"SearchAction","target":{"@type":"EntryPoint","urlTemplate":"https:\/\/tremdavale.org\/pt\/?s={search_term_string}"},"query-input":{"@type":"PropertyValueSpecification","valueRequired":true,"valueName":"search_term_string"}}],"inLanguage":"pt-PT"},{"@type":"Person","@id":"https:\/\/tremdavale.org\/pt\/#\/schema\/person\/50912137d47426d31329f246d02eaeca","name":"admin","image":{"@type":"ImageObject","inLanguage":"pt-PT","@id":"https:\/\/tremdavale.org\/pt\/#\/schema\/person\/image\/","url":"https:\/\/secure.gravatar.com\/avatar\/b3564f0fda6ea47959fe96a4217203e79a167568a37409758659bc3ba443b452?s=96&d=mm&r=g","contentUrl":"https:\/\/secure.gravatar.com\/avatar\/b3564f0fda6ea47959fe96a4217203e79a167568a37409758659bc3ba443b452?s=96&d=mm&r=g","caption":"admin"},"sameAs":["https:\/\/tremdavale.org"],"url":"https:\/\/tremdavale.org\/pt\/author\/admin\/"}]}},"_links":{"self":[{"href":"https:\/\/tremdavale.org\/pt\/wp-json\/wp\/v2\/posts\/288","targetHints":{"allow":["GET"]}}],"collection":[{"href":"https:\/\/tremdavale.org\/pt\/wp-json\/wp\/v2\/posts"}],"about":[{"href":"https:\/\/tremdavale.org\/pt\/wp-json\/wp\/v2\/types\/post"}],"author":[{"embeddable":true,"href":"https:\/\/tremdavale.org\/pt\/wp-json\/wp\/v2\/users\/1"}],"replies":[{"embeddable":true,"href":"https:\/\/tremdavale.org\/pt\/wp-json\/wp\/v2\/comments?post=288"}],"version-history":[{"count":0,"href":"https:\/\/tremdavale.org\/pt\/wp-json\/wp\/v2\/posts\/288\/revisions"}],"wp:featuredmedia":[{"embeddable":true,"href":"https:\/\/tremdavale.org\/pt\/wp-json\/wp\/v2\/media\/534"}],"wp:attachment":[{"href":"https:\/\/tremdavale.org\/pt\/wp-json\/wp\/v2\/media?parent=288"}],"wp:term":[{"taxonomy":"category","embeddable":true,"href":"https:\/\/tremdavale.org\/pt\/wp-json\/wp\/v2\/categories?post=288"},{"taxonomy":"post_tag","embeddable":true,"href":"https:\/\/tremdavale.org\/pt\/wp-json\/wp\/v2\/tags?post=288"}],"curies":[{"name":"wp","href":"https:\/\/api.w.org\/{rel}","templated":true}]}}