{"id":289,"date":"2011-09-13T15:51:00","date_gmt":"2011-09-13T15:51:00","guid":{"rendered":"https:\/\/tremdavale.org\/?p=289"},"modified":"2025-10-10T11:57:00","modified_gmt":"2025-10-10T11:57:00","slug":"trem-da-vale-e-destaque-no-circuito-do-ouro","status":"publish","type":"post","link":"https:\/\/tremdavale.org\/pt\/trem-da-vale-e-destaque-no-circuito-do-ouro\/","title":{"rendered":"Trem da Vale \u00e9 destaque no Circuito do Ouro"},"content":{"rendered":"<p><img loading=\"lazy\" decoding=\"async\" class=\"alignleft size-medium\" title=\"_dsc1609\" src=\"\/wp-content\/uploads\/_dsc1609-300x233.jpg\" alt=\"_dsc1609\" width=\"300\" height=\"233\"><\/p>\n<p>Como parte dos projetos de promo\u00e7\u00e3o e divulga\u00e7\u00e3o da Secretaria de Turismo de Minas Gerais,&nbsp;est\u00e1 a valoriza\u00e7\u00e3o do Circuito do Ouro , que selecionou o Trem da Vale como destaque entre&nbsp;os atrativos apresentados.<!--more--><\/p>\n<p>O Projeto de promo\u00e7\u00e3o \u00e9 uma a\u00e7\u00e3o da SETUR\/MG e contempla a elabora\u00e7\u00e3o de dois portais de&nbsp;internet para a divulga\u00e7\u00e3o dos diversos circuitos tur\u00edsticos de Minas Gerais. S\u00e3o eles: <em>Espalhe&nbsp;Min<\/em><em>as<\/em> e <em>Experimente Minas<\/em>.<\/p>\n<p>A escolha do Circuito do Ouro como a primeira regi\u00e3o a participar do Projeto, partiu da&nbsp;import\u00e2ncia das cidades hist\u00f3ricas, com seus patrim\u00f4nios culturais e naturais, para o turismo&nbsp;do estado. A inclus\u00e3o do projeto Trem da Vale foi uma conseq\u00fc\u00eancia de sua marcante&nbsp;trajet\u00f3ria nas cidades de Ouro Preto e Mariana.<\/p>\n<p>As cidades hist\u00f3ricas que fazem parte do circuito, aliadas \u00e0s iniciativas do governo estadual&nbsp;t\u00eam gerado um avan\u00e7o in\u00e9dito no setor tur\u00edstico mineiro. O presidente do Circuito do Ouro&nbsp;ressalta a import\u00e2ncia dessa uni\u00e3o na Palavra do Presidente.<\/p>\n<p>O Trem da Vale participar\u00e1 de um curta sobre o Circuito, que ir\u00e1 apresentar as esta\u00e7\u00f5es do&nbsp;Programa de Educa\u00e7\u00e3o Patrimonial e a viagem de trem entre as cidades de Ouro Preto e&nbsp;Mariana a bordo do vag\u00e3o panor\u00e2mico.<\/p>\n<p>Conhe\u00e7a mais sobre o Circuito do Ouro e as regi\u00f5es participantes do Projeto de divulga\u00e7\u00e3o.<\/p>\n<p>Acesse o site www.circuitodoouro.tur.br e\/ou blog: www.circuitodouro.blogspot.com. Ou pelo&nbsp;telefone (31) 3287 \u2013 4242.<\/p>\n<p>&nbsp;<\/p>\n","protected":false},"excerpt":{"rendered":"<p>Como parte dos projetos de promo\u00e7\u00e3o e divulga\u00e7\u00e3o da Secretaria de Turismo de Minas Gerais,&nbsp;est\u00e1 a valoriza\u00e7\u00e3o do Circuito do Ouro , que selecionou o Trem da Vale como destaque entre&nbsp;os atrativos apresentados.<\/p>\n","protected":false},"author":1,"featured_media":535,"comment_status":"open","ping_status":"closed","sticky":false,"template":"","format":"standard","meta":{"footnotes":""},"categories":[2],"tags":[],"class_list":["post-289","post","type-post","status-publish","format-standard","has-post-thumbnail","hentry","category-destaques-home"],"yoast_head":"<!-- This site is optimized with the Yoast SEO plugin v26.1.1 - https:\/\/yoast.com\/wordpress\/plugins\/seo\/ -->\n<title>Trem da Vale \u00e9 destaque no Circuito do Ouro &#8212; Trem da Vale<\/title>\n<meta name=\"robots\" content=\"index, follow, max-snippet:-1, max-image-preview:large, max-video-preview:-1\" \/>\n<link rel=\"canonical\" href=\"https:\/\/tremdavale.org\/pt\/trem-da-vale-e-destaque-no-circuito-do-ouro\/\" \/>\n<meta property=\"og:locale\" content=\"pt_PT\" \/>\n<meta property=\"og:type\" content=\"article\" \/>\n<meta property=\"og:title\" content=\"Trem da Vale \u00e9 destaque no Circuito do Ouro &#8212; Trem da Vale\" \/>\n<meta property=\"og:description\" content=\"Como parte dos projetos de promo\u00e7\u00e3o e divulga\u00e7\u00e3o da Secretaria de Turismo de Minas Gerais,&nbsp;est\u00e1 a valoriza\u00e7\u00e3o do Circuito do Ouro , que selecionou o Trem da Vale como destaque entre&nbsp;os atrativos apresentados.\" \/>\n<meta property=\"og:url\" content=\"https:\/\/tremdavale.org\/pt\/trem-da-vale-e-destaque-no-circuito-do-ouro\/\" \/>\n<meta property=\"og:site_name\" content=\"Trem da Vale\" \/>\n<meta property=\"article:published_time\" content=\"2011-09-13T15:51:00+00:00\" \/>\n<meta property=\"article:modified_time\" content=\"2025-10-10T11:57:00+00:00\" \/>\n<meta property=\"og:image\" content=\"https:\/\/tremdavale.org\/wp-content\/uploads\/_dsc1609-300x233.jpg\" \/>\n\t<meta property=\"og:image:width\" content=\"300\" \/>\n\t<meta property=\"og:image:height\" content=\"233\" \/>\n\t<meta property=\"og:image:type\" content=\"image\/jpeg\" \/>\n<meta name=\"author\" content=\"admin\" \/>\n<meta name=\"twitter:card\" content=\"summary_large_image\" \/>\n<meta name=\"twitter:label1\" content=\"Escrito por\" \/>\n\t<meta name=\"twitter:data1\" content=\"admin\" \/>\n\t<meta name=\"twitter:label2\" content=\"Tempo estimado de leitura\" \/>\n\t<meta name=\"twitter:data2\" content=\"1 minuto\" \/>\n<script type=\"application\/ld+json\" class=\"yoast-schema-graph\">{\"@context\":\"https:\/\/schema.org\",\"@graph\":[{\"@type\":\"WebPage\",\"@id\":\"https:\/\/tremdavale.org\/pt\/trem-da-vale-e-destaque-no-circuito-do-ouro\/\",\"url\":\"https:\/\/tremdavale.org\/pt\/trem-da-vale-e-destaque-no-circuito-do-ouro\/\",\"name\":\"Trem da Vale \u00e9 destaque no Circuito do Ouro &#8212; Trem da Vale\",\"isPartOf\":{\"@id\":\"https:\/\/tremdavale.org\/pt\/#website\"},\"primaryImageOfPage\":{\"@id\":\"https:\/\/tremdavale.org\/pt\/trem-da-vale-e-destaque-no-circuito-do-ouro\/#primaryimage\"},\"image\":{\"@id\":\"https:\/\/tremdavale.org\/pt\/trem-da-vale-e-destaque-no-circuito-do-ouro\/#primaryimage\"},\"thumbnailUrl\":\"https:\/\/tremdavale.org\/wp-content\/uploads\/_dsc1609-300x233.jpg\",\"datePublished\":\"2011-09-13T15:51:00+00:00\",\"dateModified\":\"2025-10-10T11:57:00+00:00\",\"author\":{\"@id\":\"https:\/\/tremdavale.org\/pt\/#\/schema\/person\/50912137d47426d31329f246d02eaeca\"},\"breadcrumb\":{\"@id\":\"https:\/\/tremdavale.org\/pt\/trem-da-vale-e-destaque-no-circuito-do-ouro\/#breadcrumb\"},\"inLanguage\":\"pt-PT\",\"potentialAction\":[{\"@type\":\"ReadAction\",\"target\":[\"https:\/\/tremdavale.org\/pt\/trem-da-vale-e-destaque-no-circuito-do-ouro\/\"]}]},{\"@type\":\"ImageObject\",\"inLanguage\":\"pt-PT\",\"@id\":\"https:\/\/tremdavale.org\/pt\/trem-da-vale-e-destaque-no-circuito-do-ouro\/#primaryimage\",\"url\":\"https:\/\/tremdavale.org\/wp-content\/uploads\/_dsc1609-300x233.jpg\",\"contentUrl\":\"https:\/\/tremdavale.org\/wp-content\/uploads\/_dsc1609-300x233.jpg\",\"width\":300,\"height\":233},{\"@type\":\"BreadcrumbList\",\"@id\":\"https:\/\/tremdavale.org\/pt\/trem-da-vale-e-destaque-no-circuito-do-ouro\/#breadcrumb\",\"itemListElement\":[{\"@type\":\"ListItem\",\"position\":1,\"name\":\"In\u00edcio\",\"item\":\"https:\/\/tremdavale.org\/pt\/\"},{\"@type\":\"ListItem\",\"position\":2,\"name\":\"Trem da Vale \u00e9 destaque no Circuito do Ouro\"}]},{\"@type\":\"WebSite\",\"@id\":\"https:\/\/tremdavale.org\/pt\/#website\",\"url\":\"https:\/\/tremdavale.org\/pt\/\",\"name\":\"Trem da Vale\",\"description\":\"Programa de Educa\u00e7\u00e3o Patrimonial\",\"potentialAction\":[{\"@type\":\"SearchAction\",\"target\":{\"@type\":\"EntryPoint\",\"urlTemplate\":\"https:\/\/tremdavale.org\/pt\/?s={search_term_string}\"},\"query-input\":{\"@type\":\"PropertyValueSpecification\",\"valueRequired\":true,\"valueName\":\"search_term_string\"}}],\"inLanguage\":\"pt-PT\"},{\"@type\":\"Person\",\"@id\":\"https:\/\/tremdavale.org\/pt\/#\/schema\/person\/50912137d47426d31329f246d02eaeca\",\"name\":\"admin\",\"image\":{\"@type\":\"ImageObject\",\"inLanguage\":\"pt-PT\",\"@id\":\"https:\/\/tremdavale.org\/pt\/#\/schema\/person\/image\/\",\"url\":\"https:\/\/secure.gravatar.com\/avatar\/b3564f0fda6ea47959fe96a4217203e79a167568a37409758659bc3ba443b452?s=96&d=mm&r=g\",\"contentUrl\":\"https:\/\/secure.gravatar.com\/avatar\/b3564f0fda6ea47959fe96a4217203e79a167568a37409758659bc3ba443b452?s=96&d=mm&r=g\",\"caption\":\"admin\"},\"sameAs\":[\"https:\/\/tremdavale.org\"],\"url\":\"https:\/\/tremdavale.org\/pt\/author\/admin\/\"}]}<\/script>\n<!-- \/ Yoast SEO plugin. -->","yoast_head_json":{"title":"Trem da Vale \u00e9 destaque no Circuito do Ouro &#8212; Trem da Vale","robots":{"index":"index","follow":"follow","max-snippet":"max-snippet:-1","max-image-preview":"max-image-preview:large","max-video-preview":"max-video-preview:-1"},"canonical":"https:\/\/tremdavale.org\/pt\/trem-da-vale-e-destaque-no-circuito-do-ouro\/","og_locale":"pt_PT","og_type":"article","og_title":"Trem da Vale \u00e9 destaque no Circuito do Ouro &#8212; Trem da Vale","og_description":"Como parte dos projetos de promo\u00e7\u00e3o e divulga\u00e7\u00e3o da Secretaria de Turismo de Minas Gerais,&nbsp;est\u00e1 a valoriza\u00e7\u00e3o do Circuito do Ouro , que selecionou o Trem da Vale como destaque entre&nbsp;os atrativos apresentados.","og_url":"https:\/\/tremdavale.org\/pt\/trem-da-vale-e-destaque-no-circuito-do-ouro\/","og_site_name":"Trem da Vale","article_published_time":"2011-09-13T15:51:00+00:00","article_modified_time":"2025-10-10T11:57:00+00:00","og_image":[{"width":300,"height":233,"url":"https:\/\/tremdavale.org\/wp-content\/uploads\/_dsc1609-300x233.jpg","type":"image\/jpeg"}],"author":"admin","twitter_card":"summary_large_image","twitter_misc":{"Escrito por":"admin","Tempo estimado de leitura":"1 minuto"},"schema":{"@context":"https:\/\/schema.org","@graph":[{"@type":"WebPage","@id":"https:\/\/tremdavale.org\/pt\/trem-da-vale-e-destaque-no-circuito-do-ouro\/","url":"https:\/\/tremdavale.org\/pt\/trem-da-vale-e-destaque-no-circuito-do-ouro\/","name":"Trem da Vale \u00e9 destaque no Circuito do Ouro &#8212; Trem da Vale","isPartOf":{"@id":"https:\/\/tremdavale.org\/pt\/#website"},"primaryImageOfPage":{"@id":"https:\/\/tremdavale.org\/pt\/trem-da-vale-e-destaque-no-circuito-do-ouro\/#primaryimage"},"image":{"@id":"https:\/\/tremdavale.org\/pt\/trem-da-vale-e-destaque-no-circuito-do-ouro\/#primaryimage"},"thumbnailUrl":"https:\/\/tremdavale.org\/wp-content\/uploads\/_dsc1609-300x233.jpg","datePublished":"2011-09-13T15:51:00+00:00","dateModified":"2025-10-10T11:57:00+00:00","author":{"@id":"https:\/\/tremdavale.org\/pt\/#\/schema\/person\/50912137d47426d31329f246d02eaeca"},"breadcrumb":{"@id":"https:\/\/tremdavale.org\/pt\/trem-da-vale-e-destaque-no-circuito-do-ouro\/#breadcrumb"},"inLanguage":"pt-PT","potentialAction":[{"@type":"ReadAction","target":["https:\/\/tremdavale.org\/pt\/trem-da-vale-e-destaque-no-circuito-do-ouro\/"]}]},{"@type":"ImageObject","inLanguage":"pt-PT","@id":"https:\/\/tremdavale.org\/pt\/trem-da-vale-e-destaque-no-circuito-do-ouro\/#primaryimage","url":"https:\/\/tremdavale.org\/wp-content\/uploads\/_dsc1609-300x233.jpg","contentUrl":"https:\/\/tremdavale.org\/wp-content\/uploads\/_dsc1609-300x233.jpg","width":300,"height":233},{"@type":"BreadcrumbList","@id":"https:\/\/tremdavale.org\/pt\/trem-da-vale-e-destaque-no-circuito-do-ouro\/#breadcrumb","itemListElement":[{"@type":"ListItem","position":1,"name":"In\u00edcio","item":"https:\/\/tremdavale.org\/pt\/"},{"@type":"ListItem","position":2,"name":"Trem da Vale \u00e9 destaque no Circuito do Ouro"}]},{"@type":"WebSite","@id":"https:\/\/tremdavale.org\/pt\/#website","url":"https:\/\/tremdavale.org\/pt\/","name":"Trem da Vale","description":"Programa de Educa\u00e7\u00e3o Patrimonial","potentialAction":[{"@type":"SearchAction","target":{"@type":"EntryPoint","urlTemplate":"https:\/\/tremdavale.org\/pt\/?s={search_term_string}"},"query-input":{"@type":"PropertyValueSpecification","valueRequired":true,"valueName":"search_term_string"}}],"inLanguage":"pt-PT"},{"@type":"Person","@id":"https:\/\/tremdavale.org\/pt\/#\/schema\/person\/50912137d47426d31329f246d02eaeca","name":"admin","image":{"@type":"ImageObject","inLanguage":"pt-PT","@id":"https:\/\/tremdavale.org\/pt\/#\/schema\/person\/image\/","url":"https:\/\/secure.gravatar.com\/avatar\/b3564f0fda6ea47959fe96a4217203e79a167568a37409758659bc3ba443b452?s=96&d=mm&r=g","contentUrl":"https:\/\/secure.gravatar.com\/avatar\/b3564f0fda6ea47959fe96a4217203e79a167568a37409758659bc3ba443b452?s=96&d=mm&r=g","caption":"admin"},"sameAs":["https:\/\/tremdavale.org"],"url":"https:\/\/tremdavale.org\/pt\/author\/admin\/"}]}},"_links":{"self":[{"href":"https:\/\/tremdavale.org\/pt\/wp-json\/wp\/v2\/posts\/289","targetHints":{"allow":["GET"]}}],"collection":[{"href":"https:\/\/tremdavale.org\/pt\/wp-json\/wp\/v2\/posts"}],"about":[{"href":"https:\/\/tremdavale.org\/pt\/wp-json\/wp\/v2\/types\/post"}],"author":[{"embeddable":true,"href":"https:\/\/tremdavale.org\/pt\/wp-json\/wp\/v2\/users\/1"}],"replies":[{"embeddable":true,"href":"https:\/\/tremdavale.org\/pt\/wp-json\/wp\/v2\/comments?post=289"}],"version-history":[{"count":0,"href":"https:\/\/tremdavale.org\/pt\/wp-json\/wp\/v2\/posts\/289\/revisions"}],"wp:featuredmedia":[{"embeddable":true,"href":"https:\/\/tremdavale.org\/pt\/wp-json\/wp\/v2\/media\/535"}],"wp:attachment":[{"href":"https:\/\/tremdavale.org\/pt\/wp-json\/wp\/v2\/media?parent=289"}],"wp:term":[{"taxonomy":"category","embeddable":true,"href":"https:\/\/tremdavale.org\/pt\/wp-json\/wp\/v2\/categories?post=289"},{"taxonomy":"post_tag","embeddable":true,"href":"https:\/\/tremdavale.org\/pt\/wp-json\/wp\/v2\/tags?post=289"}],"curies":[{"name":"wp","href":"https:\/\/api.w.org\/{rel}","templated":true}]}}