{"id":290,"date":"2014-04-30T00:24:00","date_gmt":"2014-04-30T00:24:00","guid":{"rendered":"https:\/\/tremdavale.org\/?p=290"},"modified":"2025-10-10T11:57:00","modified_gmt":"2025-10-10T11:57:00","slug":"trem-da-vale-e-indicado-ao-premio-fundacao-aleijadinho-de-responsabilidade-social","status":"publish","type":"post","link":"https:\/\/tremdavale.org\/pt\/trem-da-vale-e-indicado-ao-premio-fundacao-aleijadinho-de-responsabilidade-social\/","title":{"rendered":"Trem da Vale \u00e9 indicado a Pr\u00eamio"},"content":{"rendered":"<p><img loading=\"lazy\" decoding=\"async\" class=\"aligncenter size-full\" title=\"imagem-fund_aleij\" src=\"\/wp-content\/uploads\/imagem-fund_aleij.png\" alt=\"imagem-fund_aleij\" width=\"376\" height=\"240\"><\/p>\n<p>O Programa de Educa\u00e7\u00e3o Patrimonial Trem da Vale recebeu indica\u00e7\u00e3o da comunidade local para concorrer ao <em>Pr\u00eamio Funda\u00e7\u00e3o Aleijadinho de Responsabilidade Social,<\/em> categoria <em>Gratid\u00e3o e Honra*<\/em>.<\/p>\n<p>Essa iniciativa objetiva reconhecer exemplos de trabalhos desenvolvidos na regi\u00e3o, criando um ambiente de incentivo para o crescimento de a\u00e7\u00f5es e projetos voltados para a filantropia e voluntariado, com foco na minimiza\u00e7\u00e3o das car\u00eancias sociais.<\/p>\n<p>A indica\u00e7\u00e3o do Trem da Vale significou um importante reconhecimento do trabalho desenvolvido, sob a perspectiva inovadora da Educa\u00e7\u00e3o Patrimonial, com as comunidades locais, ao longo da trajet\u00f3ria de sete anos do Programa.<\/p>\n<p>*<em>Categoria Gratid\u00e3o e Honra<\/em>: Nesta categoria premia-se uma pessoa, ou empresa ou entidade que destacou no trabalho desenvolvido no correr do ano e da vida. Este premiado encaixaria em todas as categorias, tamanha a sua responsabilidade com o social, da\u00ed a categoria de gratid\u00e3o e honra.<\/p>\n<p><strong>SAIBA MAIS<\/strong><\/p>\n<p>O Programa de Educa\u00e7\u00e3o Patrimonial Trem da Vale conta com o reconhecimento conferido por pr\u00eamios nacionais, al\u00e9m de ter se tornado uma refer\u00eancia em Minas Gerais, Ouro Preto e Mariana, e em todo o Pa\u00eds:<\/p>\n<ul>\n<li>Melhor projeto e infra-estrutura tur\u00edstica, eleito pelo Guia 4 Rodas em 2007.<\/li>\n<li>Pr\u00eamio Rodrigo de Melo Franco &#8211; 2007 (<em>Men\u00e7\u00e3o Honrosa<\/em>)<\/li>\n<li>Pr\u00eamio Aberje Categoria Regional e Nacional &#8211; Programa de Educa\u00e7\u00e3o Patrimonial Trem da Vale &#8211; 2007<\/li>\n<li>Pr\u00eamio Cultura Viva &#8211; Vale Registrar &#8211; 2007<\/li>\n<li>Pr\u00eamio Pontos de Leitura &#8211; Edi\u00e7\u00e3o Machado de Assis &#8211; 2008<\/li>\n<li>Pr\u00eamio Aberje Categoria Regional e Nacional &#8211; Vale Registrar &#8211; 2009<\/li>\n<li>Pr\u00eamio do Conselho Regional de Biblioteconomia &#8211; 2009<\/li>\n<\/ul>\n<p>&nbsp;<\/p>\n","protected":false},"excerpt":{"rendered":"<p>O Programa de Educa\u00e7\u00e3o Patrimonial Trem da Vale recebeu indica\u00e7\u00e3o da comunidade local para concorrer ao Pr\u00eamio Funda\u00e7\u00e3o Aleijadinho de Responsabilidade Social, categoria Gratid\u00e3o e Honra*. Essa iniciativa objetiva reconhecer exemplos de trabalhos desenvolvidos na regi\u00e3o, criando um ambiente de incentivo para o crescimento de a\u00e7\u00f5es e projetos voltados para &hellip;<\/p>\n","protected":false},"author":1,"featured_media":536,"comment_status":"open","ping_status":"closed","sticky":false,"template":"","format":"standard","meta":{"footnotes":""},"categories":[2],"tags":[],"class_list":["post-290","post","type-post","status-publish","format-standard","has-post-thumbnail","hentry","category-destaques-home"],"yoast_head":"<!-- This site is optimized with the Yoast SEO plugin v26.1.1 - https:\/\/yoast.com\/wordpress\/plugins\/seo\/ -->\n<title>Trem da Vale \u00e9 indicado a Pr\u00eamio &#8212; Trem da Vale<\/title>\n<meta name=\"robots\" content=\"index, follow, max-snippet:-1, max-image-preview:large, max-video-preview:-1\" \/>\n<link rel=\"canonical\" href=\"https:\/\/tremdavale.org\/pt\/trem-da-vale-e-indicado-ao-premio-fundacao-aleijadinho-de-responsabilidade-social\/\" \/>\n<meta property=\"og:locale\" content=\"pt_PT\" \/>\n<meta property=\"og:type\" content=\"article\" \/>\n<meta property=\"og:title\" content=\"Trem da Vale \u00e9 indicado a Pr\u00eamio &#8212; Trem da Vale\" \/>\n<meta property=\"og:description\" content=\"O Programa de Educa\u00e7\u00e3o Patrimonial Trem da Vale recebeu indica\u00e7\u00e3o da comunidade local para concorrer ao Pr\u00eamio Funda\u00e7\u00e3o Aleijadinho de Responsabilidade Social, categoria Gratid\u00e3o e Honra*. Essa iniciativa objetiva reconhecer exemplos de trabalhos desenvolvidos na regi\u00e3o, criando um ambiente de incentivo para o crescimento de a\u00e7\u00f5es e projetos voltados para &hellip;\" \/>\n<meta property=\"og:url\" content=\"https:\/\/tremdavale.org\/pt\/trem-da-vale-e-indicado-ao-premio-fundacao-aleijadinho-de-responsabilidade-social\/\" \/>\n<meta property=\"og:site_name\" content=\"Trem da Vale\" \/>\n<meta property=\"article:published_time\" content=\"2014-04-30T00:24:00+00:00\" \/>\n<meta property=\"article:modified_time\" content=\"2025-10-10T11:57:00+00:00\" \/>\n<meta property=\"og:image\" content=\"https:\/\/tremdavale.org\/wp-content\/uploads\/imagem-fund_aleij.png\" \/>\n\t<meta property=\"og:image:width\" content=\"376\" \/>\n\t<meta property=\"og:image:height\" content=\"240\" \/>\n\t<meta property=\"og:image:type\" content=\"image\/png\" \/>\n<meta name=\"author\" content=\"admin\" \/>\n<meta name=\"twitter:card\" content=\"summary_large_image\" \/>\n<meta name=\"twitter:label1\" content=\"Escrito por\" \/>\n\t<meta name=\"twitter:data1\" content=\"admin\" \/>\n\t<meta name=\"twitter:label2\" content=\"Tempo estimado de leitura\" \/>\n\t<meta name=\"twitter:data2\" content=\"1 minuto\" \/>\n<script type=\"application\/ld+json\" class=\"yoast-schema-graph\">{\"@context\":\"https:\/\/schema.org\",\"@graph\":[{\"@type\":\"WebPage\",\"@id\":\"https:\/\/tremdavale.org\/pt\/trem-da-vale-e-indicado-ao-premio-fundacao-aleijadinho-de-responsabilidade-social\/\",\"url\":\"https:\/\/tremdavale.org\/pt\/trem-da-vale-e-indicado-ao-premio-fundacao-aleijadinho-de-responsabilidade-social\/\",\"name\":\"Trem da Vale \u00e9 indicado a Pr\u00eamio &#8212; Trem da Vale\",\"isPartOf\":{\"@id\":\"https:\/\/tremdavale.org\/pt\/#website\"},\"primaryImageOfPage\":{\"@id\":\"https:\/\/tremdavale.org\/pt\/trem-da-vale-e-indicado-ao-premio-fundacao-aleijadinho-de-responsabilidade-social\/#primaryimage\"},\"image\":{\"@id\":\"https:\/\/tremdavale.org\/pt\/trem-da-vale-e-indicado-ao-premio-fundacao-aleijadinho-de-responsabilidade-social\/#primaryimage\"},\"thumbnailUrl\":\"https:\/\/tremdavale.org\/wp-content\/uploads\/imagem-fund_aleij.png\",\"datePublished\":\"2014-04-30T00:24:00+00:00\",\"dateModified\":\"2025-10-10T11:57:00+00:00\",\"author\":{\"@id\":\"https:\/\/tremdavale.org\/pt\/#\/schema\/person\/50912137d47426d31329f246d02eaeca\"},\"breadcrumb\":{\"@id\":\"https:\/\/tremdavale.org\/pt\/trem-da-vale-e-indicado-ao-premio-fundacao-aleijadinho-de-responsabilidade-social\/#breadcrumb\"},\"inLanguage\":\"pt-PT\",\"potentialAction\":[{\"@type\":\"ReadAction\",\"target\":[\"https:\/\/tremdavale.org\/pt\/trem-da-vale-e-indicado-ao-premio-fundacao-aleijadinho-de-responsabilidade-social\/\"]}]},{\"@type\":\"ImageObject\",\"inLanguage\":\"pt-PT\",\"@id\":\"https:\/\/tremdavale.org\/pt\/trem-da-vale-e-indicado-ao-premio-fundacao-aleijadinho-de-responsabilidade-social\/#primaryimage\",\"url\":\"https:\/\/tremdavale.org\/wp-content\/uploads\/imagem-fund_aleij.png\",\"contentUrl\":\"https:\/\/tremdavale.org\/wp-content\/uploads\/imagem-fund_aleij.png\",\"width\":376,\"height\":240},{\"@type\":\"BreadcrumbList\",\"@id\":\"https:\/\/tremdavale.org\/pt\/trem-da-vale-e-indicado-ao-premio-fundacao-aleijadinho-de-responsabilidade-social\/#breadcrumb\",\"itemListElement\":[{\"@type\":\"ListItem\",\"position\":1,\"name\":\"In\u00edcio\",\"item\":\"https:\/\/tremdavale.org\/pt\/\"},{\"@type\":\"ListItem\",\"position\":2,\"name\":\"Trem da Vale \u00e9 indicado a Pr\u00eamio\"}]},{\"@type\":\"WebSite\",\"@id\":\"https:\/\/tremdavale.org\/pt\/#website\",\"url\":\"https:\/\/tremdavale.org\/pt\/\",\"name\":\"Trem da Vale\",\"description\":\"Programa de Educa\u00e7\u00e3o Patrimonial\",\"potentialAction\":[{\"@type\":\"SearchAction\",\"target\":{\"@type\":\"EntryPoint\",\"urlTemplate\":\"https:\/\/tremdavale.org\/pt\/?s={search_term_string}\"},\"query-input\":{\"@type\":\"PropertyValueSpecification\",\"valueRequired\":true,\"valueName\":\"search_term_string\"}}],\"inLanguage\":\"pt-PT\"},{\"@type\":\"Person\",\"@id\":\"https:\/\/tremdavale.org\/pt\/#\/schema\/person\/50912137d47426d31329f246d02eaeca\",\"name\":\"admin\",\"image\":{\"@type\":\"ImageObject\",\"inLanguage\":\"pt-PT\",\"@id\":\"https:\/\/tremdavale.org\/pt\/#\/schema\/person\/image\/\",\"url\":\"https:\/\/secure.gravatar.com\/avatar\/b3564f0fda6ea47959fe96a4217203e79a167568a37409758659bc3ba443b452?s=96&d=mm&r=g\",\"contentUrl\":\"https:\/\/secure.gravatar.com\/avatar\/b3564f0fda6ea47959fe96a4217203e79a167568a37409758659bc3ba443b452?s=96&d=mm&r=g\",\"caption\":\"admin\"},\"sameAs\":[\"https:\/\/tremdavale.org\"],\"url\":\"https:\/\/tremdavale.org\/pt\/author\/admin\/\"}]}<\/script>\n<!-- \/ Yoast SEO plugin. -->","yoast_head_json":{"title":"Trem da Vale \u00e9 indicado a Pr\u00eamio &#8212; Trem da Vale","robots":{"index":"index","follow":"follow","max-snippet":"max-snippet:-1","max-image-preview":"max-image-preview:large","max-video-preview":"max-video-preview:-1"},"canonical":"https:\/\/tremdavale.org\/pt\/trem-da-vale-e-indicado-ao-premio-fundacao-aleijadinho-de-responsabilidade-social\/","og_locale":"pt_PT","og_type":"article","og_title":"Trem da Vale \u00e9 indicado a Pr\u00eamio &#8212; Trem da Vale","og_description":"O Programa de Educa\u00e7\u00e3o Patrimonial Trem da Vale recebeu indica\u00e7\u00e3o da comunidade local para concorrer ao Pr\u00eamio Funda\u00e7\u00e3o Aleijadinho de Responsabilidade Social, categoria Gratid\u00e3o e Honra*. Essa iniciativa objetiva reconhecer exemplos de trabalhos desenvolvidos na regi\u00e3o, criando um ambiente de incentivo para o crescimento de a\u00e7\u00f5es e projetos voltados para &hellip;","og_url":"https:\/\/tremdavale.org\/pt\/trem-da-vale-e-indicado-ao-premio-fundacao-aleijadinho-de-responsabilidade-social\/","og_site_name":"Trem da Vale","article_published_time":"2014-04-30T00:24:00+00:00","article_modified_time":"2025-10-10T11:57:00+00:00","og_image":[{"width":376,"height":240,"url":"https:\/\/tremdavale.org\/wp-content\/uploads\/imagem-fund_aleij.png","type":"image\/png"}],"author":"admin","twitter_card":"summary_large_image","twitter_misc":{"Escrito por":"admin","Tempo estimado de leitura":"1 minuto"},"schema":{"@context":"https:\/\/schema.org","@graph":[{"@type":"WebPage","@id":"https:\/\/tremdavale.org\/pt\/trem-da-vale-e-indicado-ao-premio-fundacao-aleijadinho-de-responsabilidade-social\/","url":"https:\/\/tremdavale.org\/pt\/trem-da-vale-e-indicado-ao-premio-fundacao-aleijadinho-de-responsabilidade-social\/","name":"Trem da Vale \u00e9 indicado a Pr\u00eamio &#8212; Trem da Vale","isPartOf":{"@id":"https:\/\/tremdavale.org\/pt\/#website"},"primaryImageOfPage":{"@id":"https:\/\/tremdavale.org\/pt\/trem-da-vale-e-indicado-ao-premio-fundacao-aleijadinho-de-responsabilidade-social\/#primaryimage"},"image":{"@id":"https:\/\/tremdavale.org\/pt\/trem-da-vale-e-indicado-ao-premio-fundacao-aleijadinho-de-responsabilidade-social\/#primaryimage"},"thumbnailUrl":"https:\/\/tremdavale.org\/wp-content\/uploads\/imagem-fund_aleij.png","datePublished":"2014-04-30T00:24:00+00:00","dateModified":"2025-10-10T11:57:00+00:00","author":{"@id":"https:\/\/tremdavale.org\/pt\/#\/schema\/person\/50912137d47426d31329f246d02eaeca"},"breadcrumb":{"@id":"https:\/\/tremdavale.org\/pt\/trem-da-vale-e-indicado-ao-premio-fundacao-aleijadinho-de-responsabilidade-social\/#breadcrumb"},"inLanguage":"pt-PT","potentialAction":[{"@type":"ReadAction","target":["https:\/\/tremdavale.org\/pt\/trem-da-vale-e-indicado-ao-premio-fundacao-aleijadinho-de-responsabilidade-social\/"]}]},{"@type":"ImageObject","inLanguage":"pt-PT","@id":"https:\/\/tremdavale.org\/pt\/trem-da-vale-e-indicado-ao-premio-fundacao-aleijadinho-de-responsabilidade-social\/#primaryimage","url":"https:\/\/tremdavale.org\/wp-content\/uploads\/imagem-fund_aleij.png","contentUrl":"https:\/\/tremdavale.org\/wp-content\/uploads\/imagem-fund_aleij.png","width":376,"height":240},{"@type":"BreadcrumbList","@id":"https:\/\/tremdavale.org\/pt\/trem-da-vale-e-indicado-ao-premio-fundacao-aleijadinho-de-responsabilidade-social\/#breadcrumb","itemListElement":[{"@type":"ListItem","position":1,"name":"In\u00edcio","item":"https:\/\/tremdavale.org\/pt\/"},{"@type":"ListItem","position":2,"name":"Trem da Vale \u00e9 indicado a Pr\u00eamio"}]},{"@type":"WebSite","@id":"https:\/\/tremdavale.org\/pt\/#website","url":"https:\/\/tremdavale.org\/pt\/","name":"Trem da Vale","description":"Programa de Educa\u00e7\u00e3o Patrimonial","potentialAction":[{"@type":"SearchAction","target":{"@type":"EntryPoint","urlTemplate":"https:\/\/tremdavale.org\/pt\/?s={search_term_string}"},"query-input":{"@type":"PropertyValueSpecification","valueRequired":true,"valueName":"search_term_string"}}],"inLanguage":"pt-PT"},{"@type":"Person","@id":"https:\/\/tremdavale.org\/pt\/#\/schema\/person\/50912137d47426d31329f246d02eaeca","name":"admin","image":{"@type":"ImageObject","inLanguage":"pt-PT","@id":"https:\/\/tremdavale.org\/pt\/#\/schema\/person\/image\/","url":"https:\/\/secure.gravatar.com\/avatar\/b3564f0fda6ea47959fe96a4217203e79a167568a37409758659bc3ba443b452?s=96&d=mm&r=g","contentUrl":"https:\/\/secure.gravatar.com\/avatar\/b3564f0fda6ea47959fe96a4217203e79a167568a37409758659bc3ba443b452?s=96&d=mm&r=g","caption":"admin"},"sameAs":["https:\/\/tremdavale.org"],"url":"https:\/\/tremdavale.org\/pt\/author\/admin\/"}]}},"_links":{"self":[{"href":"https:\/\/tremdavale.org\/pt\/wp-json\/wp\/v2\/posts\/290","targetHints":{"allow":["GET"]}}],"collection":[{"href":"https:\/\/tremdavale.org\/pt\/wp-json\/wp\/v2\/posts"}],"about":[{"href":"https:\/\/tremdavale.org\/pt\/wp-json\/wp\/v2\/types\/post"}],"author":[{"embeddable":true,"href":"https:\/\/tremdavale.org\/pt\/wp-json\/wp\/v2\/users\/1"}],"replies":[{"embeddable":true,"href":"https:\/\/tremdavale.org\/pt\/wp-json\/wp\/v2\/comments?post=290"}],"version-history":[{"count":0,"href":"https:\/\/tremdavale.org\/pt\/wp-json\/wp\/v2\/posts\/290\/revisions"}],"wp:featuredmedia":[{"embeddable":true,"href":"https:\/\/tremdavale.org\/pt\/wp-json\/wp\/v2\/media\/536"}],"wp:attachment":[{"href":"https:\/\/tremdavale.org\/pt\/wp-json\/wp\/v2\/media?parent=290"}],"wp:term":[{"taxonomy":"category","embeddable":true,"href":"https:\/\/tremdavale.org\/pt\/wp-json\/wp\/v2\/categories?post=290"},{"taxonomy":"post_tag","embeddable":true,"href":"https:\/\/tremdavale.org\/pt\/wp-json\/wp\/v2\/tags?post=290"}],"curies":[{"name":"wp","href":"https:\/\/api.w.org\/{rel}","templated":true}]}}