{"id":292,"date":"2011-09-12T00:25:00","date_gmt":"2011-09-12T00:25:00","guid":{"rendered":"https:\/\/tremdavale.org\/?p=292"},"modified":"2025-10-10T11:57:00","modified_gmt":"2025-10-10T11:57:00","slug":"trem-da-vale-homenageia-monteiro-lobato","status":"publish","type":"post","link":"https:\/\/tremdavale.org\/pt\/trem-da-vale-homenageia-monteiro-lobato\/","title":{"rendered":"Trem da Vale homenageia Monteiro Lobato"},"content":{"rendered":"<p><img loading=\"lazy\" decoding=\"async\" class=\"size-medium\" title=\"emilia-dia-do-livro\" src=\"\/wp-content\/uploads\/emilia-dia-do-livro-300x225.jpg\" alt=\"Em\u00edlia, personagem de Monteiro Lobato\" width=\"300\" height=\"225\"><\/p>\n<p>Em\u00edlia, personagem de Monteiro Lobato<\/p>\n<p>&nbsp;<\/p>\n<p>No m\u00eas de abril, o Trem da Vale presta homenagem a Monteiro Lobato, um dos mais importantes escritores brasileiros do s\u00e9culo XX, reconhecido pela presen\u00e7a marcante de sua literatura no universo infantil.<!--more--><\/p>\n<p>Autor de c\u00e9lebres hist\u00f3rias que resultaram em cole\u00e7\u00f5es infantis de grande popularidade em todo o Brasil, como o \u201cS\u00edtio do Picapau Amarelo\u201d, Monteiro Lobato criou inesquec\u00edveis personagens, a exemplo do Jeca Tatu, Em\u00edlia, Visconde de Sabugosa, Cuca, Dona Benta, Tianast\u00e1cia, Saci Perer\u00ea e muitos outros, sendo not\u00e1vel a sua contribui\u00e7\u00e3o p\u00e1ra o folclore brasileiro.<\/p>\n<p>O Trem da Vale, dentro do Plano de Incentivo \u00e0 Leitura realizado nas bibliotecas das Esta\u00e7\u00f5es de Ouro Preto e Mariana, homenageia o escritor em comemora\u00e7\u00e3o ao seu anivers\u00e1rio, dia 18 de abril. Ser\u00e3o realizadas oficinas e sess\u00f5es de contos nas Esta\u00e7\u00f5es para o p\u00fablico infanto-juvenil, oferecendo \u00e0s crian\u00e7as um mundo de fantasia a partir dos elementos da cultura brasileira presentes na obra do autor.<\/p>\n<p><strong>Programa\u00e7\u00e3o:<\/strong><\/p>\n<ul>\n<li>Conta\u00e7\u00e3o de Hist\u00f3ria com Maria Em\u00edlia Magalh\u00e3es na Biblioteca da Esta\u00e7\u00e3o de Mariana:<\/li>\n<\/ul>\n<p>Data: 17\/04 (s\u00e1bado), de 14h \u00e0s 15h;<\/p>\n<p>Data: 18\/04 (domingo), de 10h \u00e0s 11h.<\/p>\n<ul>\n<li>Conta\u00e7\u00e3o de Hist\u00f3ria com o grupo \u201cContadores de \u2018Causos\u2019 e Hist\u00f3rias\u201d na Tenda Cultural de Ouro Preto<\/li>\n<\/ul>\n<p>Data: 16\/04 (sexta), de 14h \u00e0s 15h.<\/p>\n<p>&nbsp;<\/p>\n","protected":false},"excerpt":{"rendered":"<p>Em\u00edlia, personagem de Monteiro Lobato &nbsp; No m\u00eas de abril, o Trem da Vale presta homenagem a Monteiro Lobato, um dos mais importantes escritores brasileiros do s\u00e9culo XX, reconhecido pela presen\u00e7a marcante de sua literatura no universo infantil.<\/p>\n","protected":false},"author":1,"featured_media":537,"comment_status":"open","ping_status":"closed","sticky":false,"template":"","format":"standard","meta":{"footnotes":""},"categories":[3,5],"tags":[],"class_list":["post-292","post","type-post","status-publish","format-standard","has-post-thumbnail","hentry","category-noticias","category-noticias-destaque"],"yoast_head":"<!-- This site is optimized with the Yoast SEO plugin v26.1.1 - https:\/\/yoast.com\/wordpress\/plugins\/seo\/ -->\n<title>Trem da Vale homenageia Monteiro Lobato &#8212; Trem da Vale<\/title>\n<meta name=\"robots\" content=\"index, follow, max-snippet:-1, max-image-preview:large, max-video-preview:-1\" \/>\n<link rel=\"canonical\" href=\"https:\/\/tremdavale.org\/pt\/trem-da-vale-homenageia-monteiro-lobato\/\" \/>\n<meta property=\"og:locale\" content=\"pt_PT\" \/>\n<meta property=\"og:type\" content=\"article\" \/>\n<meta property=\"og:title\" content=\"Trem da Vale homenageia Monteiro Lobato &#8212; Trem da Vale\" \/>\n<meta property=\"og:description\" content=\"Em\u00edlia, personagem de Monteiro Lobato &nbsp; No m\u00eas de abril, o Trem da Vale presta homenagem a Monteiro Lobato, um dos mais importantes escritores brasileiros do s\u00e9culo XX, reconhecido pela presen\u00e7a marcante de sua literatura no universo infantil.\" \/>\n<meta property=\"og:url\" content=\"https:\/\/tremdavale.org\/pt\/trem-da-vale-homenageia-monteiro-lobato\/\" \/>\n<meta property=\"og:site_name\" content=\"Trem da Vale\" \/>\n<meta property=\"article:published_time\" content=\"2011-09-12T00:25:00+00:00\" \/>\n<meta property=\"article:modified_time\" content=\"2025-10-10T11:57:00+00:00\" \/>\n<meta property=\"og:image\" content=\"https:\/\/tremdavale.org\/wp-content\/uploads\/emilia-dia-do-livro-300x225.jpg\" \/>\n\t<meta property=\"og:image:width\" content=\"300\" \/>\n\t<meta property=\"og:image:height\" content=\"225\" \/>\n\t<meta property=\"og:image:type\" content=\"image\/jpeg\" \/>\n<meta name=\"author\" content=\"admin\" \/>\n<meta name=\"twitter:card\" content=\"summary_large_image\" \/>\n<meta name=\"twitter:label1\" content=\"Escrito por\" \/>\n\t<meta name=\"twitter:data1\" content=\"admin\" \/>\n\t<meta name=\"twitter:label2\" content=\"Tempo estimado de leitura\" \/>\n\t<meta name=\"twitter:data2\" content=\"1 minuto\" \/>\n<script type=\"application\/ld+json\" class=\"yoast-schema-graph\">{\"@context\":\"https:\/\/schema.org\",\"@graph\":[{\"@type\":\"WebPage\",\"@id\":\"https:\/\/tremdavale.org\/pt\/trem-da-vale-homenageia-monteiro-lobato\/\",\"url\":\"https:\/\/tremdavale.org\/pt\/trem-da-vale-homenageia-monteiro-lobato\/\",\"name\":\"Trem da Vale homenageia Monteiro Lobato &#8212; Trem da Vale\",\"isPartOf\":{\"@id\":\"https:\/\/tremdavale.org\/pt\/#website\"},\"primaryImageOfPage\":{\"@id\":\"https:\/\/tremdavale.org\/pt\/trem-da-vale-homenageia-monteiro-lobato\/#primaryimage\"},\"image\":{\"@id\":\"https:\/\/tremdavale.org\/pt\/trem-da-vale-homenageia-monteiro-lobato\/#primaryimage\"},\"thumbnailUrl\":\"https:\/\/tremdavale.org\/wp-content\/uploads\/emilia-dia-do-livro-300x225.jpg\",\"datePublished\":\"2011-09-12T00:25:00+00:00\",\"dateModified\":\"2025-10-10T11:57:00+00:00\",\"author\":{\"@id\":\"https:\/\/tremdavale.org\/pt\/#\/schema\/person\/50912137d47426d31329f246d02eaeca\"},\"breadcrumb\":{\"@id\":\"https:\/\/tremdavale.org\/pt\/trem-da-vale-homenageia-monteiro-lobato\/#breadcrumb\"},\"inLanguage\":\"pt-PT\",\"potentialAction\":[{\"@type\":\"ReadAction\",\"target\":[\"https:\/\/tremdavale.org\/pt\/trem-da-vale-homenageia-monteiro-lobato\/\"]}]},{\"@type\":\"ImageObject\",\"inLanguage\":\"pt-PT\",\"@id\":\"https:\/\/tremdavale.org\/pt\/trem-da-vale-homenageia-monteiro-lobato\/#primaryimage\",\"url\":\"https:\/\/tremdavale.org\/wp-content\/uploads\/emilia-dia-do-livro-300x225.jpg\",\"contentUrl\":\"https:\/\/tremdavale.org\/wp-content\/uploads\/emilia-dia-do-livro-300x225.jpg\",\"width\":300,\"height\":225},{\"@type\":\"BreadcrumbList\",\"@id\":\"https:\/\/tremdavale.org\/pt\/trem-da-vale-homenageia-monteiro-lobato\/#breadcrumb\",\"itemListElement\":[{\"@type\":\"ListItem\",\"position\":1,\"name\":\"In\u00edcio\",\"item\":\"https:\/\/tremdavale.org\/pt\/\"},{\"@type\":\"ListItem\",\"position\":2,\"name\":\"Trem da Vale homenageia Monteiro Lobato\"}]},{\"@type\":\"WebSite\",\"@id\":\"https:\/\/tremdavale.org\/pt\/#website\",\"url\":\"https:\/\/tremdavale.org\/pt\/\",\"name\":\"Trem da Vale\",\"description\":\"Programa de Educa\u00e7\u00e3o Patrimonial\",\"potentialAction\":[{\"@type\":\"SearchAction\",\"target\":{\"@type\":\"EntryPoint\",\"urlTemplate\":\"https:\/\/tremdavale.org\/pt\/?s={search_term_string}\"},\"query-input\":{\"@type\":\"PropertyValueSpecification\",\"valueRequired\":true,\"valueName\":\"search_term_string\"}}],\"inLanguage\":\"pt-PT\"},{\"@type\":\"Person\",\"@id\":\"https:\/\/tremdavale.org\/pt\/#\/schema\/person\/50912137d47426d31329f246d02eaeca\",\"name\":\"admin\",\"image\":{\"@type\":\"ImageObject\",\"inLanguage\":\"pt-PT\",\"@id\":\"https:\/\/tremdavale.org\/pt\/#\/schema\/person\/image\/\",\"url\":\"https:\/\/secure.gravatar.com\/avatar\/b3564f0fda6ea47959fe96a4217203e79a167568a37409758659bc3ba443b452?s=96&d=mm&r=g\",\"contentUrl\":\"https:\/\/secure.gravatar.com\/avatar\/b3564f0fda6ea47959fe96a4217203e79a167568a37409758659bc3ba443b452?s=96&d=mm&r=g\",\"caption\":\"admin\"},\"sameAs\":[\"https:\/\/tremdavale.org\"],\"url\":\"https:\/\/tremdavale.org\/pt\/author\/admin\/\"}]}<\/script>\n<!-- \/ Yoast SEO plugin. -->","yoast_head_json":{"title":"Trem da Vale homenageia Monteiro Lobato &#8212; Trem da Vale","robots":{"index":"index","follow":"follow","max-snippet":"max-snippet:-1","max-image-preview":"max-image-preview:large","max-video-preview":"max-video-preview:-1"},"canonical":"https:\/\/tremdavale.org\/pt\/trem-da-vale-homenageia-monteiro-lobato\/","og_locale":"pt_PT","og_type":"article","og_title":"Trem da Vale homenageia Monteiro Lobato &#8212; Trem da Vale","og_description":"Em\u00edlia, personagem de Monteiro Lobato &nbsp; No m\u00eas de abril, o Trem da Vale presta homenagem a Monteiro Lobato, um dos mais importantes escritores brasileiros do s\u00e9culo XX, reconhecido pela presen\u00e7a marcante de sua literatura no universo infantil.","og_url":"https:\/\/tremdavale.org\/pt\/trem-da-vale-homenageia-monteiro-lobato\/","og_site_name":"Trem da Vale","article_published_time":"2011-09-12T00:25:00+00:00","article_modified_time":"2025-10-10T11:57:00+00:00","og_image":[{"width":300,"height":225,"url":"https:\/\/tremdavale.org\/wp-content\/uploads\/emilia-dia-do-livro-300x225.jpg","type":"image\/jpeg"}],"author":"admin","twitter_card":"summary_large_image","twitter_misc":{"Escrito por":"admin","Tempo estimado de leitura":"1 minuto"},"schema":{"@context":"https:\/\/schema.org","@graph":[{"@type":"WebPage","@id":"https:\/\/tremdavale.org\/pt\/trem-da-vale-homenageia-monteiro-lobato\/","url":"https:\/\/tremdavale.org\/pt\/trem-da-vale-homenageia-monteiro-lobato\/","name":"Trem da Vale homenageia Monteiro Lobato &#8212; Trem da Vale","isPartOf":{"@id":"https:\/\/tremdavale.org\/pt\/#website"},"primaryImageOfPage":{"@id":"https:\/\/tremdavale.org\/pt\/trem-da-vale-homenageia-monteiro-lobato\/#primaryimage"},"image":{"@id":"https:\/\/tremdavale.org\/pt\/trem-da-vale-homenageia-monteiro-lobato\/#primaryimage"},"thumbnailUrl":"https:\/\/tremdavale.org\/wp-content\/uploads\/emilia-dia-do-livro-300x225.jpg","datePublished":"2011-09-12T00:25:00+00:00","dateModified":"2025-10-10T11:57:00+00:00","author":{"@id":"https:\/\/tremdavale.org\/pt\/#\/schema\/person\/50912137d47426d31329f246d02eaeca"},"breadcrumb":{"@id":"https:\/\/tremdavale.org\/pt\/trem-da-vale-homenageia-monteiro-lobato\/#breadcrumb"},"inLanguage":"pt-PT","potentialAction":[{"@type":"ReadAction","target":["https:\/\/tremdavale.org\/pt\/trem-da-vale-homenageia-monteiro-lobato\/"]}]},{"@type":"ImageObject","inLanguage":"pt-PT","@id":"https:\/\/tremdavale.org\/pt\/trem-da-vale-homenageia-monteiro-lobato\/#primaryimage","url":"https:\/\/tremdavale.org\/wp-content\/uploads\/emilia-dia-do-livro-300x225.jpg","contentUrl":"https:\/\/tremdavale.org\/wp-content\/uploads\/emilia-dia-do-livro-300x225.jpg","width":300,"height":225},{"@type":"BreadcrumbList","@id":"https:\/\/tremdavale.org\/pt\/trem-da-vale-homenageia-monteiro-lobato\/#breadcrumb","itemListElement":[{"@type":"ListItem","position":1,"name":"In\u00edcio","item":"https:\/\/tremdavale.org\/pt\/"},{"@type":"ListItem","position":2,"name":"Trem da Vale homenageia Monteiro Lobato"}]},{"@type":"WebSite","@id":"https:\/\/tremdavale.org\/pt\/#website","url":"https:\/\/tremdavale.org\/pt\/","name":"Trem da Vale","description":"Programa de Educa\u00e7\u00e3o Patrimonial","potentialAction":[{"@type":"SearchAction","target":{"@type":"EntryPoint","urlTemplate":"https:\/\/tremdavale.org\/pt\/?s={search_term_string}"},"query-input":{"@type":"PropertyValueSpecification","valueRequired":true,"valueName":"search_term_string"}}],"inLanguage":"pt-PT"},{"@type":"Person","@id":"https:\/\/tremdavale.org\/pt\/#\/schema\/person\/50912137d47426d31329f246d02eaeca","name":"admin","image":{"@type":"ImageObject","inLanguage":"pt-PT","@id":"https:\/\/tremdavale.org\/pt\/#\/schema\/person\/image\/","url":"https:\/\/secure.gravatar.com\/avatar\/b3564f0fda6ea47959fe96a4217203e79a167568a37409758659bc3ba443b452?s=96&d=mm&r=g","contentUrl":"https:\/\/secure.gravatar.com\/avatar\/b3564f0fda6ea47959fe96a4217203e79a167568a37409758659bc3ba443b452?s=96&d=mm&r=g","caption":"admin"},"sameAs":["https:\/\/tremdavale.org"],"url":"https:\/\/tremdavale.org\/pt\/author\/admin\/"}]}},"_links":{"self":[{"href":"https:\/\/tremdavale.org\/pt\/wp-json\/wp\/v2\/posts\/292","targetHints":{"allow":["GET"]}}],"collection":[{"href":"https:\/\/tremdavale.org\/pt\/wp-json\/wp\/v2\/posts"}],"about":[{"href":"https:\/\/tremdavale.org\/pt\/wp-json\/wp\/v2\/types\/post"}],"author":[{"embeddable":true,"href":"https:\/\/tremdavale.org\/pt\/wp-json\/wp\/v2\/users\/1"}],"replies":[{"embeddable":true,"href":"https:\/\/tremdavale.org\/pt\/wp-json\/wp\/v2\/comments?post=292"}],"version-history":[{"count":0,"href":"https:\/\/tremdavale.org\/pt\/wp-json\/wp\/v2\/posts\/292\/revisions"}],"wp:featuredmedia":[{"embeddable":true,"href":"https:\/\/tremdavale.org\/pt\/wp-json\/wp\/v2\/media\/537"}],"wp:attachment":[{"href":"https:\/\/tremdavale.org\/pt\/wp-json\/wp\/v2\/media?parent=292"}],"wp:term":[{"taxonomy":"category","embeddable":true,"href":"https:\/\/tremdavale.org\/pt\/wp-json\/wp\/v2\/categories?post=292"},{"taxonomy":"post_tag","embeddable":true,"href":"https:\/\/tremdavale.org\/pt\/wp-json\/wp\/v2\/tags?post=292"}],"curies":[{"name":"wp","href":"https:\/\/api.w.org\/{rel}","templated":true}]}}