{"id":293,"date":"2011-09-09T09:42:00","date_gmt":"2011-09-09T09:42:00","guid":{"rendered":"https:\/\/tremdavale.org\/?p=293"},"modified":"2025-10-10T11:57:00","modified_gmt":"2025-10-10T11:57:00","slug":"trem-da-vale-integra-a-programacao-da-8-semana-de-museus","status":"publish","type":"post","link":"https:\/\/tremdavale.org\/pt\/trem-da-vale-integra-a-programacao-da-8-semana-de-museus\/","title":{"rendered":"Trem da Vale integra a programa\u00e7\u00e3o da 8\u00aa Semana de Museus"},"content":{"rendered":"<p><span><img loading=\"lazy\" decoding=\"async\" class=\"alignleft size-medium\" title=\"museu1\" src=\"\/wp-content\/uploads\/museu1-300x255.jpg\" alt=\"museu1\" width=\"300\" height=\"255\">Entre os dias 16 e 22 de maio, as atividades do Programa de Educa\u00e7\u00e3o Patrimonial Trem da Vale integram a programa\u00e7\u00e3o da 8\u00aa Semana de Museus, que este ano traz a tem\u00e1tica \u201cmuseus para a harmonia social\u201d, tamb\u00e9m tema do Dia Internacional de Museus, comemorado 18 de maio.<\/span><\/p>\n<p>&nbsp;<\/p>\n<p><span>A 8\u00aa Semana de Museus faz parte da agenda permanente de eventos do Instituto Brasileiro de Museus \u2013 IBRAM, e tem como objetivo promover os museus brasileiros e divulgar sua programa\u00e7\u00e3o. O evento ocorre em todas as regi\u00f5es do pa\u00eds, reunindo 1.750 atividades em 590 institui\u00e7\u00f5es.<\/span><\/p>\n<p>&nbsp;<\/p>\n<p><span>O tema apresentado este ano destaca o papel do museu no mundo contempor\u00e2neo como institui\u00e7\u00e3o interessada na vida social, pol\u00edtica e econ\u00f4mica da sociedade, e busca despertar a reflex\u00e3o em torno das pr\u00e1ticas de valoriza\u00e7\u00e3o da diversidade cultural e das diferen\u00e7as.<\/span><\/p>\n<p>&nbsp;<\/p>\n<p><span>Mais informa\u00e7\u00f5es sobre a 8\u00aa Semana de Museus no site<\/span> www.museus.gov.br.<\/p>\n<p>Confira abaixo a programa\u00e7\u00e3o nas esta\u00e7\u00f5es do Trem da Vale.<\/p>\n<p>&nbsp;<\/p>\n<p><strong><span>Esta\u00e7\u00e3o Ferrovi\u00e1ria de Ouro Preto<\/span><\/strong><\/p>\n<p>&nbsp;<\/p>\n<p><strong>16\/05\/2010 \u2013 09h30 a 15h30<\/strong><\/p>\n<p><span>Sarau \u2013 Trem Poesia nos Trilhos<\/span><\/p>\n<p><span>Local: Plataforma das Esta\u00e7\u00f5es Ferrovi\u00e1rias de Ouro Preto e Mariana<\/span><\/p>\n<p>&nbsp;<\/p>\n<p><strong>18\/05\/2010 a 23\/05\/2010 \u2013 09h a 17h<\/strong><\/p>\n<p><span>Exposi\u00e7\u00e3o \u201cMulheres na Poesia Brasileira\u201d<\/span><\/p>\n<p><span>Local: Biblioteca Infanto-juvenil da Esta\u00e7\u00e3o de Ouro Preto<\/span><\/p>\n<p>&nbsp;<\/p>\n<p><strong>20\/05\/2010 \u2013 13h45 a 17h15<\/strong><\/p>\n<p><span>Circuito Integrado de Educa\u00e7\u00e3o Patrimonial voltado para o alunos da rede p\u00fablica de ensino da regi\u00e3o<\/span><\/p>\n<p><span>Local: Esta\u00e7\u00e3o Ferrovi\u00e1ria de Ouro Preto e Esta\u00e7\u00e3o Ferrovi\u00e1ria de Mariana<\/span><\/p>\n<p>&nbsp;<\/p>\n<p><strong>20\/05\/2010 \u2013 8h45 a 12h15<\/strong><\/p>\n<p><span>Circuito Integrado de Educa\u00e7\u00e3o Patrimonial voltado para os alunos da Rede P\u00fablica de Ensino da regi\u00e3o<\/span><\/p>\n<p><span>Local: Esta\u00e7\u00e3o Ferrovi\u00e1ria de Ouro Preto e Esta\u00e7\u00e3o Ferrovi\u00e1ria de Mariana<\/span><\/p>\n<p><strong>21\/05\/2010 \u2013 9h a 17h<\/strong><\/p>\n<p><span>Oficina \u201cColcha de Retalhos \u2013 Mem\u00f3rias do Trem\u201d<\/span><\/p>\n<p><span>Local: Esta\u00e7\u00e3o Ferrovi\u00e1ria de Ouro Preto<\/span><\/p>\n<p>&nbsp;<\/p>\n<p><strong>22\/05\/2010 \u2013 16h a 18h<\/strong><\/p>\n<p><span>Sarau \u201cMulheres na Poesia Brasileira\u201d<\/span><\/p>\n<p><span>Local: Tenda Cultural da Esta\u00e7\u00e3o de Ouro Preto<\/span><\/p>\n<p>&nbsp;<\/p>\n<p><strong><span>Esta\u00e7\u00e3o Ferrovi\u00e1ria de Mariana<\/span><\/strong><\/p>\n<p>&nbsp;<\/p>\n<p><strong>16\/05\/2010 \u2013 8h30 a 16h<\/strong><\/p>\n<p><span>Oficina \u201cColcha de Retalhos \u2013 Mem\u00f3rias do Trem\u201d (faixa et\u00e1ria: a partir de 10 anos \u2013 agendamento)<\/span><\/p>\n<p><span>Local: Biblioteca Infanto-Juvenil de Mariana<\/span><\/p>\n<p>&nbsp;<\/p>\n<p><strong>19\/05\/2010 \u2013 14h30 a 17h<\/strong><\/p>\n<p><span>Oficina de Orat\u00f3rios<\/span><\/p>\n<p><span>Local: Biblioteca Infanto-Juvenil de Mariana<\/span><\/p>\n<p>&nbsp;<\/p>\n","protected":false},"excerpt":{"rendered":"<p>Entre os dias 16 e 22 de maio, as atividades do Programa de Educa\u00e7\u00e3o Patrimonial Trem da Vale integram a programa\u00e7\u00e3o da 8\u00aa Semana de Museus, que este ano traz a tem\u00e1tica \u201cmuseus para a harmonia social\u201d, tamb\u00e9m tema do Dia Internacional de Museus, comemorado 18 de maio. &nbsp; A &hellip;<\/p>\n","protected":false},"author":1,"featured_media":538,"comment_status":"open","ping_status":"closed","sticky":false,"template":"","format":"standard","meta":{"footnotes":""},"categories":[3],"tags":[],"class_list":["post-293","post","type-post","status-publish","format-standard","has-post-thumbnail","hentry","category-noticias"],"yoast_head":"<!-- This site is optimized with the Yoast SEO plugin v26.1.1 - https:\/\/yoast.com\/wordpress\/plugins\/seo\/ -->\n<title>Trem da Vale integra a programa\u00e7\u00e3o da 8\u00aa Semana de Museus &#8212; Trem da Vale<\/title>\n<meta name=\"robots\" content=\"index, follow, max-snippet:-1, max-image-preview:large, max-video-preview:-1\" \/>\n<link rel=\"canonical\" href=\"https:\/\/tremdavale.org\/pt\/trem-da-vale-integra-a-programacao-da-8-semana-de-museus\/\" \/>\n<meta property=\"og:locale\" content=\"pt_PT\" \/>\n<meta property=\"og:type\" content=\"article\" \/>\n<meta property=\"og:title\" content=\"Trem da Vale integra a programa\u00e7\u00e3o da 8\u00aa Semana de Museus &#8212; Trem da Vale\" \/>\n<meta property=\"og:description\" content=\"Entre os dias 16 e 22 de maio, as atividades do Programa de Educa\u00e7\u00e3o Patrimonial Trem da Vale integram a programa\u00e7\u00e3o da 8\u00aa Semana de Museus, que este ano traz a tem\u00e1tica \u201cmuseus para a harmonia social\u201d, tamb\u00e9m tema do Dia Internacional de Museus, comemorado 18 de maio. &nbsp; A &hellip;\" \/>\n<meta property=\"og:url\" content=\"https:\/\/tremdavale.org\/pt\/trem-da-vale-integra-a-programacao-da-8-semana-de-museus\/\" \/>\n<meta property=\"og:site_name\" content=\"Trem da Vale\" \/>\n<meta property=\"article:published_time\" content=\"2011-09-09T09:42:00+00:00\" \/>\n<meta property=\"article:modified_time\" content=\"2025-10-10T11:57:00+00:00\" \/>\n<meta property=\"og:image\" content=\"https:\/\/tremdavale.org\/wp-content\/uploads\/museu1-300x255.jpg\" \/>\n\t<meta property=\"og:image:width\" content=\"300\" \/>\n\t<meta property=\"og:image:height\" content=\"255\" \/>\n\t<meta property=\"og:image:type\" content=\"image\/jpeg\" \/>\n<meta name=\"author\" content=\"admin\" \/>\n<meta name=\"twitter:card\" content=\"summary_large_image\" \/>\n<meta name=\"twitter:label1\" content=\"Escrito por\" \/>\n\t<meta name=\"twitter:data1\" content=\"admin\" \/>\n\t<meta name=\"twitter:label2\" content=\"Tempo estimado de leitura\" \/>\n\t<meta name=\"twitter:data2\" content=\"2 minutos\" \/>\n<script type=\"application\/ld+json\" class=\"yoast-schema-graph\">{\"@context\":\"https:\/\/schema.org\",\"@graph\":[{\"@type\":\"WebPage\",\"@id\":\"https:\/\/tremdavale.org\/pt\/trem-da-vale-integra-a-programacao-da-8-semana-de-museus\/\",\"url\":\"https:\/\/tremdavale.org\/pt\/trem-da-vale-integra-a-programacao-da-8-semana-de-museus\/\",\"name\":\"Trem da Vale integra a programa\u00e7\u00e3o da 8\u00aa Semana de Museus &#8212; Trem da Vale\",\"isPartOf\":{\"@id\":\"https:\/\/tremdavale.org\/pt\/#website\"},\"primaryImageOfPage\":{\"@id\":\"https:\/\/tremdavale.org\/pt\/trem-da-vale-integra-a-programacao-da-8-semana-de-museus\/#primaryimage\"},\"image\":{\"@id\":\"https:\/\/tremdavale.org\/pt\/trem-da-vale-integra-a-programacao-da-8-semana-de-museus\/#primaryimage\"},\"thumbnailUrl\":\"https:\/\/tremdavale.org\/wp-content\/uploads\/museu1-300x255.jpg\",\"datePublished\":\"2011-09-09T09:42:00+00:00\",\"dateModified\":\"2025-10-10T11:57:00+00:00\",\"author\":{\"@id\":\"https:\/\/tremdavale.org\/pt\/#\/schema\/person\/50912137d47426d31329f246d02eaeca\"},\"breadcrumb\":{\"@id\":\"https:\/\/tremdavale.org\/pt\/trem-da-vale-integra-a-programacao-da-8-semana-de-museus\/#breadcrumb\"},\"inLanguage\":\"pt-PT\",\"potentialAction\":[{\"@type\":\"ReadAction\",\"target\":[\"https:\/\/tremdavale.org\/pt\/trem-da-vale-integra-a-programacao-da-8-semana-de-museus\/\"]}]},{\"@type\":\"ImageObject\",\"inLanguage\":\"pt-PT\",\"@id\":\"https:\/\/tremdavale.org\/pt\/trem-da-vale-integra-a-programacao-da-8-semana-de-museus\/#primaryimage\",\"url\":\"https:\/\/tremdavale.org\/wp-content\/uploads\/museu1-300x255.jpg\",\"contentUrl\":\"https:\/\/tremdavale.org\/wp-content\/uploads\/museu1-300x255.jpg\",\"width\":300,\"height\":255},{\"@type\":\"BreadcrumbList\",\"@id\":\"https:\/\/tremdavale.org\/pt\/trem-da-vale-integra-a-programacao-da-8-semana-de-museus\/#breadcrumb\",\"itemListElement\":[{\"@type\":\"ListItem\",\"position\":1,\"name\":\"In\u00edcio\",\"item\":\"https:\/\/tremdavale.org\/pt\/\"},{\"@type\":\"ListItem\",\"position\":2,\"name\":\"Trem da Vale integra a programa\u00e7\u00e3o da 8\u00aa Semana de Museus\"}]},{\"@type\":\"WebSite\",\"@id\":\"https:\/\/tremdavale.org\/pt\/#website\",\"url\":\"https:\/\/tremdavale.org\/pt\/\",\"name\":\"Trem da Vale\",\"description\":\"Programa de Educa\u00e7\u00e3o Patrimonial\",\"potentialAction\":[{\"@type\":\"SearchAction\",\"target\":{\"@type\":\"EntryPoint\",\"urlTemplate\":\"https:\/\/tremdavale.org\/pt\/?s={search_term_string}\"},\"query-input\":{\"@type\":\"PropertyValueSpecification\",\"valueRequired\":true,\"valueName\":\"search_term_string\"}}],\"inLanguage\":\"pt-PT\"},{\"@type\":\"Person\",\"@id\":\"https:\/\/tremdavale.org\/pt\/#\/schema\/person\/50912137d47426d31329f246d02eaeca\",\"name\":\"admin\",\"image\":{\"@type\":\"ImageObject\",\"inLanguage\":\"pt-PT\",\"@id\":\"https:\/\/tremdavale.org\/pt\/#\/schema\/person\/image\/\",\"url\":\"https:\/\/secure.gravatar.com\/avatar\/b3564f0fda6ea47959fe96a4217203e79a167568a37409758659bc3ba443b452?s=96&d=mm&r=g\",\"contentUrl\":\"https:\/\/secure.gravatar.com\/avatar\/b3564f0fda6ea47959fe96a4217203e79a167568a37409758659bc3ba443b452?s=96&d=mm&r=g\",\"caption\":\"admin\"},\"sameAs\":[\"https:\/\/tremdavale.org\"],\"url\":\"https:\/\/tremdavale.org\/pt\/author\/admin\/\"}]}<\/script>\n<!-- \/ Yoast SEO plugin. -->","yoast_head_json":{"title":"Trem da Vale integra a programa\u00e7\u00e3o da 8\u00aa Semana de Museus &#8212; Trem da Vale","robots":{"index":"index","follow":"follow","max-snippet":"max-snippet:-1","max-image-preview":"max-image-preview:large","max-video-preview":"max-video-preview:-1"},"canonical":"https:\/\/tremdavale.org\/pt\/trem-da-vale-integra-a-programacao-da-8-semana-de-museus\/","og_locale":"pt_PT","og_type":"article","og_title":"Trem da Vale integra a programa\u00e7\u00e3o da 8\u00aa Semana de Museus &#8212; Trem da Vale","og_description":"Entre os dias 16 e 22 de maio, as atividades do Programa de Educa\u00e7\u00e3o Patrimonial Trem da Vale integram a programa\u00e7\u00e3o da 8\u00aa Semana de Museus, que este ano traz a tem\u00e1tica \u201cmuseus para a harmonia social\u201d, tamb\u00e9m tema do Dia Internacional de Museus, comemorado 18 de maio. &nbsp; A &hellip;","og_url":"https:\/\/tremdavale.org\/pt\/trem-da-vale-integra-a-programacao-da-8-semana-de-museus\/","og_site_name":"Trem da Vale","article_published_time":"2011-09-09T09:42:00+00:00","article_modified_time":"2025-10-10T11:57:00+00:00","og_image":[{"width":300,"height":255,"url":"https:\/\/tremdavale.org\/wp-content\/uploads\/museu1-300x255.jpg","type":"image\/jpeg"}],"author":"admin","twitter_card":"summary_large_image","twitter_misc":{"Escrito por":"admin","Tempo estimado de leitura":"2 minutos"},"schema":{"@context":"https:\/\/schema.org","@graph":[{"@type":"WebPage","@id":"https:\/\/tremdavale.org\/pt\/trem-da-vale-integra-a-programacao-da-8-semana-de-museus\/","url":"https:\/\/tremdavale.org\/pt\/trem-da-vale-integra-a-programacao-da-8-semana-de-museus\/","name":"Trem da Vale integra a programa\u00e7\u00e3o da 8\u00aa Semana de Museus &#8212; Trem da Vale","isPartOf":{"@id":"https:\/\/tremdavale.org\/pt\/#website"},"primaryImageOfPage":{"@id":"https:\/\/tremdavale.org\/pt\/trem-da-vale-integra-a-programacao-da-8-semana-de-museus\/#primaryimage"},"image":{"@id":"https:\/\/tremdavale.org\/pt\/trem-da-vale-integra-a-programacao-da-8-semana-de-museus\/#primaryimage"},"thumbnailUrl":"https:\/\/tremdavale.org\/wp-content\/uploads\/museu1-300x255.jpg","datePublished":"2011-09-09T09:42:00+00:00","dateModified":"2025-10-10T11:57:00+00:00","author":{"@id":"https:\/\/tremdavale.org\/pt\/#\/schema\/person\/50912137d47426d31329f246d02eaeca"},"breadcrumb":{"@id":"https:\/\/tremdavale.org\/pt\/trem-da-vale-integra-a-programacao-da-8-semana-de-museus\/#breadcrumb"},"inLanguage":"pt-PT","potentialAction":[{"@type":"ReadAction","target":["https:\/\/tremdavale.org\/pt\/trem-da-vale-integra-a-programacao-da-8-semana-de-museus\/"]}]},{"@type":"ImageObject","inLanguage":"pt-PT","@id":"https:\/\/tremdavale.org\/pt\/trem-da-vale-integra-a-programacao-da-8-semana-de-museus\/#primaryimage","url":"https:\/\/tremdavale.org\/wp-content\/uploads\/museu1-300x255.jpg","contentUrl":"https:\/\/tremdavale.org\/wp-content\/uploads\/museu1-300x255.jpg","width":300,"height":255},{"@type":"BreadcrumbList","@id":"https:\/\/tremdavale.org\/pt\/trem-da-vale-integra-a-programacao-da-8-semana-de-museus\/#breadcrumb","itemListElement":[{"@type":"ListItem","position":1,"name":"In\u00edcio","item":"https:\/\/tremdavale.org\/pt\/"},{"@type":"ListItem","position":2,"name":"Trem da Vale integra a programa\u00e7\u00e3o da 8\u00aa Semana de Museus"}]},{"@type":"WebSite","@id":"https:\/\/tremdavale.org\/pt\/#website","url":"https:\/\/tremdavale.org\/pt\/","name":"Trem da Vale","description":"Programa de Educa\u00e7\u00e3o Patrimonial","potentialAction":[{"@type":"SearchAction","target":{"@type":"EntryPoint","urlTemplate":"https:\/\/tremdavale.org\/pt\/?s={search_term_string}"},"query-input":{"@type":"PropertyValueSpecification","valueRequired":true,"valueName":"search_term_string"}}],"inLanguage":"pt-PT"},{"@type":"Person","@id":"https:\/\/tremdavale.org\/pt\/#\/schema\/person\/50912137d47426d31329f246d02eaeca","name":"admin","image":{"@type":"ImageObject","inLanguage":"pt-PT","@id":"https:\/\/tremdavale.org\/pt\/#\/schema\/person\/image\/","url":"https:\/\/secure.gravatar.com\/avatar\/b3564f0fda6ea47959fe96a4217203e79a167568a37409758659bc3ba443b452?s=96&d=mm&r=g","contentUrl":"https:\/\/secure.gravatar.com\/avatar\/b3564f0fda6ea47959fe96a4217203e79a167568a37409758659bc3ba443b452?s=96&d=mm&r=g","caption":"admin"},"sameAs":["https:\/\/tremdavale.org"],"url":"https:\/\/tremdavale.org\/pt\/author\/admin\/"}]}},"_links":{"self":[{"href":"https:\/\/tremdavale.org\/pt\/wp-json\/wp\/v2\/posts\/293","targetHints":{"allow":["GET"]}}],"collection":[{"href":"https:\/\/tremdavale.org\/pt\/wp-json\/wp\/v2\/posts"}],"about":[{"href":"https:\/\/tremdavale.org\/pt\/wp-json\/wp\/v2\/types\/post"}],"author":[{"embeddable":true,"href":"https:\/\/tremdavale.org\/pt\/wp-json\/wp\/v2\/users\/1"}],"replies":[{"embeddable":true,"href":"https:\/\/tremdavale.org\/pt\/wp-json\/wp\/v2\/comments?post=293"}],"version-history":[{"count":0,"href":"https:\/\/tremdavale.org\/pt\/wp-json\/wp\/v2\/posts\/293\/revisions"}],"wp:featuredmedia":[{"embeddable":true,"href":"https:\/\/tremdavale.org\/pt\/wp-json\/wp\/v2\/media\/538"}],"wp:attachment":[{"href":"https:\/\/tremdavale.org\/pt\/wp-json\/wp\/v2\/media?parent=293"}],"wp:term":[{"taxonomy":"category","embeddable":true,"href":"https:\/\/tremdavale.org\/pt\/wp-json\/wp\/v2\/categories?post=293"},{"taxonomy":"post_tag","embeddable":true,"href":"https:\/\/tremdavale.org\/pt\/wp-json\/wp\/v2\/tags?post=293"}],"curies":[{"name":"wp","href":"https:\/\/api.w.org\/{rel}","templated":true}]}}