{"id":294,"date":"2011-09-11T18:43:00","date_gmt":"2011-09-11T18:43:00","guid":{"rendered":"https:\/\/tremdavale.org\/?p=294"},"modified":"2025-10-10T11:57:00","modified_gmt":"2025-10-10T11:57:00","slug":"trem-da-vale-lanca-catalogo-de-entrevistas-2007-2009-e-video-educativo-lugares","status":"publish","type":"post","link":"https:\/\/tremdavale.org\/pt\/trem-da-vale-lanca-catalogo-de-entrevistas-2007-2009-e-video-educativo-lugares\/","title":{"rendered":"Trem da Vale lan\u00e7a Cat\u00e1logo de Entrevistas 2007-2009 e V\u00eddeo Educativo \u201cLugares\u201d"},"content":{"rendered":"<p><img loading=\"lazy\" decoding=\"async\" class=\"size-medium\" title=\"foto-para-convite\" src=\"\/wp-content\/uploads\/foto-para-convite-300x225.jpg\" alt=\"Entrevista com Sra. Stela Gomes Chaves\" width=\"300\" height=\"225\"><\/p>\n<p>Entrevista com Sra. Stela Gomes Chaves<\/p>\n<p>&nbsp;<\/p>\n<p>O Programa de Educa\u00e7\u00e3o Patrimonial Trem da Vale realiza no dia 26 de setembro, na Tenda Cultural da Esta\u00e7\u00e3o de Ouro Preto, o evento de lan\u00e7amento do Cat\u00e1logo de Entrevistas 2007-2009 e o V\u00eddeo Educativo \u201cLugares\u201d. <!--more-->O Cat\u00e1logo de Entrevistas constitui uma publica\u00e7\u00e3o de refer\u00eancia contendo informa\u00e7\u00f5es sobre os entrevistados e o processo de trabalho do N\u00facleo de Hist\u00f3ria Oral durante a segunda e terceira fases do subprograma Vale Registrar, no per\u00edodo de maio de 2007 a abril de 2009.<\/p>\n<p>O Vale Registrar tem a pr\u00e1tica educativa aberta \u00e0s comunidades de Mariana e Ouro Preto, com atividades voltadas para o registro do patrim\u00f4nio cultural e o resgate da mem\u00f3ria individual e coletiva. Os depoimentos, captados em \u00e1udio e v\u00eddeo, se dividiram em duas linhas de abordagem: Hist\u00f3rias de Vida e Hist\u00f3rias Tem\u00e1ticas. Nessas duas fases, foram realizadas 58 entrevistas, assim distribu\u00eddas: 20 Hist\u00f3rias de Vida e 38 Hist\u00f3rias Tem\u00e1ticas, sendo 16 sobre o tema Ferrovia, 12 sobre o tema Minera\u00e7\u00e3o e 10 sobre o tema Tecelagem.<\/p>\n<p>Por meio de metodologia espec\u00edfica de registro de hist\u00f3ria oral, busca-se preservar a mem\u00f3ria social e a melhoria da auto-estima nessas comunidades, proporcionando a socializa\u00e7\u00e3o e a democratiza\u00e7\u00e3o da informa\u00e7\u00e3o hist\u00f3rica; al\u00e9m de criar uma documenta\u00e7\u00e3o \u00fatil ao entendimento do processo hist\u00f3rico da regi\u00e3o abrangida pelo Trem da Vale, a partir do s\u00e9culo XX.<\/p>\n<p>Nas entrevistas com moradores dessas cidades, a abordagem hist\u00f3rica \u00e9 feita por meio de um relato autobiogr\u00e1fico &#8211; a Hist\u00f3ria de Vida, em que o entrevistado relembra fragmentos de seu passado; ou pela Hist\u00f3ria Tem\u00e1tica, que trata de um assunto espec\u00edfico, sem abranger toda a vida do depoente.<\/p>\n<p>No trabalho da equipe de hist\u00f3ria oral s\u00e3o realizadas as etapas de pesquisa bibliogr\u00e1fica, escolha do depoente, elabora\u00e7\u00e3o de roteiros, entrevistas e processamento do material. Os documentos elaborados &#8211; transcri\u00e7\u00e3o, copidesque e v\u00eddeo gravado &#8211; est\u00e3o dispon\u00edveis na Biblioteca da Esta\u00e7\u00e3o de Mariana e, em parte, no <em>site<\/em> do Programa: <span style=\"text-decoration: underline;\"><a href=\"\/\">www.tremdavale.org<\/a><\/span>.<\/p>\n<p>O Cat\u00e1logo de 2007-2009 vem acompanhado do v\u00eddeo \u201cLugares\u201d produzido a partir, especialmente, dos depoimentos de Hist\u00f3ria de Vida como um instrumento a ser utilizado na pr\u00e1tica da Educa\u00e7\u00e3o Patrimonial e na difus\u00e3o do acervo constitu\u00eddo.<\/p>\n<p>Atualmente, no exerc\u00edcio da quinta etapa de suas atividades, o Vale Registrar j\u00e1 conta com mais de 150 entrevistas feitas com depoentes de Mariana e Ouro Preto, e de seus distritos; sendo que o terceiro cat\u00e1logo dever\u00e1 ser lan\u00e7ado em 2011, quando da comemora\u00e7\u00e3o dos cinco anos de trabalho.<\/p>\n<p><em>Por Jason Barroso Santa Rosa \u2013 Supervisor do Vale Registrar \u2013 Setembro de 2010<\/em><\/p>\n<p>&nbsp;<\/p>\n","protected":false},"excerpt":{"rendered":"<p>Entrevista com Sra. Stela Gomes Chaves &nbsp; O Programa de Educa\u00e7\u00e3o Patrimonial Trem da Vale realiza no dia 26 de setembro, na Tenda Cultural da Esta\u00e7\u00e3o de Ouro Preto, o evento de lan\u00e7amento do Cat\u00e1logo de Entrevistas 2007-2009 e o V\u00eddeo Educativo \u201cLugares\u201d.<\/p>\n","protected":false},"author":1,"featured_media":539,"comment_status":"open","ping_status":"closed","sticky":false,"template":"","format":"standard","meta":{"footnotes":""},"categories":[2],"tags":[],"class_list":["post-294","post","type-post","status-publish","format-standard","has-post-thumbnail","hentry","category-destaques-home"],"yoast_head":"<!-- This site is optimized with the Yoast SEO plugin v26.1.1 - https:\/\/yoast.com\/wordpress\/plugins\/seo\/ -->\n<title>Trem da Vale lan\u00e7a Cat\u00e1logo de Entrevistas 2007-2009 e V\u00eddeo Educativo \u201cLugares\u201d &#8212; Trem da Vale<\/title>\n<meta name=\"robots\" content=\"index, follow, max-snippet:-1, max-image-preview:large, max-video-preview:-1\" \/>\n<link rel=\"canonical\" href=\"https:\/\/tremdavale.org\/pt\/trem-da-vale-lanca-catalogo-de-entrevistas-2007-2009-e-video-educativo-lugares\/\" \/>\n<meta property=\"og:locale\" content=\"pt_PT\" \/>\n<meta property=\"og:type\" content=\"article\" \/>\n<meta property=\"og:title\" content=\"Trem da Vale lan\u00e7a Cat\u00e1logo de Entrevistas 2007-2009 e V\u00eddeo Educativo \u201cLugares\u201d &#8212; Trem da Vale\" \/>\n<meta property=\"og:description\" content=\"Entrevista com Sra. Stela Gomes Chaves &nbsp; O Programa de Educa\u00e7\u00e3o Patrimonial Trem da Vale realiza no dia 26 de setembro, na Tenda Cultural da Esta\u00e7\u00e3o de Ouro Preto, o evento de lan\u00e7amento do Cat\u00e1logo de Entrevistas 2007-2009 e o V\u00eddeo Educativo \u201cLugares\u201d.\" \/>\n<meta property=\"og:url\" content=\"https:\/\/tremdavale.org\/pt\/trem-da-vale-lanca-catalogo-de-entrevistas-2007-2009-e-video-educativo-lugares\/\" \/>\n<meta property=\"og:site_name\" content=\"Trem da Vale\" \/>\n<meta property=\"article:published_time\" content=\"2011-09-11T18:43:00+00:00\" \/>\n<meta property=\"article:modified_time\" content=\"2025-10-10T11:57:00+00:00\" \/>\n<meta property=\"og:image\" content=\"https:\/\/tremdavale.org\/wp-content\/uploads\/foto-para-convite-300x225.jpg\" \/>\n\t<meta property=\"og:image:width\" content=\"300\" \/>\n\t<meta property=\"og:image:height\" content=\"225\" \/>\n\t<meta property=\"og:image:type\" content=\"image\/jpeg\" \/>\n<meta name=\"author\" content=\"admin\" \/>\n<meta name=\"twitter:card\" content=\"summary_large_image\" \/>\n<meta name=\"twitter:label1\" content=\"Escrito por\" \/>\n\t<meta name=\"twitter:data1\" content=\"admin\" \/>\n\t<meta name=\"twitter:label2\" content=\"Tempo estimado de leitura\" \/>\n\t<meta name=\"twitter:data2\" content=\"2 minutos\" \/>\n<script type=\"application\/ld+json\" class=\"yoast-schema-graph\">{\"@context\":\"https:\/\/schema.org\",\"@graph\":[{\"@type\":\"WebPage\",\"@id\":\"https:\/\/tremdavale.org\/pt\/trem-da-vale-lanca-catalogo-de-entrevistas-2007-2009-e-video-educativo-lugares\/\",\"url\":\"https:\/\/tremdavale.org\/pt\/trem-da-vale-lanca-catalogo-de-entrevistas-2007-2009-e-video-educativo-lugares\/\",\"name\":\"Trem da Vale lan\u00e7a Cat\u00e1logo de Entrevistas 2007-2009 e V\u00eddeo Educativo \u201cLugares\u201d &#8212; Trem da Vale\",\"isPartOf\":{\"@id\":\"https:\/\/tremdavale.org\/pt\/#website\"},\"primaryImageOfPage\":{\"@id\":\"https:\/\/tremdavale.org\/pt\/trem-da-vale-lanca-catalogo-de-entrevistas-2007-2009-e-video-educativo-lugares\/#primaryimage\"},\"image\":{\"@id\":\"https:\/\/tremdavale.org\/pt\/trem-da-vale-lanca-catalogo-de-entrevistas-2007-2009-e-video-educativo-lugares\/#primaryimage\"},\"thumbnailUrl\":\"https:\/\/tremdavale.org\/wp-content\/uploads\/foto-para-convite-300x225.jpg\",\"datePublished\":\"2011-09-11T18:43:00+00:00\",\"dateModified\":\"2025-10-10T11:57:00+00:00\",\"author\":{\"@id\":\"https:\/\/tremdavale.org\/pt\/#\/schema\/person\/50912137d47426d31329f246d02eaeca\"},\"breadcrumb\":{\"@id\":\"https:\/\/tremdavale.org\/pt\/trem-da-vale-lanca-catalogo-de-entrevistas-2007-2009-e-video-educativo-lugares\/#breadcrumb\"},\"inLanguage\":\"pt-PT\",\"potentialAction\":[{\"@type\":\"ReadAction\",\"target\":[\"https:\/\/tremdavale.org\/pt\/trem-da-vale-lanca-catalogo-de-entrevistas-2007-2009-e-video-educativo-lugares\/\"]}]},{\"@type\":\"ImageObject\",\"inLanguage\":\"pt-PT\",\"@id\":\"https:\/\/tremdavale.org\/pt\/trem-da-vale-lanca-catalogo-de-entrevistas-2007-2009-e-video-educativo-lugares\/#primaryimage\",\"url\":\"https:\/\/tremdavale.org\/wp-content\/uploads\/foto-para-convite-300x225.jpg\",\"contentUrl\":\"https:\/\/tremdavale.org\/wp-content\/uploads\/foto-para-convite-300x225.jpg\",\"width\":300,\"height\":225},{\"@type\":\"BreadcrumbList\",\"@id\":\"https:\/\/tremdavale.org\/pt\/trem-da-vale-lanca-catalogo-de-entrevistas-2007-2009-e-video-educativo-lugares\/#breadcrumb\",\"itemListElement\":[{\"@type\":\"ListItem\",\"position\":1,\"name\":\"In\u00edcio\",\"item\":\"https:\/\/tremdavale.org\/pt\/\"},{\"@type\":\"ListItem\",\"position\":2,\"name\":\"Trem da Vale lan\u00e7a Cat\u00e1logo de Entrevistas 2007-2009 e V\u00eddeo Educativo \u201cLugares\u201d\"}]},{\"@type\":\"WebSite\",\"@id\":\"https:\/\/tremdavale.org\/pt\/#website\",\"url\":\"https:\/\/tremdavale.org\/pt\/\",\"name\":\"Trem da Vale\",\"description\":\"Programa de Educa\u00e7\u00e3o Patrimonial\",\"potentialAction\":[{\"@type\":\"SearchAction\",\"target\":{\"@type\":\"EntryPoint\",\"urlTemplate\":\"https:\/\/tremdavale.org\/pt\/?s={search_term_string}\"},\"query-input\":{\"@type\":\"PropertyValueSpecification\",\"valueRequired\":true,\"valueName\":\"search_term_string\"}}],\"inLanguage\":\"pt-PT\"},{\"@type\":\"Person\",\"@id\":\"https:\/\/tremdavale.org\/pt\/#\/schema\/person\/50912137d47426d31329f246d02eaeca\",\"name\":\"admin\",\"image\":{\"@type\":\"ImageObject\",\"inLanguage\":\"pt-PT\",\"@id\":\"https:\/\/tremdavale.org\/pt\/#\/schema\/person\/image\/\",\"url\":\"https:\/\/secure.gravatar.com\/avatar\/b3564f0fda6ea47959fe96a4217203e79a167568a37409758659bc3ba443b452?s=96&d=mm&r=g\",\"contentUrl\":\"https:\/\/secure.gravatar.com\/avatar\/b3564f0fda6ea47959fe96a4217203e79a167568a37409758659bc3ba443b452?s=96&d=mm&r=g\",\"caption\":\"admin\"},\"sameAs\":[\"https:\/\/tremdavale.org\"],\"url\":\"https:\/\/tremdavale.org\/pt\/author\/admin\/\"}]}<\/script>\n<!-- \/ Yoast SEO plugin. -->","yoast_head_json":{"title":"Trem da Vale lan\u00e7a Cat\u00e1logo de Entrevistas 2007-2009 e V\u00eddeo Educativo \u201cLugares\u201d &#8212; Trem da Vale","robots":{"index":"index","follow":"follow","max-snippet":"max-snippet:-1","max-image-preview":"max-image-preview:large","max-video-preview":"max-video-preview:-1"},"canonical":"https:\/\/tremdavale.org\/pt\/trem-da-vale-lanca-catalogo-de-entrevistas-2007-2009-e-video-educativo-lugares\/","og_locale":"pt_PT","og_type":"article","og_title":"Trem da Vale lan\u00e7a Cat\u00e1logo de Entrevistas 2007-2009 e V\u00eddeo Educativo \u201cLugares\u201d &#8212; Trem da Vale","og_description":"Entrevista com Sra. Stela Gomes Chaves &nbsp; O Programa de Educa\u00e7\u00e3o Patrimonial Trem da Vale realiza no dia 26 de setembro, na Tenda Cultural da Esta\u00e7\u00e3o de Ouro Preto, o evento de lan\u00e7amento do Cat\u00e1logo de Entrevistas 2007-2009 e o V\u00eddeo Educativo \u201cLugares\u201d.","og_url":"https:\/\/tremdavale.org\/pt\/trem-da-vale-lanca-catalogo-de-entrevistas-2007-2009-e-video-educativo-lugares\/","og_site_name":"Trem da Vale","article_published_time":"2011-09-11T18:43:00+00:00","article_modified_time":"2025-10-10T11:57:00+00:00","og_image":[{"width":300,"height":225,"url":"https:\/\/tremdavale.org\/wp-content\/uploads\/foto-para-convite-300x225.jpg","type":"image\/jpeg"}],"author":"admin","twitter_card":"summary_large_image","twitter_misc":{"Escrito por":"admin","Tempo estimado de leitura":"2 minutos"},"schema":{"@context":"https:\/\/schema.org","@graph":[{"@type":"WebPage","@id":"https:\/\/tremdavale.org\/pt\/trem-da-vale-lanca-catalogo-de-entrevistas-2007-2009-e-video-educativo-lugares\/","url":"https:\/\/tremdavale.org\/pt\/trem-da-vale-lanca-catalogo-de-entrevistas-2007-2009-e-video-educativo-lugares\/","name":"Trem da Vale lan\u00e7a Cat\u00e1logo de Entrevistas 2007-2009 e V\u00eddeo Educativo \u201cLugares\u201d &#8212; Trem da Vale","isPartOf":{"@id":"https:\/\/tremdavale.org\/pt\/#website"},"primaryImageOfPage":{"@id":"https:\/\/tremdavale.org\/pt\/trem-da-vale-lanca-catalogo-de-entrevistas-2007-2009-e-video-educativo-lugares\/#primaryimage"},"image":{"@id":"https:\/\/tremdavale.org\/pt\/trem-da-vale-lanca-catalogo-de-entrevistas-2007-2009-e-video-educativo-lugares\/#primaryimage"},"thumbnailUrl":"https:\/\/tremdavale.org\/wp-content\/uploads\/foto-para-convite-300x225.jpg","datePublished":"2011-09-11T18:43:00+00:00","dateModified":"2025-10-10T11:57:00+00:00","author":{"@id":"https:\/\/tremdavale.org\/pt\/#\/schema\/person\/50912137d47426d31329f246d02eaeca"},"breadcrumb":{"@id":"https:\/\/tremdavale.org\/pt\/trem-da-vale-lanca-catalogo-de-entrevistas-2007-2009-e-video-educativo-lugares\/#breadcrumb"},"inLanguage":"pt-PT","potentialAction":[{"@type":"ReadAction","target":["https:\/\/tremdavale.org\/pt\/trem-da-vale-lanca-catalogo-de-entrevistas-2007-2009-e-video-educativo-lugares\/"]}]},{"@type":"ImageObject","inLanguage":"pt-PT","@id":"https:\/\/tremdavale.org\/pt\/trem-da-vale-lanca-catalogo-de-entrevistas-2007-2009-e-video-educativo-lugares\/#primaryimage","url":"https:\/\/tremdavale.org\/wp-content\/uploads\/foto-para-convite-300x225.jpg","contentUrl":"https:\/\/tremdavale.org\/wp-content\/uploads\/foto-para-convite-300x225.jpg","width":300,"height":225},{"@type":"BreadcrumbList","@id":"https:\/\/tremdavale.org\/pt\/trem-da-vale-lanca-catalogo-de-entrevistas-2007-2009-e-video-educativo-lugares\/#breadcrumb","itemListElement":[{"@type":"ListItem","position":1,"name":"In\u00edcio","item":"https:\/\/tremdavale.org\/pt\/"},{"@type":"ListItem","position":2,"name":"Trem da Vale lan\u00e7a Cat\u00e1logo de Entrevistas 2007-2009 e V\u00eddeo Educativo \u201cLugares\u201d"}]},{"@type":"WebSite","@id":"https:\/\/tremdavale.org\/pt\/#website","url":"https:\/\/tremdavale.org\/pt\/","name":"Trem da Vale","description":"Programa de Educa\u00e7\u00e3o Patrimonial","potentialAction":[{"@type":"SearchAction","target":{"@type":"EntryPoint","urlTemplate":"https:\/\/tremdavale.org\/pt\/?s={search_term_string}"},"query-input":{"@type":"PropertyValueSpecification","valueRequired":true,"valueName":"search_term_string"}}],"inLanguage":"pt-PT"},{"@type":"Person","@id":"https:\/\/tremdavale.org\/pt\/#\/schema\/person\/50912137d47426d31329f246d02eaeca","name":"admin","image":{"@type":"ImageObject","inLanguage":"pt-PT","@id":"https:\/\/tremdavale.org\/pt\/#\/schema\/person\/image\/","url":"https:\/\/secure.gravatar.com\/avatar\/b3564f0fda6ea47959fe96a4217203e79a167568a37409758659bc3ba443b452?s=96&d=mm&r=g","contentUrl":"https:\/\/secure.gravatar.com\/avatar\/b3564f0fda6ea47959fe96a4217203e79a167568a37409758659bc3ba443b452?s=96&d=mm&r=g","caption":"admin"},"sameAs":["https:\/\/tremdavale.org"],"url":"https:\/\/tremdavale.org\/pt\/author\/admin\/"}]}},"_links":{"self":[{"href":"https:\/\/tremdavale.org\/pt\/wp-json\/wp\/v2\/posts\/294","targetHints":{"allow":["GET"]}}],"collection":[{"href":"https:\/\/tremdavale.org\/pt\/wp-json\/wp\/v2\/posts"}],"about":[{"href":"https:\/\/tremdavale.org\/pt\/wp-json\/wp\/v2\/types\/post"}],"author":[{"embeddable":true,"href":"https:\/\/tremdavale.org\/pt\/wp-json\/wp\/v2\/users\/1"}],"replies":[{"embeddable":true,"href":"https:\/\/tremdavale.org\/pt\/wp-json\/wp\/v2\/comments?post=294"}],"version-history":[{"count":0,"href":"https:\/\/tremdavale.org\/pt\/wp-json\/wp\/v2\/posts\/294\/revisions"}],"wp:featuredmedia":[{"embeddable":true,"href":"https:\/\/tremdavale.org\/pt\/wp-json\/wp\/v2\/media\/539"}],"wp:attachment":[{"href":"https:\/\/tremdavale.org\/pt\/wp-json\/wp\/v2\/media?parent=294"}],"wp:term":[{"taxonomy":"category","embeddable":true,"href":"https:\/\/tremdavale.org\/pt\/wp-json\/wp\/v2\/categories?post=294"},{"taxonomy":"post_tag","embeddable":true,"href":"https:\/\/tremdavale.org\/pt\/wp-json\/wp\/v2\/tags?post=294"}],"curies":[{"name":"wp","href":"https:\/\/api.w.org\/{rel}","templated":true}]}}