{"id":295,"date":"2014-04-30T00:59:00","date_gmt":"2014-04-30T00:59:00","guid":{"rendered":"https:\/\/tremdavale.org\/?p=295"},"modified":"2025-10-10T11:57:00","modified_gmt":"2025-10-10T11:57:00","slug":"trem-da-vale-lanca-exposicao-temporaria-na-sala-de-memorias","status":"publish","type":"post","link":"https:\/\/tremdavale.org\/pt\/trem-da-vale-lanca-exposicao-temporaria-na-sala-de-memorias\/","title":{"rendered":"Trem da Vale lan\u00e7a exposi\u00e7\u00e3o tempor\u00e1ria na Sala de Mem\u00f3rias"},"content":{"rendered":"<p>No dia 13 de dezembro ocorreu o evento comemorativo de lan\u00e7amentos de produtos editoriais e audiovisuais do Trem da Vale. Al\u00e9m desses lan\u00e7amentos, foi inaugurada a Exposi\u00e7\u00e3o Tempor\u00e1ria da Sala de Mem\u00f3rias \u201cA vida em dia de jogo, em noite de baile\u201d sobre os Clubes Socioesportivos de Ouro Preto e Mariana. Essas institui\u00e7\u00f5es proporcionavam domingos animados aos moradores de Mariana e Ouro Preto. Campo cheio, torcidas apaixonadas, s\u00f3cios abnegados, jogadores habilidosos, tudo conspirava em benef\u00edcio do futebol amador.<\/p>\n<p>A Exposi\u00e7\u00e3o \u201cA vida em dia de jogo, em noite de baile\u201d apresenta objetos que, de alguma forma, remetem ao conte\u00fado das entrevistas feitas pelo N\u00facleo de Hist\u00f3ria Oral do Programa, entre 2012 e 2013, e que demonstram algumas das pr\u00e1ticas mais constantes dos clubes: bailes, horas dan\u00e7antes, comemora\u00e7\u00f5es de anivers\u00e1rio, jogos de futebol e outras atividades esportivas e culturais, por exemplo.<\/p>\n<p>Esses objetos que podem ser visualizados na Sala de Mem\u00f3rias da Esta\u00e7\u00e3o de Ouro Preto foram gentilmente cedidos pelos entrevistados do N\u00facleo de Hist\u00f3ria Oral\/Vale Registrar, colecionadores e alguns dos clubes contemplados pela pesquisa. Fazem parte da exposi\u00e7\u00e3o itens da d\u00e9cada de 40 a 90 como: apitos e cart\u00f5es utilizados nos jogos de futebol; trof\u00e9us; faixas de premia\u00e7\u00f5es; propagandas da \u00e9poca, dentre esses, outros objetos inusitados est\u00e3o expostos. Vale a pena conferir ao vivo!<\/p>\n<p><strong>Sala de Mem\u00f3rias<\/strong><\/p>\n<p>A Sala de Mem\u00f3rias foi aberta para a visita\u00e7\u00e3o p\u00fablica em setembro de 2011 na Esta\u00e7\u00e3o Ferrovi\u00e1ria de Ouro Preto. Localizada na \u00e1rea interna, \u00e9 um espa\u00e7o de intera\u00e7\u00e3o do visitante com o conte\u00fado do N\u00facleo de Audiovisual do Programa e registros, em v\u00eddeo, de relatos de hist\u00f3rias tem\u00e1ticas e de vida dos moradores da regi\u00e3o.<\/p>\n<p>A Esta\u00e7\u00e3o de Ouro Preto funciona de ter\u00e7a-feira a domingo e feriados nacionais, das 9h \u00e0s 17h.<\/p>\n<p>&nbsp;<\/p>\n<p>Entrevistados do N\u00facleo de Hist\u00f3ria Oral participam da inaugura\u00e7\u00e3o da Exposi\u00e7\u00e3o Tempor\u00e1ria na Sala de Mem\u00f3rias. Foto: Eduardo Tr\u00f3pia<\/p>\n<p>&nbsp;<\/p>\n<p>Convidados do Encontro Comemorativo com os Entrevistados visitam a Exposi\u00e7\u00e3o sobre os Clubes Socioesportivos na Sala de Mem\u00f3rias. Foto: Eduardo Tr\u00f3pia<\/p>\n<p>&nbsp;<\/p>\n","protected":false},"excerpt":{"rendered":"<p>No dia 13 de dezembro ocorreu o evento comemorativo de lan\u00e7amentos de produtos editoriais e audiovisuais do Trem da Vale. Al\u00e9m desses lan\u00e7amentos, foi inaugurada a Exposi\u00e7\u00e3o Tempor\u00e1ria da Sala de Mem\u00f3rias \u201cA vida em dia de jogo, em noite de baile\u201d sobre os Clubes Socioesportivos de Ouro Preto e &hellip;<\/p>\n","protected":false},"author":1,"featured_media":0,"comment_status":"open","ping_status":"closed","sticky":false,"template":"","format":"standard","meta":{"footnotes":""},"categories":[2],"tags":[],"class_list":["post-295","post","type-post","status-publish","format-standard","hentry","category-destaques-home"],"yoast_head":"<!-- This site is optimized with the Yoast SEO plugin v26.1.1 - https:\/\/yoast.com\/wordpress\/plugins\/seo\/ -->\n<title>Trem da Vale lan\u00e7a exposi\u00e7\u00e3o tempor\u00e1ria na Sala de Mem\u00f3rias &#8212; Trem da Vale<\/title>\n<meta name=\"robots\" content=\"index, follow, max-snippet:-1, max-image-preview:large, max-video-preview:-1\" \/>\n<link rel=\"canonical\" href=\"https:\/\/tremdavale.org\/pt\/trem-da-vale-lanca-exposicao-temporaria-na-sala-de-memorias\/\" \/>\n<meta property=\"og:locale\" content=\"pt_PT\" \/>\n<meta property=\"og:type\" content=\"article\" \/>\n<meta property=\"og:title\" content=\"Trem da Vale lan\u00e7a exposi\u00e7\u00e3o tempor\u00e1ria na Sala de Mem\u00f3rias &#8212; Trem da Vale\" \/>\n<meta property=\"og:description\" content=\"No dia 13 de dezembro ocorreu o evento comemorativo de lan\u00e7amentos de produtos editoriais e audiovisuais do Trem da Vale. Al\u00e9m desses lan\u00e7amentos, foi inaugurada a Exposi\u00e7\u00e3o Tempor\u00e1ria da Sala de Mem\u00f3rias \u201cA vida em dia de jogo, em noite de baile\u201d sobre os Clubes Socioesportivos de Ouro Preto e &hellip;\" \/>\n<meta property=\"og:url\" content=\"https:\/\/tremdavale.org\/pt\/trem-da-vale-lanca-exposicao-temporaria-na-sala-de-memorias\/\" \/>\n<meta property=\"og:site_name\" content=\"Trem da Vale\" \/>\n<meta property=\"article:published_time\" content=\"2014-04-30T00:59:00+00:00\" \/>\n<meta property=\"article:modified_time\" content=\"2025-10-10T11:57:00+00:00\" \/>\n<meta name=\"author\" content=\"admin\" \/>\n<meta name=\"twitter:card\" content=\"summary_large_image\" \/>\n<meta name=\"twitter:label1\" content=\"Escrito por\" \/>\n\t<meta name=\"twitter:data1\" content=\"admin\" \/>\n\t<meta name=\"twitter:label2\" content=\"Tempo estimado de leitura\" \/>\n\t<meta name=\"twitter:data2\" content=\"2 minutos\" \/>\n<script type=\"application\/ld+json\" class=\"yoast-schema-graph\">{\"@context\":\"https:\/\/schema.org\",\"@graph\":[{\"@type\":\"WebPage\",\"@id\":\"https:\/\/tremdavale.org\/pt\/trem-da-vale-lanca-exposicao-temporaria-na-sala-de-memorias\/\",\"url\":\"https:\/\/tremdavale.org\/pt\/trem-da-vale-lanca-exposicao-temporaria-na-sala-de-memorias\/\",\"name\":\"Trem da Vale lan\u00e7a exposi\u00e7\u00e3o tempor\u00e1ria na Sala de Mem\u00f3rias &#8212; Trem da Vale\",\"isPartOf\":{\"@id\":\"https:\/\/tremdavale.org\/pt\/#website\"},\"datePublished\":\"2014-04-30T00:59:00+00:00\",\"dateModified\":\"2025-10-10T11:57:00+00:00\",\"author\":{\"@id\":\"https:\/\/tremdavale.org\/pt\/#\/schema\/person\/50912137d47426d31329f246d02eaeca\"},\"breadcrumb\":{\"@id\":\"https:\/\/tremdavale.org\/pt\/trem-da-vale-lanca-exposicao-temporaria-na-sala-de-memorias\/#breadcrumb\"},\"inLanguage\":\"pt-PT\",\"potentialAction\":[{\"@type\":\"ReadAction\",\"target\":[\"https:\/\/tremdavale.org\/pt\/trem-da-vale-lanca-exposicao-temporaria-na-sala-de-memorias\/\"]}]},{\"@type\":\"BreadcrumbList\",\"@id\":\"https:\/\/tremdavale.org\/pt\/trem-da-vale-lanca-exposicao-temporaria-na-sala-de-memorias\/#breadcrumb\",\"itemListElement\":[{\"@type\":\"ListItem\",\"position\":1,\"name\":\"In\u00edcio\",\"item\":\"https:\/\/tremdavale.org\/pt\/\"},{\"@type\":\"ListItem\",\"position\":2,\"name\":\"Trem da Vale lan\u00e7a exposi\u00e7\u00e3o tempor\u00e1ria na Sala de Mem\u00f3rias\"}]},{\"@type\":\"WebSite\",\"@id\":\"https:\/\/tremdavale.org\/pt\/#website\",\"url\":\"https:\/\/tremdavale.org\/pt\/\",\"name\":\"Trem da Vale\",\"description\":\"Programa de Educa\u00e7\u00e3o Patrimonial\",\"potentialAction\":[{\"@type\":\"SearchAction\",\"target\":{\"@type\":\"EntryPoint\",\"urlTemplate\":\"https:\/\/tremdavale.org\/pt\/?s={search_term_string}\"},\"query-input\":{\"@type\":\"PropertyValueSpecification\",\"valueRequired\":true,\"valueName\":\"search_term_string\"}}],\"inLanguage\":\"pt-PT\"},{\"@type\":\"Person\",\"@id\":\"https:\/\/tremdavale.org\/pt\/#\/schema\/person\/50912137d47426d31329f246d02eaeca\",\"name\":\"admin\",\"image\":{\"@type\":\"ImageObject\",\"inLanguage\":\"pt-PT\",\"@id\":\"https:\/\/tremdavale.org\/pt\/#\/schema\/person\/image\/\",\"url\":\"https:\/\/secure.gravatar.com\/avatar\/b3564f0fda6ea47959fe96a4217203e79a167568a37409758659bc3ba443b452?s=96&d=mm&r=g\",\"contentUrl\":\"https:\/\/secure.gravatar.com\/avatar\/b3564f0fda6ea47959fe96a4217203e79a167568a37409758659bc3ba443b452?s=96&d=mm&r=g\",\"caption\":\"admin\"},\"sameAs\":[\"https:\/\/tremdavale.org\"],\"url\":\"https:\/\/tremdavale.org\/pt\/author\/admin\/\"}]}<\/script>\n<!-- \/ Yoast SEO plugin. -->","yoast_head_json":{"title":"Trem da Vale lan\u00e7a exposi\u00e7\u00e3o tempor\u00e1ria na Sala de Mem\u00f3rias &#8212; Trem da Vale","robots":{"index":"index","follow":"follow","max-snippet":"max-snippet:-1","max-image-preview":"max-image-preview:large","max-video-preview":"max-video-preview:-1"},"canonical":"https:\/\/tremdavale.org\/pt\/trem-da-vale-lanca-exposicao-temporaria-na-sala-de-memorias\/","og_locale":"pt_PT","og_type":"article","og_title":"Trem da Vale lan\u00e7a exposi\u00e7\u00e3o tempor\u00e1ria na Sala de Mem\u00f3rias &#8212; Trem da Vale","og_description":"No dia 13 de dezembro ocorreu o evento comemorativo de lan\u00e7amentos de produtos editoriais e audiovisuais do Trem da Vale. Al\u00e9m desses lan\u00e7amentos, foi inaugurada a Exposi\u00e7\u00e3o Tempor\u00e1ria da Sala de Mem\u00f3rias \u201cA vida em dia de jogo, em noite de baile\u201d sobre os Clubes Socioesportivos de Ouro Preto e &hellip;","og_url":"https:\/\/tremdavale.org\/pt\/trem-da-vale-lanca-exposicao-temporaria-na-sala-de-memorias\/","og_site_name":"Trem da Vale","article_published_time":"2014-04-30T00:59:00+00:00","article_modified_time":"2025-10-10T11:57:00+00:00","author":"admin","twitter_card":"summary_large_image","twitter_misc":{"Escrito por":"admin","Tempo estimado de leitura":"2 minutos"},"schema":{"@context":"https:\/\/schema.org","@graph":[{"@type":"WebPage","@id":"https:\/\/tremdavale.org\/pt\/trem-da-vale-lanca-exposicao-temporaria-na-sala-de-memorias\/","url":"https:\/\/tremdavale.org\/pt\/trem-da-vale-lanca-exposicao-temporaria-na-sala-de-memorias\/","name":"Trem da Vale lan\u00e7a exposi\u00e7\u00e3o tempor\u00e1ria na Sala de Mem\u00f3rias &#8212; Trem da Vale","isPartOf":{"@id":"https:\/\/tremdavale.org\/pt\/#website"},"datePublished":"2014-04-30T00:59:00+00:00","dateModified":"2025-10-10T11:57:00+00:00","author":{"@id":"https:\/\/tremdavale.org\/pt\/#\/schema\/person\/50912137d47426d31329f246d02eaeca"},"breadcrumb":{"@id":"https:\/\/tremdavale.org\/pt\/trem-da-vale-lanca-exposicao-temporaria-na-sala-de-memorias\/#breadcrumb"},"inLanguage":"pt-PT","potentialAction":[{"@type":"ReadAction","target":["https:\/\/tremdavale.org\/pt\/trem-da-vale-lanca-exposicao-temporaria-na-sala-de-memorias\/"]}]},{"@type":"BreadcrumbList","@id":"https:\/\/tremdavale.org\/pt\/trem-da-vale-lanca-exposicao-temporaria-na-sala-de-memorias\/#breadcrumb","itemListElement":[{"@type":"ListItem","position":1,"name":"In\u00edcio","item":"https:\/\/tremdavale.org\/pt\/"},{"@type":"ListItem","position":2,"name":"Trem da Vale lan\u00e7a exposi\u00e7\u00e3o tempor\u00e1ria na Sala de Mem\u00f3rias"}]},{"@type":"WebSite","@id":"https:\/\/tremdavale.org\/pt\/#website","url":"https:\/\/tremdavale.org\/pt\/","name":"Trem da Vale","description":"Programa de Educa\u00e7\u00e3o Patrimonial","potentialAction":[{"@type":"SearchAction","target":{"@type":"EntryPoint","urlTemplate":"https:\/\/tremdavale.org\/pt\/?s={search_term_string}"},"query-input":{"@type":"PropertyValueSpecification","valueRequired":true,"valueName":"search_term_string"}}],"inLanguage":"pt-PT"},{"@type":"Person","@id":"https:\/\/tremdavale.org\/pt\/#\/schema\/person\/50912137d47426d31329f246d02eaeca","name":"admin","image":{"@type":"ImageObject","inLanguage":"pt-PT","@id":"https:\/\/tremdavale.org\/pt\/#\/schema\/person\/image\/","url":"https:\/\/secure.gravatar.com\/avatar\/b3564f0fda6ea47959fe96a4217203e79a167568a37409758659bc3ba443b452?s=96&d=mm&r=g","contentUrl":"https:\/\/secure.gravatar.com\/avatar\/b3564f0fda6ea47959fe96a4217203e79a167568a37409758659bc3ba443b452?s=96&d=mm&r=g","caption":"admin"},"sameAs":["https:\/\/tremdavale.org"],"url":"https:\/\/tremdavale.org\/pt\/author\/admin\/"}]}},"_links":{"self":[{"href":"https:\/\/tremdavale.org\/pt\/wp-json\/wp\/v2\/posts\/295","targetHints":{"allow":["GET"]}}],"collection":[{"href":"https:\/\/tremdavale.org\/pt\/wp-json\/wp\/v2\/posts"}],"about":[{"href":"https:\/\/tremdavale.org\/pt\/wp-json\/wp\/v2\/types\/post"}],"author":[{"embeddable":true,"href":"https:\/\/tremdavale.org\/pt\/wp-json\/wp\/v2\/users\/1"}],"replies":[{"embeddable":true,"href":"https:\/\/tremdavale.org\/pt\/wp-json\/wp\/v2\/comments?post=295"}],"version-history":[{"count":0,"href":"https:\/\/tremdavale.org\/pt\/wp-json\/wp\/v2\/posts\/295\/revisions"}],"wp:attachment":[{"href":"https:\/\/tremdavale.org\/pt\/wp-json\/wp\/v2\/media?parent=295"}],"wp:term":[{"taxonomy":"category","embeddable":true,"href":"https:\/\/tremdavale.org\/pt\/wp-json\/wp\/v2\/categories?post=295"},{"taxonomy":"post_tag","embeddable":true,"href":"https:\/\/tremdavale.org\/pt\/wp-json\/wp\/v2\/tags?post=295"}],"curies":[{"name":"wp","href":"https:\/\/api.w.org\/{rel}","templated":true}]}}