{"id":296,"date":"2014-04-30T00:24:00","date_gmt":"2014-04-30T00:24:00","guid":{"rendered":"https:\/\/tremdavale.org\/?p=296"},"modified":"2025-10-10T11:57:00","modified_gmt":"2025-10-10T11:57:00","slug":"trem-da-vale-lanca-produtos-em-evento-comemorativo","status":"publish","type":"post","link":"https:\/\/tremdavale.org\/pt\/trem-da-vale-lanca-produtos-em-evento-comemorativo\/","title":{"rendered":"Trem da Vale lan\u00e7a produtos em Evento Comemorativo"},"content":{"rendered":"<p>Dia 13 de dezembro foi motivo de comemora\u00e7\u00e3o no Trem da Vale. A Esta\u00e7\u00e3o de Ouro Preto recebeu a comunidade e convidados para os lan\u00e7amentos do IV Cat\u00e1logo de Entrevistas 2012-2013, a Exposi\u00e7\u00e3o da Sala de Mem\u00f3rias \u2018Clubes Socioesportivos\u2019, e o Encontro com os Entrevistados. O evento contou com a presen\u00e7a dos entrevistados do N\u00facleo de Hist\u00f3ria Oral, equipe do Trem da Vale e representantes da Vale.<\/p>\n<p>O p\u00fablico de, aproximadamente, 100 pessoas, pode, ainda, emocionar-se com um belo v\u00eddeo produzido pelo N\u00facleo de Audiovisual sobre as Chuvas de Poesias idealizadas pelo tipoeta ouropretano Guilherme Mansur, al\u00e9m de receber gratuitamente exemplares da publica\u00e7\u00e3o lan\u00e7ada.<\/p>\n<p>&nbsp;<\/p>\n<p>Abertura da exposi\u00e7\u00e3o tempor\u00e1ria da Sala de Mem\u00f3rias na Esta\u00e7\u00e3o de Ouro Preto. Foto: Eduardo Tr\u00f3pia<\/p>\n<p>&nbsp;<\/p>\n<p>Convidados prestigiam evento na Tenda Cultura da Esta\u00e7\u00e3o de Ouro Preto. Foto: Eduardo Tr\u00f3pia<\/p>\n<p>&nbsp;<\/p>\n<p>Ap\u00f3s os lan\u00e7amentos na Tenda Cultural, a equipe do Trem da Vale j\u00e1 estava \u00e0 espera dos convidados para a segunda parte do Evento Comemorativo. Dessa vez, a comemora\u00e7\u00e3o foi na Esta\u00e7\u00e3o de Mariana, ao anoitecer e ao som da cantora \u00c9rika Curtis e banda. O evento contou com a presen\u00e7a de Eleonora Santa Rosa &#8211; diretora do Santa Rosa Bureau Cultural, respons\u00e1vel pelo projeto e execu\u00e7\u00e3o do Programa; Ant\u00f4nio Costa &#8211; representante da Vale; representantes das Secretarias Municipais de Ouro Preto de Cultura e Patrim\u00f4nio, Turismo, Ind\u00fastria e Com\u00e9rcio; da Funda\u00e7\u00e3o de Arte de Ouro Preto (FAOP) e do Sesi-Mariana. No primeiro momento, foi apresentado o v\u00eddeo sobre as Chuvas de Poesias, e lan\u00e7ada a 2\u00aa Edi\u00e7\u00e3o do Guia Cultural Mariana &#8211; Passagem de Mariana &#8211; Ouro Preto. Posteriormente, as pessoas puderam assistir \u00e0s novas obras art\u00edsticas do Vag\u00e3o dos Sentidos lan\u00e7adas naquele dia: \u201cArtes\u00e3os Invis\u00edveis\u201d (Eduardo Zunza) e \u201cTerra \u00e0 Terra\u201d (Jo\u00e3o Castilho).<\/p>\n<p>Cerca de 110 pessoas prestigiaram o evento na Esta\u00e7\u00e3o de Mariana e receberam exemplares gratuitos do Guia Cultural e do IV Cat\u00e1logo de Entrevistas 2012-2013.<\/p>\n<dt class=\"wp-caption-dt\"><\/dt>\n<dd>\n<p>&nbsp;<\/p>\n<p>Convidados assistem ao v\u00eddeo &#8216;Choveu poesia, coloriu noite e dia&#8217;, elaborado pelo N\u00facleo Audiovisual do Programa, na Esta\u00e7\u00e3o de Mariana. Foto: Eduardo Tr\u00f3pia<\/p>\n<p>&nbsp;<\/p>\n<\/dd>\n<p>SAIBA MAIS<\/p>\n<p>A segunda edi\u00e7\u00e3o do <strong>Guia Cultural Mariana &#8211; Passagem de Mariana &#8211; Ouro Preto<\/strong> \u00e9 uma revis\u00e3o cr\u00edtica e atualizada da primeira edi\u00e7\u00e3o lan\u00e7ada em 2006 e j\u00e1 esgotada. Esta publica\u00e7\u00e3o manteve o formato e a estrutura do Guia 2006, mas contou com a realiza\u00e7\u00e3o de pesquisas bibliogr\u00e1fica e de campo durante o primeiro semestre de 2013, que geraram atualiza\u00e7\u00f5es e complementa\u00e7\u00f5es para melhor caracteriza\u00e7\u00e3o cultural e hist\u00f3rica do item registrado assim como o acr\u00e9scimo de novos itens sobre bens civis e religiosos, festas, artes e artesanato das localidades.<\/p>\n<p>Este Guia apresenta informa\u00e7\u00f5es hist\u00f3ricas, culturais e tur\u00edsticas da regi\u00e3o, \u00fateis para visitantes, moradores e estudiosos da tem\u00e1tica patrimonial.<\/p>\n<p>H\u00e1 sete anos, o Programa Trem da Vale registra, guarda e torna acess\u00edveis imagens que moradores de Mariana e Ouro Preto constru\u00edram de seu pr\u00f3prio passado e das cidades em que nasceram ou escolheram para viver. Os quatro cat\u00e1logos publicados pelo N\u00facleo de Hist\u00f3ria Oral totalizam 220 hist\u00f3rias contados pelos moradores de Ouro Preto e Mariana sobre pessoas, lugares e fatos significativos para suas vidas e para as comunidades locais.<\/p>\n<p>A abordagem hist\u00f3rica \u00e9 feita por meio de entrevistas com os moradores das duas cidades, em que o entrevistado relembra fragmentos de seu passado-hist\u00f3ria de vida, ou pela hist\u00f3ria tem\u00e1tica, que trata de um assunto espec\u00edfico.<\/p>\n<p>O <strong>IV Cat\u00e1logo de Entrevistas<\/strong> lan\u00e7ado compreende o per\u00edodo de abril de 2012 a julho de 2013, quando foram realizadas 46 entrevistas: 12 hist\u00f3rias de vida e 34 hist\u00f3rias tem\u00e1ticas sobre Clubes Socioesportivos. Estes s\u00e3o espa\u00e7os privilegiados de conviv\u00eancia, lazer, trabalho, rivalidades, identifica\u00e7\u00e3o com um time.<\/p>\n<p>Os cat\u00e1logos apresentam uma s\u00edntese desses depoimentos, cujo conte\u00fado completo ficar\u00e1 dispon\u00edvel na Biblioteca de Mariana para consulta.<\/p>\n<p>Por meio dessas iniciativas o Programa de Educa\u00e7\u00e3o Patrimonial Trem da Vale busca contribuir para o resgate da mem\u00f3ria individual e coletiva e constituir um conjunto documental \u00fatil ao entendimento do processo hist\u00f3rico de Ouro Preto e Mariana, a partir da mem\u00f3ria e viv\u00eancia de seus moradores.<\/p>\n<p>&nbsp;<\/p>\n<dl id=\"attachment_5825\" class=\"wp-caption aligncenter\" style=\"width: 310px;\">\n<dt class=\"wp-caption-dt\">\nDistribui\u00e7\u00e3o das publica\u00e7\u00f5es lan\u00e7adas para o p\u00fablico presente na Esta\u00e7\u00e3o de Mariana. Foto: Eduardo Tr\u00f3pia<\/p>\n<p><\/dt>\n<\/dl>\n","protected":false},"excerpt":{"rendered":"<p>Dia 13 de dezembro foi motivo de comemora\u00e7\u00e3o no Trem da Vale. A Esta\u00e7\u00e3o de Ouro Preto recebeu a comunidade e convidados para os lan\u00e7amentos do IV Cat\u00e1logo de Entrevistas 2012-2013, a Exposi\u00e7\u00e3o da Sala de Mem\u00f3rias \u2018Clubes Socioesportivos\u2019, e o Encontro com os Entrevistados. O evento contou com a &hellip;<\/p>\n","protected":false},"author":1,"featured_media":0,"comment_status":"open","ping_status":"closed","sticky":false,"template":"","format":"standard","meta":{"footnotes":""},"categories":[2],"tags":[],"class_list":["post-296","post","type-post","status-publish","format-standard","hentry","category-destaques-home"],"yoast_head":"<!-- This site is optimized with the Yoast SEO plugin v26.1.1 - https:\/\/yoast.com\/wordpress\/plugins\/seo\/ -->\n<title>Trem da Vale lan\u00e7a produtos em Evento Comemorativo &#8212; Trem da Vale<\/title>\n<meta name=\"robots\" content=\"index, follow, max-snippet:-1, max-image-preview:large, max-video-preview:-1\" \/>\n<link rel=\"canonical\" href=\"https:\/\/tremdavale.org\/pt\/trem-da-vale-lanca-produtos-em-evento-comemorativo\/\" \/>\n<meta property=\"og:locale\" content=\"pt_PT\" \/>\n<meta property=\"og:type\" content=\"article\" \/>\n<meta property=\"og:title\" content=\"Trem da Vale lan\u00e7a produtos em Evento Comemorativo &#8212; Trem da Vale\" \/>\n<meta property=\"og:description\" content=\"Dia 13 de dezembro foi motivo de comemora\u00e7\u00e3o no Trem da Vale. A Esta\u00e7\u00e3o de Ouro Preto recebeu a comunidade e convidados para os lan\u00e7amentos do IV Cat\u00e1logo de Entrevistas 2012-2013, a Exposi\u00e7\u00e3o da Sala de Mem\u00f3rias \u2018Clubes Socioesportivos\u2019, e o Encontro com os Entrevistados. O evento contou com a &hellip;\" \/>\n<meta property=\"og:url\" content=\"https:\/\/tremdavale.org\/pt\/trem-da-vale-lanca-produtos-em-evento-comemorativo\/\" \/>\n<meta property=\"og:site_name\" content=\"Trem da Vale\" \/>\n<meta property=\"article:published_time\" content=\"2014-04-30T00:24:00+00:00\" \/>\n<meta property=\"article:modified_time\" content=\"2025-10-10T11:57:00+00:00\" \/>\n<meta name=\"author\" content=\"admin\" \/>\n<meta name=\"twitter:card\" content=\"summary_large_image\" \/>\n<meta name=\"twitter:label1\" content=\"Escrito por\" \/>\n\t<meta name=\"twitter:data1\" content=\"admin\" \/>\n\t<meta name=\"twitter:label2\" content=\"Tempo estimado de leitura\" \/>\n\t<meta name=\"twitter:data2\" content=\"4 minutos\" \/>\n<script type=\"application\/ld+json\" class=\"yoast-schema-graph\">{\"@context\":\"https:\/\/schema.org\",\"@graph\":[{\"@type\":\"WebPage\",\"@id\":\"https:\/\/tremdavale.org\/pt\/trem-da-vale-lanca-produtos-em-evento-comemorativo\/\",\"url\":\"https:\/\/tremdavale.org\/pt\/trem-da-vale-lanca-produtos-em-evento-comemorativo\/\",\"name\":\"Trem da Vale lan\u00e7a produtos em Evento Comemorativo &#8212; Trem da Vale\",\"isPartOf\":{\"@id\":\"https:\/\/tremdavale.org\/pt\/#website\"},\"datePublished\":\"2014-04-30T00:24:00+00:00\",\"dateModified\":\"2025-10-10T11:57:00+00:00\",\"author\":{\"@id\":\"https:\/\/tremdavale.org\/pt\/#\/schema\/person\/50912137d47426d31329f246d02eaeca\"},\"breadcrumb\":{\"@id\":\"https:\/\/tremdavale.org\/pt\/trem-da-vale-lanca-produtos-em-evento-comemorativo\/#breadcrumb\"},\"inLanguage\":\"pt-PT\",\"potentialAction\":[{\"@type\":\"ReadAction\",\"target\":[\"https:\/\/tremdavale.org\/pt\/trem-da-vale-lanca-produtos-em-evento-comemorativo\/\"]}]},{\"@type\":\"BreadcrumbList\",\"@id\":\"https:\/\/tremdavale.org\/pt\/trem-da-vale-lanca-produtos-em-evento-comemorativo\/#breadcrumb\",\"itemListElement\":[{\"@type\":\"ListItem\",\"position\":1,\"name\":\"In\u00edcio\",\"item\":\"https:\/\/tremdavale.org\/pt\/\"},{\"@type\":\"ListItem\",\"position\":2,\"name\":\"Trem da Vale lan\u00e7a produtos em Evento Comemorativo\"}]},{\"@type\":\"WebSite\",\"@id\":\"https:\/\/tremdavale.org\/pt\/#website\",\"url\":\"https:\/\/tremdavale.org\/pt\/\",\"name\":\"Trem da Vale\",\"description\":\"Programa de Educa\u00e7\u00e3o Patrimonial\",\"potentialAction\":[{\"@type\":\"SearchAction\",\"target\":{\"@type\":\"EntryPoint\",\"urlTemplate\":\"https:\/\/tremdavale.org\/pt\/?s={search_term_string}\"},\"query-input\":{\"@type\":\"PropertyValueSpecification\",\"valueRequired\":true,\"valueName\":\"search_term_string\"}}],\"inLanguage\":\"pt-PT\"},{\"@type\":\"Person\",\"@id\":\"https:\/\/tremdavale.org\/pt\/#\/schema\/person\/50912137d47426d31329f246d02eaeca\",\"name\":\"admin\",\"image\":{\"@type\":\"ImageObject\",\"inLanguage\":\"pt-PT\",\"@id\":\"https:\/\/tremdavale.org\/pt\/#\/schema\/person\/image\/\",\"url\":\"https:\/\/secure.gravatar.com\/avatar\/b3564f0fda6ea47959fe96a4217203e79a167568a37409758659bc3ba443b452?s=96&d=mm&r=g\",\"contentUrl\":\"https:\/\/secure.gravatar.com\/avatar\/b3564f0fda6ea47959fe96a4217203e79a167568a37409758659bc3ba443b452?s=96&d=mm&r=g\",\"caption\":\"admin\"},\"sameAs\":[\"https:\/\/tremdavale.org\"],\"url\":\"https:\/\/tremdavale.org\/pt\/author\/admin\/\"}]}<\/script>\n<!-- \/ Yoast SEO plugin. -->","yoast_head_json":{"title":"Trem da Vale lan\u00e7a produtos em Evento Comemorativo &#8212; Trem da Vale","robots":{"index":"index","follow":"follow","max-snippet":"max-snippet:-1","max-image-preview":"max-image-preview:large","max-video-preview":"max-video-preview:-1"},"canonical":"https:\/\/tremdavale.org\/pt\/trem-da-vale-lanca-produtos-em-evento-comemorativo\/","og_locale":"pt_PT","og_type":"article","og_title":"Trem da Vale lan\u00e7a produtos em Evento Comemorativo &#8212; Trem da Vale","og_description":"Dia 13 de dezembro foi motivo de comemora\u00e7\u00e3o no Trem da Vale. A Esta\u00e7\u00e3o de Ouro Preto recebeu a comunidade e convidados para os lan\u00e7amentos do IV Cat\u00e1logo de Entrevistas 2012-2013, a Exposi\u00e7\u00e3o da Sala de Mem\u00f3rias \u2018Clubes Socioesportivos\u2019, e o Encontro com os Entrevistados. O evento contou com a &hellip;","og_url":"https:\/\/tremdavale.org\/pt\/trem-da-vale-lanca-produtos-em-evento-comemorativo\/","og_site_name":"Trem da Vale","article_published_time":"2014-04-30T00:24:00+00:00","article_modified_time":"2025-10-10T11:57:00+00:00","author":"admin","twitter_card":"summary_large_image","twitter_misc":{"Escrito por":"admin","Tempo estimado de leitura":"4 minutos"},"schema":{"@context":"https:\/\/schema.org","@graph":[{"@type":"WebPage","@id":"https:\/\/tremdavale.org\/pt\/trem-da-vale-lanca-produtos-em-evento-comemorativo\/","url":"https:\/\/tremdavale.org\/pt\/trem-da-vale-lanca-produtos-em-evento-comemorativo\/","name":"Trem da Vale lan\u00e7a produtos em Evento Comemorativo &#8212; Trem da Vale","isPartOf":{"@id":"https:\/\/tremdavale.org\/pt\/#website"},"datePublished":"2014-04-30T00:24:00+00:00","dateModified":"2025-10-10T11:57:00+00:00","author":{"@id":"https:\/\/tremdavale.org\/pt\/#\/schema\/person\/50912137d47426d31329f246d02eaeca"},"breadcrumb":{"@id":"https:\/\/tremdavale.org\/pt\/trem-da-vale-lanca-produtos-em-evento-comemorativo\/#breadcrumb"},"inLanguage":"pt-PT","potentialAction":[{"@type":"ReadAction","target":["https:\/\/tremdavale.org\/pt\/trem-da-vale-lanca-produtos-em-evento-comemorativo\/"]}]},{"@type":"BreadcrumbList","@id":"https:\/\/tremdavale.org\/pt\/trem-da-vale-lanca-produtos-em-evento-comemorativo\/#breadcrumb","itemListElement":[{"@type":"ListItem","position":1,"name":"In\u00edcio","item":"https:\/\/tremdavale.org\/pt\/"},{"@type":"ListItem","position":2,"name":"Trem da Vale lan\u00e7a produtos em Evento Comemorativo"}]},{"@type":"WebSite","@id":"https:\/\/tremdavale.org\/pt\/#website","url":"https:\/\/tremdavale.org\/pt\/","name":"Trem da Vale","description":"Programa de Educa\u00e7\u00e3o Patrimonial","potentialAction":[{"@type":"SearchAction","target":{"@type":"EntryPoint","urlTemplate":"https:\/\/tremdavale.org\/pt\/?s={search_term_string}"},"query-input":{"@type":"PropertyValueSpecification","valueRequired":true,"valueName":"search_term_string"}}],"inLanguage":"pt-PT"},{"@type":"Person","@id":"https:\/\/tremdavale.org\/pt\/#\/schema\/person\/50912137d47426d31329f246d02eaeca","name":"admin","image":{"@type":"ImageObject","inLanguage":"pt-PT","@id":"https:\/\/tremdavale.org\/pt\/#\/schema\/person\/image\/","url":"https:\/\/secure.gravatar.com\/avatar\/b3564f0fda6ea47959fe96a4217203e79a167568a37409758659bc3ba443b452?s=96&d=mm&r=g","contentUrl":"https:\/\/secure.gravatar.com\/avatar\/b3564f0fda6ea47959fe96a4217203e79a167568a37409758659bc3ba443b452?s=96&d=mm&r=g","caption":"admin"},"sameAs":["https:\/\/tremdavale.org"],"url":"https:\/\/tremdavale.org\/pt\/author\/admin\/"}]}},"_links":{"self":[{"href":"https:\/\/tremdavale.org\/pt\/wp-json\/wp\/v2\/posts\/296","targetHints":{"allow":["GET"]}}],"collection":[{"href":"https:\/\/tremdavale.org\/pt\/wp-json\/wp\/v2\/posts"}],"about":[{"href":"https:\/\/tremdavale.org\/pt\/wp-json\/wp\/v2\/types\/post"}],"author":[{"embeddable":true,"href":"https:\/\/tremdavale.org\/pt\/wp-json\/wp\/v2\/users\/1"}],"replies":[{"embeddable":true,"href":"https:\/\/tremdavale.org\/pt\/wp-json\/wp\/v2\/comments?post=296"}],"version-history":[{"count":0,"href":"https:\/\/tremdavale.org\/pt\/wp-json\/wp\/v2\/posts\/296\/revisions"}],"wp:attachment":[{"href":"https:\/\/tremdavale.org\/pt\/wp-json\/wp\/v2\/media?parent=296"}],"wp:term":[{"taxonomy":"category","embeddable":true,"href":"https:\/\/tremdavale.org\/pt\/wp-json\/wp\/v2\/categories?post=296"},{"taxonomy":"post_tag","embeddable":true,"href":"https:\/\/tremdavale.org\/pt\/wp-json\/wp\/v2\/tags?post=296"}],"curies":[{"name":"wp","href":"https:\/\/api.w.org\/{rel}","templated":true}]}}