{"id":297,"date":"2011-09-10T16:31:00","date_gmt":"2011-09-10T16:31:00","guid":{"rendered":"https:\/\/tremdavale.org\/?p=297"},"modified":"2025-10-10T11:57:00","modified_gmt":"2025-10-10T11:57:00","slug":"trem-da-vale-participa-da-32-semana-do-aleijadinho","status":"publish","type":"post","link":"https:\/\/tremdavale.org\/pt\/trem-da-vale-participa-da-32-semana-do-aleijadinho\/","title":{"rendered":"Trem da Vale participa da 32\u00aa Semana do Aleijadinho"},"content":{"rendered":"<p><img loading=\"lazy\" decoding=\"async\" class=\"size-medium\" title=\"igreja-21\" src=\"\/wp-content\/uploads\/igreja-21-224x300.jpg\" alt=\"Igreja S\u00e3o Francisco de Assis\" width=\"224\" height=\"300\"><\/p>\n<p>Igreja S\u00e3o Francisco de Assis<\/p>\n<p>&nbsp;<\/p>\n<p>Em homenagem ao artista Ant\u00f4nio Francisco Lisboa, o Aleijadinho, a Prefeitura de Ouro Preto e o Museu Aleijadinho promovem a 32\u00aa Semana do Aleijadinho.<\/p>\n<p>Entre os dias 13 e 22 de novembro, ser\u00e3o realizados semin\u00e1rios, palestras, exposi\u00e7\u00f5es, lan\u00e7amento de livros, exibi\u00e7\u00e3o de filmes e outras atividades que visam promover a vida e a obra do mestre Aleijadinho, um dos mais importantes artistas da arte colonial em Minas Gerais.<\/p>\n<p>Nascido em Vila Rica, atual Ouro Preto, em 1730, Aleijadinho deixou uma extensa obra marcada pelo estilo barroco e rococ\u00f3. Em Ouro Preto, seu trabalho pode ser visto em monumentos como a Igreja de S\u00e3o Francisco de Assis, Igreja Nossa Senhora das Merc\u00eas e Perd\u00f5es, Pal\u00e1cio dos Governadores, dentre outros.<\/p>\n<p>Para celebrar o legado art\u00edstico deixado por esse grande artista, o Padre Francisco Barroso Filho criou a Semana do Aleijadinho em 1968, ano em que foi fundado por ele o Museu Aleijadinho.<\/p>\n<p>Este ano, o Trem da Vale abra\u00e7a a homenagem prestada ao Patrono das Artes no Brasil. No dia 17 de novembro, tem <em>Conta\u00e7\u00e3o de Hist\u00f3rias<\/em>, com Maur\u00edcio Trindade, da Casa dos Contos, na Tenda Cultural da Esta\u00e7\u00e3o de Ouro Preto, e no dia 21 de novembro, ser\u00e1 inaugurada a exposi\u00e7\u00e3o \u201cColcha de Retalhos &#8211; Aleijadinho\u201d, feita pelas crian\u00e7as que participam das atividades do Plano de Incentivo \u00e0 Leitura, realizado pelo Trem da Vale.<\/p>\n<p>Para mais informa\u00e7\u00f5es sobre a Semana do Aleijadinho, acesse o site http:\/\/www.museualeijadinho.com.br\/<\/p>\n<p>&nbsp;<\/p>\n","protected":false},"excerpt":{"rendered":"<p>Igreja S\u00e3o Francisco de Assis &nbsp; Em homenagem ao artista Ant\u00f4nio Francisco Lisboa, o Aleijadinho, a Prefeitura de Ouro Preto e o Museu Aleijadinho promovem a 32\u00aa Semana do Aleijadinho. Entre os dias 13 e 22 de novembro, ser\u00e3o realizados semin\u00e1rios, palestras, exposi\u00e7\u00f5es, lan\u00e7amento de livros, exibi\u00e7\u00e3o de filmes e &hellip;<\/p>\n","protected":false},"author":1,"featured_media":540,"comment_status":"open","ping_status":"closed","sticky":false,"template":"","format":"standard","meta":{"footnotes":""},"categories":[3],"tags":[],"class_list":["post-297","post","type-post","status-publish","format-standard","has-post-thumbnail","hentry","category-noticias"],"yoast_head":"<!-- This site is optimized with the Yoast SEO plugin v26.1.1 - https:\/\/yoast.com\/wordpress\/plugins\/seo\/ -->\n<title>Trem da Vale participa da 32\u00aa Semana do Aleijadinho &#8212; Trem da Vale<\/title>\n<meta name=\"robots\" content=\"index, follow, max-snippet:-1, max-image-preview:large, max-video-preview:-1\" \/>\n<link rel=\"canonical\" href=\"https:\/\/tremdavale.org\/pt\/trem-da-vale-participa-da-32-semana-do-aleijadinho\/\" \/>\n<meta property=\"og:locale\" content=\"pt_PT\" \/>\n<meta property=\"og:type\" content=\"article\" \/>\n<meta property=\"og:title\" content=\"Trem da Vale participa da 32\u00aa Semana do Aleijadinho &#8212; Trem da Vale\" \/>\n<meta property=\"og:description\" content=\"Igreja S\u00e3o Francisco de Assis &nbsp; Em homenagem ao artista Ant\u00f4nio Francisco Lisboa, o Aleijadinho, a Prefeitura de Ouro Preto e o Museu Aleijadinho promovem a 32\u00aa Semana do Aleijadinho. Entre os dias 13 e 22 de novembro, ser\u00e3o realizados semin\u00e1rios, palestras, exposi\u00e7\u00f5es, lan\u00e7amento de livros, exibi\u00e7\u00e3o de filmes e &hellip;\" \/>\n<meta property=\"og:url\" content=\"https:\/\/tremdavale.org\/pt\/trem-da-vale-participa-da-32-semana-do-aleijadinho\/\" \/>\n<meta property=\"og:site_name\" content=\"Trem da Vale\" \/>\n<meta property=\"article:published_time\" content=\"2011-09-10T16:31:00+00:00\" \/>\n<meta property=\"article:modified_time\" content=\"2025-10-10T11:57:00+00:00\" \/>\n<meta property=\"og:image\" content=\"https:\/\/tremdavale.org\/wp-content\/uploads\/igreja-21-224x300.jpg\" \/>\n\t<meta property=\"og:image:width\" content=\"224\" \/>\n\t<meta property=\"og:image:height\" content=\"300\" \/>\n\t<meta property=\"og:image:type\" content=\"image\/jpeg\" \/>\n<meta name=\"author\" content=\"admin\" \/>\n<meta name=\"twitter:card\" content=\"summary_large_image\" \/>\n<meta name=\"twitter:label1\" content=\"Escrito por\" \/>\n\t<meta name=\"twitter:data1\" content=\"admin\" \/>\n\t<meta name=\"twitter:label2\" content=\"Tempo estimado de leitura\" \/>\n\t<meta name=\"twitter:data2\" content=\"1 minuto\" \/>\n<script type=\"application\/ld+json\" class=\"yoast-schema-graph\">{\"@context\":\"https:\/\/schema.org\",\"@graph\":[{\"@type\":\"WebPage\",\"@id\":\"https:\/\/tremdavale.org\/pt\/trem-da-vale-participa-da-32-semana-do-aleijadinho\/\",\"url\":\"https:\/\/tremdavale.org\/pt\/trem-da-vale-participa-da-32-semana-do-aleijadinho\/\",\"name\":\"Trem da Vale participa da 32\u00aa Semana do Aleijadinho &#8212; Trem da Vale\",\"isPartOf\":{\"@id\":\"https:\/\/tremdavale.org\/pt\/#website\"},\"primaryImageOfPage\":{\"@id\":\"https:\/\/tremdavale.org\/pt\/trem-da-vale-participa-da-32-semana-do-aleijadinho\/#primaryimage\"},\"image\":{\"@id\":\"https:\/\/tremdavale.org\/pt\/trem-da-vale-participa-da-32-semana-do-aleijadinho\/#primaryimage\"},\"thumbnailUrl\":\"https:\/\/tremdavale.org\/wp-content\/uploads\/igreja-21-224x300.jpg\",\"datePublished\":\"2011-09-10T16:31:00+00:00\",\"dateModified\":\"2025-10-10T11:57:00+00:00\",\"author\":{\"@id\":\"https:\/\/tremdavale.org\/pt\/#\/schema\/person\/50912137d47426d31329f246d02eaeca\"},\"breadcrumb\":{\"@id\":\"https:\/\/tremdavale.org\/pt\/trem-da-vale-participa-da-32-semana-do-aleijadinho\/#breadcrumb\"},\"inLanguage\":\"pt-PT\",\"potentialAction\":[{\"@type\":\"ReadAction\",\"target\":[\"https:\/\/tremdavale.org\/pt\/trem-da-vale-participa-da-32-semana-do-aleijadinho\/\"]}]},{\"@type\":\"ImageObject\",\"inLanguage\":\"pt-PT\",\"@id\":\"https:\/\/tremdavale.org\/pt\/trem-da-vale-participa-da-32-semana-do-aleijadinho\/#primaryimage\",\"url\":\"https:\/\/tremdavale.org\/wp-content\/uploads\/igreja-21-224x300.jpg\",\"contentUrl\":\"https:\/\/tremdavale.org\/wp-content\/uploads\/igreja-21-224x300.jpg\",\"width\":224,\"height\":300},{\"@type\":\"BreadcrumbList\",\"@id\":\"https:\/\/tremdavale.org\/pt\/trem-da-vale-participa-da-32-semana-do-aleijadinho\/#breadcrumb\",\"itemListElement\":[{\"@type\":\"ListItem\",\"position\":1,\"name\":\"In\u00edcio\",\"item\":\"https:\/\/tremdavale.org\/pt\/\"},{\"@type\":\"ListItem\",\"position\":2,\"name\":\"Trem da Vale participa da 32\u00aa Semana do Aleijadinho\"}]},{\"@type\":\"WebSite\",\"@id\":\"https:\/\/tremdavale.org\/pt\/#website\",\"url\":\"https:\/\/tremdavale.org\/pt\/\",\"name\":\"Trem da Vale\",\"description\":\"Programa de Educa\u00e7\u00e3o Patrimonial\",\"potentialAction\":[{\"@type\":\"SearchAction\",\"target\":{\"@type\":\"EntryPoint\",\"urlTemplate\":\"https:\/\/tremdavale.org\/pt\/?s={search_term_string}\"},\"query-input\":{\"@type\":\"PropertyValueSpecification\",\"valueRequired\":true,\"valueName\":\"search_term_string\"}}],\"inLanguage\":\"pt-PT\"},{\"@type\":\"Person\",\"@id\":\"https:\/\/tremdavale.org\/pt\/#\/schema\/person\/50912137d47426d31329f246d02eaeca\",\"name\":\"admin\",\"image\":{\"@type\":\"ImageObject\",\"inLanguage\":\"pt-PT\",\"@id\":\"https:\/\/tremdavale.org\/pt\/#\/schema\/person\/image\/\",\"url\":\"https:\/\/secure.gravatar.com\/avatar\/b3564f0fda6ea47959fe96a4217203e79a167568a37409758659bc3ba443b452?s=96&d=mm&r=g\",\"contentUrl\":\"https:\/\/secure.gravatar.com\/avatar\/b3564f0fda6ea47959fe96a4217203e79a167568a37409758659bc3ba443b452?s=96&d=mm&r=g\",\"caption\":\"admin\"},\"sameAs\":[\"https:\/\/tremdavale.org\"],\"url\":\"https:\/\/tremdavale.org\/pt\/author\/admin\/\"}]}<\/script>\n<!-- \/ Yoast SEO plugin. -->","yoast_head_json":{"title":"Trem da Vale participa da 32\u00aa Semana do Aleijadinho &#8212; Trem da Vale","robots":{"index":"index","follow":"follow","max-snippet":"max-snippet:-1","max-image-preview":"max-image-preview:large","max-video-preview":"max-video-preview:-1"},"canonical":"https:\/\/tremdavale.org\/pt\/trem-da-vale-participa-da-32-semana-do-aleijadinho\/","og_locale":"pt_PT","og_type":"article","og_title":"Trem da Vale participa da 32\u00aa Semana do Aleijadinho &#8212; Trem da Vale","og_description":"Igreja S\u00e3o Francisco de Assis &nbsp; Em homenagem ao artista Ant\u00f4nio Francisco Lisboa, o Aleijadinho, a Prefeitura de Ouro Preto e o Museu Aleijadinho promovem a 32\u00aa Semana do Aleijadinho. Entre os dias 13 e 22 de novembro, ser\u00e3o realizados semin\u00e1rios, palestras, exposi\u00e7\u00f5es, lan\u00e7amento de livros, exibi\u00e7\u00e3o de filmes e &hellip;","og_url":"https:\/\/tremdavale.org\/pt\/trem-da-vale-participa-da-32-semana-do-aleijadinho\/","og_site_name":"Trem da Vale","article_published_time":"2011-09-10T16:31:00+00:00","article_modified_time":"2025-10-10T11:57:00+00:00","og_image":[{"width":224,"height":300,"url":"https:\/\/tremdavale.org\/wp-content\/uploads\/igreja-21-224x300.jpg","type":"image\/jpeg"}],"author":"admin","twitter_card":"summary_large_image","twitter_misc":{"Escrito por":"admin","Tempo estimado de leitura":"1 minuto"},"schema":{"@context":"https:\/\/schema.org","@graph":[{"@type":"WebPage","@id":"https:\/\/tremdavale.org\/pt\/trem-da-vale-participa-da-32-semana-do-aleijadinho\/","url":"https:\/\/tremdavale.org\/pt\/trem-da-vale-participa-da-32-semana-do-aleijadinho\/","name":"Trem da Vale participa da 32\u00aa Semana do Aleijadinho &#8212; Trem da Vale","isPartOf":{"@id":"https:\/\/tremdavale.org\/pt\/#website"},"primaryImageOfPage":{"@id":"https:\/\/tremdavale.org\/pt\/trem-da-vale-participa-da-32-semana-do-aleijadinho\/#primaryimage"},"image":{"@id":"https:\/\/tremdavale.org\/pt\/trem-da-vale-participa-da-32-semana-do-aleijadinho\/#primaryimage"},"thumbnailUrl":"https:\/\/tremdavale.org\/wp-content\/uploads\/igreja-21-224x300.jpg","datePublished":"2011-09-10T16:31:00+00:00","dateModified":"2025-10-10T11:57:00+00:00","author":{"@id":"https:\/\/tremdavale.org\/pt\/#\/schema\/person\/50912137d47426d31329f246d02eaeca"},"breadcrumb":{"@id":"https:\/\/tremdavale.org\/pt\/trem-da-vale-participa-da-32-semana-do-aleijadinho\/#breadcrumb"},"inLanguage":"pt-PT","potentialAction":[{"@type":"ReadAction","target":["https:\/\/tremdavale.org\/pt\/trem-da-vale-participa-da-32-semana-do-aleijadinho\/"]}]},{"@type":"ImageObject","inLanguage":"pt-PT","@id":"https:\/\/tremdavale.org\/pt\/trem-da-vale-participa-da-32-semana-do-aleijadinho\/#primaryimage","url":"https:\/\/tremdavale.org\/wp-content\/uploads\/igreja-21-224x300.jpg","contentUrl":"https:\/\/tremdavale.org\/wp-content\/uploads\/igreja-21-224x300.jpg","width":224,"height":300},{"@type":"BreadcrumbList","@id":"https:\/\/tremdavale.org\/pt\/trem-da-vale-participa-da-32-semana-do-aleijadinho\/#breadcrumb","itemListElement":[{"@type":"ListItem","position":1,"name":"In\u00edcio","item":"https:\/\/tremdavale.org\/pt\/"},{"@type":"ListItem","position":2,"name":"Trem da Vale participa da 32\u00aa Semana do Aleijadinho"}]},{"@type":"WebSite","@id":"https:\/\/tremdavale.org\/pt\/#website","url":"https:\/\/tremdavale.org\/pt\/","name":"Trem da Vale","description":"Programa de Educa\u00e7\u00e3o Patrimonial","potentialAction":[{"@type":"SearchAction","target":{"@type":"EntryPoint","urlTemplate":"https:\/\/tremdavale.org\/pt\/?s={search_term_string}"},"query-input":{"@type":"PropertyValueSpecification","valueRequired":true,"valueName":"search_term_string"}}],"inLanguage":"pt-PT"},{"@type":"Person","@id":"https:\/\/tremdavale.org\/pt\/#\/schema\/person\/50912137d47426d31329f246d02eaeca","name":"admin","image":{"@type":"ImageObject","inLanguage":"pt-PT","@id":"https:\/\/tremdavale.org\/pt\/#\/schema\/person\/image\/","url":"https:\/\/secure.gravatar.com\/avatar\/b3564f0fda6ea47959fe96a4217203e79a167568a37409758659bc3ba443b452?s=96&d=mm&r=g","contentUrl":"https:\/\/secure.gravatar.com\/avatar\/b3564f0fda6ea47959fe96a4217203e79a167568a37409758659bc3ba443b452?s=96&d=mm&r=g","caption":"admin"},"sameAs":["https:\/\/tremdavale.org"],"url":"https:\/\/tremdavale.org\/pt\/author\/admin\/"}]}},"_links":{"self":[{"href":"https:\/\/tremdavale.org\/pt\/wp-json\/wp\/v2\/posts\/297","targetHints":{"allow":["GET"]}}],"collection":[{"href":"https:\/\/tremdavale.org\/pt\/wp-json\/wp\/v2\/posts"}],"about":[{"href":"https:\/\/tremdavale.org\/pt\/wp-json\/wp\/v2\/types\/post"}],"author":[{"embeddable":true,"href":"https:\/\/tremdavale.org\/pt\/wp-json\/wp\/v2\/users\/1"}],"replies":[{"embeddable":true,"href":"https:\/\/tremdavale.org\/pt\/wp-json\/wp\/v2\/comments?post=297"}],"version-history":[{"count":0,"href":"https:\/\/tremdavale.org\/pt\/wp-json\/wp\/v2\/posts\/297\/revisions"}],"wp:featuredmedia":[{"embeddable":true,"href":"https:\/\/tremdavale.org\/pt\/wp-json\/wp\/v2\/media\/540"}],"wp:attachment":[{"href":"https:\/\/tremdavale.org\/pt\/wp-json\/wp\/v2\/media?parent=297"}],"wp:term":[{"taxonomy":"category","embeddable":true,"href":"https:\/\/tremdavale.org\/pt\/wp-json\/wp\/v2\/categories?post=297"},{"taxonomy":"post_tag","embeddable":true,"href":"https:\/\/tremdavale.org\/pt\/wp-json\/wp\/v2\/tags?post=297"}],"curies":[{"name":"wp","href":"https:\/\/api.w.org\/{rel}","templated":true}]}}