{"id":298,"date":"2011-09-12T07:51:00","date_gmt":"2011-09-12T07:51:00","guid":{"rendered":"https:\/\/tremdavale.org\/?p=298"},"modified":"2025-10-10T11:57:00","modified_gmt":"2025-10-10T11:57:00","slug":"trem-da-vale-participa-do-3-salao-mineiro-de-turismo","status":"publish","type":"post","link":"https:\/\/tremdavale.org\/pt\/trem-da-vale-participa-do-3-salao-mineiro-de-turismo\/","title":{"rendered":"Trem da Vale participa do 3\u00ba Sal\u00e3o Mineiro de Turismo"},"content":{"rendered":"<p>Nos dias 16, 17 e 18 de abril, o Trem da Vale participa do 3\u00ba Sal\u00e3o Mineiro de Turismo, com um estande montado pela Ferrovia Centro Atl\u00e2ntica, respons\u00e1vel pela opera\u00e7\u00e3o da locomotiva, para exposi\u00e7\u00e3o de seus trens tur\u00edsticos. A FCA apresenta no evento informa\u00e7\u00f5es sobre o percurso tur\u00edstico Ouro Preto &#8211; Mariana e S\u00e3o Jo\u00e3o del-Rei &#8211; Tiradentes.<\/p>\n<p>O 3\u00ba Sal\u00e3o Mineiro de Turismo \u00e9 uma parceria entre a &nbsp;Secretaria de Estado de Turismo de Minas Gerais, o Minist\u00e9rio do Turismo e SEBRAE-MG, e tem por objetivo promover e divulgar os principais roteiros tur\u00edsticos do Estado aos profissionais do setor, \u00e0 imprensa e ao p\u00fablico em geral.<\/p>\n<p>Com o slogan \u201cDescubra novos lugares &#8211; Descubra grandes oportunidades\u201d, o evento faz um convite ao p\u00fablico para visitar e conhecer os atrativos tur\u00edsticos do Estado.<\/p>\n<p>O estande da Ferrovia Centro Atl\u00e2ntica estar\u00e1 aberto ao p\u00fablico durante os tr\u00eas dias de evento.<\/p>\n<p><span style=\"text-decoration: underline;\">Data e Local<\/span><\/p>\n<p>Dias <strong>16, 17 e 18 de abril de 2010,<\/strong> no Minascentro, em Belo Horizonte &#8211; MG, na Av. Augusto de Lima, 785 &#8211; Centro.<\/p>\n<p><span style=\"text-decoration: underline;\">Hor\u00e1rios de Funcionamento<\/span><\/p>\n<ul>\n<li>16\/04, Sexta-feira, de 12h \u00e0s 20 h- Cerim\u00f4nia de Abertura \u00e0s 10 h, no Teatro Top\u00e1zio com a presen\u00e7a do Governador do Estado, Professor Ant\u00f4nio Augusto Junho Anastasia. Abertura para o p\u00fablico \u00e0s 12 horas.<\/li>\n<li>17\/04, S\u00e1bado, de 10h \u00e0s 20h<\/li>\n<li>18\/04, Domingo, de 10h \u00e0s 18h<\/li>\n<\/ul>\n<p>&nbsp;<\/p>\n","protected":false},"excerpt":{"rendered":"<p>Nos dias 16, 17 e 18 de abril, o Trem da Vale participa do 3\u00ba Sal\u00e3o Mineiro de Turismo, com um estande montado pela Ferrovia Centro Atl\u00e2ntica, respons\u00e1vel pela opera\u00e7\u00e3o da locomotiva, para exposi\u00e7\u00e3o de seus trens tur\u00edsticos. A FCA apresenta no evento informa\u00e7\u00f5es sobre o percurso tur\u00edstico Ouro Preto &hellip;<\/p>\n","protected":false},"author":1,"featured_media":0,"comment_status":"open","ping_status":"closed","sticky":false,"template":"","format":"standard","meta":{"footnotes":""},"categories":[3],"tags":[],"class_list":["post-298","post","type-post","status-publish","format-standard","hentry","category-noticias"],"yoast_head":"<!-- This site is optimized with the Yoast SEO plugin v26.1.1 - https:\/\/yoast.com\/wordpress\/plugins\/seo\/ -->\n<title>Trem da Vale participa do 3\u00ba Sal\u00e3o Mineiro de Turismo &#8212; Trem da Vale<\/title>\n<meta name=\"robots\" content=\"index, follow, max-snippet:-1, max-image-preview:large, max-video-preview:-1\" \/>\n<link rel=\"canonical\" href=\"https:\/\/tremdavale.org\/pt\/trem-da-vale-participa-do-3-salao-mineiro-de-turismo\/\" \/>\n<meta property=\"og:locale\" content=\"pt_PT\" \/>\n<meta property=\"og:type\" content=\"article\" \/>\n<meta property=\"og:title\" content=\"Trem da Vale participa do 3\u00ba Sal\u00e3o Mineiro de Turismo &#8212; Trem da Vale\" \/>\n<meta property=\"og:description\" content=\"Nos dias 16, 17 e 18 de abril, o Trem da Vale participa do 3\u00ba Sal\u00e3o Mineiro de Turismo, com um estande montado pela Ferrovia Centro Atl\u00e2ntica, respons\u00e1vel pela opera\u00e7\u00e3o da locomotiva, para exposi\u00e7\u00e3o de seus trens tur\u00edsticos. A FCA apresenta no evento informa\u00e7\u00f5es sobre o percurso tur\u00edstico Ouro Preto &hellip;\" \/>\n<meta property=\"og:url\" content=\"https:\/\/tremdavale.org\/pt\/trem-da-vale-participa-do-3-salao-mineiro-de-turismo\/\" \/>\n<meta property=\"og:site_name\" content=\"Trem da Vale\" \/>\n<meta property=\"article:published_time\" content=\"2011-09-12T07:51:00+00:00\" \/>\n<meta property=\"article:modified_time\" content=\"2025-10-10T11:57:00+00:00\" \/>\n<meta name=\"author\" content=\"admin\" \/>\n<meta name=\"twitter:card\" content=\"summary_large_image\" \/>\n<meta name=\"twitter:label1\" content=\"Escrito por\" \/>\n\t<meta name=\"twitter:data1\" content=\"admin\" \/>\n\t<meta name=\"twitter:label2\" content=\"Tempo estimado de leitura\" \/>\n\t<meta name=\"twitter:data2\" content=\"1 minuto\" \/>\n<script type=\"application\/ld+json\" class=\"yoast-schema-graph\">{\"@context\":\"https:\/\/schema.org\",\"@graph\":[{\"@type\":\"WebPage\",\"@id\":\"https:\/\/tremdavale.org\/pt\/trem-da-vale-participa-do-3-salao-mineiro-de-turismo\/\",\"url\":\"https:\/\/tremdavale.org\/pt\/trem-da-vale-participa-do-3-salao-mineiro-de-turismo\/\",\"name\":\"Trem da Vale participa do 3\u00ba Sal\u00e3o Mineiro de Turismo &#8212; Trem da Vale\",\"isPartOf\":{\"@id\":\"https:\/\/tremdavale.org\/pt\/#website\"},\"datePublished\":\"2011-09-12T07:51:00+00:00\",\"dateModified\":\"2025-10-10T11:57:00+00:00\",\"author\":{\"@id\":\"https:\/\/tremdavale.org\/pt\/#\/schema\/person\/50912137d47426d31329f246d02eaeca\"},\"breadcrumb\":{\"@id\":\"https:\/\/tremdavale.org\/pt\/trem-da-vale-participa-do-3-salao-mineiro-de-turismo\/#breadcrumb\"},\"inLanguage\":\"pt-PT\",\"potentialAction\":[{\"@type\":\"ReadAction\",\"target\":[\"https:\/\/tremdavale.org\/pt\/trem-da-vale-participa-do-3-salao-mineiro-de-turismo\/\"]}]},{\"@type\":\"BreadcrumbList\",\"@id\":\"https:\/\/tremdavale.org\/pt\/trem-da-vale-participa-do-3-salao-mineiro-de-turismo\/#breadcrumb\",\"itemListElement\":[{\"@type\":\"ListItem\",\"position\":1,\"name\":\"In\u00edcio\",\"item\":\"https:\/\/tremdavale.org\/pt\/\"},{\"@type\":\"ListItem\",\"position\":2,\"name\":\"Trem da Vale participa do 3\u00ba Sal\u00e3o Mineiro de Turismo\"}]},{\"@type\":\"WebSite\",\"@id\":\"https:\/\/tremdavale.org\/pt\/#website\",\"url\":\"https:\/\/tremdavale.org\/pt\/\",\"name\":\"Trem da Vale\",\"description\":\"Programa de Educa\u00e7\u00e3o Patrimonial\",\"potentialAction\":[{\"@type\":\"SearchAction\",\"target\":{\"@type\":\"EntryPoint\",\"urlTemplate\":\"https:\/\/tremdavale.org\/pt\/?s={search_term_string}\"},\"query-input\":{\"@type\":\"PropertyValueSpecification\",\"valueRequired\":true,\"valueName\":\"search_term_string\"}}],\"inLanguage\":\"pt-PT\"},{\"@type\":\"Person\",\"@id\":\"https:\/\/tremdavale.org\/pt\/#\/schema\/person\/50912137d47426d31329f246d02eaeca\",\"name\":\"admin\",\"image\":{\"@type\":\"ImageObject\",\"inLanguage\":\"pt-PT\",\"@id\":\"https:\/\/tremdavale.org\/pt\/#\/schema\/person\/image\/\",\"url\":\"https:\/\/secure.gravatar.com\/avatar\/b3564f0fda6ea47959fe96a4217203e79a167568a37409758659bc3ba443b452?s=96&d=mm&r=g\",\"contentUrl\":\"https:\/\/secure.gravatar.com\/avatar\/b3564f0fda6ea47959fe96a4217203e79a167568a37409758659bc3ba443b452?s=96&d=mm&r=g\",\"caption\":\"admin\"},\"sameAs\":[\"https:\/\/tremdavale.org\"],\"url\":\"https:\/\/tremdavale.org\/pt\/author\/admin\/\"}]}<\/script>\n<!-- \/ Yoast SEO plugin. -->","yoast_head_json":{"title":"Trem da Vale participa do 3\u00ba Sal\u00e3o Mineiro de Turismo &#8212; Trem da Vale","robots":{"index":"index","follow":"follow","max-snippet":"max-snippet:-1","max-image-preview":"max-image-preview:large","max-video-preview":"max-video-preview:-1"},"canonical":"https:\/\/tremdavale.org\/pt\/trem-da-vale-participa-do-3-salao-mineiro-de-turismo\/","og_locale":"pt_PT","og_type":"article","og_title":"Trem da Vale participa do 3\u00ba Sal\u00e3o Mineiro de Turismo &#8212; Trem da Vale","og_description":"Nos dias 16, 17 e 18 de abril, o Trem da Vale participa do 3\u00ba Sal\u00e3o Mineiro de Turismo, com um estande montado pela Ferrovia Centro Atl\u00e2ntica, respons\u00e1vel pela opera\u00e7\u00e3o da locomotiva, para exposi\u00e7\u00e3o de seus trens tur\u00edsticos. A FCA apresenta no evento informa\u00e7\u00f5es sobre o percurso tur\u00edstico Ouro Preto &hellip;","og_url":"https:\/\/tremdavale.org\/pt\/trem-da-vale-participa-do-3-salao-mineiro-de-turismo\/","og_site_name":"Trem da Vale","article_published_time":"2011-09-12T07:51:00+00:00","article_modified_time":"2025-10-10T11:57:00+00:00","author":"admin","twitter_card":"summary_large_image","twitter_misc":{"Escrito por":"admin","Tempo estimado de leitura":"1 minuto"},"schema":{"@context":"https:\/\/schema.org","@graph":[{"@type":"WebPage","@id":"https:\/\/tremdavale.org\/pt\/trem-da-vale-participa-do-3-salao-mineiro-de-turismo\/","url":"https:\/\/tremdavale.org\/pt\/trem-da-vale-participa-do-3-salao-mineiro-de-turismo\/","name":"Trem da Vale participa do 3\u00ba Sal\u00e3o Mineiro de Turismo &#8212; Trem da Vale","isPartOf":{"@id":"https:\/\/tremdavale.org\/pt\/#website"},"datePublished":"2011-09-12T07:51:00+00:00","dateModified":"2025-10-10T11:57:00+00:00","author":{"@id":"https:\/\/tremdavale.org\/pt\/#\/schema\/person\/50912137d47426d31329f246d02eaeca"},"breadcrumb":{"@id":"https:\/\/tremdavale.org\/pt\/trem-da-vale-participa-do-3-salao-mineiro-de-turismo\/#breadcrumb"},"inLanguage":"pt-PT","potentialAction":[{"@type":"ReadAction","target":["https:\/\/tremdavale.org\/pt\/trem-da-vale-participa-do-3-salao-mineiro-de-turismo\/"]}]},{"@type":"BreadcrumbList","@id":"https:\/\/tremdavale.org\/pt\/trem-da-vale-participa-do-3-salao-mineiro-de-turismo\/#breadcrumb","itemListElement":[{"@type":"ListItem","position":1,"name":"In\u00edcio","item":"https:\/\/tremdavale.org\/pt\/"},{"@type":"ListItem","position":2,"name":"Trem da Vale participa do 3\u00ba Sal\u00e3o Mineiro de Turismo"}]},{"@type":"WebSite","@id":"https:\/\/tremdavale.org\/pt\/#website","url":"https:\/\/tremdavale.org\/pt\/","name":"Trem da Vale","description":"Programa de Educa\u00e7\u00e3o Patrimonial","potentialAction":[{"@type":"SearchAction","target":{"@type":"EntryPoint","urlTemplate":"https:\/\/tremdavale.org\/pt\/?s={search_term_string}"},"query-input":{"@type":"PropertyValueSpecification","valueRequired":true,"valueName":"search_term_string"}}],"inLanguage":"pt-PT"},{"@type":"Person","@id":"https:\/\/tremdavale.org\/pt\/#\/schema\/person\/50912137d47426d31329f246d02eaeca","name":"admin","image":{"@type":"ImageObject","inLanguage":"pt-PT","@id":"https:\/\/tremdavale.org\/pt\/#\/schema\/person\/image\/","url":"https:\/\/secure.gravatar.com\/avatar\/b3564f0fda6ea47959fe96a4217203e79a167568a37409758659bc3ba443b452?s=96&d=mm&r=g","contentUrl":"https:\/\/secure.gravatar.com\/avatar\/b3564f0fda6ea47959fe96a4217203e79a167568a37409758659bc3ba443b452?s=96&d=mm&r=g","caption":"admin"},"sameAs":["https:\/\/tremdavale.org"],"url":"https:\/\/tremdavale.org\/pt\/author\/admin\/"}]}},"_links":{"self":[{"href":"https:\/\/tremdavale.org\/pt\/wp-json\/wp\/v2\/posts\/298","targetHints":{"allow":["GET"]}}],"collection":[{"href":"https:\/\/tremdavale.org\/pt\/wp-json\/wp\/v2\/posts"}],"about":[{"href":"https:\/\/tremdavale.org\/pt\/wp-json\/wp\/v2\/types\/post"}],"author":[{"embeddable":true,"href":"https:\/\/tremdavale.org\/pt\/wp-json\/wp\/v2\/users\/1"}],"replies":[{"embeddable":true,"href":"https:\/\/tremdavale.org\/pt\/wp-json\/wp\/v2\/comments?post=298"}],"version-history":[{"count":0,"href":"https:\/\/tremdavale.org\/pt\/wp-json\/wp\/v2\/posts\/298\/revisions"}],"wp:attachment":[{"href":"https:\/\/tremdavale.org\/pt\/wp-json\/wp\/v2\/media?parent=298"}],"wp:term":[{"taxonomy":"category","embeddable":true,"href":"https:\/\/tremdavale.org\/pt\/wp-json\/wp\/v2\/categories?post=298"},{"taxonomy":"post_tag","embeddable":true,"href":"https:\/\/tremdavale.org\/pt\/wp-json\/wp\/v2\/tags?post=298"}],"curies":[{"name":"wp","href":"https:\/\/api.w.org\/{rel}","templated":true}]}}