{"id":299,"date":"2011-09-10T11:36:00","date_gmt":"2011-09-10T11:36:00","guid":{"rendered":"https:\/\/tremdavale.org\/?p=299"},"modified":"2025-10-10T11:57:00","modified_gmt":"2025-10-10T11:57:00","slug":"trem-da-vale-presente-na-33-semana-de-aleijadinho-em-ouro-preto","status":"publish","type":"post","link":"https:\/\/tremdavale.org\/pt\/trem-da-vale-presente-na-33-semana-de-aleijadinho-em-ouro-preto\/","title":{"rendered":"Trem da Vale presente na 33\u00ba Semana de Aleijadinho em Ouro Preto"},"content":{"rendered":"<p><img loading=\"lazy\" decoding=\"async\" class=\"size-full\" title=\"aleijadinho_17_1_280x210\" src=\"\/wp-content\/uploads\/aleijadinho_17_1_280x210.jpg\" alt=\"Semana do Aleijadinho\" width=\"250\" height=\"188\"><\/p>\n<p>Semana do Aleijadinho<\/p>\n<p>&nbsp;<\/p>\n<p style=\"text-align: justify;\">A Prefeitura de Ouro Preto e o Museu Aleijadinho promovem, entre os dias 13 a 18 de novembro, a <em>Semana de Aleijadinho<\/em>, uma homenagem ao artista mundialmente conhecido por suas obras de arte e por seu simbolismo cultural.<!--more--><\/p>\n<p style=\"text-align: justify;\">Ant\u00f4nio Francisco Lisboa, conhecido como Aleijadinho, criou um trabalho singular durante sua vida. Nascido em Vila Rica, atual Ouro Preto, em 1730, o artista deixou uma extensa obra marcada pelo estilo barroco e rococ\u00f3. Na cidade hist\u00f3rica, seu trabalho pode ser visto em diversos monumentos, como nas Igrejas de S\u00e3o Francisco de Assis e S\u00e3o Jos\u00e9, no chafariz do Alto da Cruz, e no Pal\u00e1cio dos Governadores.<\/p>\n<p style=\"text-align: justify;\">Em sua 33\u00aa edi\u00e7\u00e3o, a Semana conta com apresenta\u00e7\u00f5es musicais, semin\u00e1rios e palestras, al\u00e9m de oficinas. O Programa de Educa\u00e7\u00e3o Patrimonial Trem da Vale ap\u00f3ia a a\u00e7\u00e3o desde 2009 e neste ano ir\u00e1 sediar novamente o evento promovendo oficinas culturais de Educa\u00e7\u00e3o Patrimonial, sess\u00f5es de contos e visitas guiadas \u00e0s obras de Aleijadinho com as escolas p\u00fablicas da regi\u00e3o. Estas atividades ser\u00e3o realizadas nos dias 16 e 17 de novembro, na Tenda Cultural da Esta\u00e7\u00e3o de Ouro Preto.<\/p>\n<p style=\"text-align: justify;\">Dentre as atividades oferecidas, est\u00e1 a oficina cultural \u201cUm encontro com a Obra do Mestre Aleijadinho\u201d, com a participa\u00e7\u00e3o da artista pl\u00e1stica Maristela Funchal. A atividade tem como objetivo apresentar \u00e0s crian\u00e7as a obra do artista, despertando a aten\u00e7\u00e3o para a arte, a cultura e o patrim\u00f4nio cultural da regi\u00e3o.<\/p>\n<p style=\"text-align: justify;\">Durante a cerim\u00f4nia de abertura, no dia 14 de novembro, haver\u00e1 apresenta\u00e7\u00e3o da <em>Orquestra Ouro Preto<\/em>, na Igreja de S\u00e3o Francisco de Assis. J\u00e1 no dia 17 de novembro, na Casa da \u00d3pera no Teatro Municipal de Ouro Preto, o grupo Arandelas apresenta o espet\u00e1culo <em>\u201cArandelas Canta Vila Rica\u201d,<\/em> uma homenagem \u00e0 cidade que no pr\u00f3ximo ano realizar\u00e1 300 anos.<\/p>\n<p style=\"text-align: justify;\">Encerrando a Semana, no dia 18 de novembro haver\u00e1 a entrega da Medalha do Aleijadinho aos agraciados 2010 e aposi\u00e7\u00e3o de Flores em seu t\u00famulo. A partir das 19 horas haver\u00e1 uma missa Solene com a participa\u00e7\u00e3o do Coral Cristo Rei, no Santu\u00e1rio de Nossa Senhora da Concei\u00e7\u00e3o.<\/p>\n<p style=\"text-align: justify;\">Veja abaixo a programa\u00e7\u00e3o da 33\u00aa Semana do Aleijadinho na Esta\u00e7\u00e3o de Ouro Preto:<\/p>\n<p style=\"text-align: justify;\"><strong>Dia 16 \/11 &#8211; ter\u00e7a-feira<\/strong><\/p>\n<p style=\"text-align: justify;\"><strong>8h30<\/strong> &#8211; Oficina Cultural \u201cUm Encontro com a Obra do Mestre Aleijadinho\u201d, com Maristela Funchal<\/p>\n<p style=\"text-align: justify;\">P\u00fablico Alvo: alunos das Escolas: Municipal Monsenhor Jo\u00e3o Castilho Barbosa e Estadual Mar\u00edlia de Dirceu<\/p>\n<p style=\"text-align: justify;\">Local: Tenda Cultural do Trem da Vale<\/p>\n<p style=\"text-align: justify;\"><strong>Dia 17\/11 &#8211; quarta-feira<\/strong><\/p>\n<p style=\"text-align: justify;\"><strong>14h30<\/strong> &#8211; Oficina Cultural \u201cUm Encontro com a Obra do Mestre Aleijadinho\u201d, com Maristela Funchal<\/p>\n<p style=\"text-align: justify;\">P\u00fablico Alvo: alunos das Escolas: Municipal Monsenhor Jo\u00e3o Castilho Barbosa e Estadual Mar\u00edlia de Dirceu<\/p>\n<p style=\"text-align: justify;\">Local: Tenda Cultural do Trem da Vale<\/p>\n<p style=\"text-align: justify;\">Para mais informa\u00e7\u00f5es acesse o site: http:\/\/www.museualeijadinho.com.br<\/p>\n<p>&nbsp;<\/p>\n","protected":false},"excerpt":{"rendered":"<p>Semana do Aleijadinho &nbsp; A Prefeitura de Ouro Preto e o Museu Aleijadinho promovem, entre os dias 13 a 18 de novembro, a Semana de Aleijadinho, uma homenagem ao artista mundialmente conhecido por suas obras de arte e por seu simbolismo cultural.<\/p>\n","protected":false},"author":1,"featured_media":541,"comment_status":"open","ping_status":"closed","sticky":false,"template":"","format":"standard","meta":{"footnotes":""},"categories":[2],"tags":[],"class_list":["post-299","post","type-post","status-publish","format-standard","has-post-thumbnail","hentry","category-destaques-home"],"yoast_head":"<!-- This site is optimized with the Yoast SEO plugin v26.1.1 - https:\/\/yoast.com\/wordpress\/plugins\/seo\/ -->\n<title>Trem da Vale presente na 33\u00ba Semana de Aleijadinho em Ouro Preto &#8212; Trem da Vale<\/title>\n<meta name=\"robots\" content=\"index, follow, max-snippet:-1, max-image-preview:large, max-video-preview:-1\" \/>\n<link rel=\"canonical\" href=\"https:\/\/tremdavale.org\/pt\/trem-da-vale-presente-na-33-semana-de-aleijadinho-em-ouro-preto\/\" \/>\n<meta property=\"og:locale\" content=\"pt_PT\" \/>\n<meta property=\"og:type\" content=\"article\" \/>\n<meta property=\"og:title\" content=\"Trem da Vale presente na 33\u00ba Semana de Aleijadinho em Ouro Preto &#8212; Trem da Vale\" \/>\n<meta property=\"og:description\" content=\"Semana do Aleijadinho &nbsp; A Prefeitura de Ouro Preto e o Museu Aleijadinho promovem, entre os dias 13 a 18 de novembro, a Semana de Aleijadinho, uma homenagem ao artista mundialmente conhecido por suas obras de arte e por seu simbolismo cultural.\" \/>\n<meta property=\"og:url\" content=\"https:\/\/tremdavale.org\/pt\/trem-da-vale-presente-na-33-semana-de-aleijadinho-em-ouro-preto\/\" \/>\n<meta property=\"og:site_name\" content=\"Trem da Vale\" \/>\n<meta property=\"article:published_time\" content=\"2011-09-10T11:36:00+00:00\" \/>\n<meta property=\"article:modified_time\" content=\"2025-10-10T11:57:00+00:00\" \/>\n<meta property=\"og:image\" content=\"https:\/\/tremdavale.org\/wp-content\/uploads\/aleijadinho_17_1_280x210.jpg\" \/>\n\t<meta property=\"og:image:width\" content=\"250\" \/>\n\t<meta property=\"og:image:height\" content=\"188\" \/>\n\t<meta property=\"og:image:type\" content=\"image\/jpeg\" \/>\n<meta name=\"author\" content=\"admin\" \/>\n<meta name=\"twitter:card\" content=\"summary_large_image\" \/>\n<meta name=\"twitter:label1\" content=\"Escrito por\" \/>\n\t<meta name=\"twitter:data1\" content=\"admin\" \/>\n\t<meta name=\"twitter:label2\" content=\"Tempo estimado de leitura\" \/>\n\t<meta name=\"twitter:data2\" content=\"2 minutos\" \/>\n<script type=\"application\/ld+json\" class=\"yoast-schema-graph\">{\"@context\":\"https:\/\/schema.org\",\"@graph\":[{\"@type\":\"WebPage\",\"@id\":\"https:\/\/tremdavale.org\/pt\/trem-da-vale-presente-na-33-semana-de-aleijadinho-em-ouro-preto\/\",\"url\":\"https:\/\/tremdavale.org\/pt\/trem-da-vale-presente-na-33-semana-de-aleijadinho-em-ouro-preto\/\",\"name\":\"Trem da Vale presente na 33\u00ba Semana de Aleijadinho em Ouro Preto &#8212; Trem da Vale\",\"isPartOf\":{\"@id\":\"https:\/\/tremdavale.org\/pt\/#website\"},\"primaryImageOfPage\":{\"@id\":\"https:\/\/tremdavale.org\/pt\/trem-da-vale-presente-na-33-semana-de-aleijadinho-em-ouro-preto\/#primaryimage\"},\"image\":{\"@id\":\"https:\/\/tremdavale.org\/pt\/trem-da-vale-presente-na-33-semana-de-aleijadinho-em-ouro-preto\/#primaryimage\"},\"thumbnailUrl\":\"https:\/\/tremdavale.org\/wp-content\/uploads\/aleijadinho_17_1_280x210.jpg\",\"datePublished\":\"2011-09-10T11:36:00+00:00\",\"dateModified\":\"2025-10-10T11:57:00+00:00\",\"author\":{\"@id\":\"https:\/\/tremdavale.org\/pt\/#\/schema\/person\/50912137d47426d31329f246d02eaeca\"},\"breadcrumb\":{\"@id\":\"https:\/\/tremdavale.org\/pt\/trem-da-vale-presente-na-33-semana-de-aleijadinho-em-ouro-preto\/#breadcrumb\"},\"inLanguage\":\"pt-PT\",\"potentialAction\":[{\"@type\":\"ReadAction\",\"target\":[\"https:\/\/tremdavale.org\/pt\/trem-da-vale-presente-na-33-semana-de-aleijadinho-em-ouro-preto\/\"]}]},{\"@type\":\"ImageObject\",\"inLanguage\":\"pt-PT\",\"@id\":\"https:\/\/tremdavale.org\/pt\/trem-da-vale-presente-na-33-semana-de-aleijadinho-em-ouro-preto\/#primaryimage\",\"url\":\"https:\/\/tremdavale.org\/wp-content\/uploads\/aleijadinho_17_1_280x210.jpg\",\"contentUrl\":\"https:\/\/tremdavale.org\/wp-content\/uploads\/aleijadinho_17_1_280x210.jpg\",\"width\":250,\"height\":188},{\"@type\":\"BreadcrumbList\",\"@id\":\"https:\/\/tremdavale.org\/pt\/trem-da-vale-presente-na-33-semana-de-aleijadinho-em-ouro-preto\/#breadcrumb\",\"itemListElement\":[{\"@type\":\"ListItem\",\"position\":1,\"name\":\"In\u00edcio\",\"item\":\"https:\/\/tremdavale.org\/pt\/\"},{\"@type\":\"ListItem\",\"position\":2,\"name\":\"Trem da Vale presente na 33\u00ba Semana de Aleijadinho em Ouro Preto\"}]},{\"@type\":\"WebSite\",\"@id\":\"https:\/\/tremdavale.org\/pt\/#website\",\"url\":\"https:\/\/tremdavale.org\/pt\/\",\"name\":\"Trem da Vale\",\"description\":\"Programa de Educa\u00e7\u00e3o Patrimonial\",\"potentialAction\":[{\"@type\":\"SearchAction\",\"target\":{\"@type\":\"EntryPoint\",\"urlTemplate\":\"https:\/\/tremdavale.org\/pt\/?s={search_term_string}\"},\"query-input\":{\"@type\":\"PropertyValueSpecification\",\"valueRequired\":true,\"valueName\":\"search_term_string\"}}],\"inLanguage\":\"pt-PT\"},{\"@type\":\"Person\",\"@id\":\"https:\/\/tremdavale.org\/pt\/#\/schema\/person\/50912137d47426d31329f246d02eaeca\",\"name\":\"admin\",\"image\":{\"@type\":\"ImageObject\",\"inLanguage\":\"pt-PT\",\"@id\":\"https:\/\/tremdavale.org\/pt\/#\/schema\/person\/image\/\",\"url\":\"https:\/\/secure.gravatar.com\/avatar\/b3564f0fda6ea47959fe96a4217203e79a167568a37409758659bc3ba443b452?s=96&d=mm&r=g\",\"contentUrl\":\"https:\/\/secure.gravatar.com\/avatar\/b3564f0fda6ea47959fe96a4217203e79a167568a37409758659bc3ba443b452?s=96&d=mm&r=g\",\"caption\":\"admin\"},\"sameAs\":[\"https:\/\/tremdavale.org\"],\"url\":\"https:\/\/tremdavale.org\/pt\/author\/admin\/\"}]}<\/script>\n<!-- \/ Yoast SEO plugin. -->","yoast_head_json":{"title":"Trem da Vale presente na 33\u00ba Semana de Aleijadinho em Ouro Preto &#8212; Trem da Vale","robots":{"index":"index","follow":"follow","max-snippet":"max-snippet:-1","max-image-preview":"max-image-preview:large","max-video-preview":"max-video-preview:-1"},"canonical":"https:\/\/tremdavale.org\/pt\/trem-da-vale-presente-na-33-semana-de-aleijadinho-em-ouro-preto\/","og_locale":"pt_PT","og_type":"article","og_title":"Trem da Vale presente na 33\u00ba Semana de Aleijadinho em Ouro Preto &#8212; Trem da Vale","og_description":"Semana do Aleijadinho &nbsp; A Prefeitura de Ouro Preto e o Museu Aleijadinho promovem, entre os dias 13 a 18 de novembro, a Semana de Aleijadinho, uma homenagem ao artista mundialmente conhecido por suas obras de arte e por seu simbolismo cultural.","og_url":"https:\/\/tremdavale.org\/pt\/trem-da-vale-presente-na-33-semana-de-aleijadinho-em-ouro-preto\/","og_site_name":"Trem da Vale","article_published_time":"2011-09-10T11:36:00+00:00","article_modified_time":"2025-10-10T11:57:00+00:00","og_image":[{"width":250,"height":188,"url":"https:\/\/tremdavale.org\/wp-content\/uploads\/aleijadinho_17_1_280x210.jpg","type":"image\/jpeg"}],"author":"admin","twitter_card":"summary_large_image","twitter_misc":{"Escrito por":"admin","Tempo estimado de leitura":"2 minutos"},"schema":{"@context":"https:\/\/schema.org","@graph":[{"@type":"WebPage","@id":"https:\/\/tremdavale.org\/pt\/trem-da-vale-presente-na-33-semana-de-aleijadinho-em-ouro-preto\/","url":"https:\/\/tremdavale.org\/pt\/trem-da-vale-presente-na-33-semana-de-aleijadinho-em-ouro-preto\/","name":"Trem da Vale presente na 33\u00ba Semana de Aleijadinho em Ouro Preto &#8212; Trem da Vale","isPartOf":{"@id":"https:\/\/tremdavale.org\/pt\/#website"},"primaryImageOfPage":{"@id":"https:\/\/tremdavale.org\/pt\/trem-da-vale-presente-na-33-semana-de-aleijadinho-em-ouro-preto\/#primaryimage"},"image":{"@id":"https:\/\/tremdavale.org\/pt\/trem-da-vale-presente-na-33-semana-de-aleijadinho-em-ouro-preto\/#primaryimage"},"thumbnailUrl":"https:\/\/tremdavale.org\/wp-content\/uploads\/aleijadinho_17_1_280x210.jpg","datePublished":"2011-09-10T11:36:00+00:00","dateModified":"2025-10-10T11:57:00+00:00","author":{"@id":"https:\/\/tremdavale.org\/pt\/#\/schema\/person\/50912137d47426d31329f246d02eaeca"},"breadcrumb":{"@id":"https:\/\/tremdavale.org\/pt\/trem-da-vale-presente-na-33-semana-de-aleijadinho-em-ouro-preto\/#breadcrumb"},"inLanguage":"pt-PT","potentialAction":[{"@type":"ReadAction","target":["https:\/\/tremdavale.org\/pt\/trem-da-vale-presente-na-33-semana-de-aleijadinho-em-ouro-preto\/"]}]},{"@type":"ImageObject","inLanguage":"pt-PT","@id":"https:\/\/tremdavale.org\/pt\/trem-da-vale-presente-na-33-semana-de-aleijadinho-em-ouro-preto\/#primaryimage","url":"https:\/\/tremdavale.org\/wp-content\/uploads\/aleijadinho_17_1_280x210.jpg","contentUrl":"https:\/\/tremdavale.org\/wp-content\/uploads\/aleijadinho_17_1_280x210.jpg","width":250,"height":188},{"@type":"BreadcrumbList","@id":"https:\/\/tremdavale.org\/pt\/trem-da-vale-presente-na-33-semana-de-aleijadinho-em-ouro-preto\/#breadcrumb","itemListElement":[{"@type":"ListItem","position":1,"name":"In\u00edcio","item":"https:\/\/tremdavale.org\/pt\/"},{"@type":"ListItem","position":2,"name":"Trem da Vale presente na 33\u00ba Semana de Aleijadinho em Ouro Preto"}]},{"@type":"WebSite","@id":"https:\/\/tremdavale.org\/pt\/#website","url":"https:\/\/tremdavale.org\/pt\/","name":"Trem da Vale","description":"Programa de Educa\u00e7\u00e3o Patrimonial","potentialAction":[{"@type":"SearchAction","target":{"@type":"EntryPoint","urlTemplate":"https:\/\/tremdavale.org\/pt\/?s={search_term_string}"},"query-input":{"@type":"PropertyValueSpecification","valueRequired":true,"valueName":"search_term_string"}}],"inLanguage":"pt-PT"},{"@type":"Person","@id":"https:\/\/tremdavale.org\/pt\/#\/schema\/person\/50912137d47426d31329f246d02eaeca","name":"admin","image":{"@type":"ImageObject","inLanguage":"pt-PT","@id":"https:\/\/tremdavale.org\/pt\/#\/schema\/person\/image\/","url":"https:\/\/secure.gravatar.com\/avatar\/b3564f0fda6ea47959fe96a4217203e79a167568a37409758659bc3ba443b452?s=96&d=mm&r=g","contentUrl":"https:\/\/secure.gravatar.com\/avatar\/b3564f0fda6ea47959fe96a4217203e79a167568a37409758659bc3ba443b452?s=96&d=mm&r=g","caption":"admin"},"sameAs":["https:\/\/tremdavale.org"],"url":"https:\/\/tremdavale.org\/pt\/author\/admin\/"}]}},"_links":{"self":[{"href":"https:\/\/tremdavale.org\/pt\/wp-json\/wp\/v2\/posts\/299","targetHints":{"allow":["GET"]}}],"collection":[{"href":"https:\/\/tremdavale.org\/pt\/wp-json\/wp\/v2\/posts"}],"about":[{"href":"https:\/\/tremdavale.org\/pt\/wp-json\/wp\/v2\/types\/post"}],"author":[{"embeddable":true,"href":"https:\/\/tremdavale.org\/pt\/wp-json\/wp\/v2\/users\/1"}],"replies":[{"embeddable":true,"href":"https:\/\/tremdavale.org\/pt\/wp-json\/wp\/v2\/comments?post=299"}],"version-history":[{"count":0,"href":"https:\/\/tremdavale.org\/pt\/wp-json\/wp\/v2\/posts\/299\/revisions"}],"wp:featuredmedia":[{"embeddable":true,"href":"https:\/\/tremdavale.org\/pt\/wp-json\/wp\/v2\/media\/541"}],"wp:attachment":[{"href":"https:\/\/tremdavale.org\/pt\/wp-json\/wp\/v2\/media?parent=299"}],"wp:term":[{"taxonomy":"category","embeddable":true,"href":"https:\/\/tremdavale.org\/pt\/wp-json\/wp\/v2\/categories?post=299"},{"taxonomy":"post_tag","embeddable":true,"href":"https:\/\/tremdavale.org\/pt\/wp-json\/wp\/v2\/tags?post=299"}],"curies":[{"name":"wp","href":"https:\/\/api.w.org\/{rel}","templated":true}]}}