{"id":30,"date":"2014-04-29T23:57:00","date_gmt":"2014-04-29T23:57:00","guid":{"rendered":"https:\/\/tremdavale.org\/?p=30"},"modified":"2025-10-10T11:57:00","modified_gmt":"2025-10-10T11:57:00","slug":"1-mostra-de-audiovisual-de-2014-distrito-de-sao-bartolomeu-ouro-preto","status":"publish","type":"post","link":"https:\/\/tremdavale.org\/pt\/1-mostra-de-audiovisual-de-2014-distrito-de-sao-bartolomeu-ouro-preto\/","title":{"rendered":"1\u00aa Mostra de Audiovisual de 2014 &#8211; Distrito de S\u00e3o Bartolomeu, Ouro Preto"},"content":{"rendered":"<p>Na sexta-feira, dia 04 de abril, ocorreu a primeira apresenta\u00e7\u00e3o da Mostra de Audiovisual de 2014, na sede social da comunidade do distrito de S\u00e3o Bartolomeu, em Ouro Preto. A exibi\u00e7\u00e3o teve in\u00edcio por volta de 19 horas integrando as atra\u00e7\u00f5es da XVIII Festa Cultural da Goiaba.<\/p>\n<p>Um p\u00fablico de 50 pessoas prestigiou a exibi\u00e7\u00e3o, primeiramente de v\u00eddeo institucional da Vale, e logo depois da edi\u00e7\u00e3o das videocabines com o tema \u201cCulin\u00e1ria II\u201d, que tiveram grava\u00e7\u00f5es realizadas no pr\u00f3prio distrito, como tamb\u00e9m no bairro Padre Faria e no distrito de Santo Ant\u00f4nio do Salto, em Ouro Preto, e ainda no distrito de Santa Rita Dur\u00e3o, em Mariana; todas feitas em agosto de 2007. Durante a apresenta\u00e7\u00e3o com dura\u00e7\u00e3o de 22 minutos, foi not\u00e1vel a aprecia\u00e7\u00e3o demonstrada pelas pessoas presentes, ao se reconhecerem ou a outro participante do v\u00eddeo.<\/p>\n<p>Depoimentos de moradores da comunidade ali presentes foram gravados antes e ap\u00f3s a exibi\u00e7\u00e3o dos v\u00eddeos, conforme alguns trechos, a seguir.<\/p>\n<p>Ao ser indagado sobre a import\u00e2ncia da Mostra no distrito, Vicente Quirino Fortes disse: <em>\u201cEu acho que \u00e9 muito boa essa proposta da Vale, em fazer esse trabalho, porque isso \u00e9 muito pouco divulgado. E agora, com isso a\u00ed, n\u00f3s vamos ter a oportunidade de ver outros distritos e outros distritos v\u00e3o ter a oportunidade, tamb\u00e9m, de ver S\u00e3o Bartolomeu<\/em>\u201c.<\/p>\n<p>Logo depois da apresenta\u00e7\u00e3o, Pia Marcia Chaves Carvalho Guerra comentou sobre a participa\u00e7\u00e3o do Trem da Vale no evento: <em>\u201cO que mais me emocionou foi a alegria do povo, que na hora, tava todo mundo quietinho assistindo. Na hora que apareceram as pessoas daqui, a\u00ed come\u00e7aram a comentar, a bater palmas. Ent\u00e3o, \u00e9 muito legal voc\u00ea se ver\u201d.<\/em><\/p>\n<p>A equipe do Vale Registrar ir\u00e1 percorrer outros bairros e distritos de Mariana e Ouro Preto exibindo v\u00eddeos produzidos em quase oito anos de exist\u00eancia do Programa, em datas ainda a serem confirmadas.<\/p>\n<p>&nbsp;<\/p>\n<p>Leonardo Penna e Rosilene Figueiredo entrevistam Vicente Quirino Fortes, convidado da 1\u00aa exibi\u00e7\u00e3o da Mostra de 2014. Foto: Wesley Maur\u00edcio<\/p>\n<p>&nbsp;<\/p>\n<p>A entrevistada Serma de Souza Fortes, assina o Termo de Autoriza\u00e7\u00e3o de Uso de Imagem, ao lado da estagi\u00e1ria Paula Paiva, momentos antes da 1\u00aa exibi\u00e7\u00e3o da Mostra de Audiovisual de 2014. Foto: Wesley Maur\u00edcio<\/p>\n<p>&nbsp;<\/p>\n<p>Rosilene Figueiredo apresenta a 1\u00aa exibi\u00e7\u00e3o da Mostra de Audiovisual de 2014 aos presentes na sede social da comunidade de S\u00e3o Bartolomeu, em Ouro Preto. Foto: Wesley Maur\u00edcio<\/p>\n<p>&nbsp;<\/p>\n<p>Moradores do distrito de S\u00e3o Bartolomeu, em Ouro Preto, assistem \u00e0 1\u00aa exibi\u00e7\u00e3o da Mostra de Audiovisual de 2014, na sede social da comunidade de S\u00e3o Bartolomeu, em Ouro Preto. Foto: Wesley Maur\u00edcio<\/p>\n<p>&nbsp;<\/p>\n","protected":false},"excerpt":{"rendered":"<p>Na sexta-feira, dia 04 de abril, ocorreu a primeira apresenta\u00e7\u00e3o da Mostra de Audiovisual de 2014, na sede social da comunidade do distrito de S\u00e3o Bartolomeu, em Ouro Preto. A exibi\u00e7\u00e3o teve in\u00edcio por volta de 19 horas integrando as atra\u00e7\u00f5es da XVIII Festa Cultural da Goiaba. Um p\u00fablico de &hellip;<\/p>\n","protected":false},"author":1,"featured_media":0,"comment_status":"open","ping_status":"closed","sticky":false,"template":"","format":"standard","meta":{"footnotes":""},"categories":[2],"tags":[],"class_list":["post-30","post","type-post","status-publish","format-standard","hentry","category-destaques-home"],"yoast_head":"<!-- This site is optimized with the Yoast SEO plugin v26.1.1 - https:\/\/yoast.com\/wordpress\/plugins\/seo\/ -->\n<title>1\u00aa Mostra de Audiovisual de 2014 - Distrito de S\u00e3o Bartolomeu, Ouro Preto &#8212; Trem da Vale<\/title>\n<meta name=\"robots\" content=\"index, follow, max-snippet:-1, max-image-preview:large, max-video-preview:-1\" \/>\n<link rel=\"canonical\" href=\"https:\/\/tremdavale.org\/pt\/1-mostra-de-audiovisual-de-2014-distrito-de-sao-bartolomeu-ouro-preto\/\" \/>\n<meta property=\"og:locale\" content=\"pt_PT\" \/>\n<meta property=\"og:type\" content=\"article\" \/>\n<meta property=\"og:title\" content=\"1\u00aa Mostra de Audiovisual de 2014 - Distrito de S\u00e3o Bartolomeu, Ouro Preto &#8212; Trem da Vale\" \/>\n<meta property=\"og:description\" content=\"Na sexta-feira, dia 04 de abril, ocorreu a primeira apresenta\u00e7\u00e3o da Mostra de Audiovisual de 2014, na sede social da comunidade do distrito de S\u00e3o Bartolomeu, em Ouro Preto. A exibi\u00e7\u00e3o teve in\u00edcio por volta de 19 horas integrando as atra\u00e7\u00f5es da XVIII Festa Cultural da Goiaba. Um p\u00fablico de &hellip;\" \/>\n<meta property=\"og:url\" content=\"https:\/\/tremdavale.org\/pt\/1-mostra-de-audiovisual-de-2014-distrito-de-sao-bartolomeu-ouro-preto\/\" \/>\n<meta property=\"og:site_name\" content=\"Trem da Vale\" \/>\n<meta property=\"article:published_time\" content=\"2014-04-29T23:57:00+00:00\" \/>\n<meta property=\"article:modified_time\" content=\"2025-10-10T11:57:00+00:00\" \/>\n<meta name=\"author\" content=\"admin\" \/>\n<meta name=\"twitter:card\" content=\"summary_large_image\" \/>\n<meta name=\"twitter:label1\" content=\"Escrito por\" \/>\n\t<meta name=\"twitter:data1\" content=\"admin\" \/>\n\t<meta name=\"twitter:label2\" content=\"Tempo estimado de leitura\" \/>\n\t<meta name=\"twitter:data2\" content=\"2 minutos\" \/>\n<script type=\"application\/ld+json\" class=\"yoast-schema-graph\">{\"@context\":\"https:\/\/schema.org\",\"@graph\":[{\"@type\":\"WebPage\",\"@id\":\"https:\/\/tremdavale.org\/pt\/1-mostra-de-audiovisual-de-2014-distrito-de-sao-bartolomeu-ouro-preto\/\",\"url\":\"https:\/\/tremdavale.org\/pt\/1-mostra-de-audiovisual-de-2014-distrito-de-sao-bartolomeu-ouro-preto\/\",\"name\":\"1\u00aa Mostra de Audiovisual de 2014 - Distrito de S\u00e3o Bartolomeu, Ouro Preto &#8212; Trem da Vale\",\"isPartOf\":{\"@id\":\"https:\/\/tremdavale.org\/pt\/#website\"},\"datePublished\":\"2014-04-29T23:57:00+00:00\",\"dateModified\":\"2025-10-10T11:57:00+00:00\",\"author\":{\"@id\":\"https:\/\/tremdavale.org\/pt\/#\/schema\/person\/50912137d47426d31329f246d02eaeca\"},\"breadcrumb\":{\"@id\":\"https:\/\/tremdavale.org\/pt\/1-mostra-de-audiovisual-de-2014-distrito-de-sao-bartolomeu-ouro-preto\/#breadcrumb\"},\"inLanguage\":\"pt-PT\",\"potentialAction\":[{\"@type\":\"ReadAction\",\"target\":[\"https:\/\/tremdavale.org\/pt\/1-mostra-de-audiovisual-de-2014-distrito-de-sao-bartolomeu-ouro-preto\/\"]}]},{\"@type\":\"BreadcrumbList\",\"@id\":\"https:\/\/tremdavale.org\/pt\/1-mostra-de-audiovisual-de-2014-distrito-de-sao-bartolomeu-ouro-preto\/#breadcrumb\",\"itemListElement\":[{\"@type\":\"ListItem\",\"position\":1,\"name\":\"In\u00edcio\",\"item\":\"https:\/\/tremdavale.org\/pt\/\"},{\"@type\":\"ListItem\",\"position\":2,\"name\":\"1\u00aa Mostra de Audiovisual de 2014 &#8211; Distrito de S\u00e3o Bartolomeu, Ouro Preto\"}]},{\"@type\":\"WebSite\",\"@id\":\"https:\/\/tremdavale.org\/pt\/#website\",\"url\":\"https:\/\/tremdavale.org\/pt\/\",\"name\":\"Trem da Vale\",\"description\":\"Programa de Educa\u00e7\u00e3o Patrimonial\",\"potentialAction\":[{\"@type\":\"SearchAction\",\"target\":{\"@type\":\"EntryPoint\",\"urlTemplate\":\"https:\/\/tremdavale.org\/pt\/?s={search_term_string}\"},\"query-input\":{\"@type\":\"PropertyValueSpecification\",\"valueRequired\":true,\"valueName\":\"search_term_string\"}}],\"inLanguage\":\"pt-PT\"},{\"@type\":\"Person\",\"@id\":\"https:\/\/tremdavale.org\/pt\/#\/schema\/person\/50912137d47426d31329f246d02eaeca\",\"name\":\"admin\",\"image\":{\"@type\":\"ImageObject\",\"inLanguage\":\"pt-PT\",\"@id\":\"https:\/\/tremdavale.org\/pt\/#\/schema\/person\/image\/\",\"url\":\"https:\/\/secure.gravatar.com\/avatar\/b3564f0fda6ea47959fe96a4217203e79a167568a37409758659bc3ba443b452?s=96&d=mm&r=g\",\"contentUrl\":\"https:\/\/secure.gravatar.com\/avatar\/b3564f0fda6ea47959fe96a4217203e79a167568a37409758659bc3ba443b452?s=96&d=mm&r=g\",\"caption\":\"admin\"},\"sameAs\":[\"https:\/\/tremdavale.org\"],\"url\":\"https:\/\/tremdavale.org\/pt\/author\/admin\/\"}]}<\/script>\n<!-- \/ Yoast SEO plugin. -->","yoast_head_json":{"title":"1\u00aa Mostra de Audiovisual de 2014 - Distrito de S\u00e3o Bartolomeu, Ouro Preto &#8212; Trem da Vale","robots":{"index":"index","follow":"follow","max-snippet":"max-snippet:-1","max-image-preview":"max-image-preview:large","max-video-preview":"max-video-preview:-1"},"canonical":"https:\/\/tremdavale.org\/pt\/1-mostra-de-audiovisual-de-2014-distrito-de-sao-bartolomeu-ouro-preto\/","og_locale":"pt_PT","og_type":"article","og_title":"1\u00aa Mostra de Audiovisual de 2014 - Distrito de S\u00e3o Bartolomeu, Ouro Preto &#8212; Trem da Vale","og_description":"Na sexta-feira, dia 04 de abril, ocorreu a primeira apresenta\u00e7\u00e3o da Mostra de Audiovisual de 2014, na sede social da comunidade do distrito de S\u00e3o Bartolomeu, em Ouro Preto. A exibi\u00e7\u00e3o teve in\u00edcio por volta de 19 horas integrando as atra\u00e7\u00f5es da XVIII Festa Cultural da Goiaba. Um p\u00fablico de &hellip;","og_url":"https:\/\/tremdavale.org\/pt\/1-mostra-de-audiovisual-de-2014-distrito-de-sao-bartolomeu-ouro-preto\/","og_site_name":"Trem da Vale","article_published_time":"2014-04-29T23:57:00+00:00","article_modified_time":"2025-10-10T11:57:00+00:00","author":"admin","twitter_card":"summary_large_image","twitter_misc":{"Escrito por":"admin","Tempo estimado de leitura":"2 minutos"},"schema":{"@context":"https:\/\/schema.org","@graph":[{"@type":"WebPage","@id":"https:\/\/tremdavale.org\/pt\/1-mostra-de-audiovisual-de-2014-distrito-de-sao-bartolomeu-ouro-preto\/","url":"https:\/\/tremdavale.org\/pt\/1-mostra-de-audiovisual-de-2014-distrito-de-sao-bartolomeu-ouro-preto\/","name":"1\u00aa Mostra de Audiovisual de 2014 - Distrito de S\u00e3o Bartolomeu, Ouro Preto &#8212; Trem da Vale","isPartOf":{"@id":"https:\/\/tremdavale.org\/pt\/#website"},"datePublished":"2014-04-29T23:57:00+00:00","dateModified":"2025-10-10T11:57:00+00:00","author":{"@id":"https:\/\/tremdavale.org\/pt\/#\/schema\/person\/50912137d47426d31329f246d02eaeca"},"breadcrumb":{"@id":"https:\/\/tremdavale.org\/pt\/1-mostra-de-audiovisual-de-2014-distrito-de-sao-bartolomeu-ouro-preto\/#breadcrumb"},"inLanguage":"pt-PT","potentialAction":[{"@type":"ReadAction","target":["https:\/\/tremdavale.org\/pt\/1-mostra-de-audiovisual-de-2014-distrito-de-sao-bartolomeu-ouro-preto\/"]}]},{"@type":"BreadcrumbList","@id":"https:\/\/tremdavale.org\/pt\/1-mostra-de-audiovisual-de-2014-distrito-de-sao-bartolomeu-ouro-preto\/#breadcrumb","itemListElement":[{"@type":"ListItem","position":1,"name":"In\u00edcio","item":"https:\/\/tremdavale.org\/pt\/"},{"@type":"ListItem","position":2,"name":"1\u00aa Mostra de Audiovisual de 2014 &#8211; Distrito de S\u00e3o Bartolomeu, Ouro Preto"}]},{"@type":"WebSite","@id":"https:\/\/tremdavale.org\/pt\/#website","url":"https:\/\/tremdavale.org\/pt\/","name":"Trem da Vale","description":"Programa de Educa\u00e7\u00e3o Patrimonial","potentialAction":[{"@type":"SearchAction","target":{"@type":"EntryPoint","urlTemplate":"https:\/\/tremdavale.org\/pt\/?s={search_term_string}"},"query-input":{"@type":"PropertyValueSpecification","valueRequired":true,"valueName":"search_term_string"}}],"inLanguage":"pt-PT"},{"@type":"Person","@id":"https:\/\/tremdavale.org\/pt\/#\/schema\/person\/50912137d47426d31329f246d02eaeca","name":"admin","image":{"@type":"ImageObject","inLanguage":"pt-PT","@id":"https:\/\/tremdavale.org\/pt\/#\/schema\/person\/image\/","url":"https:\/\/secure.gravatar.com\/avatar\/b3564f0fda6ea47959fe96a4217203e79a167568a37409758659bc3ba443b452?s=96&d=mm&r=g","contentUrl":"https:\/\/secure.gravatar.com\/avatar\/b3564f0fda6ea47959fe96a4217203e79a167568a37409758659bc3ba443b452?s=96&d=mm&r=g","caption":"admin"},"sameAs":["https:\/\/tremdavale.org"],"url":"https:\/\/tremdavale.org\/pt\/author\/admin\/"}]}},"_links":{"self":[{"href":"https:\/\/tremdavale.org\/pt\/wp-json\/wp\/v2\/posts\/30","targetHints":{"allow":["GET"]}}],"collection":[{"href":"https:\/\/tremdavale.org\/pt\/wp-json\/wp\/v2\/posts"}],"about":[{"href":"https:\/\/tremdavale.org\/pt\/wp-json\/wp\/v2\/types\/post"}],"author":[{"embeddable":true,"href":"https:\/\/tremdavale.org\/pt\/wp-json\/wp\/v2\/users\/1"}],"replies":[{"embeddable":true,"href":"https:\/\/tremdavale.org\/pt\/wp-json\/wp\/v2\/comments?post=30"}],"version-history":[{"count":0,"href":"https:\/\/tremdavale.org\/pt\/wp-json\/wp\/v2\/posts\/30\/revisions"}],"wp:attachment":[{"href":"https:\/\/tremdavale.org\/pt\/wp-json\/wp\/v2\/media?parent=30"}],"wp:term":[{"taxonomy":"category","embeddable":true,"href":"https:\/\/tremdavale.org\/pt\/wp-json\/wp\/v2\/categories?post=30"},{"taxonomy":"post_tag","embeddable":true,"href":"https:\/\/tremdavale.org\/pt\/wp-json\/wp\/v2\/tags?post=30"}],"curies":[{"name":"wp","href":"https:\/\/api.w.org\/{rel}","templated":true}]}}