{"id":300,"date":"2011-09-10T07:03:00","date_gmt":"2011-09-10T07:03:00","guid":{"rendered":"https:\/\/tremdavale.org\/?p=300"},"modified":"2025-10-10T11:57:00","modified_gmt":"2025-10-10T11:57:00","slug":"trem-da-vale-promove-bate-papo-com-marcelo-xavier","status":"publish","type":"post","link":"https:\/\/tremdavale.org\/pt\/trem-da-vale-promove-bate-papo-com-marcelo-xavier\/","title":{"rendered":"Trem da Vale promove Bate-papo com Marcelo Xavier"},"content":{"rendered":"<p>Com o objetivo principal de difundir a literatura e proporcionar um contato direto entre o autor e o leitor, o \u201cBate-papo com o Autor\u201d integra o cronograma de atividades do Plano de Incentivo \u00e0 Leitura das duas bibliotecas do <strong>Programa de Educa\u00e7\u00e3o Patrimonial Trem da Vale<\/strong>, procurando aproximar as comunidades marianenses e ouropretanas de renomados autores locais, mineiros e nacionais.<\/p>\n<p>O Bate-papo acontece em tr\u00eas movimentos: primeiramente, \u00e9 feito uma leitura compartilhada de obras do autor convidado e buscam-se informa\u00e7\u00f5es biogr\u00e1ficas do autor; num segundo momento, a obra do autor \u00e9 mais detalhadamente explorada, para que, no terceiro momento aconte\u00e7a o encontro presencial entre Autor e Leitor. O p\u00fablico alvo contempla alunos do ensino p\u00fablico fundamental ao m\u00e9dio, de Ouro Preto e Mariana, conforme o perfil do autor convidado.<\/p>\n<p>No dia 6 de maio, os convidados da vez foram&nbsp;<strong>Marcelo Xavier<\/strong> e os alunos de ensino fundamental (8 a 11 anos) das escolas municipais <strong>Izaura Mendes<\/strong>, de Ouro Preto e <strong>Monsenhor Jos\u00e9 Cotta<\/strong>, de Mariana.<\/p>\n<p>\u2014\u2014\u2014\u2013<\/p>\n<p>&nbsp;<\/p>\n<p><em><em><img loading=\"lazy\" decoding=\"async\" class=\"size-medium\" title=\"marcelo-xavier-410x312\" src=\"\/wp-content\/uploads\/marcelo-xavier-410x312-300x228.jpg\" alt=\"Marcelo Xavier\" width=\"300\" height=\"228\"><\/em><\/em><\/p>\n<p>Marcelo Xavier<\/p>\n<p>&nbsp;<\/p>\n<p><em><\/em><\/p>\n<p style=\"text-align: justify;\"><em>Marcelo Xavier \u00e9 mineiro, nascido em Ipanema, formado em Publicidade pela PUC-Minas, desenvolve desde 1978 uma pesquisa sobre cria\u00e7\u00e3o em artes visuais, audiovisuais, assim como diversos projetos de cenografia, figurinos e adere\u00e7os para teatro, dan\u00e7a, televis\u00e3o e carnaval. Como autor e ilustrador, seu curr\u00edculo abrange a publica\u00e7\u00e3o de dez livros infanto-juvenis. Al\u00e9m da escritura do texto, seu trabalho conta com a cria\u00e7\u00e3o personagens e objetos de cena, moldados em massa pl\u00e1stica, montados em pequenos cen\u00e1rios e foto<\/em><em>grafados pelo pr\u00f3prio autor. Reconhecido nacionalmente, j\u00e1 ganhou diversos pr\u00eamios, dentre eles: Pr\u00eamio Jabuti da C\u00e2mara Brasileira do Livro, em 1986, 1993 e 2001, 2005; Pr\u00eamio APCA &#8211; Assoc. Paulista de Cr\u00edticos de Arte, em 1990 e 93; Pr\u00eamio da Associa\u00e7\u00e3o Brasileira de Escritores, em 1997; Pr\u00eamio Funda\u00e7\u00e3o Nacional do Livro Infantil e Juvenil, em 1987, 1990, 1993, 1998 e 2001. Atualmente, vem desenvolvendo com o p\u00fablico infantil oficinas de modelagem para alunos e professores de diversas regi\u00f5es do pa\u00eds.<\/em><\/p>\n<p><em><\/em><\/p>\n<p>&nbsp;<\/p>\n","protected":false},"excerpt":{"rendered":"<p>Com o objetivo principal de difundir a literatura e proporcionar um contato direto entre o autor e o leitor, o \u201cBate-papo com o Autor\u201d integra o cronograma de atividades do Plano de Incentivo \u00e0 Leitura das duas bibliotecas do Programa de Educa\u00e7\u00e3o Patrimonial Trem da Vale, procurando aproximar as comunidades &hellip;<\/p>\n","protected":false},"author":1,"featured_media":542,"comment_status":"open","ping_status":"closed","sticky":false,"template":"","format":"standard","meta":{"footnotes":""},"categories":[3],"tags":[],"class_list":["post-300","post","type-post","status-publish","format-standard","has-post-thumbnail","hentry","category-noticias"],"yoast_head":"<!-- This site is optimized with the Yoast SEO plugin v26.1.1 - https:\/\/yoast.com\/wordpress\/plugins\/seo\/ -->\n<title>Trem da Vale promove Bate-papo com Marcelo Xavier &#8212; Trem da Vale<\/title>\n<meta name=\"robots\" content=\"index, follow, max-snippet:-1, max-image-preview:large, max-video-preview:-1\" \/>\n<link rel=\"canonical\" href=\"https:\/\/tremdavale.org\/pt\/trem-da-vale-promove-bate-papo-com-marcelo-xavier\/\" \/>\n<meta property=\"og:locale\" content=\"pt_PT\" \/>\n<meta property=\"og:type\" content=\"article\" \/>\n<meta property=\"og:title\" content=\"Trem da Vale promove Bate-papo com Marcelo Xavier &#8212; Trem da Vale\" \/>\n<meta property=\"og:description\" content=\"Com o objetivo principal de difundir a literatura e proporcionar um contato direto entre o autor e o leitor, o \u201cBate-papo com o Autor\u201d integra o cronograma de atividades do Plano de Incentivo \u00e0 Leitura das duas bibliotecas do Programa de Educa\u00e7\u00e3o Patrimonial Trem da Vale, procurando aproximar as comunidades &hellip;\" \/>\n<meta property=\"og:url\" content=\"https:\/\/tremdavale.org\/pt\/trem-da-vale-promove-bate-papo-com-marcelo-xavier\/\" \/>\n<meta property=\"og:site_name\" content=\"Trem da Vale\" \/>\n<meta property=\"article:published_time\" content=\"2011-09-10T07:03:00+00:00\" \/>\n<meta property=\"article:modified_time\" content=\"2025-10-10T11:57:00+00:00\" \/>\n<meta property=\"og:image\" content=\"https:\/\/tremdavale.org\/wp-content\/uploads\/marcelo-xavier-410x312-300x228.jpg\" \/>\n\t<meta property=\"og:image:width\" content=\"300\" \/>\n\t<meta property=\"og:image:height\" content=\"228\" \/>\n\t<meta property=\"og:image:type\" content=\"image\/jpeg\" \/>\n<meta name=\"author\" content=\"admin\" \/>\n<meta name=\"twitter:card\" content=\"summary_large_image\" \/>\n<meta name=\"twitter:label1\" content=\"Escrito por\" \/>\n\t<meta name=\"twitter:data1\" content=\"admin\" \/>\n\t<meta name=\"twitter:label2\" content=\"Tempo estimado de leitura\" \/>\n\t<meta name=\"twitter:data2\" content=\"2 minutos\" \/>\n<script type=\"application\/ld+json\" class=\"yoast-schema-graph\">{\"@context\":\"https:\/\/schema.org\",\"@graph\":[{\"@type\":\"WebPage\",\"@id\":\"https:\/\/tremdavale.org\/pt\/trem-da-vale-promove-bate-papo-com-marcelo-xavier\/\",\"url\":\"https:\/\/tremdavale.org\/pt\/trem-da-vale-promove-bate-papo-com-marcelo-xavier\/\",\"name\":\"Trem da Vale promove Bate-papo com Marcelo Xavier &#8212; Trem da Vale\",\"isPartOf\":{\"@id\":\"https:\/\/tremdavale.org\/pt\/#website\"},\"primaryImageOfPage\":{\"@id\":\"https:\/\/tremdavale.org\/pt\/trem-da-vale-promove-bate-papo-com-marcelo-xavier\/#primaryimage\"},\"image\":{\"@id\":\"https:\/\/tremdavale.org\/pt\/trem-da-vale-promove-bate-papo-com-marcelo-xavier\/#primaryimage\"},\"thumbnailUrl\":\"https:\/\/tremdavale.org\/wp-content\/uploads\/marcelo-xavier-410x312-300x228.jpg\",\"datePublished\":\"2011-09-10T07:03:00+00:00\",\"dateModified\":\"2025-10-10T11:57:00+00:00\",\"author\":{\"@id\":\"https:\/\/tremdavale.org\/pt\/#\/schema\/person\/50912137d47426d31329f246d02eaeca\"},\"breadcrumb\":{\"@id\":\"https:\/\/tremdavale.org\/pt\/trem-da-vale-promove-bate-papo-com-marcelo-xavier\/#breadcrumb\"},\"inLanguage\":\"pt-PT\",\"potentialAction\":[{\"@type\":\"ReadAction\",\"target\":[\"https:\/\/tremdavale.org\/pt\/trem-da-vale-promove-bate-papo-com-marcelo-xavier\/\"]}]},{\"@type\":\"ImageObject\",\"inLanguage\":\"pt-PT\",\"@id\":\"https:\/\/tremdavale.org\/pt\/trem-da-vale-promove-bate-papo-com-marcelo-xavier\/#primaryimage\",\"url\":\"https:\/\/tremdavale.org\/wp-content\/uploads\/marcelo-xavier-410x312-300x228.jpg\",\"contentUrl\":\"https:\/\/tremdavale.org\/wp-content\/uploads\/marcelo-xavier-410x312-300x228.jpg\",\"width\":300,\"height\":228},{\"@type\":\"BreadcrumbList\",\"@id\":\"https:\/\/tremdavale.org\/pt\/trem-da-vale-promove-bate-papo-com-marcelo-xavier\/#breadcrumb\",\"itemListElement\":[{\"@type\":\"ListItem\",\"position\":1,\"name\":\"In\u00edcio\",\"item\":\"https:\/\/tremdavale.org\/pt\/\"},{\"@type\":\"ListItem\",\"position\":2,\"name\":\"Trem da Vale promove Bate-papo com Marcelo Xavier\"}]},{\"@type\":\"WebSite\",\"@id\":\"https:\/\/tremdavale.org\/pt\/#website\",\"url\":\"https:\/\/tremdavale.org\/pt\/\",\"name\":\"Trem da Vale\",\"description\":\"Programa de Educa\u00e7\u00e3o Patrimonial\",\"potentialAction\":[{\"@type\":\"SearchAction\",\"target\":{\"@type\":\"EntryPoint\",\"urlTemplate\":\"https:\/\/tremdavale.org\/pt\/?s={search_term_string}\"},\"query-input\":{\"@type\":\"PropertyValueSpecification\",\"valueRequired\":true,\"valueName\":\"search_term_string\"}}],\"inLanguage\":\"pt-PT\"},{\"@type\":\"Person\",\"@id\":\"https:\/\/tremdavale.org\/pt\/#\/schema\/person\/50912137d47426d31329f246d02eaeca\",\"name\":\"admin\",\"image\":{\"@type\":\"ImageObject\",\"inLanguage\":\"pt-PT\",\"@id\":\"https:\/\/tremdavale.org\/pt\/#\/schema\/person\/image\/\",\"url\":\"https:\/\/secure.gravatar.com\/avatar\/b3564f0fda6ea47959fe96a4217203e79a167568a37409758659bc3ba443b452?s=96&d=mm&r=g\",\"contentUrl\":\"https:\/\/secure.gravatar.com\/avatar\/b3564f0fda6ea47959fe96a4217203e79a167568a37409758659bc3ba443b452?s=96&d=mm&r=g\",\"caption\":\"admin\"},\"sameAs\":[\"https:\/\/tremdavale.org\"],\"url\":\"https:\/\/tremdavale.org\/pt\/author\/admin\/\"}]}<\/script>\n<!-- \/ Yoast SEO plugin. -->","yoast_head_json":{"title":"Trem da Vale promove Bate-papo com Marcelo Xavier &#8212; Trem da Vale","robots":{"index":"index","follow":"follow","max-snippet":"max-snippet:-1","max-image-preview":"max-image-preview:large","max-video-preview":"max-video-preview:-1"},"canonical":"https:\/\/tremdavale.org\/pt\/trem-da-vale-promove-bate-papo-com-marcelo-xavier\/","og_locale":"pt_PT","og_type":"article","og_title":"Trem da Vale promove Bate-papo com Marcelo Xavier &#8212; Trem da Vale","og_description":"Com o objetivo principal de difundir a literatura e proporcionar um contato direto entre o autor e o leitor, o \u201cBate-papo com o Autor\u201d integra o cronograma de atividades do Plano de Incentivo \u00e0 Leitura das duas bibliotecas do Programa de Educa\u00e7\u00e3o Patrimonial Trem da Vale, procurando aproximar as comunidades &hellip;","og_url":"https:\/\/tremdavale.org\/pt\/trem-da-vale-promove-bate-papo-com-marcelo-xavier\/","og_site_name":"Trem da Vale","article_published_time":"2011-09-10T07:03:00+00:00","article_modified_time":"2025-10-10T11:57:00+00:00","og_image":[{"width":300,"height":228,"url":"https:\/\/tremdavale.org\/wp-content\/uploads\/marcelo-xavier-410x312-300x228.jpg","type":"image\/jpeg"}],"author":"admin","twitter_card":"summary_large_image","twitter_misc":{"Escrito por":"admin","Tempo estimado de leitura":"2 minutos"},"schema":{"@context":"https:\/\/schema.org","@graph":[{"@type":"WebPage","@id":"https:\/\/tremdavale.org\/pt\/trem-da-vale-promove-bate-papo-com-marcelo-xavier\/","url":"https:\/\/tremdavale.org\/pt\/trem-da-vale-promove-bate-papo-com-marcelo-xavier\/","name":"Trem da Vale promove Bate-papo com Marcelo Xavier &#8212; Trem da Vale","isPartOf":{"@id":"https:\/\/tremdavale.org\/pt\/#website"},"primaryImageOfPage":{"@id":"https:\/\/tremdavale.org\/pt\/trem-da-vale-promove-bate-papo-com-marcelo-xavier\/#primaryimage"},"image":{"@id":"https:\/\/tremdavale.org\/pt\/trem-da-vale-promove-bate-papo-com-marcelo-xavier\/#primaryimage"},"thumbnailUrl":"https:\/\/tremdavale.org\/wp-content\/uploads\/marcelo-xavier-410x312-300x228.jpg","datePublished":"2011-09-10T07:03:00+00:00","dateModified":"2025-10-10T11:57:00+00:00","author":{"@id":"https:\/\/tremdavale.org\/pt\/#\/schema\/person\/50912137d47426d31329f246d02eaeca"},"breadcrumb":{"@id":"https:\/\/tremdavale.org\/pt\/trem-da-vale-promove-bate-papo-com-marcelo-xavier\/#breadcrumb"},"inLanguage":"pt-PT","potentialAction":[{"@type":"ReadAction","target":["https:\/\/tremdavale.org\/pt\/trem-da-vale-promove-bate-papo-com-marcelo-xavier\/"]}]},{"@type":"ImageObject","inLanguage":"pt-PT","@id":"https:\/\/tremdavale.org\/pt\/trem-da-vale-promove-bate-papo-com-marcelo-xavier\/#primaryimage","url":"https:\/\/tremdavale.org\/wp-content\/uploads\/marcelo-xavier-410x312-300x228.jpg","contentUrl":"https:\/\/tremdavale.org\/wp-content\/uploads\/marcelo-xavier-410x312-300x228.jpg","width":300,"height":228},{"@type":"BreadcrumbList","@id":"https:\/\/tremdavale.org\/pt\/trem-da-vale-promove-bate-papo-com-marcelo-xavier\/#breadcrumb","itemListElement":[{"@type":"ListItem","position":1,"name":"In\u00edcio","item":"https:\/\/tremdavale.org\/pt\/"},{"@type":"ListItem","position":2,"name":"Trem da Vale promove Bate-papo com Marcelo Xavier"}]},{"@type":"WebSite","@id":"https:\/\/tremdavale.org\/pt\/#website","url":"https:\/\/tremdavale.org\/pt\/","name":"Trem da Vale","description":"Programa de Educa\u00e7\u00e3o Patrimonial","potentialAction":[{"@type":"SearchAction","target":{"@type":"EntryPoint","urlTemplate":"https:\/\/tremdavale.org\/pt\/?s={search_term_string}"},"query-input":{"@type":"PropertyValueSpecification","valueRequired":true,"valueName":"search_term_string"}}],"inLanguage":"pt-PT"},{"@type":"Person","@id":"https:\/\/tremdavale.org\/pt\/#\/schema\/person\/50912137d47426d31329f246d02eaeca","name":"admin","image":{"@type":"ImageObject","inLanguage":"pt-PT","@id":"https:\/\/tremdavale.org\/pt\/#\/schema\/person\/image\/","url":"https:\/\/secure.gravatar.com\/avatar\/b3564f0fda6ea47959fe96a4217203e79a167568a37409758659bc3ba443b452?s=96&d=mm&r=g","contentUrl":"https:\/\/secure.gravatar.com\/avatar\/b3564f0fda6ea47959fe96a4217203e79a167568a37409758659bc3ba443b452?s=96&d=mm&r=g","caption":"admin"},"sameAs":["https:\/\/tremdavale.org"],"url":"https:\/\/tremdavale.org\/pt\/author\/admin\/"}]}},"_links":{"self":[{"href":"https:\/\/tremdavale.org\/pt\/wp-json\/wp\/v2\/posts\/300","targetHints":{"allow":["GET"]}}],"collection":[{"href":"https:\/\/tremdavale.org\/pt\/wp-json\/wp\/v2\/posts"}],"about":[{"href":"https:\/\/tremdavale.org\/pt\/wp-json\/wp\/v2\/types\/post"}],"author":[{"embeddable":true,"href":"https:\/\/tremdavale.org\/pt\/wp-json\/wp\/v2\/users\/1"}],"replies":[{"embeddable":true,"href":"https:\/\/tremdavale.org\/pt\/wp-json\/wp\/v2\/comments?post=300"}],"version-history":[{"count":0,"href":"https:\/\/tremdavale.org\/pt\/wp-json\/wp\/v2\/posts\/300\/revisions"}],"wp:featuredmedia":[{"embeddable":true,"href":"https:\/\/tremdavale.org\/pt\/wp-json\/wp\/v2\/media\/542"}],"wp:attachment":[{"href":"https:\/\/tremdavale.org\/pt\/wp-json\/wp\/v2\/media?parent=300"}],"wp:term":[{"taxonomy":"category","embeddable":true,"href":"https:\/\/tremdavale.org\/pt\/wp-json\/wp\/v2\/categories?post=300"},{"taxonomy":"post_tag","embeddable":true,"href":"https:\/\/tremdavale.org\/pt\/wp-json\/wp\/v2\/tags?post=300"}],"curies":[{"name":"wp","href":"https:\/\/api.w.org\/{rel}","templated":true}]}}