{"id":301,"date":"2013-08-25T05:19:00","date_gmt":"2013-08-25T05:19:00","guid":{"rendered":"https:\/\/tremdavale.org\/?p=301"},"modified":"2025-10-10T11:57:00","modified_gmt":"2025-10-10T11:57:00","slug":"trem-da-vale-promove-ciclo-de-palestras-e-oficinas-sobre-educacao-patrimonial","status":"publish","type":"post","link":"https:\/\/tremdavale.org\/pt\/trem-da-vale-promove-ciclo-de-palestras-e-oficinas-sobre-educacao-patrimonial\/","title":{"rendered":"Trem da Vale promove ciclo de palestras e oficinas sobre educa\u00e7\u00e3o patrimonial."},"content":{"rendered":"<p><img loading=\"lazy\" decoding=\"async\" class=\"alignright size-medium\" title=\"cartaz_ciclo_final_horarios\" src=\"\/wp-content\/uploads\/cartaz_ciclo_final_horarios-212x300.jpg\" alt=\"cartaz_ciclo_final_horarios\" width=\"212\" height=\"300\"><\/p>\n<p>Buscando incentivar os docentes a inserir os conceitos de valoriza\u00e7\u00e3o e preserva\u00e7\u00e3o do Patrim\u00f4nio Cultural na constru\u00e7\u00e3o educacional de crian\u00e7as e jovens da regi\u00e3o, o PEPTV(Programa de Educa\u00e7\u00e3o Patrimonial Trem da Vale) realizar\u00e1 encontros de forma\u00e7\u00e3o de professores para a educa\u00e7\u00e3o patrimonial.<\/p>\n<p>Ser\u00e3o 20 vagas para professores de Ouro Preto e 20 vagas para docentes de Mariana, propiciando a troca de experi\u00eancias sobre a pr\u00e1tica da educa\u00e7\u00e3o patrimonial, com foco nas aplica\u00e7\u00f5es de m\u00e9todos diferenciados, conforme os variados contextos e bens culturais trabalhados &#8211; capacitando professores e t\u00e9cnicos educacionais das redes municipal e estadual de Mariana e Ouro Preto, otimizando compet\u00eancias e habilidades nas dimens\u00f5es humana, social e t\u00e9cnica.<\/p>\n<p>Os encontros acontecer\u00e3o em tr\u00eas m\u00f3dulos de 4 horas por semana, mais um m\u00f3dulo de 8 horas, totalizando 20 horas\/aula presenciais. As inscri\u00e7\u00f5es ter\u00e3o in\u00edcio essa semana, pelo telefone 3551-7310 ou via e-mail: <a href=\"\" target=\"_blank\">tremdavalenep@yahoo.com.br<\/a>. Importante ressaltar que para receber o certificado, os participantes dever\u00e3o participar de todos os encontros (04 m\u00f3dulos).<\/p>\n<p><strong>Programa\u00e7\u00e3o:<\/strong><\/p>\n<p>Ter\u00e7a, 13\/09: <strong>Diretrizes para a Educa\u00e7\u00e3o Patrimonial<\/strong> (<em>Carlos Henrique Rangel &#8211; Especialista em Prote\u00e7\u00e3o do Patrim\u00f4nio<\/em>). De 13h \u00e0s 17h.<\/p>\n<p>S\u00e1bado, 17\/09: <strong>Agenda 21 escolar: escolas em movimento, um mundo em transforma\u00e7\u00e3o<\/strong> (<em>Mara Andrade Gimar\u00e3es &#8211; educadora e coordenadora da MJM Servi\u00e7os T\u00e9cnicos Ambientais, respons\u00e1vel pela implanta\u00e7\u00e3o da Agenda 21 do munic\u00edpio de Congonhas do Campo, MG<\/em>). De 8h \u00e0s 12h.<\/p>\n<p>Sexta, 23\/09: <strong>Experi\u00eancias em Educa\u00e7\u00e3o Patrimonial<\/strong> (<em>Programa de Educa\u00e7\u00e3o Patrimonial Trem da Vale e institui\u00e7\u00f5es convidadas<\/em>). De 14h \u00e0s 17h.<\/p>\n<p>Ter\u00e7a, 27\/09: <strong>Educa\u00e7\u00e3o Patrimonial &#8211; Utiliza\u00e7\u00e3o dos bens culturais como recursos educacionais<\/strong> (<em>Evelina Grunberg: Museu da aboli\u00e7\u00e3o de Recife &#8211; PE<\/em>). De 9h \u00e0s 17h.<\/p>\n<p>&nbsp;<\/p>\n","protected":false},"excerpt":{"rendered":"<p>Buscando incentivar os docentes a inserir os conceitos de valoriza\u00e7\u00e3o e preserva\u00e7\u00e3o do Patrim\u00f4nio Cultural na constru\u00e7\u00e3o educacional de crian\u00e7as e jovens da regi\u00e3o, o PEPTV(Programa de Educa\u00e7\u00e3o Patrimonial Trem da Vale) realizar\u00e1 encontros de forma\u00e7\u00e3o de professores para a educa\u00e7\u00e3o patrimonial. Ser\u00e3o 20 vagas para professores de Ouro Preto &hellip;<\/p>\n","protected":false},"author":1,"featured_media":543,"comment_status":"open","ping_status":"closed","sticky":false,"template":"","format":"standard","meta":{"footnotes":""},"categories":[2],"tags":[],"class_list":["post-301","post","type-post","status-publish","format-standard","has-post-thumbnail","hentry","category-destaques-home"],"yoast_head":"<!-- This site is optimized with the Yoast SEO plugin v26.1.1 - https:\/\/yoast.com\/wordpress\/plugins\/seo\/ -->\n<title>Trem da Vale promove ciclo de palestras e oficinas sobre educa\u00e7\u00e3o patrimonial. &#8212; Trem da Vale<\/title>\n<meta name=\"robots\" content=\"index, follow, max-snippet:-1, max-image-preview:large, max-video-preview:-1\" \/>\n<link rel=\"canonical\" href=\"https:\/\/tremdavale.org\/pt\/trem-da-vale-promove-ciclo-de-palestras-e-oficinas-sobre-educacao-patrimonial\/\" \/>\n<meta property=\"og:locale\" content=\"pt_PT\" \/>\n<meta property=\"og:type\" content=\"article\" \/>\n<meta property=\"og:title\" content=\"Trem da Vale promove ciclo de palestras e oficinas sobre educa\u00e7\u00e3o patrimonial. &#8212; Trem da Vale\" \/>\n<meta property=\"og:description\" content=\"Buscando incentivar os docentes a inserir os conceitos de valoriza\u00e7\u00e3o e preserva\u00e7\u00e3o do Patrim\u00f4nio Cultural na constru\u00e7\u00e3o educacional de crian\u00e7as e jovens da regi\u00e3o, o PEPTV(Programa de Educa\u00e7\u00e3o Patrimonial Trem da Vale) realizar\u00e1 encontros de forma\u00e7\u00e3o de professores para a educa\u00e7\u00e3o patrimonial. Ser\u00e3o 20 vagas para professores de Ouro Preto &hellip;\" \/>\n<meta property=\"og:url\" content=\"https:\/\/tremdavale.org\/pt\/trem-da-vale-promove-ciclo-de-palestras-e-oficinas-sobre-educacao-patrimonial\/\" \/>\n<meta property=\"og:site_name\" content=\"Trem da Vale\" \/>\n<meta property=\"article:published_time\" content=\"2013-08-25T05:19:00+00:00\" \/>\n<meta property=\"article:modified_time\" content=\"2025-10-10T11:57:00+00:00\" \/>\n<meta property=\"og:image\" content=\"https:\/\/tremdavale.org\/wp-content\/uploads\/cartaz_ciclo_final_horarios-212x300.jpg\" \/>\n\t<meta property=\"og:image:width\" content=\"212\" \/>\n\t<meta property=\"og:image:height\" content=\"300\" \/>\n\t<meta property=\"og:image:type\" content=\"image\/jpeg\" \/>\n<meta name=\"author\" content=\"admin\" \/>\n<meta name=\"twitter:card\" content=\"summary_large_image\" \/>\n<meta name=\"twitter:label1\" content=\"Escrito por\" \/>\n\t<meta name=\"twitter:data1\" content=\"admin\" \/>\n\t<meta name=\"twitter:label2\" content=\"Tempo estimado de leitura\" \/>\n\t<meta name=\"twitter:data2\" content=\"2 minutos\" \/>\n<script type=\"application\/ld+json\" class=\"yoast-schema-graph\">{\"@context\":\"https:\/\/schema.org\",\"@graph\":[{\"@type\":\"WebPage\",\"@id\":\"https:\/\/tremdavale.org\/pt\/trem-da-vale-promove-ciclo-de-palestras-e-oficinas-sobre-educacao-patrimonial\/\",\"url\":\"https:\/\/tremdavale.org\/pt\/trem-da-vale-promove-ciclo-de-palestras-e-oficinas-sobre-educacao-patrimonial\/\",\"name\":\"Trem da Vale promove ciclo de palestras e oficinas sobre educa\u00e7\u00e3o patrimonial. &#8212; Trem da Vale\",\"isPartOf\":{\"@id\":\"https:\/\/tremdavale.org\/pt\/#website\"},\"primaryImageOfPage\":{\"@id\":\"https:\/\/tremdavale.org\/pt\/trem-da-vale-promove-ciclo-de-palestras-e-oficinas-sobre-educacao-patrimonial\/#primaryimage\"},\"image\":{\"@id\":\"https:\/\/tremdavale.org\/pt\/trem-da-vale-promove-ciclo-de-palestras-e-oficinas-sobre-educacao-patrimonial\/#primaryimage\"},\"thumbnailUrl\":\"https:\/\/tremdavale.org\/wp-content\/uploads\/cartaz_ciclo_final_horarios-212x300.jpg\",\"datePublished\":\"2013-08-25T05:19:00+00:00\",\"dateModified\":\"2025-10-10T11:57:00+00:00\",\"author\":{\"@id\":\"https:\/\/tremdavale.org\/pt\/#\/schema\/person\/50912137d47426d31329f246d02eaeca\"},\"breadcrumb\":{\"@id\":\"https:\/\/tremdavale.org\/pt\/trem-da-vale-promove-ciclo-de-palestras-e-oficinas-sobre-educacao-patrimonial\/#breadcrumb\"},\"inLanguage\":\"pt-PT\",\"potentialAction\":[{\"@type\":\"ReadAction\",\"target\":[\"https:\/\/tremdavale.org\/pt\/trem-da-vale-promove-ciclo-de-palestras-e-oficinas-sobre-educacao-patrimonial\/\"]}]},{\"@type\":\"ImageObject\",\"inLanguage\":\"pt-PT\",\"@id\":\"https:\/\/tremdavale.org\/pt\/trem-da-vale-promove-ciclo-de-palestras-e-oficinas-sobre-educacao-patrimonial\/#primaryimage\",\"url\":\"https:\/\/tremdavale.org\/wp-content\/uploads\/cartaz_ciclo_final_horarios-212x300.jpg\",\"contentUrl\":\"https:\/\/tremdavale.org\/wp-content\/uploads\/cartaz_ciclo_final_horarios-212x300.jpg\",\"width\":212,\"height\":300},{\"@type\":\"BreadcrumbList\",\"@id\":\"https:\/\/tremdavale.org\/pt\/trem-da-vale-promove-ciclo-de-palestras-e-oficinas-sobre-educacao-patrimonial\/#breadcrumb\",\"itemListElement\":[{\"@type\":\"ListItem\",\"position\":1,\"name\":\"In\u00edcio\",\"item\":\"https:\/\/tremdavale.org\/pt\/\"},{\"@type\":\"ListItem\",\"position\":2,\"name\":\"Trem da Vale promove ciclo de palestras e oficinas sobre educa\u00e7\u00e3o patrimonial.\"}]},{\"@type\":\"WebSite\",\"@id\":\"https:\/\/tremdavale.org\/pt\/#website\",\"url\":\"https:\/\/tremdavale.org\/pt\/\",\"name\":\"Trem da Vale\",\"description\":\"Programa de Educa\u00e7\u00e3o Patrimonial\",\"potentialAction\":[{\"@type\":\"SearchAction\",\"target\":{\"@type\":\"EntryPoint\",\"urlTemplate\":\"https:\/\/tremdavale.org\/pt\/?s={search_term_string}\"},\"query-input\":{\"@type\":\"PropertyValueSpecification\",\"valueRequired\":true,\"valueName\":\"search_term_string\"}}],\"inLanguage\":\"pt-PT\"},{\"@type\":\"Person\",\"@id\":\"https:\/\/tremdavale.org\/pt\/#\/schema\/person\/50912137d47426d31329f246d02eaeca\",\"name\":\"admin\",\"image\":{\"@type\":\"ImageObject\",\"inLanguage\":\"pt-PT\",\"@id\":\"https:\/\/tremdavale.org\/pt\/#\/schema\/person\/image\/\",\"url\":\"https:\/\/secure.gravatar.com\/avatar\/b3564f0fda6ea47959fe96a4217203e79a167568a37409758659bc3ba443b452?s=96&d=mm&r=g\",\"contentUrl\":\"https:\/\/secure.gravatar.com\/avatar\/b3564f0fda6ea47959fe96a4217203e79a167568a37409758659bc3ba443b452?s=96&d=mm&r=g\",\"caption\":\"admin\"},\"sameAs\":[\"https:\/\/tremdavale.org\"],\"url\":\"https:\/\/tremdavale.org\/pt\/author\/admin\/\"}]}<\/script>\n<!-- \/ Yoast SEO plugin. -->","yoast_head_json":{"title":"Trem da Vale promove ciclo de palestras e oficinas sobre educa\u00e7\u00e3o patrimonial. &#8212; Trem da Vale","robots":{"index":"index","follow":"follow","max-snippet":"max-snippet:-1","max-image-preview":"max-image-preview:large","max-video-preview":"max-video-preview:-1"},"canonical":"https:\/\/tremdavale.org\/pt\/trem-da-vale-promove-ciclo-de-palestras-e-oficinas-sobre-educacao-patrimonial\/","og_locale":"pt_PT","og_type":"article","og_title":"Trem da Vale promove ciclo de palestras e oficinas sobre educa\u00e7\u00e3o patrimonial. &#8212; Trem da Vale","og_description":"Buscando incentivar os docentes a inserir os conceitos de valoriza\u00e7\u00e3o e preserva\u00e7\u00e3o do Patrim\u00f4nio Cultural na constru\u00e7\u00e3o educacional de crian\u00e7as e jovens da regi\u00e3o, o PEPTV(Programa de Educa\u00e7\u00e3o Patrimonial Trem da Vale) realizar\u00e1 encontros de forma\u00e7\u00e3o de professores para a educa\u00e7\u00e3o patrimonial. Ser\u00e3o 20 vagas para professores de Ouro Preto &hellip;","og_url":"https:\/\/tremdavale.org\/pt\/trem-da-vale-promove-ciclo-de-palestras-e-oficinas-sobre-educacao-patrimonial\/","og_site_name":"Trem da Vale","article_published_time":"2013-08-25T05:19:00+00:00","article_modified_time":"2025-10-10T11:57:00+00:00","og_image":[{"width":212,"height":300,"url":"https:\/\/tremdavale.org\/wp-content\/uploads\/cartaz_ciclo_final_horarios-212x300.jpg","type":"image\/jpeg"}],"author":"admin","twitter_card":"summary_large_image","twitter_misc":{"Escrito por":"admin","Tempo estimado de leitura":"2 minutos"},"schema":{"@context":"https:\/\/schema.org","@graph":[{"@type":"WebPage","@id":"https:\/\/tremdavale.org\/pt\/trem-da-vale-promove-ciclo-de-palestras-e-oficinas-sobre-educacao-patrimonial\/","url":"https:\/\/tremdavale.org\/pt\/trem-da-vale-promove-ciclo-de-palestras-e-oficinas-sobre-educacao-patrimonial\/","name":"Trem da Vale promove ciclo de palestras e oficinas sobre educa\u00e7\u00e3o patrimonial. &#8212; Trem da Vale","isPartOf":{"@id":"https:\/\/tremdavale.org\/pt\/#website"},"primaryImageOfPage":{"@id":"https:\/\/tremdavale.org\/pt\/trem-da-vale-promove-ciclo-de-palestras-e-oficinas-sobre-educacao-patrimonial\/#primaryimage"},"image":{"@id":"https:\/\/tremdavale.org\/pt\/trem-da-vale-promove-ciclo-de-palestras-e-oficinas-sobre-educacao-patrimonial\/#primaryimage"},"thumbnailUrl":"https:\/\/tremdavale.org\/wp-content\/uploads\/cartaz_ciclo_final_horarios-212x300.jpg","datePublished":"2013-08-25T05:19:00+00:00","dateModified":"2025-10-10T11:57:00+00:00","author":{"@id":"https:\/\/tremdavale.org\/pt\/#\/schema\/person\/50912137d47426d31329f246d02eaeca"},"breadcrumb":{"@id":"https:\/\/tremdavale.org\/pt\/trem-da-vale-promove-ciclo-de-palestras-e-oficinas-sobre-educacao-patrimonial\/#breadcrumb"},"inLanguage":"pt-PT","potentialAction":[{"@type":"ReadAction","target":["https:\/\/tremdavale.org\/pt\/trem-da-vale-promove-ciclo-de-palestras-e-oficinas-sobre-educacao-patrimonial\/"]}]},{"@type":"ImageObject","inLanguage":"pt-PT","@id":"https:\/\/tremdavale.org\/pt\/trem-da-vale-promove-ciclo-de-palestras-e-oficinas-sobre-educacao-patrimonial\/#primaryimage","url":"https:\/\/tremdavale.org\/wp-content\/uploads\/cartaz_ciclo_final_horarios-212x300.jpg","contentUrl":"https:\/\/tremdavale.org\/wp-content\/uploads\/cartaz_ciclo_final_horarios-212x300.jpg","width":212,"height":300},{"@type":"BreadcrumbList","@id":"https:\/\/tremdavale.org\/pt\/trem-da-vale-promove-ciclo-de-palestras-e-oficinas-sobre-educacao-patrimonial\/#breadcrumb","itemListElement":[{"@type":"ListItem","position":1,"name":"In\u00edcio","item":"https:\/\/tremdavale.org\/pt\/"},{"@type":"ListItem","position":2,"name":"Trem da Vale promove ciclo de palestras e oficinas sobre educa\u00e7\u00e3o patrimonial."}]},{"@type":"WebSite","@id":"https:\/\/tremdavale.org\/pt\/#website","url":"https:\/\/tremdavale.org\/pt\/","name":"Trem da Vale","description":"Programa de Educa\u00e7\u00e3o Patrimonial","potentialAction":[{"@type":"SearchAction","target":{"@type":"EntryPoint","urlTemplate":"https:\/\/tremdavale.org\/pt\/?s={search_term_string}"},"query-input":{"@type":"PropertyValueSpecification","valueRequired":true,"valueName":"search_term_string"}}],"inLanguage":"pt-PT"},{"@type":"Person","@id":"https:\/\/tremdavale.org\/pt\/#\/schema\/person\/50912137d47426d31329f246d02eaeca","name":"admin","image":{"@type":"ImageObject","inLanguage":"pt-PT","@id":"https:\/\/tremdavale.org\/pt\/#\/schema\/person\/image\/","url":"https:\/\/secure.gravatar.com\/avatar\/b3564f0fda6ea47959fe96a4217203e79a167568a37409758659bc3ba443b452?s=96&d=mm&r=g","contentUrl":"https:\/\/secure.gravatar.com\/avatar\/b3564f0fda6ea47959fe96a4217203e79a167568a37409758659bc3ba443b452?s=96&d=mm&r=g","caption":"admin"},"sameAs":["https:\/\/tremdavale.org"],"url":"https:\/\/tremdavale.org\/pt\/author\/admin\/"}]}},"_links":{"self":[{"href":"https:\/\/tremdavale.org\/pt\/wp-json\/wp\/v2\/posts\/301","targetHints":{"allow":["GET"]}}],"collection":[{"href":"https:\/\/tremdavale.org\/pt\/wp-json\/wp\/v2\/posts"}],"about":[{"href":"https:\/\/tremdavale.org\/pt\/wp-json\/wp\/v2\/types\/post"}],"author":[{"embeddable":true,"href":"https:\/\/tremdavale.org\/pt\/wp-json\/wp\/v2\/users\/1"}],"replies":[{"embeddable":true,"href":"https:\/\/tremdavale.org\/pt\/wp-json\/wp\/v2\/comments?post=301"}],"version-history":[{"count":0,"href":"https:\/\/tremdavale.org\/pt\/wp-json\/wp\/v2\/posts\/301\/revisions"}],"wp:featuredmedia":[{"embeddable":true,"href":"https:\/\/tremdavale.org\/pt\/wp-json\/wp\/v2\/media\/543"}],"wp:attachment":[{"href":"https:\/\/tremdavale.org\/pt\/wp-json\/wp\/v2\/media?parent=301"}],"wp:term":[{"taxonomy":"category","embeddable":true,"href":"https:\/\/tremdavale.org\/pt\/wp-json\/wp\/v2\/categories?post=301"},{"taxonomy":"post_tag","embeddable":true,"href":"https:\/\/tremdavale.org\/pt\/wp-json\/wp\/v2\/tags?post=301"}],"curies":[{"name":"wp","href":"https:\/\/api.w.org\/{rel}","templated":true}]}}