{"id":302,"date":"2014-04-30T00:05:00","date_gmt":"2014-04-30T00:05:00","guid":{"rendered":"https:\/\/tremdavale.org\/?p=302"},"modified":"2025-10-10T11:57:00","modified_gmt":"2025-10-10T11:57:00","slug":"trem-da-vale-promove-oficina-de-educacao-patrimonial-praticas-e-diretrizes-conceituais-numa-parceria-com-a-coordenadoria-de-educacao-patrimonial-do-departamento-de-articulacao-e-fomento-do-iphan","status":"publish","type":"post","link":"https:\/\/tremdavale.org\/pt\/trem-da-vale-promove-oficina-de-educacao-patrimonial-praticas-e-diretrizes-conceituais-numa-parceria-com-a-coordenadoria-de-educacao-patrimonial-do-departamento-de-articulacao-e-fomento-do-iphan\/","title":{"rendered":"Trem da Vale promove Oficina de Educa\u00e7\u00e3o Patrimonial: Pr\u00e1ticas e Diretrizes conceituais, numa parceria com a Coordenadoria de Educa\u00e7\u00e3o Patrimonial do Departamento de Articula\u00e7\u00e3o e Fomento do IPHAN."},"content":{"rendered":"<p>Nos dias 02 e 03 de abril, o Programa de Educa\u00e7\u00e3o Patrimonial Trem da Vale promoveu a \u201cOficina de Educa\u00e7\u00e3o Patrimonial: Pr\u00e1ticas e Diretrizes Conceituais\u201d, ministrada pela educadora e cientista social <em>S\u00f4nia Rampim Flor\u00eancio<\/em> &#8211; Coordenadora de Educa\u00e7\u00e3o Patrimonial do Departamento de Articula\u00e7\u00e3o e Fomento do IPHAN.<\/p>\n<p>Realizada na Esta\u00e7\u00e3o Ferrovi\u00e1ria de Ouro Preto e direcionada&nbsp;a professores da rede p\u00fablica e privada de ensino da regi\u00e3o, alunos e estagi\u00e1rios dos cursos t\u00e9cnicos e universit\u00e1rios e agentes culturais, a oficina teve como objetivo principal&nbsp; incentivar a apropria\u00e7\u00e3o pelos docentes e gestores culturais dos conceitos voltados para a valoriza\u00e7\u00e3o e preserva\u00e7\u00e3o do Patrim\u00f4nio Cultural, inserindo-os especialmente na forma\u00e7\u00e3o de crian\u00e7as e jovens da regi\u00e3o; al\u00e9m de promover um interc\u00e2mbio de experi\u00eancias em Educa\u00e7\u00e3o Patrimonial e de apresentar e discutir as diretrizes conceituais e os macroprocessos&nbsp; institucionais com os quais o IPHAN tem atuado no \u00e2mbito da Educa\u00e7\u00e3o Patrimonial no Brasil.<\/p>\n<p>Dividida em dois momentos, a oficina de Educa\u00e7\u00e3o Patrimonial \u201cPr\u00e1ticas e Diretrizes conceituais\u201d contemplou, primeiramente, a descri\u00e7\u00e3o e aplica\u00e7\u00e3o das diretrizes conceituais que amparam as atuais pol\u00edticas na \u00e1rea da educa\u00e7\u00e3o patrimonial; com a apresenta\u00e7\u00e3o da mais recente publica\u00e7\u00e3o do IPHAN \u201cEduca\u00e7\u00e3o Patrimonial: hist\u00f3ricos, conceitos e processos\u201d. Ainda nesse primeiro momento, a ministrante <em>S\u00f4nia Rampim<\/em> contextualizou a trajet\u00f3ria hist\u00f3rica das a\u00e7\u00f5es educativas dentro do IPHAN, com destaque para iniciativas e projetos exitosos que antecederam a implementa\u00e7\u00e3o do \u201cGuia B\u00e1sico de Educa\u00e7\u00e3o Patrimonial\u201d, publicado pelo IPHAN em 1999, que contemplavam metodologias distintas daquela apresentada no referido guia, como o Projeto Intera\u00e7\u00e3o, promovido no \u00e2mbito do Centro Nacional de Refer\u00eancias Culturais &#8211; CNRC, na d\u00e9cada de 1980. Na ocasi\u00e3o, foram apresentadas ainda algumas experi\u00eancias exitosas no \u00e2mbito da Educa\u00e7\u00e3o Patrimonial no Brasil, como os projetos da Funda\u00e7\u00e3o Casa Grande, de Nova Olinda &#8211; CE; o \u201cProjeto Revivendo \u00caxodos\u201d, de Bras\u00edlia &#8211; DF; o Projeto \u201cEu sou do morro, eu tamb\u00e9m sou patrim\u00f4nio\u201d, de Ouro Preto &#8211; MG; o v\u00eddeo \u201cSou jovem, meu patrim\u00f4nio \u00e9 o mundo\u201d &#8211; um v\u00eddeo produzido coletivamente por jovens da Am\u00e9rica Latina que participaram do F\u00f3rum Juvenil do Patrim\u00f4nio Mundial, em julho de 2010; e a experi\u00eancia pioneira do Programa de Educa\u00e7\u00e3o Patrimonial Trem da Vale nas cidades de Mariana e de Ouro Preto.<\/p>\n<p>Num segundo momento, a oficina contemplou a metodologia do invent\u00e1rio do patrim\u00f4nio cultural, especialmente criada pela Coordenadoria de Educa\u00e7\u00e3o Patrimonial do IPHAN para o \u201cPrograma Mais Educa\u00e7\u00e3o\u201d, do MEC. Trata-se de uma adapta\u00e7\u00e3o, voltada para o universo escolar, da metodologia do INRC &#8211; Invent\u00e1rio Nacional de Refer\u00eancias Culturais. Nesse segundo momento, ap\u00f3s a apresenta\u00e7\u00e3o da metodologia em quest\u00e3o, os mais de 40 participantes da oficina, divididos em grupos, foram convidados pela ministrante a constru\u00edrem uma proposta de educa\u00e7\u00e3o patrimonial que contemplasse, al\u00e9m das diretrizes conceituais que amparam as atuais pol\u00edticas de educa\u00e7\u00e3o patrimonial, a metodologia do invent\u00e1rio do patrim\u00f4nio cultural.<\/p>\n<p>Ao final da oficina, os grupos apresentaram seus projetos, abrindo-se, em seguida, um debate acerca das propostas e estrat\u00e9gias apresentadas, \u00e0 luz das diretrizes e conceitos explorados durante toda a oficina.<\/p>\n<p>A oficina foi muito elogiada pelos participantes:<\/p>\n<p>\u201c<em>Excelente oficina, excelente apresenta\u00e7\u00e3o e debate de ideias<\/em>\u201c, disse o professor Robson de Souza, da rede de ensino do tempo integral da Prefeitura de Mariana.<\/p>\n<p>\u201c<em>S\u00f3 dei nota 9 porque acho que poderia durar mais. Achei estimulante e enriquecedor<\/em>\u201c, disse Fernanda dos Santos, estudante de Conserva\u00e7\u00e3o e Restauro do IFMG.<\/p>\n<p>Al\u00e9m de propiciar ao p\u00fablico o conhecimento do que est\u00e1 acontecendo de mais atual no \u00e2mbito da Educa\u00e7\u00e3o Patrimonial, essa oficina apresentou-se como um importante instrumento de est\u00edmulo, amplia\u00e7\u00e3o e fortalecimento das redes de movimentos em prol de uma pol\u00edtica local e nacional no \u00e2mbito da educa\u00e7\u00e3o patrimonial.<\/p>\n<p>Participaram da oficina representantes de institui\u00e7\u00f5es locais e de outras cidades e estados, como, por exemplo:<\/p>\n<p>&#8211; CAPS (Centro de Aten\u00e7\u00e3o Psicossocial) &#8211; Ouro Preto;<\/p>\n<p>&#8211; Secretaria de Educa\u00e7\u00e3o de Mariana;<\/p>\n<p>&#8211; CRIA e Recriavida &#8211; Prefeitura de Mariana;<\/p>\n<p>&#8211; Professores das redes municipais de ensino de Mariana e Ouro Preto;<\/p>\n<p>&#8211; Setor Educativo do Museu da Inconfid\u00eancia &#8211; Ouro Preto;<\/p>\n<p>&#8211; FUNCESI: Funda\u00e7\u00e3o Comunit\u00e1ria de Ensino de Itabira &#8211; MG;<\/p>\n<p>&#8211; CTPM &#8211; Companhia Paulista de Trens Metropolitanos &#8211; SP;<\/p>\n<p>&#8211; Plantuc &#8211; Projetos Tur\u00edsticos e Socioambientais &#8211; Rio Acima &#8211; MG.<\/p>\n<p>&nbsp;<\/p>\n<p>02.04.2014 &#8211; Oficina de Educa\u00e7\u00e3o Patrimonial: Pr\u00e1ticas e Diretrizes Conceituais &#8211; Sala Multiuso da Esta\u00e7\u00e3o de Ouro Preto.<\/p>\n<p>&nbsp;<\/p>\n<p>03.04.2014 &#8211; Oficina de Educa\u00e7\u00e3o Patrimonial: Pr\u00e1ticas e Diretrizes Conceituais &#8211; Sala Multiuso da Esta\u00e7\u00e3o de Ouro Preto.<\/p>\n<p>&nbsp;<\/p>\n","protected":false},"excerpt":{"rendered":"<p>Nos dias 02 e 03 de abril, o Programa de Educa\u00e7\u00e3o Patrimonial Trem da Vale promoveu a \u201cOficina de Educa\u00e7\u00e3o Patrimonial: Pr\u00e1ticas e Diretrizes Conceituais\u201d, ministrada pela educadora e cientista social S\u00f4nia Rampim Flor\u00eancio &#8211; Coordenadora de Educa\u00e7\u00e3o Patrimonial do Departamento de Articula\u00e7\u00e3o e Fomento do IPHAN. Realizada na Esta\u00e7\u00e3o &hellip;<\/p>\n","protected":false},"author":1,"featured_media":0,"comment_status":"open","ping_status":"closed","sticky":false,"template":"","format":"standard","meta":{"footnotes":""},"categories":[3],"tags":[],"class_list":["post-302","post","type-post","status-publish","format-standard","hentry","category-noticias"],"yoast_head":"<!-- This site is optimized with the Yoast SEO plugin v26.1.1 - https:\/\/yoast.com\/wordpress\/plugins\/seo\/ -->\n<title>Trem da Vale promove Oficina de Educa\u00e7\u00e3o Patrimonial: Pr\u00e1ticas e Diretrizes conceituais, numa parceria com a Coordenadoria de Educa\u00e7\u00e3o Patrimonial do Departamento de Articula\u00e7\u00e3o e Fomento do IPHAN. &#8212; Trem da Vale<\/title>\n<meta name=\"robots\" content=\"index, follow, max-snippet:-1, max-image-preview:large, max-video-preview:-1\" \/>\n<link rel=\"canonical\" href=\"https:\/\/tremdavale.org\/pt\/trem-da-vale-promove-oficina-de-educacao-patrimonial-praticas-e-diretrizes-conceituais-numa-parceria-com-a-coordenadoria-de-educacao-patrimonial-do-departamento-de-articulacao-e-fomento-do-iphan\/\" \/>\n<meta property=\"og:locale\" content=\"pt_PT\" \/>\n<meta property=\"og:type\" content=\"article\" \/>\n<meta property=\"og:title\" content=\"Trem da Vale promove Oficina de Educa\u00e7\u00e3o Patrimonial: Pr\u00e1ticas e Diretrizes conceituais, numa parceria com a Coordenadoria de Educa\u00e7\u00e3o Patrimonial do Departamento de Articula\u00e7\u00e3o e Fomento do IPHAN. &#8212; Trem da Vale\" \/>\n<meta property=\"og:description\" content=\"Nos dias 02 e 03 de abril, o Programa de Educa\u00e7\u00e3o Patrimonial Trem da Vale promoveu a \u201cOficina de Educa\u00e7\u00e3o Patrimonial: Pr\u00e1ticas e Diretrizes Conceituais\u201d, ministrada pela educadora e cientista social S\u00f4nia Rampim Flor\u00eancio &#8211; Coordenadora de Educa\u00e7\u00e3o Patrimonial do Departamento de Articula\u00e7\u00e3o e Fomento do IPHAN. Realizada na Esta\u00e7\u00e3o &hellip;\" \/>\n<meta property=\"og:url\" content=\"https:\/\/tremdavale.org\/pt\/trem-da-vale-promove-oficina-de-educacao-patrimonial-praticas-e-diretrizes-conceituais-numa-parceria-com-a-coordenadoria-de-educacao-patrimonial-do-departamento-de-articulacao-e-fomento-do-iphan\/\" \/>\n<meta property=\"og:site_name\" content=\"Trem da Vale\" \/>\n<meta property=\"article:published_time\" content=\"2014-04-30T00:05:00+00:00\" \/>\n<meta property=\"article:modified_time\" content=\"2025-10-10T11:57:00+00:00\" \/>\n<meta name=\"author\" content=\"admin\" \/>\n<meta name=\"twitter:card\" content=\"summary_large_image\" \/>\n<meta name=\"twitter:label1\" content=\"Escrito por\" \/>\n\t<meta name=\"twitter:data1\" content=\"admin\" \/>\n\t<meta name=\"twitter:label2\" content=\"Tempo estimado de leitura\" \/>\n\t<meta name=\"twitter:data2\" content=\"4 minutos\" \/>\n<script type=\"application\/ld+json\" class=\"yoast-schema-graph\">{\"@context\":\"https:\/\/schema.org\",\"@graph\":[{\"@type\":\"WebPage\",\"@id\":\"https:\/\/tremdavale.org\/pt\/trem-da-vale-promove-oficina-de-educacao-patrimonial-praticas-e-diretrizes-conceituais-numa-parceria-com-a-coordenadoria-de-educacao-patrimonial-do-departamento-de-articulacao-e-fomento-do-iphan\/\",\"url\":\"https:\/\/tremdavale.org\/pt\/trem-da-vale-promove-oficina-de-educacao-patrimonial-praticas-e-diretrizes-conceituais-numa-parceria-com-a-coordenadoria-de-educacao-patrimonial-do-departamento-de-articulacao-e-fomento-do-iphan\/\",\"name\":\"Trem da Vale promove Oficina de Educa\u00e7\u00e3o Patrimonial: Pr\u00e1ticas e Diretrizes conceituais, numa parceria com a Coordenadoria de Educa\u00e7\u00e3o Patrimonial do Departamento de Articula\u00e7\u00e3o e Fomento do IPHAN. &#8212; Trem da Vale\",\"isPartOf\":{\"@id\":\"https:\/\/tremdavale.org\/pt\/#website\"},\"datePublished\":\"2014-04-30T00:05:00+00:00\",\"dateModified\":\"2025-10-10T11:57:00+00:00\",\"author\":{\"@id\":\"https:\/\/tremdavale.org\/pt\/#\/schema\/person\/50912137d47426d31329f246d02eaeca\"},\"breadcrumb\":{\"@id\":\"https:\/\/tremdavale.org\/pt\/trem-da-vale-promove-oficina-de-educacao-patrimonial-praticas-e-diretrizes-conceituais-numa-parceria-com-a-coordenadoria-de-educacao-patrimonial-do-departamento-de-articulacao-e-fomento-do-iphan\/#breadcrumb\"},\"inLanguage\":\"pt-PT\",\"potentialAction\":[{\"@type\":\"ReadAction\",\"target\":[\"https:\/\/tremdavale.org\/pt\/trem-da-vale-promove-oficina-de-educacao-patrimonial-praticas-e-diretrizes-conceituais-numa-parceria-com-a-coordenadoria-de-educacao-patrimonial-do-departamento-de-articulacao-e-fomento-do-iphan\/\"]}]},{\"@type\":\"BreadcrumbList\",\"@id\":\"https:\/\/tremdavale.org\/pt\/trem-da-vale-promove-oficina-de-educacao-patrimonial-praticas-e-diretrizes-conceituais-numa-parceria-com-a-coordenadoria-de-educacao-patrimonial-do-departamento-de-articulacao-e-fomento-do-iphan\/#breadcrumb\",\"itemListElement\":[{\"@type\":\"ListItem\",\"position\":1,\"name\":\"In\u00edcio\",\"item\":\"https:\/\/tremdavale.org\/pt\/\"},{\"@type\":\"ListItem\",\"position\":2,\"name\":\"Trem da Vale promove Oficina de Educa\u00e7\u00e3o Patrimonial: Pr\u00e1ticas e Diretrizes conceituais, numa parceria com a Coordenadoria de Educa\u00e7\u00e3o Patrimonial do Departamento de Articula\u00e7\u00e3o e Fomento do IPHAN.\"}]},{\"@type\":\"WebSite\",\"@id\":\"https:\/\/tremdavale.org\/pt\/#website\",\"url\":\"https:\/\/tremdavale.org\/pt\/\",\"name\":\"Trem da Vale\",\"description\":\"Programa de Educa\u00e7\u00e3o Patrimonial\",\"potentialAction\":[{\"@type\":\"SearchAction\",\"target\":{\"@type\":\"EntryPoint\",\"urlTemplate\":\"https:\/\/tremdavale.org\/pt\/?s={search_term_string}\"},\"query-input\":{\"@type\":\"PropertyValueSpecification\",\"valueRequired\":true,\"valueName\":\"search_term_string\"}}],\"inLanguage\":\"pt-PT\"},{\"@type\":\"Person\",\"@id\":\"https:\/\/tremdavale.org\/pt\/#\/schema\/person\/50912137d47426d31329f246d02eaeca\",\"name\":\"admin\",\"image\":{\"@type\":\"ImageObject\",\"inLanguage\":\"pt-PT\",\"@id\":\"https:\/\/tremdavale.org\/pt\/#\/schema\/person\/image\/\",\"url\":\"https:\/\/secure.gravatar.com\/avatar\/b3564f0fda6ea47959fe96a4217203e79a167568a37409758659bc3ba443b452?s=96&d=mm&r=g\",\"contentUrl\":\"https:\/\/secure.gravatar.com\/avatar\/b3564f0fda6ea47959fe96a4217203e79a167568a37409758659bc3ba443b452?s=96&d=mm&r=g\",\"caption\":\"admin\"},\"sameAs\":[\"https:\/\/tremdavale.org\"],\"url\":\"https:\/\/tremdavale.org\/pt\/author\/admin\/\"}]}<\/script>\n<!-- \/ Yoast SEO plugin. -->","yoast_head_json":{"title":"Trem da Vale promove Oficina de Educa\u00e7\u00e3o Patrimonial: Pr\u00e1ticas e Diretrizes conceituais, numa parceria com a Coordenadoria de Educa\u00e7\u00e3o Patrimonial do Departamento de Articula\u00e7\u00e3o e Fomento do IPHAN. &#8212; Trem da Vale","robots":{"index":"index","follow":"follow","max-snippet":"max-snippet:-1","max-image-preview":"max-image-preview:large","max-video-preview":"max-video-preview:-1"},"canonical":"https:\/\/tremdavale.org\/pt\/trem-da-vale-promove-oficina-de-educacao-patrimonial-praticas-e-diretrizes-conceituais-numa-parceria-com-a-coordenadoria-de-educacao-patrimonial-do-departamento-de-articulacao-e-fomento-do-iphan\/","og_locale":"pt_PT","og_type":"article","og_title":"Trem da Vale promove Oficina de Educa\u00e7\u00e3o Patrimonial: Pr\u00e1ticas e Diretrizes conceituais, numa parceria com a Coordenadoria de Educa\u00e7\u00e3o Patrimonial do Departamento de Articula\u00e7\u00e3o e Fomento do IPHAN. &#8212; Trem da Vale","og_description":"Nos dias 02 e 03 de abril, o Programa de Educa\u00e7\u00e3o Patrimonial Trem da Vale promoveu a \u201cOficina de Educa\u00e7\u00e3o Patrimonial: Pr\u00e1ticas e Diretrizes Conceituais\u201d, ministrada pela educadora e cientista social S\u00f4nia Rampim Flor\u00eancio &#8211; Coordenadora de Educa\u00e7\u00e3o Patrimonial do Departamento de Articula\u00e7\u00e3o e Fomento do IPHAN. Realizada na Esta\u00e7\u00e3o &hellip;","og_url":"https:\/\/tremdavale.org\/pt\/trem-da-vale-promove-oficina-de-educacao-patrimonial-praticas-e-diretrizes-conceituais-numa-parceria-com-a-coordenadoria-de-educacao-patrimonial-do-departamento-de-articulacao-e-fomento-do-iphan\/","og_site_name":"Trem da Vale","article_published_time":"2014-04-30T00:05:00+00:00","article_modified_time":"2025-10-10T11:57:00+00:00","author":"admin","twitter_card":"summary_large_image","twitter_misc":{"Escrito por":"admin","Tempo estimado de leitura":"4 minutos"},"schema":{"@context":"https:\/\/schema.org","@graph":[{"@type":"WebPage","@id":"https:\/\/tremdavale.org\/pt\/trem-da-vale-promove-oficina-de-educacao-patrimonial-praticas-e-diretrizes-conceituais-numa-parceria-com-a-coordenadoria-de-educacao-patrimonial-do-departamento-de-articulacao-e-fomento-do-iphan\/","url":"https:\/\/tremdavale.org\/pt\/trem-da-vale-promove-oficina-de-educacao-patrimonial-praticas-e-diretrizes-conceituais-numa-parceria-com-a-coordenadoria-de-educacao-patrimonial-do-departamento-de-articulacao-e-fomento-do-iphan\/","name":"Trem da Vale promove Oficina de Educa\u00e7\u00e3o Patrimonial: Pr\u00e1ticas e Diretrizes conceituais, numa parceria com a Coordenadoria de Educa\u00e7\u00e3o Patrimonial do Departamento de Articula\u00e7\u00e3o e Fomento do IPHAN. &#8212; Trem da Vale","isPartOf":{"@id":"https:\/\/tremdavale.org\/pt\/#website"},"datePublished":"2014-04-30T00:05:00+00:00","dateModified":"2025-10-10T11:57:00+00:00","author":{"@id":"https:\/\/tremdavale.org\/pt\/#\/schema\/person\/50912137d47426d31329f246d02eaeca"},"breadcrumb":{"@id":"https:\/\/tremdavale.org\/pt\/trem-da-vale-promove-oficina-de-educacao-patrimonial-praticas-e-diretrizes-conceituais-numa-parceria-com-a-coordenadoria-de-educacao-patrimonial-do-departamento-de-articulacao-e-fomento-do-iphan\/#breadcrumb"},"inLanguage":"pt-PT","potentialAction":[{"@type":"ReadAction","target":["https:\/\/tremdavale.org\/pt\/trem-da-vale-promove-oficina-de-educacao-patrimonial-praticas-e-diretrizes-conceituais-numa-parceria-com-a-coordenadoria-de-educacao-patrimonial-do-departamento-de-articulacao-e-fomento-do-iphan\/"]}]},{"@type":"BreadcrumbList","@id":"https:\/\/tremdavale.org\/pt\/trem-da-vale-promove-oficina-de-educacao-patrimonial-praticas-e-diretrizes-conceituais-numa-parceria-com-a-coordenadoria-de-educacao-patrimonial-do-departamento-de-articulacao-e-fomento-do-iphan\/#breadcrumb","itemListElement":[{"@type":"ListItem","position":1,"name":"In\u00edcio","item":"https:\/\/tremdavale.org\/pt\/"},{"@type":"ListItem","position":2,"name":"Trem da Vale promove Oficina de Educa\u00e7\u00e3o Patrimonial: Pr\u00e1ticas e Diretrizes conceituais, numa parceria com a Coordenadoria de Educa\u00e7\u00e3o Patrimonial do Departamento de Articula\u00e7\u00e3o e Fomento do IPHAN."}]},{"@type":"WebSite","@id":"https:\/\/tremdavale.org\/pt\/#website","url":"https:\/\/tremdavale.org\/pt\/","name":"Trem da Vale","description":"Programa de Educa\u00e7\u00e3o Patrimonial","potentialAction":[{"@type":"SearchAction","target":{"@type":"EntryPoint","urlTemplate":"https:\/\/tremdavale.org\/pt\/?s={search_term_string}"},"query-input":{"@type":"PropertyValueSpecification","valueRequired":true,"valueName":"search_term_string"}}],"inLanguage":"pt-PT"},{"@type":"Person","@id":"https:\/\/tremdavale.org\/pt\/#\/schema\/person\/50912137d47426d31329f246d02eaeca","name":"admin","image":{"@type":"ImageObject","inLanguage":"pt-PT","@id":"https:\/\/tremdavale.org\/pt\/#\/schema\/person\/image\/","url":"https:\/\/secure.gravatar.com\/avatar\/b3564f0fda6ea47959fe96a4217203e79a167568a37409758659bc3ba443b452?s=96&d=mm&r=g","contentUrl":"https:\/\/secure.gravatar.com\/avatar\/b3564f0fda6ea47959fe96a4217203e79a167568a37409758659bc3ba443b452?s=96&d=mm&r=g","caption":"admin"},"sameAs":["https:\/\/tremdavale.org"],"url":"https:\/\/tremdavale.org\/pt\/author\/admin\/"}]}},"_links":{"self":[{"href":"https:\/\/tremdavale.org\/pt\/wp-json\/wp\/v2\/posts\/302","targetHints":{"allow":["GET"]}}],"collection":[{"href":"https:\/\/tremdavale.org\/pt\/wp-json\/wp\/v2\/posts"}],"about":[{"href":"https:\/\/tremdavale.org\/pt\/wp-json\/wp\/v2\/types\/post"}],"author":[{"embeddable":true,"href":"https:\/\/tremdavale.org\/pt\/wp-json\/wp\/v2\/users\/1"}],"replies":[{"embeddable":true,"href":"https:\/\/tremdavale.org\/pt\/wp-json\/wp\/v2\/comments?post=302"}],"version-history":[{"count":0,"href":"https:\/\/tremdavale.org\/pt\/wp-json\/wp\/v2\/posts\/302\/revisions"}],"wp:attachment":[{"href":"https:\/\/tremdavale.org\/pt\/wp-json\/wp\/v2\/media?parent=302"}],"wp:term":[{"taxonomy":"category","embeddable":true,"href":"https:\/\/tremdavale.org\/pt\/wp-json\/wp\/v2\/categories?post=302"},{"taxonomy":"post_tag","embeddable":true,"href":"https:\/\/tremdavale.org\/pt\/wp-json\/wp\/v2\/tags?post=302"}],"curies":[{"name":"wp","href":"https:\/\/api.w.org\/{rel}","templated":true}]}}