{"id":303,"date":"2013-08-25T05:19:00","date_gmt":"2013-08-25T05:19:00","guid":{"rendered":"https:\/\/tremdavale.org\/?p=303"},"modified":"2025-10-10T11:57:00","modified_gmt":"2025-10-10T11:57:00","slug":"trem-da-vale-promove-sarau-as-sem-razoes-do-amor","status":"publish","type":"post","link":"https:\/\/tremdavale.org\/pt\/trem-da-vale-promove-sarau-as-sem-razoes-do-amor\/","title":{"rendered":"Trem da Vale promove Sarau \u201cAs sem raz\u00f5es do amor\u201d"},"content":{"rendered":"<p>Na tarde do \u00faltimo s\u00e1bado, 20 de <span>julho<\/span>, o Programa de Educa\u00e7\u00e3o Patrimonial Trem da Vale, por meio das Bibliotecas Infantojuvenis das Esta\u00e7\u00f5es, promoveu o Sarau <strong>\u201cAs sem-raz\u00f5es do amor\u201d<\/strong>, na Tenda Cultural da Esta\u00e7\u00e3o de Ouro Preto.<\/p>\n<p><span style=\"font-size: 13px; line-height: 19px;\">Inserido no \u00e2mbito do Festival de Inverno de Ouro Preto e Mariana \u2013 F\u00f3rum das Artes 2013, que tem como tema a diversidade, o Sarau \u201cAs sem-raz\u00f5es do amor\u201d abrangeu um repert\u00f3rio musical e de poemas, contos e excertos de textos que contemplam a tem\u00e1tica do \u2018tresloucado amor\u2019, em suas diversas formas de express\u00e3o.<\/span><\/p>\n<p>&nbsp;<\/p>\n<p><span style=\"font-size: 13px; line-height: 19px;\">Este<\/span> <span style=\"font-size: 13px; line-height: 19px;\">sarau, de t\u00edtulo hom\u00f4nimo a um poema de Carlos Drumonnd de Andrade, teve seu enredo inspirado nas hist\u00f3rias de amor de personagens tradicionais locais: especialmente a hist\u00f3ria de amor de Mar\u00edlia e Dirceu, o amor proibido de Sinh\u00e1 Ol\u00edmpia e o amor imposs\u00edvel de Alphonsus de Guimaraens; que foi desenvolvido a partir da Lenda do Amor (uma lenda Argentina) e de excertos do Serm\u00e3o do Mandato (ou \u201cDos rem\u00e9dios do amor), de Pe. Antonio Vieira (1643), que explicitam o amor infinito, incondicional e transcendente.<\/span><\/p>\n<p>&nbsp;<\/p>\n<p><span style=\"font-size: 13px; line-height: 19px;\">Al\u00e9m da declama\u00e7\u00e3o de poemas, o sarau contemplou interven\u00e7\u00f5es c\u00eanicas &#8211; o grupo escalado foi a<\/span> <span style=\"font-size: 13px; line-height: 19px;\">Cia.<\/span> <span style=\"font-size: 13px; line-height: 19px;\">Teatral Onkara, formado por estudantes do Curso de Artes C\u00eanicas da UFOP (Dhu Rocha &#8211; Bobo-Arauto; Rachel Mitidiere &#8211; Sinh\u00e1 Ol\u00edmpia; Giovany da Silva &#8211; Alphonsus de Guimaraens; T\u00e1bata Iori &#8211; Mar\u00edlia; Augusto Mesquita &#8211; Dirce). A execu\u00e7\u00e3o do repertorio musical ficou a cargo do quarteto&nbsp;formado por \u00c9rika Curtiss&nbsp;(Voz),&nbsp;Fernando Costa (voz e viol\u00e3o), Gertison Vagner&nbsp;(percuss\u00e3o) e Tony Jr. (contrabaixo).<\/span><\/p>\n<p>&nbsp;<\/p>\n<p><span style=\"font-size: 13px; line-height: 19px;\">A cenografia do sarau consistiu numa reprodu\u00e7\u00e3o po\u00e9tica de um ambiente de escrit\u00f3rio do Alphonsus de Guimar\u00e3es conjugado com uma sala de visitas da Sinh\u00e1 Ol\u00edmpia &#8211; mesas, sof\u00e1s, arm\u00e1rio de livros, tapete, casti\u00e7ais, dentre outros elementos, compuseram, na Tenda envolta de bolas vermelhas dependuradas no teto como se fossem \u201clumin\u00e1rias em movimento\u201d caracterizando um cen\u00e1rio l\u00edrico.<\/span><\/p>\n<p><img loading=\"lazy\" decoding=\"async\" class=\"size-medium\" title=\"sarau-amor-020\" src=\"\/wp-content\/uploads\/sarau-amor-020-300x199.jpg\" alt=\"sarau-amor-020\" width=\"300\" height=\"199\"><\/p>\n<p>&nbsp;<\/p>\n<p><img loading=\"lazy\" decoding=\"async\" class=\"size-medium\" title=\"sarau-amor-067\" src=\"\/wp-content\/uploads\/sarau-amor-067-300x199.jpg\" alt=\"sarau-amor-067\" width=\"300\" height=\"199\"><\/p>\n<p>Interven\u00e7\u00f5es c\u00eanicas da Cia. Teatral Onkara, no coreto em frente \u00e0 Esta\u00e7\u00e3o de Ouro Preto. Foto: Maril\u00eane Marinho<\/p>\n<p>&nbsp;<\/p>\n<p><img loading=\"lazy\" decoding=\"async\" class=\"size-medium\" title=\"sarau-amor-255\" src=\"\/wp-content\/uploads\/sarau-amor-255-300x199.jpg\" alt=\"sarau-amor-255\" width=\"300\" height=\"199\"><\/p>\n<p>&nbsp;<\/p>\n<p><span style=\"font-size: 13px; line-height: 19px;\"><a href=\"\/wp-content\/uploads\/sarau-amor-067.jpg\"><\/p>\n<p><span style=\"font-size: 13px; line-height: 19px;\"><span style=\"font-size: 13px; line-height: 19px;\"><span style=\"font-size: 13px; line-height: 19px;\">&nbsp;<\/span><\/span><\/span><\/p>\n<p><span style=\"font-size: 13px; line-height: 19px;\"><span style=\"font-size: 13px; line-height: 19px;\"><\/span><\/span><\/p>\n<p><\/a><\/span><\/p>\n<p><span style=\"font-size: 13px; line-height: 19px;\"><\/span><\/p>\n<p><span style=\"font-size: 13px; line-height: 19px;\"><\/span><\/p>\n<p><span style=\"font-size: 13px; line-height: 19px;\"><\/span><\/p>\n<p><span style=\"font-size: 13px; line-height: 19px;\"><\/span><\/p>\n<p>&nbsp;<\/p>\n","protected":false},"excerpt":{"rendered":"<p>Na tarde do \u00faltimo s\u00e1bado, 20 de julho, o Programa de Educa\u00e7\u00e3o Patrimonial Trem da Vale, por meio das Bibliotecas Infantojuvenis das Esta\u00e7\u00f5es, promoveu o Sarau \u201cAs sem-raz\u00f5es do amor\u201d, na Tenda Cultural da Esta\u00e7\u00e3o de Ouro Preto. Inserido no \u00e2mbito do Festival de Inverno de Ouro Preto e Mariana &hellip;<\/p>\n","protected":false},"author":1,"featured_media":544,"comment_status":"open","ping_status":"closed","sticky":false,"template":"","format":"standard","meta":{"footnotes":""},"categories":[2],"tags":[],"class_list":["post-303","post","type-post","status-publish","format-standard","has-post-thumbnail","hentry","category-destaques-home"],"yoast_head":"<!-- This site is optimized with the Yoast SEO plugin v26.1.1 - https:\/\/yoast.com\/wordpress\/plugins\/seo\/ -->\n<title>Trem da Vale promove Sarau \u201cAs sem raz\u00f5es do amor\u201d &#8212; Trem da Vale<\/title>\n<meta name=\"robots\" content=\"index, follow, max-snippet:-1, max-image-preview:large, max-video-preview:-1\" \/>\n<link rel=\"canonical\" href=\"https:\/\/tremdavale.org\/pt\/trem-da-vale-promove-sarau-as-sem-razoes-do-amor\/\" \/>\n<meta property=\"og:locale\" content=\"pt_PT\" \/>\n<meta property=\"og:type\" content=\"article\" \/>\n<meta property=\"og:title\" content=\"Trem da Vale promove Sarau \u201cAs sem raz\u00f5es do amor\u201d &#8212; Trem da Vale\" \/>\n<meta property=\"og:description\" content=\"Na tarde do \u00faltimo s\u00e1bado, 20 de julho, o Programa de Educa\u00e7\u00e3o Patrimonial Trem da Vale, por meio das Bibliotecas Infantojuvenis das Esta\u00e7\u00f5es, promoveu o Sarau \u201cAs sem-raz\u00f5es do amor\u201d, na Tenda Cultural da Esta\u00e7\u00e3o de Ouro Preto. Inserido no \u00e2mbito do Festival de Inverno de Ouro Preto e Mariana &hellip;\" \/>\n<meta property=\"og:url\" content=\"https:\/\/tremdavale.org\/pt\/trem-da-vale-promove-sarau-as-sem-razoes-do-amor\/\" \/>\n<meta property=\"og:site_name\" content=\"Trem da Vale\" \/>\n<meta property=\"article:published_time\" content=\"2013-08-25T05:19:00+00:00\" \/>\n<meta property=\"article:modified_time\" content=\"2025-10-10T11:57:00+00:00\" \/>\n<meta property=\"og:image\" content=\"https:\/\/tremdavale.org\/wp-content\/uploads\/sarau-amor-020-300x199.jpg\" \/>\n\t<meta property=\"og:image:width\" content=\"300\" \/>\n\t<meta property=\"og:image:height\" content=\"199\" \/>\n\t<meta property=\"og:image:type\" content=\"image\/jpeg\" \/>\n<meta name=\"author\" content=\"admin\" \/>\n<meta name=\"twitter:card\" content=\"summary_large_image\" \/>\n<meta name=\"twitter:label1\" content=\"Escrito por\" \/>\n\t<meta name=\"twitter:data1\" content=\"admin\" \/>\n\t<meta name=\"twitter:label2\" content=\"Tempo estimado de leitura\" \/>\n\t<meta name=\"twitter:data2\" content=\"2 minutos\" \/>\n<script type=\"application\/ld+json\" class=\"yoast-schema-graph\">{\"@context\":\"https:\/\/schema.org\",\"@graph\":[{\"@type\":\"WebPage\",\"@id\":\"https:\/\/tremdavale.org\/pt\/trem-da-vale-promove-sarau-as-sem-razoes-do-amor\/\",\"url\":\"https:\/\/tremdavale.org\/pt\/trem-da-vale-promove-sarau-as-sem-razoes-do-amor\/\",\"name\":\"Trem da Vale promove Sarau \u201cAs sem raz\u00f5es do amor\u201d &#8212; Trem da Vale\",\"isPartOf\":{\"@id\":\"https:\/\/tremdavale.org\/pt\/#website\"},\"primaryImageOfPage\":{\"@id\":\"https:\/\/tremdavale.org\/pt\/trem-da-vale-promove-sarau-as-sem-razoes-do-amor\/#primaryimage\"},\"image\":{\"@id\":\"https:\/\/tremdavale.org\/pt\/trem-da-vale-promove-sarau-as-sem-razoes-do-amor\/#primaryimage\"},\"thumbnailUrl\":\"https:\/\/tremdavale.org\/wp-content\/uploads\/sarau-amor-020-300x199.jpg\",\"datePublished\":\"2013-08-25T05:19:00+00:00\",\"dateModified\":\"2025-10-10T11:57:00+00:00\",\"author\":{\"@id\":\"https:\/\/tremdavale.org\/pt\/#\/schema\/person\/50912137d47426d31329f246d02eaeca\"},\"breadcrumb\":{\"@id\":\"https:\/\/tremdavale.org\/pt\/trem-da-vale-promove-sarau-as-sem-razoes-do-amor\/#breadcrumb\"},\"inLanguage\":\"pt-PT\",\"potentialAction\":[{\"@type\":\"ReadAction\",\"target\":[\"https:\/\/tremdavale.org\/pt\/trem-da-vale-promove-sarau-as-sem-razoes-do-amor\/\"]}]},{\"@type\":\"ImageObject\",\"inLanguage\":\"pt-PT\",\"@id\":\"https:\/\/tremdavale.org\/pt\/trem-da-vale-promove-sarau-as-sem-razoes-do-amor\/#primaryimage\",\"url\":\"https:\/\/tremdavale.org\/wp-content\/uploads\/sarau-amor-020-300x199.jpg\",\"contentUrl\":\"https:\/\/tremdavale.org\/wp-content\/uploads\/sarau-amor-020-300x199.jpg\",\"width\":300,\"height\":199},{\"@type\":\"BreadcrumbList\",\"@id\":\"https:\/\/tremdavale.org\/pt\/trem-da-vale-promove-sarau-as-sem-razoes-do-amor\/#breadcrumb\",\"itemListElement\":[{\"@type\":\"ListItem\",\"position\":1,\"name\":\"In\u00edcio\",\"item\":\"https:\/\/tremdavale.org\/pt\/\"},{\"@type\":\"ListItem\",\"position\":2,\"name\":\"Trem da Vale promove Sarau \u201cAs sem raz\u00f5es do amor\u201d\"}]},{\"@type\":\"WebSite\",\"@id\":\"https:\/\/tremdavale.org\/pt\/#website\",\"url\":\"https:\/\/tremdavale.org\/pt\/\",\"name\":\"Trem da Vale\",\"description\":\"Programa de Educa\u00e7\u00e3o Patrimonial\",\"potentialAction\":[{\"@type\":\"SearchAction\",\"target\":{\"@type\":\"EntryPoint\",\"urlTemplate\":\"https:\/\/tremdavale.org\/pt\/?s={search_term_string}\"},\"query-input\":{\"@type\":\"PropertyValueSpecification\",\"valueRequired\":true,\"valueName\":\"search_term_string\"}}],\"inLanguage\":\"pt-PT\"},{\"@type\":\"Person\",\"@id\":\"https:\/\/tremdavale.org\/pt\/#\/schema\/person\/50912137d47426d31329f246d02eaeca\",\"name\":\"admin\",\"image\":{\"@type\":\"ImageObject\",\"inLanguage\":\"pt-PT\",\"@id\":\"https:\/\/tremdavale.org\/pt\/#\/schema\/person\/image\/\",\"url\":\"https:\/\/secure.gravatar.com\/avatar\/b3564f0fda6ea47959fe96a4217203e79a167568a37409758659bc3ba443b452?s=96&d=mm&r=g\",\"contentUrl\":\"https:\/\/secure.gravatar.com\/avatar\/b3564f0fda6ea47959fe96a4217203e79a167568a37409758659bc3ba443b452?s=96&d=mm&r=g\",\"caption\":\"admin\"},\"sameAs\":[\"https:\/\/tremdavale.org\"],\"url\":\"https:\/\/tremdavale.org\/pt\/author\/admin\/\"}]}<\/script>\n<!-- \/ Yoast SEO plugin. -->","yoast_head_json":{"title":"Trem da Vale promove Sarau \u201cAs sem raz\u00f5es do amor\u201d &#8212; Trem da Vale","robots":{"index":"index","follow":"follow","max-snippet":"max-snippet:-1","max-image-preview":"max-image-preview:large","max-video-preview":"max-video-preview:-1"},"canonical":"https:\/\/tremdavale.org\/pt\/trem-da-vale-promove-sarau-as-sem-razoes-do-amor\/","og_locale":"pt_PT","og_type":"article","og_title":"Trem da Vale promove Sarau \u201cAs sem raz\u00f5es do amor\u201d &#8212; Trem da Vale","og_description":"Na tarde do \u00faltimo s\u00e1bado, 20 de julho, o Programa de Educa\u00e7\u00e3o Patrimonial Trem da Vale, por meio das Bibliotecas Infantojuvenis das Esta\u00e7\u00f5es, promoveu o Sarau \u201cAs sem-raz\u00f5es do amor\u201d, na Tenda Cultural da Esta\u00e7\u00e3o de Ouro Preto. Inserido no \u00e2mbito do Festival de Inverno de Ouro Preto e Mariana &hellip;","og_url":"https:\/\/tremdavale.org\/pt\/trem-da-vale-promove-sarau-as-sem-razoes-do-amor\/","og_site_name":"Trem da Vale","article_published_time":"2013-08-25T05:19:00+00:00","article_modified_time":"2025-10-10T11:57:00+00:00","og_image":[{"width":300,"height":199,"url":"https:\/\/tremdavale.org\/wp-content\/uploads\/sarau-amor-020-300x199.jpg","type":"image\/jpeg"}],"author":"admin","twitter_card":"summary_large_image","twitter_misc":{"Escrito por":"admin","Tempo estimado de leitura":"2 minutos"},"schema":{"@context":"https:\/\/schema.org","@graph":[{"@type":"WebPage","@id":"https:\/\/tremdavale.org\/pt\/trem-da-vale-promove-sarau-as-sem-razoes-do-amor\/","url":"https:\/\/tremdavale.org\/pt\/trem-da-vale-promove-sarau-as-sem-razoes-do-amor\/","name":"Trem da Vale promove Sarau \u201cAs sem raz\u00f5es do amor\u201d &#8212; Trem da Vale","isPartOf":{"@id":"https:\/\/tremdavale.org\/pt\/#website"},"primaryImageOfPage":{"@id":"https:\/\/tremdavale.org\/pt\/trem-da-vale-promove-sarau-as-sem-razoes-do-amor\/#primaryimage"},"image":{"@id":"https:\/\/tremdavale.org\/pt\/trem-da-vale-promove-sarau-as-sem-razoes-do-amor\/#primaryimage"},"thumbnailUrl":"https:\/\/tremdavale.org\/wp-content\/uploads\/sarau-amor-020-300x199.jpg","datePublished":"2013-08-25T05:19:00+00:00","dateModified":"2025-10-10T11:57:00+00:00","author":{"@id":"https:\/\/tremdavale.org\/pt\/#\/schema\/person\/50912137d47426d31329f246d02eaeca"},"breadcrumb":{"@id":"https:\/\/tremdavale.org\/pt\/trem-da-vale-promove-sarau-as-sem-razoes-do-amor\/#breadcrumb"},"inLanguage":"pt-PT","potentialAction":[{"@type":"ReadAction","target":["https:\/\/tremdavale.org\/pt\/trem-da-vale-promove-sarau-as-sem-razoes-do-amor\/"]}]},{"@type":"ImageObject","inLanguage":"pt-PT","@id":"https:\/\/tremdavale.org\/pt\/trem-da-vale-promove-sarau-as-sem-razoes-do-amor\/#primaryimage","url":"https:\/\/tremdavale.org\/wp-content\/uploads\/sarau-amor-020-300x199.jpg","contentUrl":"https:\/\/tremdavale.org\/wp-content\/uploads\/sarau-amor-020-300x199.jpg","width":300,"height":199},{"@type":"BreadcrumbList","@id":"https:\/\/tremdavale.org\/pt\/trem-da-vale-promove-sarau-as-sem-razoes-do-amor\/#breadcrumb","itemListElement":[{"@type":"ListItem","position":1,"name":"In\u00edcio","item":"https:\/\/tremdavale.org\/pt\/"},{"@type":"ListItem","position":2,"name":"Trem da Vale promove Sarau \u201cAs sem raz\u00f5es do amor\u201d"}]},{"@type":"WebSite","@id":"https:\/\/tremdavale.org\/pt\/#website","url":"https:\/\/tremdavale.org\/pt\/","name":"Trem da Vale","description":"Programa de Educa\u00e7\u00e3o Patrimonial","potentialAction":[{"@type":"SearchAction","target":{"@type":"EntryPoint","urlTemplate":"https:\/\/tremdavale.org\/pt\/?s={search_term_string}"},"query-input":{"@type":"PropertyValueSpecification","valueRequired":true,"valueName":"search_term_string"}}],"inLanguage":"pt-PT"},{"@type":"Person","@id":"https:\/\/tremdavale.org\/pt\/#\/schema\/person\/50912137d47426d31329f246d02eaeca","name":"admin","image":{"@type":"ImageObject","inLanguage":"pt-PT","@id":"https:\/\/tremdavale.org\/pt\/#\/schema\/person\/image\/","url":"https:\/\/secure.gravatar.com\/avatar\/b3564f0fda6ea47959fe96a4217203e79a167568a37409758659bc3ba443b452?s=96&d=mm&r=g","contentUrl":"https:\/\/secure.gravatar.com\/avatar\/b3564f0fda6ea47959fe96a4217203e79a167568a37409758659bc3ba443b452?s=96&d=mm&r=g","caption":"admin"},"sameAs":["https:\/\/tremdavale.org"],"url":"https:\/\/tremdavale.org\/pt\/author\/admin\/"}]}},"_links":{"self":[{"href":"https:\/\/tremdavale.org\/pt\/wp-json\/wp\/v2\/posts\/303","targetHints":{"allow":["GET"]}}],"collection":[{"href":"https:\/\/tremdavale.org\/pt\/wp-json\/wp\/v2\/posts"}],"about":[{"href":"https:\/\/tremdavale.org\/pt\/wp-json\/wp\/v2\/types\/post"}],"author":[{"embeddable":true,"href":"https:\/\/tremdavale.org\/pt\/wp-json\/wp\/v2\/users\/1"}],"replies":[{"embeddable":true,"href":"https:\/\/tremdavale.org\/pt\/wp-json\/wp\/v2\/comments?post=303"}],"version-history":[{"count":0,"href":"https:\/\/tremdavale.org\/pt\/wp-json\/wp\/v2\/posts\/303\/revisions"}],"wp:featuredmedia":[{"embeddable":true,"href":"https:\/\/tremdavale.org\/pt\/wp-json\/wp\/v2\/media\/544"}],"wp:attachment":[{"href":"https:\/\/tremdavale.org\/pt\/wp-json\/wp\/v2\/media?parent=303"}],"wp:term":[{"taxonomy":"category","embeddable":true,"href":"https:\/\/tremdavale.org\/pt\/wp-json\/wp\/v2\/categories?post=303"},{"taxonomy":"post_tag","embeddable":true,"href":"https:\/\/tremdavale.org\/pt\/wp-json\/wp\/v2\/tags?post=303"}],"curies":[{"name":"wp","href":"https:\/\/api.w.org\/{rel}","templated":true}]}}