{"id":304,"date":"2014-04-29T23:45:00","date_gmt":"2014-04-29T23:45:00","guid":{"rendered":"https:\/\/tremdavale.org\/?p=304"},"modified":"2025-10-10T11:57:00","modified_gmt":"2025-10-10T11:57:00","slug":"trem-da-vale-promove-sarau-infantil-e-o-bicho","status":"publish","type":"post","link":"https:\/\/tremdavale.org\/pt\/trem-da-vale-promove-sarau-infantil-e-o-bicho\/","title":{"rendered":"Trem da Vale promove Sarau Infantil \u2018\u00c9 o Bicho!\u2019 e homenageia as crian\u00e7as e o \u2018poetinha camarada\u2019 Vin\u00edcius de Moraes"},"content":{"rendered":"<p>Na \u00faltima sexta-feira, 11 de outubro, no \u00e2mbito das programa\u00e7\u00f5es do M\u00eas da Crian\u00e7a nas Esta\u00e7\u00f5es, o Programa Trem da Vale, por meio das Bibliotecas Infantojuvenis das Esta\u00e7\u00f5es, promoveu o Sarau \u201c\u00c9 o Bicho!\u201d, na Tenda Cultural da Esta\u00e7\u00e3o de Ouro Preto.<\/p>\n<p>Esse sarau, cujo t\u00edtulo foi inspirado no Cordel \u201cQue Bicho \u00e9?\u201d, de Oleg\u00e1rio Alfredo, contemplou poemas que retratam o universo l\u00fadico e inusitado dos animais, onde os bichos s\u00e3o os protagonistas. No repert\u00f3rio musical, destaque para as can\u00e7\u00f5es do \u00c1lbum \u201cA Arca de No\u00e9\u201d, em homenagem ao \u201cPoetinha Camarada\u201d &#8211; Vin\u00edcius de Moraes, que completaria 100 anos nesse m\u00eas de outubro.<\/p>\n<p>Para o cen\u00e1rio, foi montado um \u201cClube dos Bichos\u201d, com uma Biblioteca comandada por uma Coruja inteligent\u00edssima, que adora estar entre os livros, e frequentada por um Pato muito sabido, mas todo atabalhoado; um Macaco vaidoso, que se acha \u2018o cara\u2019; um Gato muito esperto e sabich\u00e3o; uma Galinha muito aloprada e divertida; al\u00e9m de um Pinguim bonach\u00e3o e um&nbsp;Peru jocoso, que \u00e0s vezes resolvem dar o ar da gra\u00e7a. Esses bichos, arautos desse sarau, foram incorporados pelo grupo teatral formado por alunos do curso de artes c\u00eanicas da UFOP: Beatriz Mendes (A coruja), Carlos Tobias (o macaco), Felipe Cunha (o pato), Isabela Gomes (a galinha) e Vin\u00edcius Amorim (o ping\u00fcim e o peru).<\/p>\n<p>O repert\u00f3rio musical ficou a cargo do trio \u00c9rika Curtiss (voz), Fernando Costa&nbsp; (viol\u00e3o de 7 cordas) e Gertison Mendes (Percuteria).<\/p>\n<p>As crian\u00e7as presentes no sarau interagiram e se divertiram com os bichos e cantaram junto com o grupo musical, especialmente as m\u00fasicas mais populares do \u00c1lbum \u201cA Arca de No\u00e9\u201d, como \u201cA Casa\u201d e \u201cO Pato\u201d. Um grupo de crian\u00e7as participou declamando poemas previamente selecionados.<\/p>\n<p>\u201cO Sarau foi um momento encantador para os professores, quanto mais para os alunos. Fechamos a comemora\u00e7\u00e3o da Semana da Crian\u00e7a com chave de ouro\u201d, disse a Profa. Rosaura Mendes, da E. E. Mar\u00edlia de Dirceu.<\/p>\n<p>O evento contou com a participa\u00e7\u00e3o de crian\u00e7as e professores do 3\u00ba ao 5\u00ba anos das Escolas \u201cEstadual Mar\u00edlia de Dirceu\u201d e \u201cMunicipal Izaura Mendes\u201d, totalizando cerca de 100 pessoas.<\/p>\n<p>Ao final do Sarau, <em>a bicharada<\/em> conduziu as crian\u00e7as at\u00e9 a frente da Esta\u00e7\u00e3o, onde aconteceu a Chuva de Poesias para Crian\u00e7as, do Tipoeta (poeta e tip\u00f3grafo ) ouro-pretano Guilherme Mansur, numa celebra\u00e7\u00e3o \u00e0 crian\u00e7a e \u00e0 poesia.<\/p>\n<p>&nbsp;<\/p>\n<p><img loading=\"lazy\" decoding=\"async\" class=\"size-medium\" title=\"14\" src=\"\/wp-content\/uploads\/14-300x199.jpg\" alt=\"Sarau '\u00c9 o Bicho!' - cen\u00e1rio montado na Tenda Cultural da Esta\u00e7\u00e3o de Ouro Preto\" width=\"300\" height=\"199\"><\/p>\n<p>Sarau &#8216;\u00c9 o Bicho!&#8217; &#8211; cen\u00e1rio montado na Tenda Cultural da Esta\u00e7\u00e3o de Ouro Preto.<\/p>\n<p>&nbsp;<\/p>\n<p><img loading=\"lazy\" decoding=\"async\" class=\"size-medium\" title=\"39\" src=\"\/wp-content\/uploads\/39-300x200.jpg\" alt=\"Trio Musical do Sarau '\u00c9 o Bicho!': \u00c9rika Curtiss, Fernando Cota e Gertison Mendes\" width=\"300\" height=\"200\"><\/p>\n<p>Trio Musical do Sarau &#8216;\u00c9 o Bicho!&#8217;: \u00c9rika Curtiss, Fernando Cota e Gertison Mendes.<\/p>\n<p>&nbsp;<\/p>\n<p><img loading=\"lazy\" decoding=\"async\" class=\"size-medium\" title=\"54\" src=\"\/wp-content\/uploads\/54-300x199.jpg\" alt=\"Sarau '\u00c9 o Bicho!': Participa\u00e7\u00e3o do p\u00fablico infantil declamando poemas\" width=\"300\" height=\"199\"><\/p>\n<p>Montagem do Sarau &#8216;\u00c9 o Bicho!&#8217;: Participa\u00e7\u00e3o do p\u00fablico infantil declamando poemas.<\/p>\n<p>&nbsp;<\/p>\n","protected":false},"excerpt":{"rendered":"<p>Na \u00faltima sexta-feira, 11 de outubro, no \u00e2mbito das programa\u00e7\u00f5es do M\u00eas da Crian\u00e7a nas Esta\u00e7\u00f5es, o Programa Trem da Vale, por meio das Bibliotecas Infantojuvenis das Esta\u00e7\u00f5es, promoveu o Sarau \u201c\u00c9 o Bicho!\u201d, na Tenda Cultural da Esta\u00e7\u00e3o de Ouro Preto. Esse sarau, cujo t\u00edtulo foi inspirado no Cordel &hellip;<\/p>\n","protected":false},"author":1,"featured_media":545,"comment_status":"open","ping_status":"closed","sticky":false,"template":"","format":"standard","meta":{"footnotes":""},"categories":[3],"tags":[],"class_list":["post-304","post","type-post","status-publish","format-standard","has-post-thumbnail","hentry","category-noticias"],"yoast_head":"<!-- This site is optimized with the Yoast SEO plugin v26.1.1 - https:\/\/yoast.com\/wordpress\/plugins\/seo\/ -->\n<title>Trem da Vale promove Sarau Infantil \u2018\u00c9 o Bicho!\u2019 e homenageia as crian\u00e7as e o \u2018poetinha camarada\u2019 Vin\u00edcius de Moraes &#8212; Trem da Vale<\/title>\n<meta name=\"robots\" content=\"index, follow, max-snippet:-1, max-image-preview:large, max-video-preview:-1\" \/>\n<link rel=\"canonical\" href=\"https:\/\/tremdavale.org\/pt\/trem-da-vale-promove-sarau-infantil-e-o-bicho\/\" \/>\n<meta property=\"og:locale\" content=\"pt_PT\" \/>\n<meta property=\"og:type\" content=\"article\" \/>\n<meta property=\"og:title\" content=\"Trem da Vale promove Sarau Infantil \u2018\u00c9 o Bicho!\u2019 e homenageia as crian\u00e7as e o \u2018poetinha camarada\u2019 Vin\u00edcius de Moraes &#8212; Trem da Vale\" \/>\n<meta property=\"og:description\" content=\"Na \u00faltima sexta-feira, 11 de outubro, no \u00e2mbito das programa\u00e7\u00f5es do M\u00eas da Crian\u00e7a nas Esta\u00e7\u00f5es, o Programa Trem da Vale, por meio das Bibliotecas Infantojuvenis das Esta\u00e7\u00f5es, promoveu o Sarau \u201c\u00c9 o Bicho!\u201d, na Tenda Cultural da Esta\u00e7\u00e3o de Ouro Preto. Esse sarau, cujo t\u00edtulo foi inspirado no Cordel &hellip;\" \/>\n<meta property=\"og:url\" content=\"https:\/\/tremdavale.org\/pt\/trem-da-vale-promove-sarau-infantil-e-o-bicho\/\" \/>\n<meta property=\"og:site_name\" content=\"Trem da Vale\" \/>\n<meta property=\"article:published_time\" content=\"2014-04-29T23:45:00+00:00\" \/>\n<meta property=\"article:modified_time\" content=\"2025-10-10T11:57:00+00:00\" \/>\n<meta property=\"og:image\" content=\"https:\/\/tremdavale.org\/wp-content\/uploads\/14-300x199.jpg\" \/>\n\t<meta property=\"og:image:width\" content=\"300\" \/>\n\t<meta property=\"og:image:height\" content=\"199\" \/>\n\t<meta property=\"og:image:type\" content=\"image\/jpeg\" \/>\n<meta name=\"author\" content=\"admin\" \/>\n<meta name=\"twitter:card\" content=\"summary_large_image\" \/>\n<meta name=\"twitter:label1\" content=\"Escrito por\" \/>\n\t<meta name=\"twitter:data1\" content=\"admin\" \/>\n\t<meta name=\"twitter:label2\" content=\"Tempo estimado de leitura\" \/>\n\t<meta name=\"twitter:data2\" content=\"2 minutos\" \/>\n<script type=\"application\/ld+json\" class=\"yoast-schema-graph\">{\"@context\":\"https:\/\/schema.org\",\"@graph\":[{\"@type\":\"WebPage\",\"@id\":\"https:\/\/tremdavale.org\/pt\/trem-da-vale-promove-sarau-infantil-e-o-bicho\/\",\"url\":\"https:\/\/tremdavale.org\/pt\/trem-da-vale-promove-sarau-infantil-e-o-bicho\/\",\"name\":\"Trem da Vale promove Sarau Infantil \u2018\u00c9 o Bicho!\u2019 e homenageia as crian\u00e7as e o \u2018poetinha camarada\u2019 Vin\u00edcius de Moraes &#8212; Trem da Vale\",\"isPartOf\":{\"@id\":\"https:\/\/tremdavale.org\/pt\/#website\"},\"primaryImageOfPage\":{\"@id\":\"https:\/\/tremdavale.org\/pt\/trem-da-vale-promove-sarau-infantil-e-o-bicho\/#primaryimage\"},\"image\":{\"@id\":\"https:\/\/tremdavale.org\/pt\/trem-da-vale-promove-sarau-infantil-e-o-bicho\/#primaryimage\"},\"thumbnailUrl\":\"https:\/\/tremdavale.org\/wp-content\/uploads\/14-300x199.jpg\",\"datePublished\":\"2014-04-29T23:45:00+00:00\",\"dateModified\":\"2025-10-10T11:57:00+00:00\",\"author\":{\"@id\":\"https:\/\/tremdavale.org\/pt\/#\/schema\/person\/50912137d47426d31329f246d02eaeca\"},\"breadcrumb\":{\"@id\":\"https:\/\/tremdavale.org\/pt\/trem-da-vale-promove-sarau-infantil-e-o-bicho\/#breadcrumb\"},\"inLanguage\":\"pt-PT\",\"potentialAction\":[{\"@type\":\"ReadAction\",\"target\":[\"https:\/\/tremdavale.org\/pt\/trem-da-vale-promove-sarau-infantil-e-o-bicho\/\"]}]},{\"@type\":\"ImageObject\",\"inLanguage\":\"pt-PT\",\"@id\":\"https:\/\/tremdavale.org\/pt\/trem-da-vale-promove-sarau-infantil-e-o-bicho\/#primaryimage\",\"url\":\"https:\/\/tremdavale.org\/wp-content\/uploads\/14-300x199.jpg\",\"contentUrl\":\"https:\/\/tremdavale.org\/wp-content\/uploads\/14-300x199.jpg\",\"width\":300,\"height\":199},{\"@type\":\"BreadcrumbList\",\"@id\":\"https:\/\/tremdavale.org\/pt\/trem-da-vale-promove-sarau-infantil-e-o-bicho\/#breadcrumb\",\"itemListElement\":[{\"@type\":\"ListItem\",\"position\":1,\"name\":\"In\u00edcio\",\"item\":\"https:\/\/tremdavale.org\/pt\/\"},{\"@type\":\"ListItem\",\"position\":2,\"name\":\"Trem da Vale promove Sarau Infantil \u2018\u00c9 o Bicho!\u2019 e homenageia as crian\u00e7as e o \u2018poetinha camarada\u2019 Vin\u00edcius de Moraes\"}]},{\"@type\":\"WebSite\",\"@id\":\"https:\/\/tremdavale.org\/pt\/#website\",\"url\":\"https:\/\/tremdavale.org\/pt\/\",\"name\":\"Trem da Vale\",\"description\":\"Programa de Educa\u00e7\u00e3o Patrimonial\",\"potentialAction\":[{\"@type\":\"SearchAction\",\"target\":{\"@type\":\"EntryPoint\",\"urlTemplate\":\"https:\/\/tremdavale.org\/pt\/?s={search_term_string}\"},\"query-input\":{\"@type\":\"PropertyValueSpecification\",\"valueRequired\":true,\"valueName\":\"search_term_string\"}}],\"inLanguage\":\"pt-PT\"},{\"@type\":\"Person\",\"@id\":\"https:\/\/tremdavale.org\/pt\/#\/schema\/person\/50912137d47426d31329f246d02eaeca\",\"name\":\"admin\",\"image\":{\"@type\":\"ImageObject\",\"inLanguage\":\"pt-PT\",\"@id\":\"https:\/\/tremdavale.org\/pt\/#\/schema\/person\/image\/\",\"url\":\"https:\/\/secure.gravatar.com\/avatar\/b3564f0fda6ea47959fe96a4217203e79a167568a37409758659bc3ba443b452?s=96&d=mm&r=g\",\"contentUrl\":\"https:\/\/secure.gravatar.com\/avatar\/b3564f0fda6ea47959fe96a4217203e79a167568a37409758659bc3ba443b452?s=96&d=mm&r=g\",\"caption\":\"admin\"},\"sameAs\":[\"https:\/\/tremdavale.org\"],\"url\":\"https:\/\/tremdavale.org\/pt\/author\/admin\/\"}]}<\/script>\n<!-- \/ Yoast SEO plugin. -->","yoast_head_json":{"title":"Trem da Vale promove Sarau Infantil \u2018\u00c9 o Bicho!\u2019 e homenageia as crian\u00e7as e o \u2018poetinha camarada\u2019 Vin\u00edcius de Moraes &#8212; Trem da Vale","robots":{"index":"index","follow":"follow","max-snippet":"max-snippet:-1","max-image-preview":"max-image-preview:large","max-video-preview":"max-video-preview:-1"},"canonical":"https:\/\/tremdavale.org\/pt\/trem-da-vale-promove-sarau-infantil-e-o-bicho\/","og_locale":"pt_PT","og_type":"article","og_title":"Trem da Vale promove Sarau Infantil \u2018\u00c9 o Bicho!\u2019 e homenageia as crian\u00e7as e o \u2018poetinha camarada\u2019 Vin\u00edcius de Moraes &#8212; Trem da Vale","og_description":"Na \u00faltima sexta-feira, 11 de outubro, no \u00e2mbito das programa\u00e7\u00f5es do M\u00eas da Crian\u00e7a nas Esta\u00e7\u00f5es, o Programa Trem da Vale, por meio das Bibliotecas Infantojuvenis das Esta\u00e7\u00f5es, promoveu o Sarau \u201c\u00c9 o Bicho!\u201d, na Tenda Cultural da Esta\u00e7\u00e3o de Ouro Preto. Esse sarau, cujo t\u00edtulo foi inspirado no Cordel &hellip;","og_url":"https:\/\/tremdavale.org\/pt\/trem-da-vale-promove-sarau-infantil-e-o-bicho\/","og_site_name":"Trem da Vale","article_published_time":"2014-04-29T23:45:00+00:00","article_modified_time":"2025-10-10T11:57:00+00:00","og_image":[{"width":300,"height":199,"url":"https:\/\/tremdavale.org\/wp-content\/uploads\/14-300x199.jpg","type":"image\/jpeg"}],"author":"admin","twitter_card":"summary_large_image","twitter_misc":{"Escrito por":"admin","Tempo estimado de leitura":"2 minutos"},"schema":{"@context":"https:\/\/schema.org","@graph":[{"@type":"WebPage","@id":"https:\/\/tremdavale.org\/pt\/trem-da-vale-promove-sarau-infantil-e-o-bicho\/","url":"https:\/\/tremdavale.org\/pt\/trem-da-vale-promove-sarau-infantil-e-o-bicho\/","name":"Trem da Vale promove Sarau Infantil \u2018\u00c9 o Bicho!\u2019 e homenageia as crian\u00e7as e o \u2018poetinha camarada\u2019 Vin\u00edcius de Moraes &#8212; Trem da Vale","isPartOf":{"@id":"https:\/\/tremdavale.org\/pt\/#website"},"primaryImageOfPage":{"@id":"https:\/\/tremdavale.org\/pt\/trem-da-vale-promove-sarau-infantil-e-o-bicho\/#primaryimage"},"image":{"@id":"https:\/\/tremdavale.org\/pt\/trem-da-vale-promove-sarau-infantil-e-o-bicho\/#primaryimage"},"thumbnailUrl":"https:\/\/tremdavale.org\/wp-content\/uploads\/14-300x199.jpg","datePublished":"2014-04-29T23:45:00+00:00","dateModified":"2025-10-10T11:57:00+00:00","author":{"@id":"https:\/\/tremdavale.org\/pt\/#\/schema\/person\/50912137d47426d31329f246d02eaeca"},"breadcrumb":{"@id":"https:\/\/tremdavale.org\/pt\/trem-da-vale-promove-sarau-infantil-e-o-bicho\/#breadcrumb"},"inLanguage":"pt-PT","potentialAction":[{"@type":"ReadAction","target":["https:\/\/tremdavale.org\/pt\/trem-da-vale-promove-sarau-infantil-e-o-bicho\/"]}]},{"@type":"ImageObject","inLanguage":"pt-PT","@id":"https:\/\/tremdavale.org\/pt\/trem-da-vale-promove-sarau-infantil-e-o-bicho\/#primaryimage","url":"https:\/\/tremdavale.org\/wp-content\/uploads\/14-300x199.jpg","contentUrl":"https:\/\/tremdavale.org\/wp-content\/uploads\/14-300x199.jpg","width":300,"height":199},{"@type":"BreadcrumbList","@id":"https:\/\/tremdavale.org\/pt\/trem-da-vale-promove-sarau-infantil-e-o-bicho\/#breadcrumb","itemListElement":[{"@type":"ListItem","position":1,"name":"In\u00edcio","item":"https:\/\/tremdavale.org\/pt\/"},{"@type":"ListItem","position":2,"name":"Trem da Vale promove Sarau Infantil \u2018\u00c9 o Bicho!\u2019 e homenageia as crian\u00e7as e o \u2018poetinha camarada\u2019 Vin\u00edcius de Moraes"}]},{"@type":"WebSite","@id":"https:\/\/tremdavale.org\/pt\/#website","url":"https:\/\/tremdavale.org\/pt\/","name":"Trem da Vale","description":"Programa de Educa\u00e7\u00e3o Patrimonial","potentialAction":[{"@type":"SearchAction","target":{"@type":"EntryPoint","urlTemplate":"https:\/\/tremdavale.org\/pt\/?s={search_term_string}"},"query-input":{"@type":"PropertyValueSpecification","valueRequired":true,"valueName":"search_term_string"}}],"inLanguage":"pt-PT"},{"@type":"Person","@id":"https:\/\/tremdavale.org\/pt\/#\/schema\/person\/50912137d47426d31329f246d02eaeca","name":"admin","image":{"@type":"ImageObject","inLanguage":"pt-PT","@id":"https:\/\/tremdavale.org\/pt\/#\/schema\/person\/image\/","url":"https:\/\/secure.gravatar.com\/avatar\/b3564f0fda6ea47959fe96a4217203e79a167568a37409758659bc3ba443b452?s=96&d=mm&r=g","contentUrl":"https:\/\/secure.gravatar.com\/avatar\/b3564f0fda6ea47959fe96a4217203e79a167568a37409758659bc3ba443b452?s=96&d=mm&r=g","caption":"admin"},"sameAs":["https:\/\/tremdavale.org"],"url":"https:\/\/tremdavale.org\/pt\/author\/admin\/"}]}},"_links":{"self":[{"href":"https:\/\/tremdavale.org\/pt\/wp-json\/wp\/v2\/posts\/304","targetHints":{"allow":["GET"]}}],"collection":[{"href":"https:\/\/tremdavale.org\/pt\/wp-json\/wp\/v2\/posts"}],"about":[{"href":"https:\/\/tremdavale.org\/pt\/wp-json\/wp\/v2\/types\/post"}],"author":[{"embeddable":true,"href":"https:\/\/tremdavale.org\/pt\/wp-json\/wp\/v2\/users\/1"}],"replies":[{"embeddable":true,"href":"https:\/\/tremdavale.org\/pt\/wp-json\/wp\/v2\/comments?post=304"}],"version-history":[{"count":0,"href":"https:\/\/tremdavale.org\/pt\/wp-json\/wp\/v2\/posts\/304\/revisions"}],"wp:featuredmedia":[{"embeddable":true,"href":"https:\/\/tremdavale.org\/pt\/wp-json\/wp\/v2\/media\/545"}],"wp:attachment":[{"href":"https:\/\/tremdavale.org\/pt\/wp-json\/wp\/v2\/media?parent=304"}],"wp:term":[{"taxonomy":"category","embeddable":true,"href":"https:\/\/tremdavale.org\/pt\/wp-json\/wp\/v2\/categories?post=304"},{"taxonomy":"post_tag","embeddable":true,"href":"https:\/\/tremdavale.org\/pt\/wp-json\/wp\/v2\/tags?post=304"}],"curies":[{"name":"wp","href":"https:\/\/api.w.org\/{rel}","templated":true}]}}