{"id":305,"date":"2011-09-12T08:43:00","date_gmt":"2011-09-12T08:43:00","guid":{"rendered":"https:\/\/tremdavale.org\/?p=305"},"modified":"2025-10-10T11:57:00","modified_gmt":"2025-10-10T11:57:00","slug":"trem-da-vale-realiza-1-oficina-de-roteiro-audiovisual","status":"publish","type":"post","link":"https:\/\/tremdavale.org\/pt\/trem-da-vale-realiza-1-oficina-de-roteiro-audiovisual\/","title":{"rendered":"Trem da Vale realiza 1\u00aa oficina de roteiro audiovisual"},"content":{"rendered":"<p><img loading=\"lazy\" decoding=\"async\" class=\"size-medium\" title=\"02-oficina-roteiro-vr-260710\" src=\"\/wp-content\/uploads\/02-oficina-roteiro-vr-260710-300x199.jpg\" alt=\"O instrutor Rodolfo Magalh\u00e3es fala aos alunos sobre o trabalho de roteiro\" width=\"300\" height=\"199\"><\/p>\n<p>O instrutor Rodolfo Magalh\u00e3es fala aos alunos sobre o trabalho de cria\u00e7\u00e3o de roteiro<\/p>\n<p>&nbsp;<\/p>\n<p>A 1\u00aa Oficina de Roteiro Audiovisual realizada no per\u00edodo de 26 a 30 de julho de 2010, na Sala Multimeios da Esta\u00e7\u00e3o Ferrovi\u00e1ria de Ouro Preto, teve como p\u00fablico-alvo alunos que haviam participado de cursos e oficinas de v\u00eddeo e de edi\u00e7\u00e3o anteriormente oferecidos pelo Vale Registrar (VR); al\u00e9m de integrantes da pr\u00f3pria equipe do subprograma.<!--more--> Dessa forma, cumpria-se o objetivo de dar continuidade \u00e0 capacita\u00e7\u00e3o de interessados em aprimorar seus conhecimentos e pr\u00e1ticas na \u00e1rea do audiovisual, em Ouro Preto e Mariana.<\/p>\n<p>Integraram a turma dessa oficina de roteiriza\u00e7\u00e3o, alunos que foram capacitados pelos seguintes cursos: 1\u00ba e 2\u00ba Cursos de Forma\u00e7\u00e3o de Jovens Agentes em V\u00eddeo e Patrim\u00f4nio Cultural, realizados, respectivamente, em julho e agosto de 2007, e em mar\u00e7o e abril de 2009; 1\u00ba Curso de V\u00eddeo em Educa\u00e7\u00e3o Patrimonial (para Professores), realizado em setembro e outubro de 2007; e 1\u00ba e 2\u00ba Cursos de Edi\u00e7\u00e3o de V\u00eddeo, realizados de maio a julho de 2008.<\/p>\n<p>Dentre os quinze participantes da 1\u00aa Oficina de Roteiro Audiovisual, que s\u00e3o moradores de Mariana, Passagem de Mariana e Ouro Preto, doze j\u00e1 participaram de atividades do Vale Registrar e tr\u00eas trabalham no subprograma. As diferentes ocupa\u00e7\u00f5es e idades dos alunos, de 17 a 54 anos, contribu\u00edram para que a turma tivesse um perfil bem diversificado.<\/p>\n<p>O curso foi ministrado pelo roteirista, diretor de cinema e v\u00eddeo, Rodolfo Magalh\u00e3es, que \u00e9 formado em Comunica\u00e7\u00e3o Social pela UFMG, com extensa atua\u00e7\u00e3o em projetos de educa\u00e7\u00e3o, cultura e novas m\u00eddias. A partir de sua experi\u00eancia autoral em reda\u00e7\u00e3o\/literatura, Rodolfo Magalh\u00e3es tem trabalhado em diversas \u00e1reas da comunica\u00e7\u00e3o com uso de novas tecnologias, como diretor e\/ou roteirista de: v\u00eddeos educativos, institucionais, publicit\u00e1rios, document\u00e1rios, art\u00edsticos e <em>videoclips<\/em>; atuando, tamb\u00e9m, na produ\u00e7\u00e3o e dire\u00e7\u00e3o de m\u00eddias em <em>CD-ROMs<\/em>, quiosques de informa\u00e7\u00e3o e p\u00e1ginas de <em>internet<\/em>. Seus principais trabalhos j\u00e1 foram exibidos em mostras e premiados em festivais no Brasil e no exterior.<\/p>\n<p>Durante o desenvolvimento das atividades da 1\u00aa Oficina de Roteiro Audiovisual do Vale Registrar, por meio de diversos exerc\u00edcios e estudos de casos, os participantes puderam acompanhar o passo a passo da elabora\u00e7\u00e3o do roteiro, focalizando a organiza\u00e7\u00e3o do conte\u00fado e da reda\u00e7\u00e3o; e, assim, compreender o que h\u00e1 por tr\u00e1s do produto audiovisual finalizado.<\/p>\n<p>&nbsp;<\/p>\n","protected":false},"excerpt":{"rendered":"<p>O instrutor Rodolfo Magalh\u00e3es fala aos alunos sobre o trabalho de cria\u00e7\u00e3o de roteiro &nbsp; A 1\u00aa Oficina de Roteiro Audiovisual realizada no per\u00edodo de 26 a 30 de julho de 2010, na Sala Multimeios da Esta\u00e7\u00e3o Ferrovi\u00e1ria de Ouro Preto, teve como p\u00fablico-alvo alunos que haviam participado de cursos &hellip;<\/p>\n","protected":false},"author":1,"featured_media":546,"comment_status":"open","ping_status":"closed","sticky":false,"template":"","format":"standard","meta":{"footnotes":""},"categories":[3],"tags":[],"class_list":["post-305","post","type-post","status-publish","format-standard","has-post-thumbnail","hentry","category-noticias"],"yoast_head":"<!-- This site is optimized with the Yoast SEO plugin v26.1.1 - https:\/\/yoast.com\/wordpress\/plugins\/seo\/ -->\n<title>Trem da Vale realiza 1\u00aa oficina de roteiro audiovisual &#8212; Trem da Vale<\/title>\n<meta name=\"robots\" content=\"index, follow, max-snippet:-1, max-image-preview:large, max-video-preview:-1\" \/>\n<link rel=\"canonical\" href=\"https:\/\/tremdavale.org\/pt\/trem-da-vale-realiza-1-oficina-de-roteiro-audiovisual\/\" \/>\n<meta property=\"og:locale\" content=\"pt_PT\" \/>\n<meta property=\"og:type\" content=\"article\" \/>\n<meta property=\"og:title\" content=\"Trem da Vale realiza 1\u00aa oficina de roteiro audiovisual &#8212; Trem da Vale\" \/>\n<meta property=\"og:description\" content=\"O instrutor Rodolfo Magalh\u00e3es fala aos alunos sobre o trabalho de cria\u00e7\u00e3o de roteiro &nbsp; A 1\u00aa Oficina de Roteiro Audiovisual realizada no per\u00edodo de 26 a 30 de julho de 2010, na Sala Multimeios da Esta\u00e7\u00e3o Ferrovi\u00e1ria de Ouro Preto, teve como p\u00fablico-alvo alunos que haviam participado de cursos &hellip;\" \/>\n<meta property=\"og:url\" content=\"https:\/\/tremdavale.org\/pt\/trem-da-vale-realiza-1-oficina-de-roteiro-audiovisual\/\" \/>\n<meta property=\"og:site_name\" content=\"Trem da Vale\" \/>\n<meta property=\"article:published_time\" content=\"2011-09-12T08:43:00+00:00\" \/>\n<meta property=\"article:modified_time\" content=\"2025-10-10T11:57:00+00:00\" \/>\n<meta property=\"og:image\" content=\"https:\/\/tremdavale.org\/wp-content\/uploads\/02-oficina-roteiro-vr-260710-300x199.jpg\" \/>\n\t<meta property=\"og:image:width\" content=\"300\" \/>\n\t<meta property=\"og:image:height\" content=\"199\" \/>\n\t<meta property=\"og:image:type\" content=\"image\/jpeg\" \/>\n<meta name=\"author\" content=\"admin\" \/>\n<meta name=\"twitter:card\" content=\"summary_large_image\" \/>\n<meta name=\"twitter:label1\" content=\"Escrito por\" \/>\n\t<meta name=\"twitter:data1\" content=\"admin\" \/>\n\t<meta name=\"twitter:label2\" content=\"Tempo estimado de leitura\" \/>\n\t<meta name=\"twitter:data2\" content=\"2 minutos\" \/>\n<script type=\"application\/ld+json\" class=\"yoast-schema-graph\">{\"@context\":\"https:\/\/schema.org\",\"@graph\":[{\"@type\":\"WebPage\",\"@id\":\"https:\/\/tremdavale.org\/pt\/trem-da-vale-realiza-1-oficina-de-roteiro-audiovisual\/\",\"url\":\"https:\/\/tremdavale.org\/pt\/trem-da-vale-realiza-1-oficina-de-roteiro-audiovisual\/\",\"name\":\"Trem da Vale realiza 1\u00aa oficina de roteiro audiovisual &#8212; Trem da Vale\",\"isPartOf\":{\"@id\":\"https:\/\/tremdavale.org\/pt\/#website\"},\"primaryImageOfPage\":{\"@id\":\"https:\/\/tremdavale.org\/pt\/trem-da-vale-realiza-1-oficina-de-roteiro-audiovisual\/#primaryimage\"},\"image\":{\"@id\":\"https:\/\/tremdavale.org\/pt\/trem-da-vale-realiza-1-oficina-de-roteiro-audiovisual\/#primaryimage\"},\"thumbnailUrl\":\"https:\/\/tremdavale.org\/wp-content\/uploads\/02-oficina-roteiro-vr-260710-300x199.jpg\",\"datePublished\":\"2011-09-12T08:43:00+00:00\",\"dateModified\":\"2025-10-10T11:57:00+00:00\",\"author\":{\"@id\":\"https:\/\/tremdavale.org\/pt\/#\/schema\/person\/50912137d47426d31329f246d02eaeca\"},\"breadcrumb\":{\"@id\":\"https:\/\/tremdavale.org\/pt\/trem-da-vale-realiza-1-oficina-de-roteiro-audiovisual\/#breadcrumb\"},\"inLanguage\":\"pt-PT\",\"potentialAction\":[{\"@type\":\"ReadAction\",\"target\":[\"https:\/\/tremdavale.org\/pt\/trem-da-vale-realiza-1-oficina-de-roteiro-audiovisual\/\"]}]},{\"@type\":\"ImageObject\",\"inLanguage\":\"pt-PT\",\"@id\":\"https:\/\/tremdavale.org\/pt\/trem-da-vale-realiza-1-oficina-de-roteiro-audiovisual\/#primaryimage\",\"url\":\"https:\/\/tremdavale.org\/wp-content\/uploads\/02-oficina-roteiro-vr-260710-300x199.jpg\",\"contentUrl\":\"https:\/\/tremdavale.org\/wp-content\/uploads\/02-oficina-roteiro-vr-260710-300x199.jpg\",\"width\":300,\"height\":199},{\"@type\":\"BreadcrumbList\",\"@id\":\"https:\/\/tremdavale.org\/pt\/trem-da-vale-realiza-1-oficina-de-roteiro-audiovisual\/#breadcrumb\",\"itemListElement\":[{\"@type\":\"ListItem\",\"position\":1,\"name\":\"In\u00edcio\",\"item\":\"https:\/\/tremdavale.org\/pt\/\"},{\"@type\":\"ListItem\",\"position\":2,\"name\":\"Trem da Vale realiza 1\u00aa oficina de roteiro audiovisual\"}]},{\"@type\":\"WebSite\",\"@id\":\"https:\/\/tremdavale.org\/pt\/#website\",\"url\":\"https:\/\/tremdavale.org\/pt\/\",\"name\":\"Trem da Vale\",\"description\":\"Programa de Educa\u00e7\u00e3o Patrimonial\",\"potentialAction\":[{\"@type\":\"SearchAction\",\"target\":{\"@type\":\"EntryPoint\",\"urlTemplate\":\"https:\/\/tremdavale.org\/pt\/?s={search_term_string}\"},\"query-input\":{\"@type\":\"PropertyValueSpecification\",\"valueRequired\":true,\"valueName\":\"search_term_string\"}}],\"inLanguage\":\"pt-PT\"},{\"@type\":\"Person\",\"@id\":\"https:\/\/tremdavale.org\/pt\/#\/schema\/person\/50912137d47426d31329f246d02eaeca\",\"name\":\"admin\",\"image\":{\"@type\":\"ImageObject\",\"inLanguage\":\"pt-PT\",\"@id\":\"https:\/\/tremdavale.org\/pt\/#\/schema\/person\/image\/\",\"url\":\"https:\/\/secure.gravatar.com\/avatar\/b3564f0fda6ea47959fe96a4217203e79a167568a37409758659bc3ba443b452?s=96&d=mm&r=g\",\"contentUrl\":\"https:\/\/secure.gravatar.com\/avatar\/b3564f0fda6ea47959fe96a4217203e79a167568a37409758659bc3ba443b452?s=96&d=mm&r=g\",\"caption\":\"admin\"},\"sameAs\":[\"https:\/\/tremdavale.org\"],\"url\":\"https:\/\/tremdavale.org\/pt\/author\/admin\/\"}]}<\/script>\n<!-- \/ Yoast SEO plugin. -->","yoast_head_json":{"title":"Trem da Vale realiza 1\u00aa oficina de roteiro audiovisual &#8212; Trem da Vale","robots":{"index":"index","follow":"follow","max-snippet":"max-snippet:-1","max-image-preview":"max-image-preview:large","max-video-preview":"max-video-preview:-1"},"canonical":"https:\/\/tremdavale.org\/pt\/trem-da-vale-realiza-1-oficina-de-roteiro-audiovisual\/","og_locale":"pt_PT","og_type":"article","og_title":"Trem da Vale realiza 1\u00aa oficina de roteiro audiovisual &#8212; Trem da Vale","og_description":"O instrutor Rodolfo Magalh\u00e3es fala aos alunos sobre o trabalho de cria\u00e7\u00e3o de roteiro &nbsp; A 1\u00aa Oficina de Roteiro Audiovisual realizada no per\u00edodo de 26 a 30 de julho de 2010, na Sala Multimeios da Esta\u00e7\u00e3o Ferrovi\u00e1ria de Ouro Preto, teve como p\u00fablico-alvo alunos que haviam participado de cursos &hellip;","og_url":"https:\/\/tremdavale.org\/pt\/trem-da-vale-realiza-1-oficina-de-roteiro-audiovisual\/","og_site_name":"Trem da Vale","article_published_time":"2011-09-12T08:43:00+00:00","article_modified_time":"2025-10-10T11:57:00+00:00","og_image":[{"width":300,"height":199,"url":"https:\/\/tremdavale.org\/wp-content\/uploads\/02-oficina-roteiro-vr-260710-300x199.jpg","type":"image\/jpeg"}],"author":"admin","twitter_card":"summary_large_image","twitter_misc":{"Escrito por":"admin","Tempo estimado de leitura":"2 minutos"},"schema":{"@context":"https:\/\/schema.org","@graph":[{"@type":"WebPage","@id":"https:\/\/tremdavale.org\/pt\/trem-da-vale-realiza-1-oficina-de-roteiro-audiovisual\/","url":"https:\/\/tremdavale.org\/pt\/trem-da-vale-realiza-1-oficina-de-roteiro-audiovisual\/","name":"Trem da Vale realiza 1\u00aa oficina de roteiro audiovisual &#8212; Trem da Vale","isPartOf":{"@id":"https:\/\/tremdavale.org\/pt\/#website"},"primaryImageOfPage":{"@id":"https:\/\/tremdavale.org\/pt\/trem-da-vale-realiza-1-oficina-de-roteiro-audiovisual\/#primaryimage"},"image":{"@id":"https:\/\/tremdavale.org\/pt\/trem-da-vale-realiza-1-oficina-de-roteiro-audiovisual\/#primaryimage"},"thumbnailUrl":"https:\/\/tremdavale.org\/wp-content\/uploads\/02-oficina-roteiro-vr-260710-300x199.jpg","datePublished":"2011-09-12T08:43:00+00:00","dateModified":"2025-10-10T11:57:00+00:00","author":{"@id":"https:\/\/tremdavale.org\/pt\/#\/schema\/person\/50912137d47426d31329f246d02eaeca"},"breadcrumb":{"@id":"https:\/\/tremdavale.org\/pt\/trem-da-vale-realiza-1-oficina-de-roteiro-audiovisual\/#breadcrumb"},"inLanguage":"pt-PT","potentialAction":[{"@type":"ReadAction","target":["https:\/\/tremdavale.org\/pt\/trem-da-vale-realiza-1-oficina-de-roteiro-audiovisual\/"]}]},{"@type":"ImageObject","inLanguage":"pt-PT","@id":"https:\/\/tremdavale.org\/pt\/trem-da-vale-realiza-1-oficina-de-roteiro-audiovisual\/#primaryimage","url":"https:\/\/tremdavale.org\/wp-content\/uploads\/02-oficina-roteiro-vr-260710-300x199.jpg","contentUrl":"https:\/\/tremdavale.org\/wp-content\/uploads\/02-oficina-roteiro-vr-260710-300x199.jpg","width":300,"height":199},{"@type":"BreadcrumbList","@id":"https:\/\/tremdavale.org\/pt\/trem-da-vale-realiza-1-oficina-de-roteiro-audiovisual\/#breadcrumb","itemListElement":[{"@type":"ListItem","position":1,"name":"In\u00edcio","item":"https:\/\/tremdavale.org\/pt\/"},{"@type":"ListItem","position":2,"name":"Trem da Vale realiza 1\u00aa oficina de roteiro audiovisual"}]},{"@type":"WebSite","@id":"https:\/\/tremdavale.org\/pt\/#website","url":"https:\/\/tremdavale.org\/pt\/","name":"Trem da Vale","description":"Programa de Educa\u00e7\u00e3o Patrimonial","potentialAction":[{"@type":"SearchAction","target":{"@type":"EntryPoint","urlTemplate":"https:\/\/tremdavale.org\/pt\/?s={search_term_string}"},"query-input":{"@type":"PropertyValueSpecification","valueRequired":true,"valueName":"search_term_string"}}],"inLanguage":"pt-PT"},{"@type":"Person","@id":"https:\/\/tremdavale.org\/pt\/#\/schema\/person\/50912137d47426d31329f246d02eaeca","name":"admin","image":{"@type":"ImageObject","inLanguage":"pt-PT","@id":"https:\/\/tremdavale.org\/pt\/#\/schema\/person\/image\/","url":"https:\/\/secure.gravatar.com\/avatar\/b3564f0fda6ea47959fe96a4217203e79a167568a37409758659bc3ba443b452?s=96&d=mm&r=g","contentUrl":"https:\/\/secure.gravatar.com\/avatar\/b3564f0fda6ea47959fe96a4217203e79a167568a37409758659bc3ba443b452?s=96&d=mm&r=g","caption":"admin"},"sameAs":["https:\/\/tremdavale.org"],"url":"https:\/\/tremdavale.org\/pt\/author\/admin\/"}]}},"_links":{"self":[{"href":"https:\/\/tremdavale.org\/pt\/wp-json\/wp\/v2\/posts\/305","targetHints":{"allow":["GET"]}}],"collection":[{"href":"https:\/\/tremdavale.org\/pt\/wp-json\/wp\/v2\/posts"}],"about":[{"href":"https:\/\/tremdavale.org\/pt\/wp-json\/wp\/v2\/types\/post"}],"author":[{"embeddable":true,"href":"https:\/\/tremdavale.org\/pt\/wp-json\/wp\/v2\/users\/1"}],"replies":[{"embeddable":true,"href":"https:\/\/tremdavale.org\/pt\/wp-json\/wp\/v2\/comments?post=305"}],"version-history":[{"count":0,"href":"https:\/\/tremdavale.org\/pt\/wp-json\/wp\/v2\/posts\/305\/revisions"}],"wp:featuredmedia":[{"embeddable":true,"href":"https:\/\/tremdavale.org\/pt\/wp-json\/wp\/v2\/media\/546"}],"wp:attachment":[{"href":"https:\/\/tremdavale.org\/pt\/wp-json\/wp\/v2\/media?parent=305"}],"wp:term":[{"taxonomy":"category","embeddable":true,"href":"https:\/\/tremdavale.org\/pt\/wp-json\/wp\/v2\/categories?post=305"},{"taxonomy":"post_tag","embeddable":true,"href":"https:\/\/tremdavale.org\/pt\/wp-json\/wp\/v2\/tags?post=305"}],"curies":[{"name":"wp","href":"https:\/\/api.w.org\/{rel}","templated":true}]}}