{"id":307,"date":"2011-09-10T18:38:00","date_gmt":"2011-09-10T18:38:00","guid":{"rendered":"https:\/\/tremdavale.org\/?p=307"},"modified":"2025-10-10T11:57:00","modified_gmt":"2025-10-10T11:57:00","slug":"trem-da-vale-recebe-este-mes-russo-jazz-band","status":"publish","type":"post","link":"https:\/\/tremdavale.org\/pt\/trem-da-vale-recebe-este-mes-russo-jazz-band\/","title":{"rendered":"Trem da Vale recebe este m\u00eas Russo Jazz Band"},"content":{"rendered":"<p><img loading=\"lazy\" decoding=\"async\" class=\"size-full\" title=\"russo1\" src=\"\/wp-content\/uploads\/russo1.bmp\" alt=\"Russo Jazz Band\" width=\"262\" height=\"210\"><\/p>\n<p>Russo Jazz Band<\/p>\n<p>&nbsp;<\/p>\n<p style=\"text-align: justify;\"><span style=\"font-size: small;\"><span style=\"font-family: Arial; color: black;\">A Esta\u00e7\u00e3o de Ouro Preto recebe nos dias 18 e 19 de setembro o grupo <em><strong>Russo Jazz Band<\/strong><\/em> <strong>&#8211;<\/strong> <em><strong>Uma antiga novidade<\/strong><\/em><em>,<\/em><\/span> <span style=\"font-family: Arial;\">partindo \u00e0s 10h com destino \u00e0 cidade de Mariana. <!--more-->A apresenta\u00e7\u00e3o integra a programa\u00e7\u00e3o do Festival <em>Tudo \u00e9 Jazz,<\/em> evento que acontece anualmente e promove o interc\u00e2mbio entre refer\u00eancias internacionais e m\u00fasicos brasileiros, proporcionando uma intera\u00e7\u00e3o num dos mais importantes destinos tur\u00edsticos do pa\u00eds.<\/span><\/span><\/p>\n<p><em><\/em><\/p>\n<p><span style=\"font-family: Arial;\"><span style=\"font-size: small;\">Formado por seis m\u00fasicos profissionais, reunindo instrumentos como o trompete, sax alto, trombone de vara, tuba, banjo e washboard, o grupo apresenta em seu repert\u00f3rio grandes sucessos do jazz e do blues, que marcaram \u00e9poca.<\/span><\/span><\/p>\n<p><span style=\"font-size: small;\"><span style=\"font-family: Arial;\">O sexteto apresenta uma indument\u00e1ria da \u00e9poca do Dixieland, ou mais popularmente conhecido como<\/span> <span style=\"font-family: Arial; mso-ansi-language: PT;\">o Jazz Tradicional &#8211; \u00faltimo estilo do g\u00eanero que surgiu da mistura da m\u00fasica africana e europeia depois de 1900<\/span><span style=\"font-family: Arial;\">, resultando num estilo musical que se difundiu por v\u00e1rios pa\u00edses<\/span><span style=\"font-family: Arial; mso-ansi-language: PT;\">.<\/span> <span style=\"font-family: Arial;\">O jazz \u00e9 uma manifesta\u00e7\u00e3o musical que tem origem nos Estados Unidos por volta do inicio do s\u00e9culo XX e se difundiu como um grande estilo at\u00e9 os dias de hoje.<\/span><\/span><\/p>\n<p><span style=\"font-family: Arial;\"><span style=\"font-size: small;\">Os M\u00fasicos profissionais da&nbsp;<strong><em>Russo Jazz Band&nbsp;&#8211;&nbsp;Uma antiga novidade<\/em><\/strong>, criam e recriam uma nova dimens\u00e3o nos temas Jazz\u00edsticos, misturando arte, humor, criatividade e musicalidade. Visite o site e conhe\u00e7a um pouco mais sobre o grupo:<\/span> <span style=\"color: #800080; font-size: small;\">http:\/\/www.russojazzband.com.br\/historico.htm<\/span><\/span><\/p>\n<p>&nbsp;<\/p>\n<p style=\"text-align: justify;\"><strong>Local de sa\u00edda<\/strong>: Esta\u00e7\u00e3o de Ouro Preto<\/p>\n<p style=\"text-align: justify;\"><strong>Data:<\/strong> 18 e 19 de setembro<\/p>\n<p style=\"text-align: justify;\"><strong>Hor\u00e1rio:<\/strong> 9:30h<\/p>\n<p style=\"text-align: justify;\"><strong>A banda partir\u00e1 no trem das 10hs<\/strong><\/p>\n<p style=\"text-align: justify;\"><strong>Destino:<\/strong> Mariana.<\/p>\n<p>&nbsp;<\/p>\n","protected":false},"excerpt":{"rendered":"<p>Russo Jazz Band &nbsp; A Esta\u00e7\u00e3o de Ouro Preto recebe nos dias 18 e 19 de setembro o grupo Russo Jazz Band &#8211; Uma antiga novidade, partindo \u00e0s 10h com destino \u00e0 cidade de Mariana.<\/p>\n","protected":false},"author":1,"featured_media":0,"comment_status":"open","ping_status":"closed","sticky":false,"template":"","format":"standard","meta":{"footnotes":""},"categories":[3],"tags":[],"class_list":["post-307","post","type-post","status-publish","format-standard","hentry","category-noticias"],"yoast_head":"<!-- This site is optimized with the Yoast SEO plugin v26.1.1 - https:\/\/yoast.com\/wordpress\/plugins\/seo\/ -->\n<title>Trem da Vale recebe este m\u00eas Russo Jazz Band &#8212; Trem da Vale<\/title>\n<meta name=\"robots\" content=\"index, follow, max-snippet:-1, max-image-preview:large, max-video-preview:-1\" \/>\n<link rel=\"canonical\" href=\"https:\/\/tremdavale.org\/pt\/trem-da-vale-recebe-este-mes-russo-jazz-band\/\" \/>\n<meta property=\"og:locale\" content=\"pt_PT\" \/>\n<meta property=\"og:type\" content=\"article\" \/>\n<meta property=\"og:title\" content=\"Trem da Vale recebe este m\u00eas Russo Jazz Band &#8212; Trem da Vale\" \/>\n<meta property=\"og:description\" content=\"Russo Jazz Band &nbsp; A Esta\u00e7\u00e3o de Ouro Preto recebe nos dias 18 e 19 de setembro o grupo Russo Jazz Band &#8211; Uma antiga novidade, partindo \u00e0s 10h com destino \u00e0 cidade de Mariana.\" \/>\n<meta property=\"og:url\" content=\"https:\/\/tremdavale.org\/pt\/trem-da-vale-recebe-este-mes-russo-jazz-band\/\" \/>\n<meta property=\"og:site_name\" content=\"Trem da Vale\" \/>\n<meta property=\"article:published_time\" content=\"2011-09-10T18:38:00+00:00\" \/>\n<meta property=\"article:modified_time\" content=\"2025-10-10T11:57:00+00:00\" \/>\n<meta name=\"author\" content=\"admin\" \/>\n<meta name=\"twitter:card\" content=\"summary_large_image\" \/>\n<meta name=\"twitter:label1\" content=\"Escrito por\" \/>\n\t<meta name=\"twitter:data1\" content=\"admin\" \/>\n\t<meta name=\"twitter:label2\" content=\"Tempo estimado de leitura\" \/>\n\t<meta name=\"twitter:data2\" content=\"1 minuto\" \/>\n<script type=\"application\/ld+json\" class=\"yoast-schema-graph\">{\"@context\":\"https:\/\/schema.org\",\"@graph\":[{\"@type\":\"WebPage\",\"@id\":\"https:\/\/tremdavale.org\/pt\/trem-da-vale-recebe-este-mes-russo-jazz-band\/\",\"url\":\"https:\/\/tremdavale.org\/pt\/trem-da-vale-recebe-este-mes-russo-jazz-band\/\",\"name\":\"Trem da Vale recebe este m\u00eas Russo Jazz Band &#8212; Trem da Vale\",\"isPartOf\":{\"@id\":\"https:\/\/tremdavale.org\/pt\/#website\"},\"datePublished\":\"2011-09-10T18:38:00+00:00\",\"dateModified\":\"2025-10-10T11:57:00+00:00\",\"author\":{\"@id\":\"https:\/\/tremdavale.org\/pt\/#\/schema\/person\/50912137d47426d31329f246d02eaeca\"},\"breadcrumb\":{\"@id\":\"https:\/\/tremdavale.org\/pt\/trem-da-vale-recebe-este-mes-russo-jazz-band\/#breadcrumb\"},\"inLanguage\":\"pt-PT\",\"potentialAction\":[{\"@type\":\"ReadAction\",\"target\":[\"https:\/\/tremdavale.org\/pt\/trem-da-vale-recebe-este-mes-russo-jazz-band\/\"]}]},{\"@type\":\"BreadcrumbList\",\"@id\":\"https:\/\/tremdavale.org\/pt\/trem-da-vale-recebe-este-mes-russo-jazz-band\/#breadcrumb\",\"itemListElement\":[{\"@type\":\"ListItem\",\"position\":1,\"name\":\"In\u00edcio\",\"item\":\"https:\/\/tremdavale.org\/pt\/\"},{\"@type\":\"ListItem\",\"position\":2,\"name\":\"Trem da Vale recebe este m\u00eas Russo Jazz Band\"}]},{\"@type\":\"WebSite\",\"@id\":\"https:\/\/tremdavale.org\/pt\/#website\",\"url\":\"https:\/\/tremdavale.org\/pt\/\",\"name\":\"Trem da Vale\",\"description\":\"Programa de Educa\u00e7\u00e3o Patrimonial\",\"potentialAction\":[{\"@type\":\"SearchAction\",\"target\":{\"@type\":\"EntryPoint\",\"urlTemplate\":\"https:\/\/tremdavale.org\/pt\/?s={search_term_string}\"},\"query-input\":{\"@type\":\"PropertyValueSpecification\",\"valueRequired\":true,\"valueName\":\"search_term_string\"}}],\"inLanguage\":\"pt-PT\"},{\"@type\":\"Person\",\"@id\":\"https:\/\/tremdavale.org\/pt\/#\/schema\/person\/50912137d47426d31329f246d02eaeca\",\"name\":\"admin\",\"image\":{\"@type\":\"ImageObject\",\"inLanguage\":\"pt-PT\",\"@id\":\"https:\/\/tremdavale.org\/pt\/#\/schema\/person\/image\/\",\"url\":\"https:\/\/secure.gravatar.com\/avatar\/b3564f0fda6ea47959fe96a4217203e79a167568a37409758659bc3ba443b452?s=96&d=mm&r=g\",\"contentUrl\":\"https:\/\/secure.gravatar.com\/avatar\/b3564f0fda6ea47959fe96a4217203e79a167568a37409758659bc3ba443b452?s=96&d=mm&r=g\",\"caption\":\"admin\"},\"sameAs\":[\"https:\/\/tremdavale.org\"],\"url\":\"https:\/\/tremdavale.org\/pt\/author\/admin\/\"}]}<\/script>\n<!-- \/ Yoast SEO plugin. -->","yoast_head_json":{"title":"Trem da Vale recebe este m\u00eas Russo Jazz Band &#8212; Trem da Vale","robots":{"index":"index","follow":"follow","max-snippet":"max-snippet:-1","max-image-preview":"max-image-preview:large","max-video-preview":"max-video-preview:-1"},"canonical":"https:\/\/tremdavale.org\/pt\/trem-da-vale-recebe-este-mes-russo-jazz-band\/","og_locale":"pt_PT","og_type":"article","og_title":"Trem da Vale recebe este m\u00eas Russo Jazz Band &#8212; Trem da Vale","og_description":"Russo Jazz Band &nbsp; A Esta\u00e7\u00e3o de Ouro Preto recebe nos dias 18 e 19 de setembro o grupo Russo Jazz Band &#8211; Uma antiga novidade, partindo \u00e0s 10h com destino \u00e0 cidade de Mariana.","og_url":"https:\/\/tremdavale.org\/pt\/trem-da-vale-recebe-este-mes-russo-jazz-band\/","og_site_name":"Trem da Vale","article_published_time":"2011-09-10T18:38:00+00:00","article_modified_time":"2025-10-10T11:57:00+00:00","author":"admin","twitter_card":"summary_large_image","twitter_misc":{"Escrito por":"admin","Tempo estimado de leitura":"1 minuto"},"schema":{"@context":"https:\/\/schema.org","@graph":[{"@type":"WebPage","@id":"https:\/\/tremdavale.org\/pt\/trem-da-vale-recebe-este-mes-russo-jazz-band\/","url":"https:\/\/tremdavale.org\/pt\/trem-da-vale-recebe-este-mes-russo-jazz-band\/","name":"Trem da Vale recebe este m\u00eas Russo Jazz Band &#8212; Trem da Vale","isPartOf":{"@id":"https:\/\/tremdavale.org\/pt\/#website"},"datePublished":"2011-09-10T18:38:00+00:00","dateModified":"2025-10-10T11:57:00+00:00","author":{"@id":"https:\/\/tremdavale.org\/pt\/#\/schema\/person\/50912137d47426d31329f246d02eaeca"},"breadcrumb":{"@id":"https:\/\/tremdavale.org\/pt\/trem-da-vale-recebe-este-mes-russo-jazz-band\/#breadcrumb"},"inLanguage":"pt-PT","potentialAction":[{"@type":"ReadAction","target":["https:\/\/tremdavale.org\/pt\/trem-da-vale-recebe-este-mes-russo-jazz-band\/"]}]},{"@type":"BreadcrumbList","@id":"https:\/\/tremdavale.org\/pt\/trem-da-vale-recebe-este-mes-russo-jazz-band\/#breadcrumb","itemListElement":[{"@type":"ListItem","position":1,"name":"In\u00edcio","item":"https:\/\/tremdavale.org\/pt\/"},{"@type":"ListItem","position":2,"name":"Trem da Vale recebe este m\u00eas Russo Jazz Band"}]},{"@type":"WebSite","@id":"https:\/\/tremdavale.org\/pt\/#website","url":"https:\/\/tremdavale.org\/pt\/","name":"Trem da Vale","description":"Programa de Educa\u00e7\u00e3o Patrimonial","potentialAction":[{"@type":"SearchAction","target":{"@type":"EntryPoint","urlTemplate":"https:\/\/tremdavale.org\/pt\/?s={search_term_string}"},"query-input":{"@type":"PropertyValueSpecification","valueRequired":true,"valueName":"search_term_string"}}],"inLanguage":"pt-PT"},{"@type":"Person","@id":"https:\/\/tremdavale.org\/pt\/#\/schema\/person\/50912137d47426d31329f246d02eaeca","name":"admin","image":{"@type":"ImageObject","inLanguage":"pt-PT","@id":"https:\/\/tremdavale.org\/pt\/#\/schema\/person\/image\/","url":"https:\/\/secure.gravatar.com\/avatar\/b3564f0fda6ea47959fe96a4217203e79a167568a37409758659bc3ba443b452?s=96&d=mm&r=g","contentUrl":"https:\/\/secure.gravatar.com\/avatar\/b3564f0fda6ea47959fe96a4217203e79a167568a37409758659bc3ba443b452?s=96&d=mm&r=g","caption":"admin"},"sameAs":["https:\/\/tremdavale.org"],"url":"https:\/\/tremdavale.org\/pt\/author\/admin\/"}]}},"_links":{"self":[{"href":"https:\/\/tremdavale.org\/pt\/wp-json\/wp\/v2\/posts\/307","targetHints":{"allow":["GET"]}}],"collection":[{"href":"https:\/\/tremdavale.org\/pt\/wp-json\/wp\/v2\/posts"}],"about":[{"href":"https:\/\/tremdavale.org\/pt\/wp-json\/wp\/v2\/types\/post"}],"author":[{"embeddable":true,"href":"https:\/\/tremdavale.org\/pt\/wp-json\/wp\/v2\/users\/1"}],"replies":[{"embeddable":true,"href":"https:\/\/tremdavale.org\/pt\/wp-json\/wp\/v2\/comments?post=307"}],"version-history":[{"count":0,"href":"https:\/\/tremdavale.org\/pt\/wp-json\/wp\/v2\/posts\/307\/revisions"}],"wp:attachment":[{"href":"https:\/\/tremdavale.org\/pt\/wp-json\/wp\/v2\/media?parent=307"}],"wp:term":[{"taxonomy":"category","embeddable":true,"href":"https:\/\/tremdavale.org\/pt\/wp-json\/wp\/v2\/categories?post=307"},{"taxonomy":"post_tag","embeddable":true,"href":"https:\/\/tremdavale.org\/pt\/wp-json\/wp\/v2\/tags?post=307"}],"curies":[{"name":"wp","href":"https:\/\/api.w.org\/{rel}","templated":true}]}}