{"id":308,"date":"2013-08-25T05:13:00","date_gmt":"2013-08-25T05:13:00","guid":{"rendered":"https:\/\/tremdavale.org\/?p=308"},"modified":"2025-10-10T11:57:00","modified_gmt":"2025-10-10T11:57:00","slug":"trem-da-vale-recebe-visita-do-caps","status":"publish","type":"post","link":"https:\/\/tremdavale.org\/pt\/trem-da-vale-recebe-visita-do-caps\/","title":{"rendered":"Trem da Vale recebe visita do CAPS"},"content":{"rendered":"<p>O Programa de Educa\u00e7\u00e3o Patrimonial Trem da Vale recebeu na Esta\u00e7\u00e3o de Ouro Preto, nos dias 31 de julho e 07 de agosto a visita do CAPS &#8211; Centro de Atendimento Psicossocial da Prefeitura Municipal de Ouro Preto.<\/p>\n<p>No primeiro dia de visitas o Programa atendeu os participantes do CAPS 1, foram 12 pessoas que tiveram a oportunidade de conhecer os espa\u00e7os da esta\u00e7\u00e3o e conhecer um pouco mais sobre o patrim\u00f4nio local. No dia 31 foram 16 participantes do CAPS AD (\u00c1lcool e Drogas) que visitaram a esta\u00e7\u00e3o, no roteiro a visita aos espa\u00e7os e a exibi\u00e7\u00e3o do v\u00eddeo \u201cFerreomodelismo\u201d do Vale Registrar.<\/p>\n<p>Por fim todos os participantes aprenderam a confeccionar instrumentos musicais com materiais alternativos.<\/p>\n<p>O CAPS faz parte do Projeto Girassol desenvolvido pela \u00c1rea Pedag\u00f3gica do Museu da Inconfid\u00eancia em parceria com o Servi\u00e7o Municipal de Sa\u00fade Mental de Ouro Preto.<\/p>\n<p>A parceria entre a \u00c1rea Pedag\u00f3gica do Museu da Inconfid\u00eancia e o Servi\u00e7o Municipal de Sa\u00fade Mental para execu\u00e7\u00e3o do Projeto Girassol foi consolidada em 2001. O objetivo foi o de desenvolver uma iniciativa que apontasse caminhos para a inclus\u00e3o dos portadores de transtornos mentais na sociedade, por meio de visitas a locais p\u00fablicos, museus, galerias, teatros e oficinas de artistas. O Programa Trem da Vale foi uma das institui\u00e7\u00f5es escolhidas para parceria nesse belo trabalho.<\/p>\n<p style=\"text-align: center;\"><img loading=\"lazy\" decoding=\"async\" class=\"aligncenter size-medium\" title=\"visitacaps3\" src=\"\/wp-content\/uploads\/visitacaps3-300x224.jpg\" alt=\"visitacaps3\" width=\"300\" height=\"224\"><\/p>\n<p>&nbsp;<\/p>\n","protected":false},"excerpt":{"rendered":"<p>O Programa de Educa\u00e7\u00e3o Patrimonial Trem da Vale recebeu na Esta\u00e7\u00e3o de Ouro Preto, nos dias 31 de julho e 07 de agosto a visita do CAPS &#8211; Centro de Atendimento Psicossocial da Prefeitura Municipal de Ouro Preto. No primeiro dia de visitas o Programa atendeu os participantes do CAPS &hellip;<\/p>\n","protected":false},"author":1,"featured_media":547,"comment_status":"open","ping_status":"closed","sticky":false,"template":"","format":"standard","meta":{"footnotes":""},"categories":[3],"tags":[],"class_list":["post-308","post","type-post","status-publish","format-standard","has-post-thumbnail","hentry","category-noticias"],"yoast_head":"<!-- This site is optimized with the Yoast SEO plugin v26.1.1 - https:\/\/yoast.com\/wordpress\/plugins\/seo\/ -->\n<title>Trem da Vale recebe visita do CAPS &#8212; Trem da Vale<\/title>\n<meta name=\"robots\" content=\"index, follow, max-snippet:-1, max-image-preview:large, max-video-preview:-1\" \/>\n<link rel=\"canonical\" href=\"https:\/\/tremdavale.org\/pt\/trem-da-vale-recebe-visita-do-caps\/\" \/>\n<meta property=\"og:locale\" content=\"pt_PT\" \/>\n<meta property=\"og:type\" content=\"article\" \/>\n<meta property=\"og:title\" content=\"Trem da Vale recebe visita do CAPS &#8212; Trem da Vale\" \/>\n<meta property=\"og:description\" content=\"O Programa de Educa\u00e7\u00e3o Patrimonial Trem da Vale recebeu na Esta\u00e7\u00e3o de Ouro Preto, nos dias 31 de julho e 07 de agosto a visita do CAPS &#8211; Centro de Atendimento Psicossocial da Prefeitura Municipal de Ouro Preto. No primeiro dia de visitas o Programa atendeu os participantes do CAPS &hellip;\" \/>\n<meta property=\"og:url\" content=\"https:\/\/tremdavale.org\/pt\/trem-da-vale-recebe-visita-do-caps\/\" \/>\n<meta property=\"og:site_name\" content=\"Trem da Vale\" \/>\n<meta property=\"article:published_time\" content=\"2013-08-25T05:13:00+00:00\" \/>\n<meta property=\"article:modified_time\" content=\"2025-10-10T11:57:00+00:00\" \/>\n<meta property=\"og:image\" content=\"https:\/\/tremdavale.org\/wp-content\/uploads\/visitacaps3-300x224.jpg\" \/>\n\t<meta property=\"og:image:width\" content=\"300\" \/>\n\t<meta property=\"og:image:height\" content=\"224\" \/>\n\t<meta property=\"og:image:type\" content=\"image\/jpeg\" \/>\n<meta name=\"author\" content=\"admin\" \/>\n<meta name=\"twitter:card\" content=\"summary_large_image\" \/>\n<meta name=\"twitter:label1\" content=\"Escrito por\" \/>\n\t<meta name=\"twitter:data1\" content=\"admin\" \/>\n\t<meta name=\"twitter:label2\" content=\"Tempo estimado de leitura\" \/>\n\t<meta name=\"twitter:data2\" content=\"1 minuto\" \/>\n<script type=\"application\/ld+json\" class=\"yoast-schema-graph\">{\"@context\":\"https:\/\/schema.org\",\"@graph\":[{\"@type\":\"WebPage\",\"@id\":\"https:\/\/tremdavale.org\/pt\/trem-da-vale-recebe-visita-do-caps\/\",\"url\":\"https:\/\/tremdavale.org\/pt\/trem-da-vale-recebe-visita-do-caps\/\",\"name\":\"Trem da Vale recebe visita do CAPS &#8212; Trem da Vale\",\"isPartOf\":{\"@id\":\"https:\/\/tremdavale.org\/pt\/#website\"},\"primaryImageOfPage\":{\"@id\":\"https:\/\/tremdavale.org\/pt\/trem-da-vale-recebe-visita-do-caps\/#primaryimage\"},\"image\":{\"@id\":\"https:\/\/tremdavale.org\/pt\/trem-da-vale-recebe-visita-do-caps\/#primaryimage\"},\"thumbnailUrl\":\"https:\/\/tremdavale.org\/wp-content\/uploads\/visitacaps3-300x224.jpg\",\"datePublished\":\"2013-08-25T05:13:00+00:00\",\"dateModified\":\"2025-10-10T11:57:00+00:00\",\"author\":{\"@id\":\"https:\/\/tremdavale.org\/pt\/#\/schema\/person\/50912137d47426d31329f246d02eaeca\"},\"breadcrumb\":{\"@id\":\"https:\/\/tremdavale.org\/pt\/trem-da-vale-recebe-visita-do-caps\/#breadcrumb\"},\"inLanguage\":\"pt-PT\",\"potentialAction\":[{\"@type\":\"ReadAction\",\"target\":[\"https:\/\/tremdavale.org\/pt\/trem-da-vale-recebe-visita-do-caps\/\"]}]},{\"@type\":\"ImageObject\",\"inLanguage\":\"pt-PT\",\"@id\":\"https:\/\/tremdavale.org\/pt\/trem-da-vale-recebe-visita-do-caps\/#primaryimage\",\"url\":\"https:\/\/tremdavale.org\/wp-content\/uploads\/visitacaps3-300x224.jpg\",\"contentUrl\":\"https:\/\/tremdavale.org\/wp-content\/uploads\/visitacaps3-300x224.jpg\",\"width\":300,\"height\":224},{\"@type\":\"BreadcrumbList\",\"@id\":\"https:\/\/tremdavale.org\/pt\/trem-da-vale-recebe-visita-do-caps\/#breadcrumb\",\"itemListElement\":[{\"@type\":\"ListItem\",\"position\":1,\"name\":\"In\u00edcio\",\"item\":\"https:\/\/tremdavale.org\/pt\/\"},{\"@type\":\"ListItem\",\"position\":2,\"name\":\"Trem da Vale recebe visita do CAPS\"}]},{\"@type\":\"WebSite\",\"@id\":\"https:\/\/tremdavale.org\/pt\/#website\",\"url\":\"https:\/\/tremdavale.org\/pt\/\",\"name\":\"Trem da Vale\",\"description\":\"Programa de Educa\u00e7\u00e3o Patrimonial\",\"potentialAction\":[{\"@type\":\"SearchAction\",\"target\":{\"@type\":\"EntryPoint\",\"urlTemplate\":\"https:\/\/tremdavale.org\/pt\/?s={search_term_string}\"},\"query-input\":{\"@type\":\"PropertyValueSpecification\",\"valueRequired\":true,\"valueName\":\"search_term_string\"}}],\"inLanguage\":\"pt-PT\"},{\"@type\":\"Person\",\"@id\":\"https:\/\/tremdavale.org\/pt\/#\/schema\/person\/50912137d47426d31329f246d02eaeca\",\"name\":\"admin\",\"image\":{\"@type\":\"ImageObject\",\"inLanguage\":\"pt-PT\",\"@id\":\"https:\/\/tremdavale.org\/pt\/#\/schema\/person\/image\/\",\"url\":\"https:\/\/secure.gravatar.com\/avatar\/b3564f0fda6ea47959fe96a4217203e79a167568a37409758659bc3ba443b452?s=96&d=mm&r=g\",\"contentUrl\":\"https:\/\/secure.gravatar.com\/avatar\/b3564f0fda6ea47959fe96a4217203e79a167568a37409758659bc3ba443b452?s=96&d=mm&r=g\",\"caption\":\"admin\"},\"sameAs\":[\"https:\/\/tremdavale.org\"],\"url\":\"https:\/\/tremdavale.org\/pt\/author\/admin\/\"}]}<\/script>\n<!-- \/ Yoast SEO plugin. -->","yoast_head_json":{"title":"Trem da Vale recebe visita do CAPS &#8212; Trem da Vale","robots":{"index":"index","follow":"follow","max-snippet":"max-snippet:-1","max-image-preview":"max-image-preview:large","max-video-preview":"max-video-preview:-1"},"canonical":"https:\/\/tremdavale.org\/pt\/trem-da-vale-recebe-visita-do-caps\/","og_locale":"pt_PT","og_type":"article","og_title":"Trem da Vale recebe visita do CAPS &#8212; Trem da Vale","og_description":"O Programa de Educa\u00e7\u00e3o Patrimonial Trem da Vale recebeu na Esta\u00e7\u00e3o de Ouro Preto, nos dias 31 de julho e 07 de agosto a visita do CAPS &#8211; Centro de Atendimento Psicossocial da Prefeitura Municipal de Ouro Preto. No primeiro dia de visitas o Programa atendeu os participantes do CAPS &hellip;","og_url":"https:\/\/tremdavale.org\/pt\/trem-da-vale-recebe-visita-do-caps\/","og_site_name":"Trem da Vale","article_published_time":"2013-08-25T05:13:00+00:00","article_modified_time":"2025-10-10T11:57:00+00:00","og_image":[{"width":300,"height":224,"url":"https:\/\/tremdavale.org\/wp-content\/uploads\/visitacaps3-300x224.jpg","type":"image\/jpeg"}],"author":"admin","twitter_card":"summary_large_image","twitter_misc":{"Escrito por":"admin","Tempo estimado de leitura":"1 minuto"},"schema":{"@context":"https:\/\/schema.org","@graph":[{"@type":"WebPage","@id":"https:\/\/tremdavale.org\/pt\/trem-da-vale-recebe-visita-do-caps\/","url":"https:\/\/tremdavale.org\/pt\/trem-da-vale-recebe-visita-do-caps\/","name":"Trem da Vale recebe visita do CAPS &#8212; Trem da Vale","isPartOf":{"@id":"https:\/\/tremdavale.org\/pt\/#website"},"primaryImageOfPage":{"@id":"https:\/\/tremdavale.org\/pt\/trem-da-vale-recebe-visita-do-caps\/#primaryimage"},"image":{"@id":"https:\/\/tremdavale.org\/pt\/trem-da-vale-recebe-visita-do-caps\/#primaryimage"},"thumbnailUrl":"https:\/\/tremdavale.org\/wp-content\/uploads\/visitacaps3-300x224.jpg","datePublished":"2013-08-25T05:13:00+00:00","dateModified":"2025-10-10T11:57:00+00:00","author":{"@id":"https:\/\/tremdavale.org\/pt\/#\/schema\/person\/50912137d47426d31329f246d02eaeca"},"breadcrumb":{"@id":"https:\/\/tremdavale.org\/pt\/trem-da-vale-recebe-visita-do-caps\/#breadcrumb"},"inLanguage":"pt-PT","potentialAction":[{"@type":"ReadAction","target":["https:\/\/tremdavale.org\/pt\/trem-da-vale-recebe-visita-do-caps\/"]}]},{"@type":"ImageObject","inLanguage":"pt-PT","@id":"https:\/\/tremdavale.org\/pt\/trem-da-vale-recebe-visita-do-caps\/#primaryimage","url":"https:\/\/tremdavale.org\/wp-content\/uploads\/visitacaps3-300x224.jpg","contentUrl":"https:\/\/tremdavale.org\/wp-content\/uploads\/visitacaps3-300x224.jpg","width":300,"height":224},{"@type":"BreadcrumbList","@id":"https:\/\/tremdavale.org\/pt\/trem-da-vale-recebe-visita-do-caps\/#breadcrumb","itemListElement":[{"@type":"ListItem","position":1,"name":"In\u00edcio","item":"https:\/\/tremdavale.org\/pt\/"},{"@type":"ListItem","position":2,"name":"Trem da Vale recebe visita do CAPS"}]},{"@type":"WebSite","@id":"https:\/\/tremdavale.org\/pt\/#website","url":"https:\/\/tremdavale.org\/pt\/","name":"Trem da Vale","description":"Programa de Educa\u00e7\u00e3o Patrimonial","potentialAction":[{"@type":"SearchAction","target":{"@type":"EntryPoint","urlTemplate":"https:\/\/tremdavale.org\/pt\/?s={search_term_string}"},"query-input":{"@type":"PropertyValueSpecification","valueRequired":true,"valueName":"search_term_string"}}],"inLanguage":"pt-PT"},{"@type":"Person","@id":"https:\/\/tremdavale.org\/pt\/#\/schema\/person\/50912137d47426d31329f246d02eaeca","name":"admin","image":{"@type":"ImageObject","inLanguage":"pt-PT","@id":"https:\/\/tremdavale.org\/pt\/#\/schema\/person\/image\/","url":"https:\/\/secure.gravatar.com\/avatar\/b3564f0fda6ea47959fe96a4217203e79a167568a37409758659bc3ba443b452?s=96&d=mm&r=g","contentUrl":"https:\/\/secure.gravatar.com\/avatar\/b3564f0fda6ea47959fe96a4217203e79a167568a37409758659bc3ba443b452?s=96&d=mm&r=g","caption":"admin"},"sameAs":["https:\/\/tremdavale.org"],"url":"https:\/\/tremdavale.org\/pt\/author\/admin\/"}]}},"_links":{"self":[{"href":"https:\/\/tremdavale.org\/pt\/wp-json\/wp\/v2\/posts\/308","targetHints":{"allow":["GET"]}}],"collection":[{"href":"https:\/\/tremdavale.org\/pt\/wp-json\/wp\/v2\/posts"}],"about":[{"href":"https:\/\/tremdavale.org\/pt\/wp-json\/wp\/v2\/types\/post"}],"author":[{"embeddable":true,"href":"https:\/\/tremdavale.org\/pt\/wp-json\/wp\/v2\/users\/1"}],"replies":[{"embeddable":true,"href":"https:\/\/tremdavale.org\/pt\/wp-json\/wp\/v2\/comments?post=308"}],"version-history":[{"count":0,"href":"https:\/\/tremdavale.org\/pt\/wp-json\/wp\/v2\/posts\/308\/revisions"}],"wp:featuredmedia":[{"embeddable":true,"href":"https:\/\/tremdavale.org\/pt\/wp-json\/wp\/v2\/media\/547"}],"wp:attachment":[{"href":"https:\/\/tremdavale.org\/pt\/wp-json\/wp\/v2\/media?parent=308"}],"wp:term":[{"taxonomy":"category","embeddable":true,"href":"https:\/\/tremdavale.org\/pt\/wp-json\/wp\/v2\/categories?post=308"},{"taxonomy":"post_tag","embeddable":true,"href":"https:\/\/tremdavale.org\/pt\/wp-json\/wp\/v2\/tags?post=308"}],"curies":[{"name":"wp","href":"https:\/\/api.w.org\/{rel}","templated":true}]}}