{"id":309,"date":"2011-09-12T02:59:00","date_gmt":"2011-09-12T02:59:00","guid":{"rendered":"https:\/\/tremdavale.org\/?p=309"},"modified":"2025-10-10T11:57:00","modified_gmt":"2025-10-10T11:57:00","slug":"trem-da-vale-resgata-profissao","status":"publish","type":"post","link":"https:\/\/tremdavale.org\/pt\/trem-da-vale-resgata-profissao\/","title":{"rendered":"Trem da Vale resgata profiss\u00e3o"},"content":{"rendered":"<p><em>FCA forma o novo maquinista da locomotiva a vapor do Trem da Vale<\/em><\/p>\n<p>&nbsp;<\/p>\n<p>Gleison Gon\u00e7alves, 28 anos, \u00e9 o novo maquinista do Trem da Vale. Ele formou no dia 25 de abril no curso ministrado pela Ferrovia Centro-Atl\u00e2ntica (FCA), e j\u00e1 est\u00e1 conduzindo a Maria-Fuma\u00e7a que liga Mariana a Ouro Preto.<\/p>\n<p>&nbsp;<\/p>\n<p>Gilberto da Cruz, Instrutor de Tra\u00e7\u00e3o da FCA, \u00e9 o profissional respons\u00e1vel pela capacita\u00e7\u00e3o de todos os funcion\u00e1rios da \u00e1rea operacional e, tamb\u00e9m, tutor dos maquinistas durante e ap\u00f3s o processo de treinamento. Segundo ele, o curso ministrado para Gleison Gon\u00e7alves abre portas para que novos profissionais se formem. \u201cEu j\u00e1 tinha experi\u00eancia em formar maquinistas, mas para trabalhar com m\u00e1quinas a vapor, foi a primeira vez. Foi muito interessante\u201d, revela.<\/p>\n<p>&nbsp;<\/p>\n<p>De acordo com Gilberto da Cruz, para se tornar um maquinista hoje na FCA, primeiro a pessoa entra para a companhia e passa um per\u00edodo conhecendo a empresa. Depois de um tempo de adapta\u00e7\u00e3o ela come\u00e7a o treinamento para se tornar maquinista.<\/p>\n<p>&nbsp;<\/p>\n<p>Segundo Roberto Gomes, gerente de opera\u00e7\u00e3o de trens tur\u00edsticos da FCA, Gleison Gon\u00e7alves est\u00e1 na FCA h\u00e1 oito anos, onde foi mantenedor de via no trecho do Horto. Ele participa do Trem da Vale desde sua inaugura\u00e7\u00e3o, h\u00e1 tr\u00eas anos, e sempre esteve envolvido com o trecho entre Mariana e Ouro Preto. Roberto explica que Gleison come\u00e7ou no programa da Vale como oficial da via, tornou-se foquista, depois auxiliar de maquinista e agora formou-se como maquinista, depois de cumprir 368 horas de treinamento te\u00f3rico e pr\u00e1tico e 40 horas de treinamento te\u00f3rico e simulado.<\/p>\n<p>&nbsp;<\/p>\n<p>Para ser ferrovi\u00e1rio hoje, \u00e9 preciso passar por cursos e processos que existem em v\u00e1rias institui\u00e7\u00f5es. A FCA \u00e9 uma dessas empresas. Contudo, quando as ferrovias vieram para o Brasil, n\u00e3o existiam esses cursos. A profiss\u00e3o dos pais eram passadas para os filhos, formando, assim, linhagens de ferrovi\u00e1rios. Para esses maquinistas de trem, a profiss\u00e3o era motivo de orgulho e era, ainda, uma tradi\u00e7\u00e3o.<\/p>\n<p>&nbsp;<\/p>\n","protected":false},"excerpt":{"rendered":"<p>FCA forma o novo maquinista da locomotiva a vapor do Trem da Vale &nbsp; Gleison Gon\u00e7alves, 28 anos, \u00e9 o novo maquinista do Trem da Vale. Ele formou no dia 25 de abril no curso ministrado pela Ferrovia Centro-Atl\u00e2ntica (FCA), e j\u00e1 est\u00e1 conduzindo a Maria-Fuma\u00e7a que liga Mariana a &hellip;<\/p>\n","protected":false},"author":1,"featured_media":0,"comment_status":"open","ping_status":"closed","sticky":false,"template":"","format":"standard","meta":{"footnotes":""},"categories":[3],"tags":[],"class_list":["post-309","post","type-post","status-publish","format-standard","hentry","category-noticias"],"yoast_head":"<!-- This site is optimized with the Yoast SEO plugin v26.1.1 - https:\/\/yoast.com\/wordpress\/plugins\/seo\/ -->\n<title>Trem da Vale resgata profiss\u00e3o &#8212; Trem da Vale<\/title>\n<meta name=\"robots\" content=\"index, follow, max-snippet:-1, max-image-preview:large, max-video-preview:-1\" \/>\n<link rel=\"canonical\" href=\"https:\/\/tremdavale.org\/pt\/trem-da-vale-resgata-profissao\/\" \/>\n<meta property=\"og:locale\" content=\"pt_PT\" \/>\n<meta property=\"og:type\" content=\"article\" \/>\n<meta property=\"og:title\" content=\"Trem da Vale resgata profiss\u00e3o &#8212; Trem da Vale\" \/>\n<meta property=\"og:description\" content=\"FCA forma o novo maquinista da locomotiva a vapor do Trem da Vale &nbsp; Gleison Gon\u00e7alves, 28 anos, \u00e9 o novo maquinista do Trem da Vale. Ele formou no dia 25 de abril no curso ministrado pela Ferrovia Centro-Atl\u00e2ntica (FCA), e j\u00e1 est\u00e1 conduzindo a Maria-Fuma\u00e7a que liga Mariana a &hellip;\" \/>\n<meta property=\"og:url\" content=\"https:\/\/tremdavale.org\/pt\/trem-da-vale-resgata-profissao\/\" \/>\n<meta property=\"og:site_name\" content=\"Trem da Vale\" \/>\n<meta property=\"article:published_time\" content=\"2011-09-12T02:59:00+00:00\" \/>\n<meta property=\"article:modified_time\" content=\"2025-10-10T11:57:00+00:00\" \/>\n<meta name=\"author\" content=\"admin\" \/>\n<meta name=\"twitter:card\" content=\"summary_large_image\" \/>\n<meta name=\"twitter:label1\" content=\"Escrito por\" \/>\n\t<meta name=\"twitter:data1\" content=\"admin\" \/>\n\t<meta name=\"twitter:label2\" content=\"Tempo estimado de leitura\" \/>\n\t<meta name=\"twitter:data2\" content=\"2 minutos\" \/>\n<script type=\"application\/ld+json\" class=\"yoast-schema-graph\">{\"@context\":\"https:\/\/schema.org\",\"@graph\":[{\"@type\":\"WebPage\",\"@id\":\"https:\/\/tremdavale.org\/pt\/trem-da-vale-resgata-profissao\/\",\"url\":\"https:\/\/tremdavale.org\/pt\/trem-da-vale-resgata-profissao\/\",\"name\":\"Trem da Vale resgata profiss\u00e3o &#8212; Trem da Vale\",\"isPartOf\":{\"@id\":\"https:\/\/tremdavale.org\/pt\/#website\"},\"datePublished\":\"2011-09-12T02:59:00+00:00\",\"dateModified\":\"2025-10-10T11:57:00+00:00\",\"author\":{\"@id\":\"https:\/\/tremdavale.org\/pt\/#\/schema\/person\/50912137d47426d31329f246d02eaeca\"},\"breadcrumb\":{\"@id\":\"https:\/\/tremdavale.org\/pt\/trem-da-vale-resgata-profissao\/#breadcrumb\"},\"inLanguage\":\"pt-PT\",\"potentialAction\":[{\"@type\":\"ReadAction\",\"target\":[\"https:\/\/tremdavale.org\/pt\/trem-da-vale-resgata-profissao\/\"]}]},{\"@type\":\"BreadcrumbList\",\"@id\":\"https:\/\/tremdavale.org\/pt\/trem-da-vale-resgata-profissao\/#breadcrumb\",\"itemListElement\":[{\"@type\":\"ListItem\",\"position\":1,\"name\":\"In\u00edcio\",\"item\":\"https:\/\/tremdavale.org\/pt\/\"},{\"@type\":\"ListItem\",\"position\":2,\"name\":\"Trem da Vale resgata profiss\u00e3o\"}]},{\"@type\":\"WebSite\",\"@id\":\"https:\/\/tremdavale.org\/pt\/#website\",\"url\":\"https:\/\/tremdavale.org\/pt\/\",\"name\":\"Trem da Vale\",\"description\":\"Programa de Educa\u00e7\u00e3o Patrimonial\",\"potentialAction\":[{\"@type\":\"SearchAction\",\"target\":{\"@type\":\"EntryPoint\",\"urlTemplate\":\"https:\/\/tremdavale.org\/pt\/?s={search_term_string}\"},\"query-input\":{\"@type\":\"PropertyValueSpecification\",\"valueRequired\":true,\"valueName\":\"search_term_string\"}}],\"inLanguage\":\"pt-PT\"},{\"@type\":\"Person\",\"@id\":\"https:\/\/tremdavale.org\/pt\/#\/schema\/person\/50912137d47426d31329f246d02eaeca\",\"name\":\"admin\",\"image\":{\"@type\":\"ImageObject\",\"inLanguage\":\"pt-PT\",\"@id\":\"https:\/\/tremdavale.org\/pt\/#\/schema\/person\/image\/\",\"url\":\"https:\/\/secure.gravatar.com\/avatar\/b3564f0fda6ea47959fe96a4217203e79a167568a37409758659bc3ba443b452?s=96&d=mm&r=g\",\"contentUrl\":\"https:\/\/secure.gravatar.com\/avatar\/b3564f0fda6ea47959fe96a4217203e79a167568a37409758659bc3ba443b452?s=96&d=mm&r=g\",\"caption\":\"admin\"},\"sameAs\":[\"https:\/\/tremdavale.org\"],\"url\":\"https:\/\/tremdavale.org\/pt\/author\/admin\/\"}]}<\/script>\n<!-- \/ Yoast SEO plugin. -->","yoast_head_json":{"title":"Trem da Vale resgata profiss\u00e3o &#8212; Trem da Vale","robots":{"index":"index","follow":"follow","max-snippet":"max-snippet:-1","max-image-preview":"max-image-preview:large","max-video-preview":"max-video-preview:-1"},"canonical":"https:\/\/tremdavale.org\/pt\/trem-da-vale-resgata-profissao\/","og_locale":"pt_PT","og_type":"article","og_title":"Trem da Vale resgata profiss\u00e3o &#8212; Trem da Vale","og_description":"FCA forma o novo maquinista da locomotiva a vapor do Trem da Vale &nbsp; Gleison Gon\u00e7alves, 28 anos, \u00e9 o novo maquinista do Trem da Vale. Ele formou no dia 25 de abril no curso ministrado pela Ferrovia Centro-Atl\u00e2ntica (FCA), e j\u00e1 est\u00e1 conduzindo a Maria-Fuma\u00e7a que liga Mariana a &hellip;","og_url":"https:\/\/tremdavale.org\/pt\/trem-da-vale-resgata-profissao\/","og_site_name":"Trem da Vale","article_published_time":"2011-09-12T02:59:00+00:00","article_modified_time":"2025-10-10T11:57:00+00:00","author":"admin","twitter_card":"summary_large_image","twitter_misc":{"Escrito por":"admin","Tempo estimado de leitura":"2 minutos"},"schema":{"@context":"https:\/\/schema.org","@graph":[{"@type":"WebPage","@id":"https:\/\/tremdavale.org\/pt\/trem-da-vale-resgata-profissao\/","url":"https:\/\/tremdavale.org\/pt\/trem-da-vale-resgata-profissao\/","name":"Trem da Vale resgata profiss\u00e3o &#8212; Trem da Vale","isPartOf":{"@id":"https:\/\/tremdavale.org\/pt\/#website"},"datePublished":"2011-09-12T02:59:00+00:00","dateModified":"2025-10-10T11:57:00+00:00","author":{"@id":"https:\/\/tremdavale.org\/pt\/#\/schema\/person\/50912137d47426d31329f246d02eaeca"},"breadcrumb":{"@id":"https:\/\/tremdavale.org\/pt\/trem-da-vale-resgata-profissao\/#breadcrumb"},"inLanguage":"pt-PT","potentialAction":[{"@type":"ReadAction","target":["https:\/\/tremdavale.org\/pt\/trem-da-vale-resgata-profissao\/"]}]},{"@type":"BreadcrumbList","@id":"https:\/\/tremdavale.org\/pt\/trem-da-vale-resgata-profissao\/#breadcrumb","itemListElement":[{"@type":"ListItem","position":1,"name":"In\u00edcio","item":"https:\/\/tremdavale.org\/pt\/"},{"@type":"ListItem","position":2,"name":"Trem da Vale resgata profiss\u00e3o"}]},{"@type":"WebSite","@id":"https:\/\/tremdavale.org\/pt\/#website","url":"https:\/\/tremdavale.org\/pt\/","name":"Trem da Vale","description":"Programa de Educa\u00e7\u00e3o Patrimonial","potentialAction":[{"@type":"SearchAction","target":{"@type":"EntryPoint","urlTemplate":"https:\/\/tremdavale.org\/pt\/?s={search_term_string}"},"query-input":{"@type":"PropertyValueSpecification","valueRequired":true,"valueName":"search_term_string"}}],"inLanguage":"pt-PT"},{"@type":"Person","@id":"https:\/\/tremdavale.org\/pt\/#\/schema\/person\/50912137d47426d31329f246d02eaeca","name":"admin","image":{"@type":"ImageObject","inLanguage":"pt-PT","@id":"https:\/\/tremdavale.org\/pt\/#\/schema\/person\/image\/","url":"https:\/\/secure.gravatar.com\/avatar\/b3564f0fda6ea47959fe96a4217203e79a167568a37409758659bc3ba443b452?s=96&d=mm&r=g","contentUrl":"https:\/\/secure.gravatar.com\/avatar\/b3564f0fda6ea47959fe96a4217203e79a167568a37409758659bc3ba443b452?s=96&d=mm&r=g","caption":"admin"},"sameAs":["https:\/\/tremdavale.org"],"url":"https:\/\/tremdavale.org\/pt\/author\/admin\/"}]}},"_links":{"self":[{"href":"https:\/\/tremdavale.org\/pt\/wp-json\/wp\/v2\/posts\/309","targetHints":{"allow":["GET"]}}],"collection":[{"href":"https:\/\/tremdavale.org\/pt\/wp-json\/wp\/v2\/posts"}],"about":[{"href":"https:\/\/tremdavale.org\/pt\/wp-json\/wp\/v2\/types\/post"}],"author":[{"embeddable":true,"href":"https:\/\/tremdavale.org\/pt\/wp-json\/wp\/v2\/users\/1"}],"replies":[{"embeddable":true,"href":"https:\/\/tremdavale.org\/pt\/wp-json\/wp\/v2\/comments?post=309"}],"version-history":[{"count":0,"href":"https:\/\/tremdavale.org\/pt\/wp-json\/wp\/v2\/posts\/309\/revisions"}],"wp:attachment":[{"href":"https:\/\/tremdavale.org\/pt\/wp-json\/wp\/v2\/media?parent=309"}],"wp:term":[{"taxonomy":"category","embeddable":true,"href":"https:\/\/tremdavale.org\/pt\/wp-json\/wp\/v2\/categories?post=309"},{"taxonomy":"post_tag","embeddable":true,"href":"https:\/\/tremdavale.org\/pt\/wp-json\/wp\/v2\/tags?post=309"}],"curies":[{"name":"wp","href":"https:\/\/api.w.org\/{rel}","templated":true}]}}