{"id":310,"date":"2011-09-10T16:34:00","date_gmt":"2011-09-10T16:34:00","guid":{"rendered":"https:\/\/tremdavale.org\/?p=310"},"modified":"2025-10-10T11:57:00","modified_gmt":"2025-10-10T11:57:00","slug":"trem-da-vale-segue-rumo-a-mariana-em-noite-de-festival","status":"publish","type":"post","link":"https:\/\/tremdavale.org\/pt\/trem-da-vale-segue-rumo-a-mariana-em-noite-de-festival\/","title":{"rendered":"Trem da Vale segue rumo \u00e0 Mariana em noite de Festival"},"content":{"rendered":"<p>No dia 25 de julho, o Trem da Vale, em parceria com o Festival de Inverno, realizar\u00e1 uma viagem noturna para o p\u00fablico visitante e moradores de Ouro Preto.<\/p>\n<p>No interior do trem,&nbsp; haver\u00e1 uma s\u00e9rie de atra\u00e7\u00f5es culturais. Est\u00e1 prevista a realiza\u00e7\u00e3o de dois esquetes teatrais &#8211; com dura\u00e7\u00e3o de aproximadamente 15 minutos cada -, do Grupo Companhia Finca P\u00e9, com o \u201cO Matuto Doente das Partes\u201d e \u201cHist\u00f3ria dos Tr\u00eas Bois\u201d, e ainda a apresenta\u00e7\u00e3o musical \u201cTuca Andrade e Primo: Duo de Bandolim e Viol\u00e3o\u201d. As apresenta\u00e7\u00f5es percorrer\u00e3o todo o trem durante o passeio, e ocorrer\u00e3o simultaneamente, em um revezamento.<\/p>\n<p>Antes da partida do Trem, \u00e0s 17h30, haver\u00e1 uma Serenatano Coreto da Esta\u00e7\u00e3o de Ouro Preto, com acordeom, pandeiro, viol\u00e3o e clarinete.<\/p>\n<p>O Trem partir\u00e1 da Esta\u00e7\u00e3o de Ouro Preto \u00e0s 19h, com destino \u00e0 Mariana. E \u00e0s 22h, acontecer\u00e1 o show do Paulinho Moska, em Mariana. N\u00e3o haver\u00e1 viagem de volta nesse dia.<\/p>\n<p>Os bilhetes j\u00e1 est\u00e3o dispon\u00edveis na Bilheteria da Esta\u00e7\u00e3o de Ouro Preto, vendidos ao pre\u00e7o de R$5,00.<\/p>\n<p>&nbsp;<\/p>\n","protected":false},"excerpt":{"rendered":"<p>No dia 25 de julho, o Trem da Vale, em parceria com o Festival de Inverno, realizar\u00e1 uma viagem noturna para o p\u00fablico visitante e moradores de Ouro Preto. No interior do trem,&nbsp; haver\u00e1 uma s\u00e9rie de atra\u00e7\u00f5es culturais. Est\u00e1 prevista a realiza\u00e7\u00e3o de dois esquetes teatrais &#8211; com dura\u00e7\u00e3o &hellip;<\/p>\n","protected":false},"author":1,"featured_media":0,"comment_status":"open","ping_status":"closed","sticky":false,"template":"","format":"standard","meta":{"footnotes":""},"categories":[3],"tags":[],"class_list":["post-310","post","type-post","status-publish","format-standard","hentry","category-noticias"],"yoast_head":"<!-- This site is optimized with the Yoast SEO plugin v26.1.1 - https:\/\/yoast.com\/wordpress\/plugins\/seo\/ -->\n<title>Trem da Vale segue rumo \u00e0 Mariana em noite de Festival &#8212; Trem da Vale<\/title>\n<meta name=\"robots\" content=\"index, follow, max-snippet:-1, max-image-preview:large, max-video-preview:-1\" \/>\n<link rel=\"canonical\" href=\"https:\/\/tremdavale.org\/pt\/trem-da-vale-segue-rumo-a-mariana-em-noite-de-festival\/\" \/>\n<meta property=\"og:locale\" content=\"pt_PT\" \/>\n<meta property=\"og:type\" content=\"article\" \/>\n<meta property=\"og:title\" content=\"Trem da Vale segue rumo \u00e0 Mariana em noite de Festival &#8212; Trem da Vale\" \/>\n<meta property=\"og:description\" content=\"No dia 25 de julho, o Trem da Vale, em parceria com o Festival de Inverno, realizar\u00e1 uma viagem noturna para o p\u00fablico visitante e moradores de Ouro Preto. No interior do trem,&nbsp; haver\u00e1 uma s\u00e9rie de atra\u00e7\u00f5es culturais. Est\u00e1 prevista a realiza\u00e7\u00e3o de dois esquetes teatrais &#8211; com dura\u00e7\u00e3o &hellip;\" \/>\n<meta property=\"og:url\" content=\"https:\/\/tremdavale.org\/pt\/trem-da-vale-segue-rumo-a-mariana-em-noite-de-festival\/\" \/>\n<meta property=\"og:site_name\" content=\"Trem da Vale\" \/>\n<meta property=\"article:published_time\" content=\"2011-09-10T16:34:00+00:00\" \/>\n<meta property=\"article:modified_time\" content=\"2025-10-10T11:57:00+00:00\" \/>\n<meta name=\"author\" content=\"admin\" \/>\n<meta name=\"twitter:card\" content=\"summary_large_image\" \/>\n<meta name=\"twitter:label1\" content=\"Escrito por\" \/>\n\t<meta name=\"twitter:data1\" content=\"admin\" \/>\n\t<meta name=\"twitter:label2\" content=\"Tempo estimado de leitura\" \/>\n\t<meta name=\"twitter:data2\" content=\"1 minuto\" \/>\n<script type=\"application\/ld+json\" class=\"yoast-schema-graph\">{\"@context\":\"https:\/\/schema.org\",\"@graph\":[{\"@type\":\"WebPage\",\"@id\":\"https:\/\/tremdavale.org\/pt\/trem-da-vale-segue-rumo-a-mariana-em-noite-de-festival\/\",\"url\":\"https:\/\/tremdavale.org\/pt\/trem-da-vale-segue-rumo-a-mariana-em-noite-de-festival\/\",\"name\":\"Trem da Vale segue rumo \u00e0 Mariana em noite de Festival &#8212; Trem da Vale\",\"isPartOf\":{\"@id\":\"https:\/\/tremdavale.org\/pt\/#website\"},\"datePublished\":\"2011-09-10T16:34:00+00:00\",\"dateModified\":\"2025-10-10T11:57:00+00:00\",\"author\":{\"@id\":\"https:\/\/tremdavale.org\/pt\/#\/schema\/person\/50912137d47426d31329f246d02eaeca\"},\"breadcrumb\":{\"@id\":\"https:\/\/tremdavale.org\/pt\/trem-da-vale-segue-rumo-a-mariana-em-noite-de-festival\/#breadcrumb\"},\"inLanguage\":\"pt-PT\",\"potentialAction\":[{\"@type\":\"ReadAction\",\"target\":[\"https:\/\/tremdavale.org\/pt\/trem-da-vale-segue-rumo-a-mariana-em-noite-de-festival\/\"]}]},{\"@type\":\"BreadcrumbList\",\"@id\":\"https:\/\/tremdavale.org\/pt\/trem-da-vale-segue-rumo-a-mariana-em-noite-de-festival\/#breadcrumb\",\"itemListElement\":[{\"@type\":\"ListItem\",\"position\":1,\"name\":\"In\u00edcio\",\"item\":\"https:\/\/tremdavale.org\/pt\/\"},{\"@type\":\"ListItem\",\"position\":2,\"name\":\"Trem da Vale segue rumo \u00e0 Mariana em noite de Festival\"}]},{\"@type\":\"WebSite\",\"@id\":\"https:\/\/tremdavale.org\/pt\/#website\",\"url\":\"https:\/\/tremdavale.org\/pt\/\",\"name\":\"Trem da Vale\",\"description\":\"Programa de Educa\u00e7\u00e3o Patrimonial\",\"potentialAction\":[{\"@type\":\"SearchAction\",\"target\":{\"@type\":\"EntryPoint\",\"urlTemplate\":\"https:\/\/tremdavale.org\/pt\/?s={search_term_string}\"},\"query-input\":{\"@type\":\"PropertyValueSpecification\",\"valueRequired\":true,\"valueName\":\"search_term_string\"}}],\"inLanguage\":\"pt-PT\"},{\"@type\":\"Person\",\"@id\":\"https:\/\/tremdavale.org\/pt\/#\/schema\/person\/50912137d47426d31329f246d02eaeca\",\"name\":\"admin\",\"image\":{\"@type\":\"ImageObject\",\"inLanguage\":\"pt-PT\",\"@id\":\"https:\/\/tremdavale.org\/pt\/#\/schema\/person\/image\/\",\"url\":\"https:\/\/secure.gravatar.com\/avatar\/b3564f0fda6ea47959fe96a4217203e79a167568a37409758659bc3ba443b452?s=96&d=mm&r=g\",\"contentUrl\":\"https:\/\/secure.gravatar.com\/avatar\/b3564f0fda6ea47959fe96a4217203e79a167568a37409758659bc3ba443b452?s=96&d=mm&r=g\",\"caption\":\"admin\"},\"sameAs\":[\"https:\/\/tremdavale.org\"],\"url\":\"https:\/\/tremdavale.org\/pt\/author\/admin\/\"}]}<\/script>\n<!-- \/ Yoast SEO plugin. -->","yoast_head_json":{"title":"Trem da Vale segue rumo \u00e0 Mariana em noite de Festival &#8212; Trem da Vale","robots":{"index":"index","follow":"follow","max-snippet":"max-snippet:-1","max-image-preview":"max-image-preview:large","max-video-preview":"max-video-preview:-1"},"canonical":"https:\/\/tremdavale.org\/pt\/trem-da-vale-segue-rumo-a-mariana-em-noite-de-festival\/","og_locale":"pt_PT","og_type":"article","og_title":"Trem da Vale segue rumo \u00e0 Mariana em noite de Festival &#8212; Trem da Vale","og_description":"No dia 25 de julho, o Trem da Vale, em parceria com o Festival de Inverno, realizar\u00e1 uma viagem noturna para o p\u00fablico visitante e moradores de Ouro Preto. No interior do trem,&nbsp; haver\u00e1 uma s\u00e9rie de atra\u00e7\u00f5es culturais. Est\u00e1 prevista a realiza\u00e7\u00e3o de dois esquetes teatrais &#8211; com dura\u00e7\u00e3o &hellip;","og_url":"https:\/\/tremdavale.org\/pt\/trem-da-vale-segue-rumo-a-mariana-em-noite-de-festival\/","og_site_name":"Trem da Vale","article_published_time":"2011-09-10T16:34:00+00:00","article_modified_time":"2025-10-10T11:57:00+00:00","author":"admin","twitter_card":"summary_large_image","twitter_misc":{"Escrito por":"admin","Tempo estimado de leitura":"1 minuto"},"schema":{"@context":"https:\/\/schema.org","@graph":[{"@type":"WebPage","@id":"https:\/\/tremdavale.org\/pt\/trem-da-vale-segue-rumo-a-mariana-em-noite-de-festival\/","url":"https:\/\/tremdavale.org\/pt\/trem-da-vale-segue-rumo-a-mariana-em-noite-de-festival\/","name":"Trem da Vale segue rumo \u00e0 Mariana em noite de Festival &#8212; Trem da Vale","isPartOf":{"@id":"https:\/\/tremdavale.org\/pt\/#website"},"datePublished":"2011-09-10T16:34:00+00:00","dateModified":"2025-10-10T11:57:00+00:00","author":{"@id":"https:\/\/tremdavale.org\/pt\/#\/schema\/person\/50912137d47426d31329f246d02eaeca"},"breadcrumb":{"@id":"https:\/\/tremdavale.org\/pt\/trem-da-vale-segue-rumo-a-mariana-em-noite-de-festival\/#breadcrumb"},"inLanguage":"pt-PT","potentialAction":[{"@type":"ReadAction","target":["https:\/\/tremdavale.org\/pt\/trem-da-vale-segue-rumo-a-mariana-em-noite-de-festival\/"]}]},{"@type":"BreadcrumbList","@id":"https:\/\/tremdavale.org\/pt\/trem-da-vale-segue-rumo-a-mariana-em-noite-de-festival\/#breadcrumb","itemListElement":[{"@type":"ListItem","position":1,"name":"In\u00edcio","item":"https:\/\/tremdavale.org\/pt\/"},{"@type":"ListItem","position":2,"name":"Trem da Vale segue rumo \u00e0 Mariana em noite de Festival"}]},{"@type":"WebSite","@id":"https:\/\/tremdavale.org\/pt\/#website","url":"https:\/\/tremdavale.org\/pt\/","name":"Trem da Vale","description":"Programa de Educa\u00e7\u00e3o Patrimonial","potentialAction":[{"@type":"SearchAction","target":{"@type":"EntryPoint","urlTemplate":"https:\/\/tremdavale.org\/pt\/?s={search_term_string}"},"query-input":{"@type":"PropertyValueSpecification","valueRequired":true,"valueName":"search_term_string"}}],"inLanguage":"pt-PT"},{"@type":"Person","@id":"https:\/\/tremdavale.org\/pt\/#\/schema\/person\/50912137d47426d31329f246d02eaeca","name":"admin","image":{"@type":"ImageObject","inLanguage":"pt-PT","@id":"https:\/\/tremdavale.org\/pt\/#\/schema\/person\/image\/","url":"https:\/\/secure.gravatar.com\/avatar\/b3564f0fda6ea47959fe96a4217203e79a167568a37409758659bc3ba443b452?s=96&d=mm&r=g","contentUrl":"https:\/\/secure.gravatar.com\/avatar\/b3564f0fda6ea47959fe96a4217203e79a167568a37409758659bc3ba443b452?s=96&d=mm&r=g","caption":"admin"},"sameAs":["https:\/\/tremdavale.org"],"url":"https:\/\/tremdavale.org\/pt\/author\/admin\/"}]}},"_links":{"self":[{"href":"https:\/\/tremdavale.org\/pt\/wp-json\/wp\/v2\/posts\/310","targetHints":{"allow":["GET"]}}],"collection":[{"href":"https:\/\/tremdavale.org\/pt\/wp-json\/wp\/v2\/posts"}],"about":[{"href":"https:\/\/tremdavale.org\/pt\/wp-json\/wp\/v2\/types\/post"}],"author":[{"embeddable":true,"href":"https:\/\/tremdavale.org\/pt\/wp-json\/wp\/v2\/users\/1"}],"replies":[{"embeddable":true,"href":"https:\/\/tremdavale.org\/pt\/wp-json\/wp\/v2\/comments?post=310"}],"version-history":[{"count":0,"href":"https:\/\/tremdavale.org\/pt\/wp-json\/wp\/v2\/posts\/310\/revisions"}],"wp:attachment":[{"href":"https:\/\/tremdavale.org\/pt\/wp-json\/wp\/v2\/media?parent=310"}],"wp:term":[{"taxonomy":"category","embeddable":true,"href":"https:\/\/tremdavale.org\/pt\/wp-json\/wp\/v2\/categories?post=310"},{"taxonomy":"post_tag","embeddable":true,"href":"https:\/\/tremdavale.org\/pt\/wp-json\/wp\/v2\/tags?post=310"}],"curies":[{"name":"wp","href":"https:\/\/api.w.org\/{rel}","templated":true}]}}