{"id":312,"date":"2013-08-25T04:52:00","date_gmt":"2013-08-25T04:52:00","guid":{"rendered":"https:\/\/tremdavale.org\/?p=312"},"modified":"2025-10-10T11:57:00","modified_gmt":"2025-10-10T11:57:00","slug":"vagao-sonoro-ambiental-promove-oficina-de-musicalizacao-com-fernando-sardo","status":"publish","type":"post","link":"https:\/\/tremdavale.org\/pt\/vagao-sonoro-ambiental-promove-oficina-de-musicalizacao-com-fernando-sardo\/","title":{"rendered":"Vag\u00e3o Sonoro Ambiental promove oficina de musicaliza\u00e7\u00e3o com Fernando Sardo"},"content":{"rendered":"<p><img loading=\"lazy\" decoding=\"async\" class=\"size-medium\" title=\"fernando-sardo-em-atividade-de-construcao-de-instrumentos-com-o-publico-de-alunos-das-instituicoes-que-participavam-do-circuito-escolas8\" src=\"\/wp-content\/uploads\/fernando-sardo-em-atividade-de-construcao-de-instrumentos-com-o-publico-de-alunos-das-instituicoes-que-participavam-do-circuito-escolas8-300x225.jpg\" alt=\"fernando-sardo-em-atividade-de-construcao-de-instrumentos-com-o-publico-de-alunos-das-instituicoes-que-participavam-do-circuito-escolas8\" width=\"300\" height=\"225\"><\/p>\n<p style=\"text-align: justify;\">Entre os dias 07 a 11 de novembro, as equipes do Vale Conhecer e Vale Promover participaram da&nbsp;oficina&nbsp;de capacita\u00e7\u00e3o para funcion\u00e1rios e monitores do Programa de Educa\u00e7\u00e3o Patrimonial Trem da Vale &#8211; PEPTV, no Vag\u00e3o Sonoro Ambiental da Esta\u00e7\u00e3o de Ouro Preto, com o m\u00fasico, luthier e artista pl\u00e1stico Fernando&nbsp;Sardo.<\/p>\n<p style=\"text-align: justify;\">A&nbsp;oficina&nbsp;foi realizada com o objetivo de ampliar o repert\u00f3rio do grupo na lutheria&nbsp;experimental e musicaliza\u00e7\u00e3o, explorando as potencialidades do Vag\u00e3o Sonoro Ambiental. Dessa vez,&nbsp;Fernando&nbsp;Sardo, que projetou as esculturas musicais do Vag\u00e3o, &nbsp;explorou novas possibilidades para confec\u00e7\u00e3o de instrumentos musicais com a utiliza\u00e7\u00e3o de materiais alternativos como viola de arco na caba\u00e7a, tambor de lata, berimbau de eletroduto, dentre outros. O p\u00fablico de Ouro Preto e Mariana tamb\u00e9m p\u00f4de apreciar as atividades desenvolvidas no Vag\u00e3o &#8211; na quinta-feira (08\/11),&nbsp;Fernando&nbsp;Sardo&nbsp;ministrou uma atividade musical no Vag\u00e3o Sonoro Ambiental com o p\u00fablico de alunos das institui\u00e7\u00f5es que participavam do \u201cCircuito Escolas\u201d.<\/p>\n<p style=\"text-align: justify;\">A&nbsp;oficina&nbsp;contou tamb\u00e9m com a participa\u00e7\u00e3o de interessados que fizeram inscri\u00e7\u00e3o previamente e tiveram tr\u00eas dias de muito aprendizado com a constru\u00e7\u00e3o de novos instrumentos, intercambiando experi\u00eancias com&nbsp;Fernando&nbsp;Sardo&nbsp;e a equipe do PEPTV. Destaque para a participa\u00e7\u00e3o de alunos e professor (<em>Marcelo Borba<\/em>) do curso de M\u00fasica da UFOP que contribu\u00edram com seus conhecimentos e sa\u00edram satisfeitos com o resultado da&nbsp;oficina.<\/p>\n<p style=\"text-align: justify;\">O Vag\u00e3o Sonoro funciona de ter\u00e7a a domingo de 09h \u00e0s 17h.<\/p>\n<p style=\"text-align: justify;\">Venham conhecer!<\/p>\n<p>&nbsp;<\/p>\n<p><img loading=\"lazy\" decoding=\"async\" class=\"size-medium\" title=\"oficina-com-fernando-sardo-07-a-11112012-foto-gustavo-nunes-74\" src=\"\/wp-content\/uploads\/oficina-com-fernando-sardo-07-a-11112012-foto-gustavo-nunes-74-300x223.jpg\" alt=\"oficina-com-fernando-sardo-07-a-11112012-foto-gustavo-nunes-74\" width=\"300\" height=\"223\"><\/p>\n<p>Equipe PEPTV, alunos e o professor Fernando Sardo posam para foto no em frente ao Vag\u00e3o Sonoro Ambiental. Foto: Pablo Campos<\/p>\n<p>&nbsp;<\/p>\n","protected":false},"excerpt":{"rendered":"<p>Entre os dias 07 a 11 de novembro, as equipes do Vale Conhecer e Vale Promover participaram da&nbsp;oficina&nbsp;de capacita\u00e7\u00e3o para funcion\u00e1rios e monitores do Programa de Educa\u00e7\u00e3o Patrimonial Trem da Vale &#8211; PEPTV, no Vag\u00e3o Sonoro Ambiental da Esta\u00e7\u00e3o de Ouro Preto, com o m\u00fasico, luthier e artista pl\u00e1stico Fernando&nbsp;Sardo. &hellip;<\/p>\n","protected":false},"author":1,"featured_media":549,"comment_status":"open","ping_status":"closed","sticky":false,"template":"","format":"standard","meta":{"footnotes":""},"categories":[2],"tags":[],"class_list":["post-312","post","type-post","status-publish","format-standard","has-post-thumbnail","hentry","category-destaques-home"],"yoast_head":"<!-- This site is optimized with the Yoast SEO plugin v26.1.1 - https:\/\/yoast.com\/wordpress\/plugins\/seo\/ -->\n<title>Vag\u00e3o Sonoro Ambiental promove oficina de musicaliza\u00e7\u00e3o com Fernando Sardo &#8212; Trem da Vale<\/title>\n<meta name=\"robots\" content=\"index, follow, max-snippet:-1, max-image-preview:large, max-video-preview:-1\" \/>\n<link rel=\"canonical\" href=\"https:\/\/tremdavale.org\/pt\/vagao-sonoro-ambiental-promove-oficina-de-musicalizacao-com-fernando-sardo\/\" \/>\n<meta property=\"og:locale\" content=\"pt_PT\" \/>\n<meta property=\"og:type\" content=\"article\" \/>\n<meta property=\"og:title\" content=\"Vag\u00e3o Sonoro Ambiental promove oficina de musicaliza\u00e7\u00e3o com Fernando Sardo &#8212; Trem da Vale\" \/>\n<meta property=\"og:description\" content=\"Entre os dias 07 a 11 de novembro, as equipes do Vale Conhecer e Vale Promover participaram da&nbsp;oficina&nbsp;de capacita\u00e7\u00e3o para funcion\u00e1rios e monitores do Programa de Educa\u00e7\u00e3o Patrimonial Trem da Vale &#8211; PEPTV, no Vag\u00e3o Sonoro Ambiental da Esta\u00e7\u00e3o de Ouro Preto, com o m\u00fasico, luthier e artista pl\u00e1stico Fernando&nbsp;Sardo. &hellip;\" \/>\n<meta property=\"og:url\" content=\"https:\/\/tremdavale.org\/pt\/vagao-sonoro-ambiental-promove-oficina-de-musicalizacao-com-fernando-sardo\/\" \/>\n<meta property=\"og:site_name\" content=\"Trem da Vale\" \/>\n<meta property=\"article:published_time\" content=\"2013-08-25T04:52:00+00:00\" \/>\n<meta property=\"article:modified_time\" content=\"2025-10-10T11:57:00+00:00\" \/>\n<meta property=\"og:image\" content=\"https:\/\/tremdavale.org\/wp-content\/uploads\/fernando-sardo-em-atividade-de-construcao-de-instrumentos-com-o-publico-de-alunos-das-instituicoes-que-participavam-do-circuito-escolas8-300x225.jpg\" \/>\n\t<meta property=\"og:image:width\" content=\"300\" \/>\n\t<meta property=\"og:image:height\" content=\"225\" \/>\n\t<meta property=\"og:image:type\" content=\"image\/jpeg\" \/>\n<meta name=\"author\" content=\"admin\" \/>\n<meta name=\"twitter:card\" content=\"summary_large_image\" \/>\n<meta name=\"twitter:label1\" content=\"Escrito por\" \/>\n\t<meta name=\"twitter:data1\" content=\"admin\" \/>\n\t<meta name=\"twitter:label2\" content=\"Tempo estimado de leitura\" \/>\n\t<meta name=\"twitter:data2\" content=\"2 minutos\" \/>\n<script type=\"application\/ld+json\" class=\"yoast-schema-graph\">{\"@context\":\"https:\/\/schema.org\",\"@graph\":[{\"@type\":\"WebPage\",\"@id\":\"https:\/\/tremdavale.org\/pt\/vagao-sonoro-ambiental-promove-oficina-de-musicalizacao-com-fernando-sardo\/\",\"url\":\"https:\/\/tremdavale.org\/pt\/vagao-sonoro-ambiental-promove-oficina-de-musicalizacao-com-fernando-sardo\/\",\"name\":\"Vag\u00e3o Sonoro Ambiental promove oficina de musicaliza\u00e7\u00e3o com Fernando Sardo &#8212; Trem da Vale\",\"isPartOf\":{\"@id\":\"https:\/\/tremdavale.org\/pt\/#website\"},\"primaryImageOfPage\":{\"@id\":\"https:\/\/tremdavale.org\/pt\/vagao-sonoro-ambiental-promove-oficina-de-musicalizacao-com-fernando-sardo\/#primaryimage\"},\"image\":{\"@id\":\"https:\/\/tremdavale.org\/pt\/vagao-sonoro-ambiental-promove-oficina-de-musicalizacao-com-fernando-sardo\/#primaryimage\"},\"thumbnailUrl\":\"https:\/\/tremdavale.org\/wp-content\/uploads\/fernando-sardo-em-atividade-de-construcao-de-instrumentos-com-o-publico-de-alunos-das-instituicoes-que-participavam-do-circuito-escolas8-300x225.jpg\",\"datePublished\":\"2013-08-25T04:52:00+00:00\",\"dateModified\":\"2025-10-10T11:57:00+00:00\",\"author\":{\"@id\":\"https:\/\/tremdavale.org\/pt\/#\/schema\/person\/50912137d47426d31329f246d02eaeca\"},\"breadcrumb\":{\"@id\":\"https:\/\/tremdavale.org\/pt\/vagao-sonoro-ambiental-promove-oficina-de-musicalizacao-com-fernando-sardo\/#breadcrumb\"},\"inLanguage\":\"pt-PT\",\"potentialAction\":[{\"@type\":\"ReadAction\",\"target\":[\"https:\/\/tremdavale.org\/pt\/vagao-sonoro-ambiental-promove-oficina-de-musicalizacao-com-fernando-sardo\/\"]}]},{\"@type\":\"ImageObject\",\"inLanguage\":\"pt-PT\",\"@id\":\"https:\/\/tremdavale.org\/pt\/vagao-sonoro-ambiental-promove-oficina-de-musicalizacao-com-fernando-sardo\/#primaryimage\",\"url\":\"https:\/\/tremdavale.org\/wp-content\/uploads\/fernando-sardo-em-atividade-de-construcao-de-instrumentos-com-o-publico-de-alunos-das-instituicoes-que-participavam-do-circuito-escolas8-300x225.jpg\",\"contentUrl\":\"https:\/\/tremdavale.org\/wp-content\/uploads\/fernando-sardo-em-atividade-de-construcao-de-instrumentos-com-o-publico-de-alunos-das-instituicoes-que-participavam-do-circuito-escolas8-300x225.jpg\",\"width\":300,\"height\":225},{\"@type\":\"BreadcrumbList\",\"@id\":\"https:\/\/tremdavale.org\/pt\/vagao-sonoro-ambiental-promove-oficina-de-musicalizacao-com-fernando-sardo\/#breadcrumb\",\"itemListElement\":[{\"@type\":\"ListItem\",\"position\":1,\"name\":\"In\u00edcio\",\"item\":\"https:\/\/tremdavale.org\/pt\/\"},{\"@type\":\"ListItem\",\"position\":2,\"name\":\"Vag\u00e3o Sonoro Ambiental promove oficina de musicaliza\u00e7\u00e3o com Fernando Sardo\"}]},{\"@type\":\"WebSite\",\"@id\":\"https:\/\/tremdavale.org\/pt\/#website\",\"url\":\"https:\/\/tremdavale.org\/pt\/\",\"name\":\"Trem da Vale\",\"description\":\"Programa de Educa\u00e7\u00e3o Patrimonial\",\"potentialAction\":[{\"@type\":\"SearchAction\",\"target\":{\"@type\":\"EntryPoint\",\"urlTemplate\":\"https:\/\/tremdavale.org\/pt\/?s={search_term_string}\"},\"query-input\":{\"@type\":\"PropertyValueSpecification\",\"valueRequired\":true,\"valueName\":\"search_term_string\"}}],\"inLanguage\":\"pt-PT\"},{\"@type\":\"Person\",\"@id\":\"https:\/\/tremdavale.org\/pt\/#\/schema\/person\/50912137d47426d31329f246d02eaeca\",\"name\":\"admin\",\"image\":{\"@type\":\"ImageObject\",\"inLanguage\":\"pt-PT\",\"@id\":\"https:\/\/tremdavale.org\/pt\/#\/schema\/person\/image\/\",\"url\":\"https:\/\/secure.gravatar.com\/avatar\/b3564f0fda6ea47959fe96a4217203e79a167568a37409758659bc3ba443b452?s=96&d=mm&r=g\",\"contentUrl\":\"https:\/\/secure.gravatar.com\/avatar\/b3564f0fda6ea47959fe96a4217203e79a167568a37409758659bc3ba443b452?s=96&d=mm&r=g\",\"caption\":\"admin\"},\"sameAs\":[\"https:\/\/tremdavale.org\"],\"url\":\"https:\/\/tremdavale.org\/pt\/author\/admin\/\"}]}<\/script>\n<!-- \/ Yoast SEO plugin. -->","yoast_head_json":{"title":"Vag\u00e3o Sonoro Ambiental promove oficina de musicaliza\u00e7\u00e3o com Fernando Sardo &#8212; Trem da Vale","robots":{"index":"index","follow":"follow","max-snippet":"max-snippet:-1","max-image-preview":"max-image-preview:large","max-video-preview":"max-video-preview:-1"},"canonical":"https:\/\/tremdavale.org\/pt\/vagao-sonoro-ambiental-promove-oficina-de-musicalizacao-com-fernando-sardo\/","og_locale":"pt_PT","og_type":"article","og_title":"Vag\u00e3o Sonoro Ambiental promove oficina de musicaliza\u00e7\u00e3o com Fernando Sardo &#8212; Trem da Vale","og_description":"Entre os dias 07 a 11 de novembro, as equipes do Vale Conhecer e Vale Promover participaram da&nbsp;oficina&nbsp;de capacita\u00e7\u00e3o para funcion\u00e1rios e monitores do Programa de Educa\u00e7\u00e3o Patrimonial Trem da Vale &#8211; PEPTV, no Vag\u00e3o Sonoro Ambiental da Esta\u00e7\u00e3o de Ouro Preto, com o m\u00fasico, luthier e artista pl\u00e1stico Fernando&nbsp;Sardo. &hellip;","og_url":"https:\/\/tremdavale.org\/pt\/vagao-sonoro-ambiental-promove-oficina-de-musicalizacao-com-fernando-sardo\/","og_site_name":"Trem da Vale","article_published_time":"2013-08-25T04:52:00+00:00","article_modified_time":"2025-10-10T11:57:00+00:00","og_image":[{"width":300,"height":225,"url":"https:\/\/tremdavale.org\/wp-content\/uploads\/fernando-sardo-em-atividade-de-construcao-de-instrumentos-com-o-publico-de-alunos-das-instituicoes-que-participavam-do-circuito-escolas8-300x225.jpg","type":"image\/jpeg"}],"author":"admin","twitter_card":"summary_large_image","twitter_misc":{"Escrito por":"admin","Tempo estimado de leitura":"2 minutos"},"schema":{"@context":"https:\/\/schema.org","@graph":[{"@type":"WebPage","@id":"https:\/\/tremdavale.org\/pt\/vagao-sonoro-ambiental-promove-oficina-de-musicalizacao-com-fernando-sardo\/","url":"https:\/\/tremdavale.org\/pt\/vagao-sonoro-ambiental-promove-oficina-de-musicalizacao-com-fernando-sardo\/","name":"Vag\u00e3o Sonoro Ambiental promove oficina de musicaliza\u00e7\u00e3o com Fernando Sardo &#8212; Trem da Vale","isPartOf":{"@id":"https:\/\/tremdavale.org\/pt\/#website"},"primaryImageOfPage":{"@id":"https:\/\/tremdavale.org\/pt\/vagao-sonoro-ambiental-promove-oficina-de-musicalizacao-com-fernando-sardo\/#primaryimage"},"image":{"@id":"https:\/\/tremdavale.org\/pt\/vagao-sonoro-ambiental-promove-oficina-de-musicalizacao-com-fernando-sardo\/#primaryimage"},"thumbnailUrl":"https:\/\/tremdavale.org\/wp-content\/uploads\/fernando-sardo-em-atividade-de-construcao-de-instrumentos-com-o-publico-de-alunos-das-instituicoes-que-participavam-do-circuito-escolas8-300x225.jpg","datePublished":"2013-08-25T04:52:00+00:00","dateModified":"2025-10-10T11:57:00+00:00","author":{"@id":"https:\/\/tremdavale.org\/pt\/#\/schema\/person\/50912137d47426d31329f246d02eaeca"},"breadcrumb":{"@id":"https:\/\/tremdavale.org\/pt\/vagao-sonoro-ambiental-promove-oficina-de-musicalizacao-com-fernando-sardo\/#breadcrumb"},"inLanguage":"pt-PT","potentialAction":[{"@type":"ReadAction","target":["https:\/\/tremdavale.org\/pt\/vagao-sonoro-ambiental-promove-oficina-de-musicalizacao-com-fernando-sardo\/"]}]},{"@type":"ImageObject","inLanguage":"pt-PT","@id":"https:\/\/tremdavale.org\/pt\/vagao-sonoro-ambiental-promove-oficina-de-musicalizacao-com-fernando-sardo\/#primaryimage","url":"https:\/\/tremdavale.org\/wp-content\/uploads\/fernando-sardo-em-atividade-de-construcao-de-instrumentos-com-o-publico-de-alunos-das-instituicoes-que-participavam-do-circuito-escolas8-300x225.jpg","contentUrl":"https:\/\/tremdavale.org\/wp-content\/uploads\/fernando-sardo-em-atividade-de-construcao-de-instrumentos-com-o-publico-de-alunos-das-instituicoes-que-participavam-do-circuito-escolas8-300x225.jpg","width":300,"height":225},{"@type":"BreadcrumbList","@id":"https:\/\/tremdavale.org\/pt\/vagao-sonoro-ambiental-promove-oficina-de-musicalizacao-com-fernando-sardo\/#breadcrumb","itemListElement":[{"@type":"ListItem","position":1,"name":"In\u00edcio","item":"https:\/\/tremdavale.org\/pt\/"},{"@type":"ListItem","position":2,"name":"Vag\u00e3o Sonoro Ambiental promove oficina de musicaliza\u00e7\u00e3o com Fernando Sardo"}]},{"@type":"WebSite","@id":"https:\/\/tremdavale.org\/pt\/#website","url":"https:\/\/tremdavale.org\/pt\/","name":"Trem da Vale","description":"Programa de Educa\u00e7\u00e3o Patrimonial","potentialAction":[{"@type":"SearchAction","target":{"@type":"EntryPoint","urlTemplate":"https:\/\/tremdavale.org\/pt\/?s={search_term_string}"},"query-input":{"@type":"PropertyValueSpecification","valueRequired":true,"valueName":"search_term_string"}}],"inLanguage":"pt-PT"},{"@type":"Person","@id":"https:\/\/tremdavale.org\/pt\/#\/schema\/person\/50912137d47426d31329f246d02eaeca","name":"admin","image":{"@type":"ImageObject","inLanguage":"pt-PT","@id":"https:\/\/tremdavale.org\/pt\/#\/schema\/person\/image\/","url":"https:\/\/secure.gravatar.com\/avatar\/b3564f0fda6ea47959fe96a4217203e79a167568a37409758659bc3ba443b452?s=96&d=mm&r=g","contentUrl":"https:\/\/secure.gravatar.com\/avatar\/b3564f0fda6ea47959fe96a4217203e79a167568a37409758659bc3ba443b452?s=96&d=mm&r=g","caption":"admin"},"sameAs":["https:\/\/tremdavale.org"],"url":"https:\/\/tremdavale.org\/pt\/author\/admin\/"}]}},"_links":{"self":[{"href":"https:\/\/tremdavale.org\/pt\/wp-json\/wp\/v2\/posts\/312","targetHints":{"allow":["GET"]}}],"collection":[{"href":"https:\/\/tremdavale.org\/pt\/wp-json\/wp\/v2\/posts"}],"about":[{"href":"https:\/\/tremdavale.org\/pt\/wp-json\/wp\/v2\/types\/post"}],"author":[{"embeddable":true,"href":"https:\/\/tremdavale.org\/pt\/wp-json\/wp\/v2\/users\/1"}],"replies":[{"embeddable":true,"href":"https:\/\/tremdavale.org\/pt\/wp-json\/wp\/v2\/comments?post=312"}],"version-history":[{"count":0,"href":"https:\/\/tremdavale.org\/pt\/wp-json\/wp\/v2\/posts\/312\/revisions"}],"wp:featuredmedia":[{"embeddable":true,"href":"https:\/\/tremdavale.org\/pt\/wp-json\/wp\/v2\/media\/549"}],"wp:attachment":[{"href":"https:\/\/tremdavale.org\/pt\/wp-json\/wp\/v2\/media?parent=312"}],"wp:term":[{"taxonomy":"category","embeddable":true,"href":"https:\/\/tremdavale.org\/pt\/wp-json\/wp\/v2\/categories?post=312"},{"taxonomy":"post_tag","embeddable":true,"href":"https:\/\/tremdavale.org\/pt\/wp-json\/wp\/v2\/tags?post=312"}],"curies":[{"name":"wp","href":"https:\/\/api.w.org\/{rel}","templated":true}]}}