{"id":313,"date":"2013-08-25T04:52:00","date_gmt":"2013-08-25T04:52:00","guid":{"rendered":"https:\/\/tremdavale.org\/?p=313"},"modified":"2025-10-10T11:57:00","modified_gmt":"2025-10-10T11:57:00","slug":"vagao-sonoro-ambiental-realiza-oficina-de-musicalizacao","status":"publish","type":"post","link":"https:\/\/tremdavale.org\/pt\/vagao-sonoro-ambiental-realiza-oficina-de-musicalizacao\/","title":{"rendered":"Vag\u00e3o Sonoro Ambiental realiza Oficina de Musicaliza\u00e7\u00e3o"},"content":{"rendered":"<p style=\"text-align: left;\">No dia 23 de novembro, alunos do 2\u00ba per\u00edodo do curso de M\u00fasica da Universidade Federal de Ouro Preto (UFOP), participaram de uma oficina de musicaliza\u00e7\u00e3o no Vag\u00e3o Sonoro Ambiental do Programa de Educa\u00e7\u00e3o Patrimonial Trem da Vale.<\/p>\n<p style=\"text-align: center;\"><img loading=\"lazy\" decoding=\"async\" class=\"aligncenter size-large\" title=\"oficina-de-musicalizac2bauo-ufop-foto-gustavo-nunes-23-11-2011-15\" src=\"\/wp-content\/uploads\/oficina-de-musicalizac2bauo-ufop-foto-gustavo-nunes-23-11-2011-15-1023x763.jpg\" alt=\"oficina-de-musicalizac2bauo-ufop-foto-gustavo-nunes-23-11-2011-15\" width=\"553\" height=\"412\"><\/p>\n<p>Acompanhados pelo professor Marcelo Borba da disciplina de \u201cPr\u00e1ticas Pedag\u00f3gicas\u201d, os alunos conheceram o Vag\u00e3o Sonoro Ambiental localizado na Esta\u00e7\u00e3o de Ouro Preto aonde confeccionaram instrumentos musicais com materiais alternativos e compuseram pequenas pe\u00e7as com os mesmos.<\/p>\n<p>A oficina foi ministrada por Gustavo Nunes, Vivan Fernandes e Eut\u00edquio Fonseca com o intuito de apresentar aos participantes novas formas de trabalhar par\u00e2metros musicais com grupos infanto-juvenis e adultos, ligando as atividades realizadas cotidianamente no Vag\u00e3o com as trabalhadas nas disciplinas do curso de licenciatura em M\u00fasica da UFOP juntamente com as experi\u00eancias que ter\u00e3o em sala de aula posteriormente.<\/p>\n<p style=\"text-align: center;\"><img loading=\"lazy\" decoding=\"async\" class=\"aligncenter size-large\" title=\"oficina-de-musicalizac2bauo-ufop-foto-gustavo-nunes-23-11-2011-12\" src=\"\/wp-content\/uploads\/oficina-de-musicalizac2bauo-ufop-foto-gustavo-nunes-23-11-2011-12-1023x763.jpg\" alt=\"oficina-de-musicalizac2bauo-ufop-foto-gustavo-nunes-23-11-2011-12\" width=\"553\" height=\"412\"><\/p>\n<p>O Vag\u00e3o Sonoro Ambiental \u00e9 composto pela escultura Res\u00edduos Sonoros, constru\u00edda com sucatas variadas. O espa\u00e7o \u00e9 destinado \u00e0 realiza\u00e7\u00e3o de apresenta\u00e7\u00f5es musicais, aulas de musicaliza\u00e7\u00e3o e intera\u00e7\u00f5es pedag\u00f3gicas. A estrutura do vag\u00e3o abriga, ainda, uma Oficina Ecol\u00f3gica de Constru\u00e7\u00e3o de Instrumentos Musicais, aberta ao p\u00fablico visitante.<\/p>\n<p>&nbsp;<\/p>\n","protected":false},"excerpt":{"rendered":"<p>No dia 23 de novembro, alunos do 2\u00ba per\u00edodo do curso de M\u00fasica da Universidade Federal de Ouro Preto (UFOP), participaram de uma oficina de musicaliza\u00e7\u00e3o no Vag\u00e3o Sonoro Ambiental do Programa de Educa\u00e7\u00e3o Patrimonial Trem da Vale. Acompanhados pelo professor Marcelo Borba da disciplina de \u201cPr\u00e1ticas Pedag\u00f3gicas\u201d, os alunos &hellip;<\/p>\n","protected":false},"author":1,"featured_media":550,"comment_status":"open","ping_status":"closed","sticky":false,"template":"","format":"standard","meta":{"footnotes":""},"categories":[2],"tags":[],"class_list":["post-313","post","type-post","status-publish","format-standard","has-post-thumbnail","hentry","category-destaques-home"],"yoast_head":"<!-- This site is optimized with the Yoast SEO plugin v26.1.1 - https:\/\/yoast.com\/wordpress\/plugins\/seo\/ -->\n<title>Vag\u00e3o Sonoro Ambiental realiza Oficina de Musicaliza\u00e7\u00e3o &#8212; Trem da Vale<\/title>\n<meta name=\"robots\" content=\"index, follow, max-snippet:-1, max-image-preview:large, max-video-preview:-1\" \/>\n<link rel=\"canonical\" href=\"https:\/\/tremdavale.org\/pt\/vagao-sonoro-ambiental-realiza-oficina-de-musicalizacao\/\" \/>\n<meta property=\"og:locale\" content=\"pt_PT\" \/>\n<meta property=\"og:type\" content=\"article\" \/>\n<meta property=\"og:title\" content=\"Vag\u00e3o Sonoro Ambiental realiza Oficina de Musicaliza\u00e7\u00e3o &#8212; Trem da Vale\" \/>\n<meta property=\"og:description\" content=\"No dia 23 de novembro, alunos do 2\u00ba per\u00edodo do curso de M\u00fasica da Universidade Federal de Ouro Preto (UFOP), participaram de uma oficina de musicaliza\u00e7\u00e3o no Vag\u00e3o Sonoro Ambiental do Programa de Educa\u00e7\u00e3o Patrimonial Trem da Vale. Acompanhados pelo professor Marcelo Borba da disciplina de \u201cPr\u00e1ticas Pedag\u00f3gicas\u201d, os alunos &hellip;\" \/>\n<meta property=\"og:url\" content=\"https:\/\/tremdavale.org\/pt\/vagao-sonoro-ambiental-realiza-oficina-de-musicalizacao\/\" \/>\n<meta property=\"og:site_name\" content=\"Trem da Vale\" \/>\n<meta property=\"article:published_time\" content=\"2013-08-25T04:52:00+00:00\" \/>\n<meta property=\"article:modified_time\" content=\"2025-10-10T11:57:00+00:00\" \/>\n<meta property=\"og:image\" content=\"https:\/\/tremdavale.org\/wp-content\/uploads\/oficina-de-musicalizac2bauo-ufop-foto-gustavo-nunes-23-11-2011-15-1023x763.jpg\" \/>\n\t<meta property=\"og:image:width\" content=\"1023\" \/>\n\t<meta property=\"og:image:height\" content=\"763\" \/>\n\t<meta property=\"og:image:type\" content=\"image\/jpeg\" \/>\n<meta name=\"author\" content=\"admin\" \/>\n<meta name=\"twitter:card\" content=\"summary_large_image\" \/>\n<meta name=\"twitter:label1\" content=\"Escrito por\" \/>\n\t<meta name=\"twitter:data1\" content=\"admin\" \/>\n\t<meta name=\"twitter:label2\" content=\"Tempo estimado de leitura\" \/>\n\t<meta name=\"twitter:data2\" content=\"1 minuto\" \/>\n<script type=\"application\/ld+json\" class=\"yoast-schema-graph\">{\"@context\":\"https:\/\/schema.org\",\"@graph\":[{\"@type\":\"WebPage\",\"@id\":\"https:\/\/tremdavale.org\/pt\/vagao-sonoro-ambiental-realiza-oficina-de-musicalizacao\/\",\"url\":\"https:\/\/tremdavale.org\/pt\/vagao-sonoro-ambiental-realiza-oficina-de-musicalizacao\/\",\"name\":\"Vag\u00e3o Sonoro Ambiental realiza Oficina de Musicaliza\u00e7\u00e3o &#8212; Trem da Vale\",\"isPartOf\":{\"@id\":\"https:\/\/tremdavale.org\/pt\/#website\"},\"primaryImageOfPage\":{\"@id\":\"https:\/\/tremdavale.org\/pt\/vagao-sonoro-ambiental-realiza-oficina-de-musicalizacao\/#primaryimage\"},\"image\":{\"@id\":\"https:\/\/tremdavale.org\/pt\/vagao-sonoro-ambiental-realiza-oficina-de-musicalizacao\/#primaryimage\"},\"thumbnailUrl\":\"https:\/\/tremdavale.org\/wp-content\/uploads\/oficina-de-musicalizac2bauo-ufop-foto-gustavo-nunes-23-11-2011-15-1023x763.jpg\",\"datePublished\":\"2013-08-25T04:52:00+00:00\",\"dateModified\":\"2025-10-10T11:57:00+00:00\",\"author\":{\"@id\":\"https:\/\/tremdavale.org\/pt\/#\/schema\/person\/50912137d47426d31329f246d02eaeca\"},\"breadcrumb\":{\"@id\":\"https:\/\/tremdavale.org\/pt\/vagao-sonoro-ambiental-realiza-oficina-de-musicalizacao\/#breadcrumb\"},\"inLanguage\":\"pt-PT\",\"potentialAction\":[{\"@type\":\"ReadAction\",\"target\":[\"https:\/\/tremdavale.org\/pt\/vagao-sonoro-ambiental-realiza-oficina-de-musicalizacao\/\"]}]},{\"@type\":\"ImageObject\",\"inLanguage\":\"pt-PT\",\"@id\":\"https:\/\/tremdavale.org\/pt\/vagao-sonoro-ambiental-realiza-oficina-de-musicalizacao\/#primaryimage\",\"url\":\"https:\/\/tremdavale.org\/wp-content\/uploads\/oficina-de-musicalizac2bauo-ufop-foto-gustavo-nunes-23-11-2011-15-1023x763.jpg\",\"contentUrl\":\"https:\/\/tremdavale.org\/wp-content\/uploads\/oficina-de-musicalizac2bauo-ufop-foto-gustavo-nunes-23-11-2011-15-1023x763.jpg\",\"width\":1023,\"height\":763},{\"@type\":\"BreadcrumbList\",\"@id\":\"https:\/\/tremdavale.org\/pt\/vagao-sonoro-ambiental-realiza-oficina-de-musicalizacao\/#breadcrumb\",\"itemListElement\":[{\"@type\":\"ListItem\",\"position\":1,\"name\":\"In\u00edcio\",\"item\":\"https:\/\/tremdavale.org\/pt\/\"},{\"@type\":\"ListItem\",\"position\":2,\"name\":\"Vag\u00e3o Sonoro Ambiental realiza Oficina de Musicaliza\u00e7\u00e3o\"}]},{\"@type\":\"WebSite\",\"@id\":\"https:\/\/tremdavale.org\/pt\/#website\",\"url\":\"https:\/\/tremdavale.org\/pt\/\",\"name\":\"Trem da Vale\",\"description\":\"Programa de Educa\u00e7\u00e3o Patrimonial\",\"potentialAction\":[{\"@type\":\"SearchAction\",\"target\":{\"@type\":\"EntryPoint\",\"urlTemplate\":\"https:\/\/tremdavale.org\/pt\/?s={search_term_string}\"},\"query-input\":{\"@type\":\"PropertyValueSpecification\",\"valueRequired\":true,\"valueName\":\"search_term_string\"}}],\"inLanguage\":\"pt-PT\"},{\"@type\":\"Person\",\"@id\":\"https:\/\/tremdavale.org\/pt\/#\/schema\/person\/50912137d47426d31329f246d02eaeca\",\"name\":\"admin\",\"image\":{\"@type\":\"ImageObject\",\"inLanguage\":\"pt-PT\",\"@id\":\"https:\/\/tremdavale.org\/pt\/#\/schema\/person\/image\/\",\"url\":\"https:\/\/secure.gravatar.com\/avatar\/b3564f0fda6ea47959fe96a4217203e79a167568a37409758659bc3ba443b452?s=96&d=mm&r=g\",\"contentUrl\":\"https:\/\/secure.gravatar.com\/avatar\/b3564f0fda6ea47959fe96a4217203e79a167568a37409758659bc3ba443b452?s=96&d=mm&r=g\",\"caption\":\"admin\"},\"sameAs\":[\"https:\/\/tremdavale.org\"],\"url\":\"https:\/\/tremdavale.org\/pt\/author\/admin\/\"}]}<\/script>\n<!-- \/ Yoast SEO plugin. -->","yoast_head_json":{"title":"Vag\u00e3o Sonoro Ambiental realiza Oficina de Musicaliza\u00e7\u00e3o &#8212; Trem da Vale","robots":{"index":"index","follow":"follow","max-snippet":"max-snippet:-1","max-image-preview":"max-image-preview:large","max-video-preview":"max-video-preview:-1"},"canonical":"https:\/\/tremdavale.org\/pt\/vagao-sonoro-ambiental-realiza-oficina-de-musicalizacao\/","og_locale":"pt_PT","og_type":"article","og_title":"Vag\u00e3o Sonoro Ambiental realiza Oficina de Musicaliza\u00e7\u00e3o &#8212; Trem da Vale","og_description":"No dia 23 de novembro, alunos do 2\u00ba per\u00edodo do curso de M\u00fasica da Universidade Federal de Ouro Preto (UFOP), participaram de uma oficina de musicaliza\u00e7\u00e3o no Vag\u00e3o Sonoro Ambiental do Programa de Educa\u00e7\u00e3o Patrimonial Trem da Vale. Acompanhados pelo professor Marcelo Borba da disciplina de \u201cPr\u00e1ticas Pedag\u00f3gicas\u201d, os alunos &hellip;","og_url":"https:\/\/tremdavale.org\/pt\/vagao-sonoro-ambiental-realiza-oficina-de-musicalizacao\/","og_site_name":"Trem da Vale","article_published_time":"2013-08-25T04:52:00+00:00","article_modified_time":"2025-10-10T11:57:00+00:00","og_image":[{"width":1023,"height":763,"url":"https:\/\/tremdavale.org\/wp-content\/uploads\/oficina-de-musicalizac2bauo-ufop-foto-gustavo-nunes-23-11-2011-15-1023x763.jpg","type":"image\/jpeg"}],"author":"admin","twitter_card":"summary_large_image","twitter_misc":{"Escrito por":"admin","Tempo estimado de leitura":"1 minuto"},"schema":{"@context":"https:\/\/schema.org","@graph":[{"@type":"WebPage","@id":"https:\/\/tremdavale.org\/pt\/vagao-sonoro-ambiental-realiza-oficina-de-musicalizacao\/","url":"https:\/\/tremdavale.org\/pt\/vagao-sonoro-ambiental-realiza-oficina-de-musicalizacao\/","name":"Vag\u00e3o Sonoro Ambiental realiza Oficina de Musicaliza\u00e7\u00e3o &#8212; Trem da Vale","isPartOf":{"@id":"https:\/\/tremdavale.org\/pt\/#website"},"primaryImageOfPage":{"@id":"https:\/\/tremdavale.org\/pt\/vagao-sonoro-ambiental-realiza-oficina-de-musicalizacao\/#primaryimage"},"image":{"@id":"https:\/\/tremdavale.org\/pt\/vagao-sonoro-ambiental-realiza-oficina-de-musicalizacao\/#primaryimage"},"thumbnailUrl":"https:\/\/tremdavale.org\/wp-content\/uploads\/oficina-de-musicalizac2bauo-ufop-foto-gustavo-nunes-23-11-2011-15-1023x763.jpg","datePublished":"2013-08-25T04:52:00+00:00","dateModified":"2025-10-10T11:57:00+00:00","author":{"@id":"https:\/\/tremdavale.org\/pt\/#\/schema\/person\/50912137d47426d31329f246d02eaeca"},"breadcrumb":{"@id":"https:\/\/tremdavale.org\/pt\/vagao-sonoro-ambiental-realiza-oficina-de-musicalizacao\/#breadcrumb"},"inLanguage":"pt-PT","potentialAction":[{"@type":"ReadAction","target":["https:\/\/tremdavale.org\/pt\/vagao-sonoro-ambiental-realiza-oficina-de-musicalizacao\/"]}]},{"@type":"ImageObject","inLanguage":"pt-PT","@id":"https:\/\/tremdavale.org\/pt\/vagao-sonoro-ambiental-realiza-oficina-de-musicalizacao\/#primaryimage","url":"https:\/\/tremdavale.org\/wp-content\/uploads\/oficina-de-musicalizac2bauo-ufop-foto-gustavo-nunes-23-11-2011-15-1023x763.jpg","contentUrl":"https:\/\/tremdavale.org\/wp-content\/uploads\/oficina-de-musicalizac2bauo-ufop-foto-gustavo-nunes-23-11-2011-15-1023x763.jpg","width":1023,"height":763},{"@type":"BreadcrumbList","@id":"https:\/\/tremdavale.org\/pt\/vagao-sonoro-ambiental-realiza-oficina-de-musicalizacao\/#breadcrumb","itemListElement":[{"@type":"ListItem","position":1,"name":"In\u00edcio","item":"https:\/\/tremdavale.org\/pt\/"},{"@type":"ListItem","position":2,"name":"Vag\u00e3o Sonoro Ambiental realiza Oficina de Musicaliza\u00e7\u00e3o"}]},{"@type":"WebSite","@id":"https:\/\/tremdavale.org\/pt\/#website","url":"https:\/\/tremdavale.org\/pt\/","name":"Trem da Vale","description":"Programa de Educa\u00e7\u00e3o Patrimonial","potentialAction":[{"@type":"SearchAction","target":{"@type":"EntryPoint","urlTemplate":"https:\/\/tremdavale.org\/pt\/?s={search_term_string}"},"query-input":{"@type":"PropertyValueSpecification","valueRequired":true,"valueName":"search_term_string"}}],"inLanguage":"pt-PT"},{"@type":"Person","@id":"https:\/\/tremdavale.org\/pt\/#\/schema\/person\/50912137d47426d31329f246d02eaeca","name":"admin","image":{"@type":"ImageObject","inLanguage":"pt-PT","@id":"https:\/\/tremdavale.org\/pt\/#\/schema\/person\/image\/","url":"https:\/\/secure.gravatar.com\/avatar\/b3564f0fda6ea47959fe96a4217203e79a167568a37409758659bc3ba443b452?s=96&d=mm&r=g","contentUrl":"https:\/\/secure.gravatar.com\/avatar\/b3564f0fda6ea47959fe96a4217203e79a167568a37409758659bc3ba443b452?s=96&d=mm&r=g","caption":"admin"},"sameAs":["https:\/\/tremdavale.org"],"url":"https:\/\/tremdavale.org\/pt\/author\/admin\/"}]}},"_links":{"self":[{"href":"https:\/\/tremdavale.org\/pt\/wp-json\/wp\/v2\/posts\/313","targetHints":{"allow":["GET"]}}],"collection":[{"href":"https:\/\/tremdavale.org\/pt\/wp-json\/wp\/v2\/posts"}],"about":[{"href":"https:\/\/tremdavale.org\/pt\/wp-json\/wp\/v2\/types\/post"}],"author":[{"embeddable":true,"href":"https:\/\/tremdavale.org\/pt\/wp-json\/wp\/v2\/users\/1"}],"replies":[{"embeddable":true,"href":"https:\/\/tremdavale.org\/pt\/wp-json\/wp\/v2\/comments?post=313"}],"version-history":[{"count":0,"href":"https:\/\/tremdavale.org\/pt\/wp-json\/wp\/v2\/posts\/313\/revisions"}],"wp:featuredmedia":[{"embeddable":true,"href":"https:\/\/tremdavale.org\/pt\/wp-json\/wp\/v2\/media\/550"}],"wp:attachment":[{"href":"https:\/\/tremdavale.org\/pt\/wp-json\/wp\/v2\/media?parent=313"}],"wp:term":[{"taxonomy":"category","embeddable":true,"href":"https:\/\/tremdavale.org\/pt\/wp-json\/wp\/v2\/categories?post=313"},{"taxonomy":"post_tag","embeddable":true,"href":"https:\/\/tremdavale.org\/pt\/wp-json\/wp\/v2\/tags?post=313"}],"curies":[{"name":"wp","href":"https:\/\/api.w.org\/{rel}","templated":true}]}}