{"id":315,"date":"2011-09-12T01:09:00","date_gmt":"2011-09-12T01:09:00","guid":{"rendered":"https:\/\/tremdavale.org\/?p=315"},"modified":"2025-10-10T11:57:00","modified_gmt":"2025-10-10T11:57:00","slug":"vale-registrar-conclui-nova-etapa-de-entrevistas-de-historia-oral","status":"publish","type":"post","link":"https:\/\/tremdavale.org\/pt\/vale-registrar-conclui-nova-etapa-de-entrevistas-de-historia-oral\/","title":{"rendered":"Vale Registrar conclui nova etapa de entrevistas de Hist\u00f3ria Oral"},"content":{"rendered":"<p><img loading=\"lazy\" decoding=\"async\" class=\"size-medium\" title=\"foto-entrevista-de-historia-oral\" src=\"\/wp-content\/uploads\/foto-entrevista-de-historia-oral-300x199.jpg\" alt=\"A entrevistada In\u00eas Brand\u00e3o Pereira junto \u00e0 equipe do Vale Registrar. Na Foto: Rodrigo Lima, Josanne Guerra, In\u00eas Brand\u00e3o Pereira, Jos\u00e9 Gomes Pereira e Rosilene Figueiredo.\" width=\"300\" height=\"199\"><\/p>\n<p>A entrevistada In\u00eas Brand\u00e3o Pereira junto \u00e0 equipe do Vale Registrar. Na Foto: Rodrigo Lima, Josanne Guerra, In\u00eas Brand\u00e3o Pereira, Jos\u00e9 Gomes Pereira e Rosilene Figueiredo.<\/p>\n<p>&nbsp;<\/p>\n<p style=\"text-align: justify;\">Nesta semana, o N\u00facleo de Hist\u00f3ria Oral do Vale Registrar gravou as \u00faltimas entrevistas previstas para a fase 05, perfazendo o total de 28 depoimentos colhidos em 2010.<!--more--><\/p>\n<p style=\"text-align: justify;\">Na ter\u00e7a-feira, dia 14 de dezembro, foram gravadas em Ouro Preto uma entrevista do tipo Hist\u00f3ria Tem\u00e1tica Tecelagem, com o senhor Jos\u00e9 Luzia Neto, que trabalhou no setor da Caldeira; e uma entrevista, do tipo Hist\u00f3ria de Vida, com a senhora Maria B\u00e1rbara de Lima, conhecida como Dona Mariazinha, de 93 anos de idade, propriet\u00e1ria da Mina do Chico Rei, que ingressou na Companhia Industrial Ouropretana aos 11 anos de idade.<\/p>\n<p style=\"text-align: justify;\">Na quarta-feira, foi gravada em Mariana uma entrevista do tipo Hist\u00f3ria Tem\u00e1tica Tecelagem, com a senhora In\u00eas Brand\u00e3o Pereira, que trabalhou na F\u00e1brica S\u00e3o Jos\u00e9, como fiandeira. O depoimento de Dona In\u00eas trouxe novas e importantes informa\u00e7\u00f5es sobre o cotidiano da f\u00e1brica: as rela\u00e7\u00f5es&nbsp; que se estabeleciam entre os oper\u00e1rios, com o envio de recados entre os namorados; a algazarra quando acabava a luz; a elei\u00e7\u00e3o da Rainha da Beleza; a presen\u00e7a da Juventude Oper\u00e1ria Cat\u00f3lica e muitos outros casos curiosos.<\/p>\n<p style=\"text-align: justify;\">No mesmo dia, foi entrevistada a senhora Eliza Moyle Ba\u00eata, conhecida como Dona Laiza. Neta de ingleses, Dona Laisa tem 80 anos de idade e \u00e9 comerciante e dona de casa. Durante a entrevista, contou um pouco da hist\u00f3ria da vinda dos seus av\u00f3s para Passagem de Marina, onde o av\u00f4 abriu um com\u00e9rcio destinado a abastecer os ingleses da Mina da Passagem e a av\u00f3, uma hospedaria para os gerentes e funcion\u00e1rios ingleses.<\/p>\n<p style=\"text-align: justify;\">Falou tamb\u00e9m sobre o per\u00edodo de sua inf\u00e2ncia e sobre o trabalho que os alunos do Grupo Dom Benevides (onde estudou) tinham ao coletar o bicho-da-seda nas amoreiras da cidade e cultivar os casulos que, ent\u00e3o, eram enviados para uma f\u00e1brica de seda. Contou ainda sobre a padaria aberta pelos pais que vendiam, al\u00e9m dos p\u00e3es do dia a dia, as quitandas inglesas que faziam muito sucesso nas festas de fim de ano; e sobre as oper\u00e1rias da f\u00e1brica que compravam o p\u00e3o \u00e0s 5h da manh\u00e3 ao irem para o trabalho.<\/p>\n<p style=\"text-align: justify;\">Em breve, todas estas entrevistas estar\u00e3o dispon\u00edveis no acervo da Biblioteca Infanto-juvenil da Esta\u00e7\u00e3o de Mariana para consulta, contribuindo para a preserva\u00e7\u00e3o da mem\u00f3ria afetiva dos moradores da regi\u00e3o.<\/p>\n<p>&nbsp;<\/p>\n","protected":false},"excerpt":{"rendered":"<p>A entrevistada In\u00eas Brand\u00e3o Pereira junto \u00e0 equipe do Vale Registrar. Na Foto: Rodrigo Lima, Josanne Guerra, In\u00eas Brand\u00e3o Pereira, Jos\u00e9 Gomes Pereira e Rosilene Figueiredo. &nbsp; Nesta semana, o N\u00facleo de Hist\u00f3ria Oral do Vale Registrar gravou as \u00faltimas entrevistas previstas para a fase 05, perfazendo o total de &hellip;<\/p>\n","protected":false},"author":1,"featured_media":552,"comment_status":"open","ping_status":"closed","sticky":false,"template":"","format":"standard","meta":{"footnotes":""},"categories":[2],"tags":[],"class_list":["post-315","post","type-post","status-publish","format-standard","has-post-thumbnail","hentry","category-destaques-home"],"yoast_head":"<!-- This site is optimized with the Yoast SEO plugin v26.1.1 - https:\/\/yoast.com\/wordpress\/plugins\/seo\/ -->\n<title>Vale Registrar conclui nova etapa de entrevistas de Hist\u00f3ria Oral &#8212; Trem da Vale<\/title>\n<meta name=\"robots\" content=\"index, follow, max-snippet:-1, max-image-preview:large, max-video-preview:-1\" \/>\n<link rel=\"canonical\" href=\"https:\/\/tremdavale.org\/pt\/vale-registrar-conclui-nova-etapa-de-entrevistas-de-historia-oral\/\" \/>\n<meta property=\"og:locale\" content=\"pt_PT\" \/>\n<meta property=\"og:type\" content=\"article\" \/>\n<meta property=\"og:title\" content=\"Vale Registrar conclui nova etapa de entrevistas de Hist\u00f3ria Oral &#8212; Trem da Vale\" \/>\n<meta property=\"og:description\" content=\"A entrevistada In\u00eas Brand\u00e3o Pereira junto \u00e0 equipe do Vale Registrar. Na Foto: Rodrigo Lima, Josanne Guerra, In\u00eas Brand\u00e3o Pereira, Jos\u00e9 Gomes Pereira e Rosilene Figueiredo. &nbsp; Nesta semana, o N\u00facleo de Hist\u00f3ria Oral do Vale Registrar gravou as \u00faltimas entrevistas previstas para a fase 05, perfazendo o total de &hellip;\" \/>\n<meta property=\"og:url\" content=\"https:\/\/tremdavale.org\/pt\/vale-registrar-conclui-nova-etapa-de-entrevistas-de-historia-oral\/\" \/>\n<meta property=\"og:site_name\" content=\"Trem da Vale\" \/>\n<meta property=\"article:published_time\" content=\"2011-09-12T01:09:00+00:00\" \/>\n<meta property=\"article:modified_time\" content=\"2025-10-10T11:57:00+00:00\" \/>\n<meta property=\"og:image\" content=\"https:\/\/tremdavale.org\/wp-content\/uploads\/foto-entrevista-de-historia-oral-300x199.jpg\" \/>\n\t<meta property=\"og:image:width\" content=\"300\" \/>\n\t<meta property=\"og:image:height\" content=\"199\" \/>\n\t<meta property=\"og:image:type\" content=\"image\/jpeg\" \/>\n<meta name=\"author\" content=\"admin\" \/>\n<meta name=\"twitter:card\" content=\"summary_large_image\" \/>\n<meta name=\"twitter:label1\" content=\"Escrito por\" \/>\n\t<meta name=\"twitter:data1\" content=\"admin\" \/>\n\t<meta name=\"twitter:label2\" content=\"Tempo estimado de leitura\" \/>\n\t<meta name=\"twitter:data2\" content=\"2 minutos\" \/>\n<script type=\"application\/ld+json\" class=\"yoast-schema-graph\">{\"@context\":\"https:\/\/schema.org\",\"@graph\":[{\"@type\":\"WebPage\",\"@id\":\"https:\/\/tremdavale.org\/pt\/vale-registrar-conclui-nova-etapa-de-entrevistas-de-historia-oral\/\",\"url\":\"https:\/\/tremdavale.org\/pt\/vale-registrar-conclui-nova-etapa-de-entrevistas-de-historia-oral\/\",\"name\":\"Vale Registrar conclui nova etapa de entrevistas de Hist\u00f3ria Oral &#8212; Trem da Vale\",\"isPartOf\":{\"@id\":\"https:\/\/tremdavale.org\/pt\/#website\"},\"primaryImageOfPage\":{\"@id\":\"https:\/\/tremdavale.org\/pt\/vale-registrar-conclui-nova-etapa-de-entrevistas-de-historia-oral\/#primaryimage\"},\"image\":{\"@id\":\"https:\/\/tremdavale.org\/pt\/vale-registrar-conclui-nova-etapa-de-entrevistas-de-historia-oral\/#primaryimage\"},\"thumbnailUrl\":\"https:\/\/tremdavale.org\/wp-content\/uploads\/foto-entrevista-de-historia-oral-300x199.jpg\",\"datePublished\":\"2011-09-12T01:09:00+00:00\",\"dateModified\":\"2025-10-10T11:57:00+00:00\",\"author\":{\"@id\":\"https:\/\/tremdavale.org\/pt\/#\/schema\/person\/50912137d47426d31329f246d02eaeca\"},\"breadcrumb\":{\"@id\":\"https:\/\/tremdavale.org\/pt\/vale-registrar-conclui-nova-etapa-de-entrevistas-de-historia-oral\/#breadcrumb\"},\"inLanguage\":\"pt-PT\",\"potentialAction\":[{\"@type\":\"ReadAction\",\"target\":[\"https:\/\/tremdavale.org\/pt\/vale-registrar-conclui-nova-etapa-de-entrevistas-de-historia-oral\/\"]}]},{\"@type\":\"ImageObject\",\"inLanguage\":\"pt-PT\",\"@id\":\"https:\/\/tremdavale.org\/pt\/vale-registrar-conclui-nova-etapa-de-entrevistas-de-historia-oral\/#primaryimage\",\"url\":\"https:\/\/tremdavale.org\/wp-content\/uploads\/foto-entrevista-de-historia-oral-300x199.jpg\",\"contentUrl\":\"https:\/\/tremdavale.org\/wp-content\/uploads\/foto-entrevista-de-historia-oral-300x199.jpg\",\"width\":300,\"height\":199},{\"@type\":\"BreadcrumbList\",\"@id\":\"https:\/\/tremdavale.org\/pt\/vale-registrar-conclui-nova-etapa-de-entrevistas-de-historia-oral\/#breadcrumb\",\"itemListElement\":[{\"@type\":\"ListItem\",\"position\":1,\"name\":\"In\u00edcio\",\"item\":\"https:\/\/tremdavale.org\/pt\/\"},{\"@type\":\"ListItem\",\"position\":2,\"name\":\"Vale Registrar conclui nova etapa de entrevistas de Hist\u00f3ria Oral\"}]},{\"@type\":\"WebSite\",\"@id\":\"https:\/\/tremdavale.org\/pt\/#website\",\"url\":\"https:\/\/tremdavale.org\/pt\/\",\"name\":\"Trem da Vale\",\"description\":\"Programa de Educa\u00e7\u00e3o Patrimonial\",\"potentialAction\":[{\"@type\":\"SearchAction\",\"target\":{\"@type\":\"EntryPoint\",\"urlTemplate\":\"https:\/\/tremdavale.org\/pt\/?s={search_term_string}\"},\"query-input\":{\"@type\":\"PropertyValueSpecification\",\"valueRequired\":true,\"valueName\":\"search_term_string\"}}],\"inLanguage\":\"pt-PT\"},{\"@type\":\"Person\",\"@id\":\"https:\/\/tremdavale.org\/pt\/#\/schema\/person\/50912137d47426d31329f246d02eaeca\",\"name\":\"admin\",\"image\":{\"@type\":\"ImageObject\",\"inLanguage\":\"pt-PT\",\"@id\":\"https:\/\/tremdavale.org\/pt\/#\/schema\/person\/image\/\",\"url\":\"https:\/\/secure.gravatar.com\/avatar\/b3564f0fda6ea47959fe96a4217203e79a167568a37409758659bc3ba443b452?s=96&d=mm&r=g\",\"contentUrl\":\"https:\/\/secure.gravatar.com\/avatar\/b3564f0fda6ea47959fe96a4217203e79a167568a37409758659bc3ba443b452?s=96&d=mm&r=g\",\"caption\":\"admin\"},\"sameAs\":[\"https:\/\/tremdavale.org\"],\"url\":\"https:\/\/tremdavale.org\/pt\/author\/admin\/\"}]}<\/script>\n<!-- \/ Yoast SEO plugin. -->","yoast_head_json":{"title":"Vale Registrar conclui nova etapa de entrevistas de Hist\u00f3ria Oral &#8212; Trem da Vale","robots":{"index":"index","follow":"follow","max-snippet":"max-snippet:-1","max-image-preview":"max-image-preview:large","max-video-preview":"max-video-preview:-1"},"canonical":"https:\/\/tremdavale.org\/pt\/vale-registrar-conclui-nova-etapa-de-entrevistas-de-historia-oral\/","og_locale":"pt_PT","og_type":"article","og_title":"Vale Registrar conclui nova etapa de entrevistas de Hist\u00f3ria Oral &#8212; Trem da Vale","og_description":"A entrevistada In\u00eas Brand\u00e3o Pereira junto \u00e0 equipe do Vale Registrar. Na Foto: Rodrigo Lima, Josanne Guerra, In\u00eas Brand\u00e3o Pereira, Jos\u00e9 Gomes Pereira e Rosilene Figueiredo. &nbsp; Nesta semana, o N\u00facleo de Hist\u00f3ria Oral do Vale Registrar gravou as \u00faltimas entrevistas previstas para a fase 05, perfazendo o total de &hellip;","og_url":"https:\/\/tremdavale.org\/pt\/vale-registrar-conclui-nova-etapa-de-entrevistas-de-historia-oral\/","og_site_name":"Trem da Vale","article_published_time":"2011-09-12T01:09:00+00:00","article_modified_time":"2025-10-10T11:57:00+00:00","og_image":[{"width":300,"height":199,"url":"https:\/\/tremdavale.org\/wp-content\/uploads\/foto-entrevista-de-historia-oral-300x199.jpg","type":"image\/jpeg"}],"author":"admin","twitter_card":"summary_large_image","twitter_misc":{"Escrito por":"admin","Tempo estimado de leitura":"2 minutos"},"schema":{"@context":"https:\/\/schema.org","@graph":[{"@type":"WebPage","@id":"https:\/\/tremdavale.org\/pt\/vale-registrar-conclui-nova-etapa-de-entrevistas-de-historia-oral\/","url":"https:\/\/tremdavale.org\/pt\/vale-registrar-conclui-nova-etapa-de-entrevistas-de-historia-oral\/","name":"Vale Registrar conclui nova etapa de entrevistas de Hist\u00f3ria Oral &#8212; Trem da Vale","isPartOf":{"@id":"https:\/\/tremdavale.org\/pt\/#website"},"primaryImageOfPage":{"@id":"https:\/\/tremdavale.org\/pt\/vale-registrar-conclui-nova-etapa-de-entrevistas-de-historia-oral\/#primaryimage"},"image":{"@id":"https:\/\/tremdavale.org\/pt\/vale-registrar-conclui-nova-etapa-de-entrevistas-de-historia-oral\/#primaryimage"},"thumbnailUrl":"https:\/\/tremdavale.org\/wp-content\/uploads\/foto-entrevista-de-historia-oral-300x199.jpg","datePublished":"2011-09-12T01:09:00+00:00","dateModified":"2025-10-10T11:57:00+00:00","author":{"@id":"https:\/\/tremdavale.org\/pt\/#\/schema\/person\/50912137d47426d31329f246d02eaeca"},"breadcrumb":{"@id":"https:\/\/tremdavale.org\/pt\/vale-registrar-conclui-nova-etapa-de-entrevistas-de-historia-oral\/#breadcrumb"},"inLanguage":"pt-PT","potentialAction":[{"@type":"ReadAction","target":["https:\/\/tremdavale.org\/pt\/vale-registrar-conclui-nova-etapa-de-entrevistas-de-historia-oral\/"]}]},{"@type":"ImageObject","inLanguage":"pt-PT","@id":"https:\/\/tremdavale.org\/pt\/vale-registrar-conclui-nova-etapa-de-entrevistas-de-historia-oral\/#primaryimage","url":"https:\/\/tremdavale.org\/wp-content\/uploads\/foto-entrevista-de-historia-oral-300x199.jpg","contentUrl":"https:\/\/tremdavale.org\/wp-content\/uploads\/foto-entrevista-de-historia-oral-300x199.jpg","width":300,"height":199},{"@type":"BreadcrumbList","@id":"https:\/\/tremdavale.org\/pt\/vale-registrar-conclui-nova-etapa-de-entrevistas-de-historia-oral\/#breadcrumb","itemListElement":[{"@type":"ListItem","position":1,"name":"In\u00edcio","item":"https:\/\/tremdavale.org\/pt\/"},{"@type":"ListItem","position":2,"name":"Vale Registrar conclui nova etapa de entrevistas de Hist\u00f3ria Oral"}]},{"@type":"WebSite","@id":"https:\/\/tremdavale.org\/pt\/#website","url":"https:\/\/tremdavale.org\/pt\/","name":"Trem da Vale","description":"Programa de Educa\u00e7\u00e3o Patrimonial","potentialAction":[{"@type":"SearchAction","target":{"@type":"EntryPoint","urlTemplate":"https:\/\/tremdavale.org\/pt\/?s={search_term_string}"},"query-input":{"@type":"PropertyValueSpecification","valueRequired":true,"valueName":"search_term_string"}}],"inLanguage":"pt-PT"},{"@type":"Person","@id":"https:\/\/tremdavale.org\/pt\/#\/schema\/person\/50912137d47426d31329f246d02eaeca","name":"admin","image":{"@type":"ImageObject","inLanguage":"pt-PT","@id":"https:\/\/tremdavale.org\/pt\/#\/schema\/person\/image\/","url":"https:\/\/secure.gravatar.com\/avatar\/b3564f0fda6ea47959fe96a4217203e79a167568a37409758659bc3ba443b452?s=96&d=mm&r=g","contentUrl":"https:\/\/secure.gravatar.com\/avatar\/b3564f0fda6ea47959fe96a4217203e79a167568a37409758659bc3ba443b452?s=96&d=mm&r=g","caption":"admin"},"sameAs":["https:\/\/tremdavale.org"],"url":"https:\/\/tremdavale.org\/pt\/author\/admin\/"}]}},"_links":{"self":[{"href":"https:\/\/tremdavale.org\/pt\/wp-json\/wp\/v2\/posts\/315","targetHints":{"allow":["GET"]}}],"collection":[{"href":"https:\/\/tremdavale.org\/pt\/wp-json\/wp\/v2\/posts"}],"about":[{"href":"https:\/\/tremdavale.org\/pt\/wp-json\/wp\/v2\/types\/post"}],"author":[{"embeddable":true,"href":"https:\/\/tremdavale.org\/pt\/wp-json\/wp\/v2\/users\/1"}],"replies":[{"embeddable":true,"href":"https:\/\/tremdavale.org\/pt\/wp-json\/wp\/v2\/comments?post=315"}],"version-history":[{"count":0,"href":"https:\/\/tremdavale.org\/pt\/wp-json\/wp\/v2\/posts\/315\/revisions"}],"wp:featuredmedia":[{"embeddable":true,"href":"https:\/\/tremdavale.org\/pt\/wp-json\/wp\/v2\/media\/552"}],"wp:attachment":[{"href":"https:\/\/tremdavale.org\/pt\/wp-json\/wp\/v2\/media?parent=315"}],"wp:term":[{"taxonomy":"category","embeddable":true,"href":"https:\/\/tremdavale.org\/pt\/wp-json\/wp\/v2\/categories?post=315"},{"taxonomy":"post_tag","embeddable":true,"href":"https:\/\/tremdavale.org\/pt\/wp-json\/wp\/v2\/tags?post=315"}],"curies":[{"name":"wp","href":"https:\/\/api.w.org\/{rel}","templated":true}]}}