{"id":316,"date":"2011-09-11T20:14:00","date_gmt":"2011-09-11T20:14:00","guid":{"rendered":"https:\/\/tremdavale.org\/?p=316"},"modified":"2025-10-10T11:57:00","modified_gmt":"2025-10-10T11:57:00","slug":"vale-registrar-e-ganhador-do-premio-aberje-brasil","status":"publish","type":"post","link":"https:\/\/tremdavale.org\/pt\/vale-registrar-e-ganhador-do-premio-aberje-brasil\/","title":{"rendered":"Vale Registrar \u00e9 ganhador do Pr\u00eamio Aberje Brasil"},"content":{"rendered":"<p><img loading=\"lazy\" decoding=\"async\" class=\"alignleft size-medium\" title=\"aberje1\" src=\"\/wp-content\/uploads\/aberje1-300x257.jpg\" alt=\"aberje1\" width=\"300\" height=\"257\"><\/p>\n<p>O Vale Registrar, que realiza um amplo trabalho de hist\u00f3ria Oral em Ouro Preto e Mariana, recebeu o Pr\u00eamio Aberje Brasil 2009, na Categoria Responsabilidade Hist\u00f3ria e Mem\u00f3ria Empresarial.<!--more--> O Vale Registrar \u00e9 um subprograma do Trem da Vale voltado para o resgate da mem\u00f3ria individual e coletiva dos moradores de Ouro Preto e Mariana por meio do trabalho de hist\u00f3ria oral.<\/p>\n<p>Em sua 35\u00aa edi\u00e7\u00e3o, o Pr\u00eamio Aberje elegeu as melhores iniciativas de comunica\u00e7\u00e3o organizacional do pa\u00eds, promovendo o reconhecimento e a divulga\u00e7\u00e3o de a\u00e7\u00f5es empreendidas em todo o territ\u00f3rio nacional.<\/p>\n<p>Trata-se da maior premia\u00e7\u00e3o de Comunica\u00e7\u00e3o Empresarial do pa\u00eds. Mais de 420 trabalhos de 178 empresas brasileiras se inscreveram para o Pr\u00eamio. Os vencedores passaram por tr\u00eas etapas de classifica\u00e7\u00e3o, e foram avaliados em audi\u00eancia p\u00fablica por um j\u00fari composto por profissionais de not\u00f3rio saber.<\/p>\n<p>O Pr\u00eamio demonstra a excel\u00eancia do Vale Registrar no \u00e2mbito da preserva\u00e7\u00e3o da hist\u00f3ria da regi\u00e3o, e revela o comprometimento do Programa Trem da Vale com a cultura local.<\/p>\n<p>&nbsp;<\/p>\n","protected":false},"excerpt":{"rendered":"<p>O Vale Registrar, que realiza um amplo trabalho de hist\u00f3ria Oral em Ouro Preto e Mariana, recebeu o Pr\u00eamio Aberje Brasil 2009, na Categoria Responsabilidade Hist\u00f3ria e Mem\u00f3ria Empresarial.<\/p>\n","protected":false},"author":1,"featured_media":553,"comment_status":"open","ping_status":"closed","sticky":false,"template":"","format":"standard","meta":{"footnotes":""},"categories":[2],"tags":[],"class_list":["post-316","post","type-post","status-publish","format-standard","has-post-thumbnail","hentry","category-destaques-home"],"yoast_head":"<!-- This site is optimized with the Yoast SEO plugin v26.1.1 - https:\/\/yoast.com\/wordpress\/plugins\/seo\/ -->\n<title>Vale Registrar \u00e9 ganhador do Pr\u00eamio Aberje Brasil &#8212; Trem da Vale<\/title>\n<meta name=\"robots\" content=\"index, follow, max-snippet:-1, max-image-preview:large, max-video-preview:-1\" \/>\n<link rel=\"canonical\" href=\"https:\/\/tremdavale.org\/pt\/vale-registrar-e-ganhador-do-premio-aberje-brasil\/\" \/>\n<meta property=\"og:locale\" content=\"pt_PT\" \/>\n<meta property=\"og:type\" content=\"article\" \/>\n<meta property=\"og:title\" content=\"Vale Registrar \u00e9 ganhador do Pr\u00eamio Aberje Brasil &#8212; Trem da Vale\" \/>\n<meta property=\"og:description\" content=\"O Vale Registrar, que realiza um amplo trabalho de hist\u00f3ria Oral em Ouro Preto e Mariana, recebeu o Pr\u00eamio Aberje Brasil 2009, na Categoria Responsabilidade Hist\u00f3ria e Mem\u00f3ria Empresarial.\" \/>\n<meta property=\"og:url\" content=\"https:\/\/tremdavale.org\/pt\/vale-registrar-e-ganhador-do-premio-aberje-brasil\/\" \/>\n<meta property=\"og:site_name\" content=\"Trem da Vale\" \/>\n<meta property=\"article:published_time\" content=\"2011-09-11T20:14:00+00:00\" \/>\n<meta property=\"article:modified_time\" content=\"2025-10-10T11:57:00+00:00\" \/>\n<meta property=\"og:image\" content=\"https:\/\/tremdavale.org\/wp-content\/uploads\/aberje1-300x257.jpg\" \/>\n\t<meta property=\"og:image:width\" content=\"300\" \/>\n\t<meta property=\"og:image:height\" content=\"257\" \/>\n\t<meta property=\"og:image:type\" content=\"image\/jpeg\" \/>\n<meta name=\"author\" content=\"admin\" \/>\n<meta name=\"twitter:card\" content=\"summary_large_image\" \/>\n<meta name=\"twitter:label1\" content=\"Escrito por\" \/>\n\t<meta name=\"twitter:data1\" content=\"admin\" \/>\n\t<meta name=\"twitter:label2\" content=\"Tempo estimado de leitura\" \/>\n\t<meta name=\"twitter:data2\" content=\"1 minuto\" \/>\n<script type=\"application\/ld+json\" class=\"yoast-schema-graph\">{\"@context\":\"https:\/\/schema.org\",\"@graph\":[{\"@type\":\"WebPage\",\"@id\":\"https:\/\/tremdavale.org\/pt\/vale-registrar-e-ganhador-do-premio-aberje-brasil\/\",\"url\":\"https:\/\/tremdavale.org\/pt\/vale-registrar-e-ganhador-do-premio-aberje-brasil\/\",\"name\":\"Vale Registrar \u00e9 ganhador do Pr\u00eamio Aberje Brasil &#8212; Trem da Vale\",\"isPartOf\":{\"@id\":\"https:\/\/tremdavale.org\/pt\/#website\"},\"primaryImageOfPage\":{\"@id\":\"https:\/\/tremdavale.org\/pt\/vale-registrar-e-ganhador-do-premio-aberje-brasil\/#primaryimage\"},\"image\":{\"@id\":\"https:\/\/tremdavale.org\/pt\/vale-registrar-e-ganhador-do-premio-aberje-brasil\/#primaryimage\"},\"thumbnailUrl\":\"https:\/\/tremdavale.org\/wp-content\/uploads\/aberje1-300x257.jpg\",\"datePublished\":\"2011-09-11T20:14:00+00:00\",\"dateModified\":\"2025-10-10T11:57:00+00:00\",\"author\":{\"@id\":\"https:\/\/tremdavale.org\/pt\/#\/schema\/person\/50912137d47426d31329f246d02eaeca\"},\"breadcrumb\":{\"@id\":\"https:\/\/tremdavale.org\/pt\/vale-registrar-e-ganhador-do-premio-aberje-brasil\/#breadcrumb\"},\"inLanguage\":\"pt-PT\",\"potentialAction\":[{\"@type\":\"ReadAction\",\"target\":[\"https:\/\/tremdavale.org\/pt\/vale-registrar-e-ganhador-do-premio-aberje-brasil\/\"]}]},{\"@type\":\"ImageObject\",\"inLanguage\":\"pt-PT\",\"@id\":\"https:\/\/tremdavale.org\/pt\/vale-registrar-e-ganhador-do-premio-aberje-brasil\/#primaryimage\",\"url\":\"https:\/\/tremdavale.org\/wp-content\/uploads\/aberje1-300x257.jpg\",\"contentUrl\":\"https:\/\/tremdavale.org\/wp-content\/uploads\/aberje1-300x257.jpg\",\"width\":300,\"height\":257},{\"@type\":\"BreadcrumbList\",\"@id\":\"https:\/\/tremdavale.org\/pt\/vale-registrar-e-ganhador-do-premio-aberje-brasil\/#breadcrumb\",\"itemListElement\":[{\"@type\":\"ListItem\",\"position\":1,\"name\":\"In\u00edcio\",\"item\":\"https:\/\/tremdavale.org\/pt\/\"},{\"@type\":\"ListItem\",\"position\":2,\"name\":\"Vale Registrar \u00e9 ganhador do Pr\u00eamio Aberje Brasil\"}]},{\"@type\":\"WebSite\",\"@id\":\"https:\/\/tremdavale.org\/pt\/#website\",\"url\":\"https:\/\/tremdavale.org\/pt\/\",\"name\":\"Trem da Vale\",\"description\":\"Programa de Educa\u00e7\u00e3o Patrimonial\",\"potentialAction\":[{\"@type\":\"SearchAction\",\"target\":{\"@type\":\"EntryPoint\",\"urlTemplate\":\"https:\/\/tremdavale.org\/pt\/?s={search_term_string}\"},\"query-input\":{\"@type\":\"PropertyValueSpecification\",\"valueRequired\":true,\"valueName\":\"search_term_string\"}}],\"inLanguage\":\"pt-PT\"},{\"@type\":\"Person\",\"@id\":\"https:\/\/tremdavale.org\/pt\/#\/schema\/person\/50912137d47426d31329f246d02eaeca\",\"name\":\"admin\",\"image\":{\"@type\":\"ImageObject\",\"inLanguage\":\"pt-PT\",\"@id\":\"https:\/\/tremdavale.org\/pt\/#\/schema\/person\/image\/\",\"url\":\"https:\/\/secure.gravatar.com\/avatar\/b3564f0fda6ea47959fe96a4217203e79a167568a37409758659bc3ba443b452?s=96&d=mm&r=g\",\"contentUrl\":\"https:\/\/secure.gravatar.com\/avatar\/b3564f0fda6ea47959fe96a4217203e79a167568a37409758659bc3ba443b452?s=96&d=mm&r=g\",\"caption\":\"admin\"},\"sameAs\":[\"https:\/\/tremdavale.org\"],\"url\":\"https:\/\/tremdavale.org\/pt\/author\/admin\/\"}]}<\/script>\n<!-- \/ Yoast SEO plugin. -->","yoast_head_json":{"title":"Vale Registrar \u00e9 ganhador do Pr\u00eamio Aberje Brasil &#8212; Trem da Vale","robots":{"index":"index","follow":"follow","max-snippet":"max-snippet:-1","max-image-preview":"max-image-preview:large","max-video-preview":"max-video-preview:-1"},"canonical":"https:\/\/tremdavale.org\/pt\/vale-registrar-e-ganhador-do-premio-aberje-brasil\/","og_locale":"pt_PT","og_type":"article","og_title":"Vale Registrar \u00e9 ganhador do Pr\u00eamio Aberje Brasil &#8212; Trem da Vale","og_description":"O Vale Registrar, que realiza um amplo trabalho de hist\u00f3ria Oral em Ouro Preto e Mariana, recebeu o Pr\u00eamio Aberje Brasil 2009, na Categoria Responsabilidade Hist\u00f3ria e Mem\u00f3ria Empresarial.","og_url":"https:\/\/tremdavale.org\/pt\/vale-registrar-e-ganhador-do-premio-aberje-brasil\/","og_site_name":"Trem da Vale","article_published_time":"2011-09-11T20:14:00+00:00","article_modified_time":"2025-10-10T11:57:00+00:00","og_image":[{"width":300,"height":257,"url":"https:\/\/tremdavale.org\/wp-content\/uploads\/aberje1-300x257.jpg","type":"image\/jpeg"}],"author":"admin","twitter_card":"summary_large_image","twitter_misc":{"Escrito por":"admin","Tempo estimado de leitura":"1 minuto"},"schema":{"@context":"https:\/\/schema.org","@graph":[{"@type":"WebPage","@id":"https:\/\/tremdavale.org\/pt\/vale-registrar-e-ganhador-do-premio-aberje-brasil\/","url":"https:\/\/tremdavale.org\/pt\/vale-registrar-e-ganhador-do-premio-aberje-brasil\/","name":"Vale Registrar \u00e9 ganhador do Pr\u00eamio Aberje Brasil &#8212; Trem da Vale","isPartOf":{"@id":"https:\/\/tremdavale.org\/pt\/#website"},"primaryImageOfPage":{"@id":"https:\/\/tremdavale.org\/pt\/vale-registrar-e-ganhador-do-premio-aberje-brasil\/#primaryimage"},"image":{"@id":"https:\/\/tremdavale.org\/pt\/vale-registrar-e-ganhador-do-premio-aberje-brasil\/#primaryimage"},"thumbnailUrl":"https:\/\/tremdavale.org\/wp-content\/uploads\/aberje1-300x257.jpg","datePublished":"2011-09-11T20:14:00+00:00","dateModified":"2025-10-10T11:57:00+00:00","author":{"@id":"https:\/\/tremdavale.org\/pt\/#\/schema\/person\/50912137d47426d31329f246d02eaeca"},"breadcrumb":{"@id":"https:\/\/tremdavale.org\/pt\/vale-registrar-e-ganhador-do-premio-aberje-brasil\/#breadcrumb"},"inLanguage":"pt-PT","potentialAction":[{"@type":"ReadAction","target":["https:\/\/tremdavale.org\/pt\/vale-registrar-e-ganhador-do-premio-aberje-brasil\/"]}]},{"@type":"ImageObject","inLanguage":"pt-PT","@id":"https:\/\/tremdavale.org\/pt\/vale-registrar-e-ganhador-do-premio-aberje-brasil\/#primaryimage","url":"https:\/\/tremdavale.org\/wp-content\/uploads\/aberje1-300x257.jpg","contentUrl":"https:\/\/tremdavale.org\/wp-content\/uploads\/aberje1-300x257.jpg","width":300,"height":257},{"@type":"BreadcrumbList","@id":"https:\/\/tremdavale.org\/pt\/vale-registrar-e-ganhador-do-premio-aberje-brasil\/#breadcrumb","itemListElement":[{"@type":"ListItem","position":1,"name":"In\u00edcio","item":"https:\/\/tremdavale.org\/pt\/"},{"@type":"ListItem","position":2,"name":"Vale Registrar \u00e9 ganhador do Pr\u00eamio Aberje Brasil"}]},{"@type":"WebSite","@id":"https:\/\/tremdavale.org\/pt\/#website","url":"https:\/\/tremdavale.org\/pt\/","name":"Trem da Vale","description":"Programa de Educa\u00e7\u00e3o Patrimonial","potentialAction":[{"@type":"SearchAction","target":{"@type":"EntryPoint","urlTemplate":"https:\/\/tremdavale.org\/pt\/?s={search_term_string}"},"query-input":{"@type":"PropertyValueSpecification","valueRequired":true,"valueName":"search_term_string"}}],"inLanguage":"pt-PT"},{"@type":"Person","@id":"https:\/\/tremdavale.org\/pt\/#\/schema\/person\/50912137d47426d31329f246d02eaeca","name":"admin","image":{"@type":"ImageObject","inLanguage":"pt-PT","@id":"https:\/\/tremdavale.org\/pt\/#\/schema\/person\/image\/","url":"https:\/\/secure.gravatar.com\/avatar\/b3564f0fda6ea47959fe96a4217203e79a167568a37409758659bc3ba443b452?s=96&d=mm&r=g","contentUrl":"https:\/\/secure.gravatar.com\/avatar\/b3564f0fda6ea47959fe96a4217203e79a167568a37409758659bc3ba443b452?s=96&d=mm&r=g","caption":"admin"},"sameAs":["https:\/\/tremdavale.org"],"url":"https:\/\/tremdavale.org\/pt\/author\/admin\/"}]}},"_links":{"self":[{"href":"https:\/\/tremdavale.org\/pt\/wp-json\/wp\/v2\/posts\/316","targetHints":{"allow":["GET"]}}],"collection":[{"href":"https:\/\/tremdavale.org\/pt\/wp-json\/wp\/v2\/posts"}],"about":[{"href":"https:\/\/tremdavale.org\/pt\/wp-json\/wp\/v2\/types\/post"}],"author":[{"embeddable":true,"href":"https:\/\/tremdavale.org\/pt\/wp-json\/wp\/v2\/users\/1"}],"replies":[{"embeddable":true,"href":"https:\/\/tremdavale.org\/pt\/wp-json\/wp\/v2\/comments?post=316"}],"version-history":[{"count":0,"href":"https:\/\/tremdavale.org\/pt\/wp-json\/wp\/v2\/posts\/316\/revisions"}],"wp:featuredmedia":[{"embeddable":true,"href":"https:\/\/tremdavale.org\/pt\/wp-json\/wp\/v2\/media\/553"}],"wp:attachment":[{"href":"https:\/\/tremdavale.org\/pt\/wp-json\/wp\/v2\/media?parent=316"}],"wp:term":[{"taxonomy":"category","embeddable":true,"href":"https:\/\/tremdavale.org\/pt\/wp-json\/wp\/v2\/categories?post=316"},{"taxonomy":"post_tag","embeddable":true,"href":"https:\/\/tremdavale.org\/pt\/wp-json\/wp\/v2\/tags?post=316"}],"curies":[{"name":"wp","href":"https:\/\/api.w.org\/{rel}","templated":true}]}}