{"id":32,"date":"2011-09-12T21:45:00","date_gmt":"2011-09-12T21:45:00","guid":{"rendered":"https:\/\/tremdavale.org\/?p=32"},"modified":"2025-10-10T11:57:00","modified_gmt":"2025-10-10T11:57:00","slug":"2-oficina-de-fotografia-digital","status":"publish","type":"post","link":"https:\/\/tremdavale.org\/pt\/2-oficina-de-fotografia-digital\/","title":{"rendered":"2\u00aa Oficina de Fotografia Digital"},"content":{"rendered":"<p><img loading=\"lazy\" decoding=\"async\" class=\"size-medium\" title=\"02-2c2aa-oficina-de-fotografia\" src=\"\/wp-content\/uploads\/02-2c2aa-oficina-de-fotografia-300x199.jpg\" alt=\"02-2c2aa-oficina-de-fotografia\" width=\"300\" height=\"199\"><\/p>\n<p>Fot\u00f3grafo Dimas Guedes e os alunos da 2\u00aa Oficina de Fotografia<\/p>\n<p>&nbsp;<\/p>\n<p style=\"text-align: justify;\">A 2\u00aa Oficina de Fotografia Digital do Vale Registrar foi realizada sob a coordena\u00e7\u00e3o do fot\u00f3grafo Dimas Dario Guedes, no per\u00edodo de 22 de novembro a 3 de dezembro de 2010, em duas etapas, nas Salas Multiuso das Esta\u00e7\u00f5es de Ouro Preto e de Mariana, tendo como p\u00fablico-alvo moradores de bairros das duas cidades.<!--more--><\/p>\n<p style=\"text-align: justify;\">Em Ouro Preto, as atividades aconteceram de 22 a 26 de novembro, de segunda a sexta-feira, de 13h30 \u00e0s 17h30, e tivemos como participantes 10 (dez) moradores do bairro Padre Faria. J\u00e1 em Mariana,&nbsp; 10 (dez) alunos eram moradores do bairro Ch\u00e1cara e realizaram suas atividades de 29 de novembro a 3 de dezembro de 2010, de segunda a sexta-feira, no hor\u00e1rio de de 13h30 \u00e0s 17h30. Nas duas etapas da Oficina, 02 integrantes da equipe do Programa de Educa\u00e7\u00e3o Patrimonial Trem da Vale tamb\u00e9m participaram da capacita\u00e7\u00e3o, completando a turma de 12 alunos.<\/p>\n<p style=\"text-align: justify;\">Os participantes da oficina foram selecionados pelo coordenador da oficina, juntamente com a equipe do Vale Registrar, por meio da ficha de inscri\u00e7\u00e3o que foi preenchida por cada pessoa interessada em participar da atividade. As inscri\u00e7\u00f5es foram realizadas nas esta\u00e7\u00f5es do Trem da Vale em cada cidade, e em alguns pontos dos bairros selecionados, como: Centro Cultural do Padre Faria, em Ouro Preto, e Instituto de Ci\u00eancias Humanas e Sociais (ICHS-UFOP) em Mariana. Em Ouro Preto, as inscri\u00e7\u00f5es aconteceram no per\u00edodo de 09 a 19 de novembro, e em Mariana, de 16 a 26 de novembro; nos hor\u00e1rios de 9 \u00e0s 17 horas, de ter\u00e7a a sexta-feira, e de 9 \u00e0s 13 horas, aos s\u00e1bados.<\/p>\n<p style=\"text-align: justify;\">A oficina teve como objetivo explorar o olhar dos participantes sobre a composi\u00e7\u00e3o e o desenho na fotografia digital, abordando os seguintes t\u00f3picos: uso correto da c\u00e2mera digital; ponto, reta e plano; hist\u00f3ria da fotografia; erros mais comuns; import\u00e2ncia e treino do olhar; trabalho de aplica\u00e7\u00e3o pr\u00e1tica; sele\u00e7\u00e3o e tratamento das imagens; discuss\u00e3o dos resultados; amplia\u00e7\u00e3o e impress\u00e3o.<\/p>\n<p style=\"text-align: justify;\">A partir do aprendizado sobre o uso da c\u00e2mera digital, os participantes da oficina fizeram registros fotogr\u00e1ficos de manifesta\u00e7\u00f5es, personagens, edifica\u00e7\u00f5es e lugares culturalmente representativos de seus bairros, em Mariana e em Ouro Preto. A inten\u00e7\u00e3o era que os pr\u00f3prios moradores pudessem documentar pela fotografia os modos de viver ali existentes, deslocando a aten\u00e7\u00e3o quase sempre voltada para o chamado \u201cn\u00facleo hist\u00f3rico\u201d.<\/p>\n<p style=\"text-align: justify;\">Ao incentivar um olhar mais abrangente e generoso, desviado dos grandes monumentos, conjuntos arquitet\u00f4nicos e bens culturais consagrados, em \u00e1reas simbolicamente t\u00e3o exploradas, mostra-se quem e como se vive em lugares desconhecidos por boa parte da popula\u00e7\u00e3o local e amplia-se a vis\u00e3o que se tem sobre essas duas cidades patrim\u00f4nios nacional e mundial. Assim, a partir das imagens geradas pelos participantes da oficina, pessoas e espa\u00e7os de sua refer\u00eancia foram revelados e (re)conhecidos, com caracter\u00edsticas e peculiaridades que lhes representam e identificam.<\/p>\n<p style=\"text-align: justify;\">Est\u00e3o previstas exposi\u00e7\u00f5es com as fotografias tiradas pelos alunos, primeiramente, nas plataformas das esta\u00e7\u00f5es de Mariana e de Ouro Preto e, depois, em local a ser definido nos dois bairros registrados.<\/p>\n<p>&nbsp;<\/p>\n","protected":false},"excerpt":{"rendered":"<p>Fot\u00f3grafo Dimas Guedes e os alunos da 2\u00aa Oficina de Fotografia &nbsp; A 2\u00aa Oficina de Fotografia Digital do Vale Registrar foi realizada sob a coordena\u00e7\u00e3o do fot\u00f3grafo Dimas Dario Guedes, no per\u00edodo de 22 de novembro a 3 de dezembro de 2010, em duas etapas, nas Salas Multiuso das &hellip;<\/p>\n","protected":false},"author":1,"featured_media":339,"comment_status":"open","ping_status":"closed","sticky":false,"template":"","format":"standard","meta":{"footnotes":""},"categories":[2],"tags":[],"class_list":["post-32","post","type-post","status-publish","format-standard","has-post-thumbnail","hentry","category-destaques-home"],"yoast_head":"<!-- This site is optimized with the Yoast SEO plugin v26.1.1 - https:\/\/yoast.com\/wordpress\/plugins\/seo\/ -->\n<title>2\u00aa Oficina de Fotografia Digital &#8212; Trem da Vale<\/title>\n<meta name=\"robots\" content=\"index, follow, max-snippet:-1, max-image-preview:large, max-video-preview:-1\" \/>\n<link rel=\"canonical\" href=\"https:\/\/tremdavale.org\/pt\/2-oficina-de-fotografia-digital\/\" \/>\n<meta property=\"og:locale\" content=\"pt_PT\" \/>\n<meta property=\"og:type\" content=\"article\" \/>\n<meta property=\"og:title\" content=\"2\u00aa Oficina de Fotografia Digital &#8212; Trem da Vale\" \/>\n<meta property=\"og:description\" content=\"Fot\u00f3grafo Dimas Guedes e os alunos da 2\u00aa Oficina de Fotografia &nbsp; A 2\u00aa Oficina de Fotografia Digital do Vale Registrar foi realizada sob a coordena\u00e7\u00e3o do fot\u00f3grafo Dimas Dario Guedes, no per\u00edodo de 22 de novembro a 3 de dezembro de 2010, em duas etapas, nas Salas Multiuso das &hellip;\" \/>\n<meta property=\"og:url\" content=\"https:\/\/tremdavale.org\/pt\/2-oficina-de-fotografia-digital\/\" \/>\n<meta property=\"og:site_name\" content=\"Trem da Vale\" \/>\n<meta property=\"article:published_time\" content=\"2011-09-12T21:45:00+00:00\" \/>\n<meta property=\"article:modified_time\" content=\"2025-10-10T11:57:00+00:00\" \/>\n<meta property=\"og:image\" content=\"https:\/\/tremdavale.org\/wp-content\/uploads\/02-2c2aa-oficina-de-fotografia-300x199.jpg\" \/>\n\t<meta property=\"og:image:width\" content=\"300\" \/>\n\t<meta property=\"og:image:height\" content=\"199\" \/>\n\t<meta property=\"og:image:type\" content=\"image\/jpeg\" \/>\n<meta name=\"author\" content=\"admin\" \/>\n<meta name=\"twitter:card\" content=\"summary_large_image\" \/>\n<meta name=\"twitter:label1\" content=\"Escrito por\" \/>\n\t<meta name=\"twitter:data1\" content=\"admin\" \/>\n\t<meta name=\"twitter:label2\" content=\"Tempo estimado de leitura\" \/>\n\t<meta name=\"twitter:data2\" content=\"3 minutos\" \/>\n<script type=\"application\/ld+json\" class=\"yoast-schema-graph\">{\"@context\":\"https:\/\/schema.org\",\"@graph\":[{\"@type\":\"WebPage\",\"@id\":\"https:\/\/tremdavale.org\/pt\/2-oficina-de-fotografia-digital\/\",\"url\":\"https:\/\/tremdavale.org\/pt\/2-oficina-de-fotografia-digital\/\",\"name\":\"2\u00aa Oficina de Fotografia Digital &#8212; Trem da Vale\",\"isPartOf\":{\"@id\":\"https:\/\/tremdavale.org\/pt\/#website\"},\"primaryImageOfPage\":{\"@id\":\"https:\/\/tremdavale.org\/pt\/2-oficina-de-fotografia-digital\/#primaryimage\"},\"image\":{\"@id\":\"https:\/\/tremdavale.org\/pt\/2-oficina-de-fotografia-digital\/#primaryimage\"},\"thumbnailUrl\":\"https:\/\/tremdavale.org\/wp-content\/uploads\/02-2c2aa-oficina-de-fotografia-300x199.jpg\",\"datePublished\":\"2011-09-12T21:45:00+00:00\",\"dateModified\":\"2025-10-10T11:57:00+00:00\",\"author\":{\"@id\":\"https:\/\/tremdavale.org\/pt\/#\/schema\/person\/50912137d47426d31329f246d02eaeca\"},\"breadcrumb\":{\"@id\":\"https:\/\/tremdavale.org\/pt\/2-oficina-de-fotografia-digital\/#breadcrumb\"},\"inLanguage\":\"pt-PT\",\"potentialAction\":[{\"@type\":\"ReadAction\",\"target\":[\"https:\/\/tremdavale.org\/pt\/2-oficina-de-fotografia-digital\/\"]}]},{\"@type\":\"ImageObject\",\"inLanguage\":\"pt-PT\",\"@id\":\"https:\/\/tremdavale.org\/pt\/2-oficina-de-fotografia-digital\/#primaryimage\",\"url\":\"https:\/\/tremdavale.org\/wp-content\/uploads\/02-2c2aa-oficina-de-fotografia-300x199.jpg\",\"contentUrl\":\"https:\/\/tremdavale.org\/wp-content\/uploads\/02-2c2aa-oficina-de-fotografia-300x199.jpg\",\"width\":300,\"height\":199},{\"@type\":\"BreadcrumbList\",\"@id\":\"https:\/\/tremdavale.org\/pt\/2-oficina-de-fotografia-digital\/#breadcrumb\",\"itemListElement\":[{\"@type\":\"ListItem\",\"position\":1,\"name\":\"In\u00edcio\",\"item\":\"https:\/\/tremdavale.org\/pt\/\"},{\"@type\":\"ListItem\",\"position\":2,\"name\":\"2\u00aa Oficina de Fotografia Digital\"}]},{\"@type\":\"WebSite\",\"@id\":\"https:\/\/tremdavale.org\/pt\/#website\",\"url\":\"https:\/\/tremdavale.org\/pt\/\",\"name\":\"Trem da Vale\",\"description\":\"Programa de Educa\u00e7\u00e3o Patrimonial\",\"potentialAction\":[{\"@type\":\"SearchAction\",\"target\":{\"@type\":\"EntryPoint\",\"urlTemplate\":\"https:\/\/tremdavale.org\/pt\/?s={search_term_string}\"},\"query-input\":{\"@type\":\"PropertyValueSpecification\",\"valueRequired\":true,\"valueName\":\"search_term_string\"}}],\"inLanguage\":\"pt-PT\"},{\"@type\":\"Person\",\"@id\":\"https:\/\/tremdavale.org\/pt\/#\/schema\/person\/50912137d47426d31329f246d02eaeca\",\"name\":\"admin\",\"image\":{\"@type\":\"ImageObject\",\"inLanguage\":\"pt-PT\",\"@id\":\"https:\/\/tremdavale.org\/pt\/#\/schema\/person\/image\/\",\"url\":\"https:\/\/secure.gravatar.com\/avatar\/b3564f0fda6ea47959fe96a4217203e79a167568a37409758659bc3ba443b452?s=96&d=mm&r=g\",\"contentUrl\":\"https:\/\/secure.gravatar.com\/avatar\/b3564f0fda6ea47959fe96a4217203e79a167568a37409758659bc3ba443b452?s=96&d=mm&r=g\",\"caption\":\"admin\"},\"sameAs\":[\"https:\/\/tremdavale.org\"],\"url\":\"https:\/\/tremdavale.org\/pt\/author\/admin\/\"}]}<\/script>\n<!-- \/ Yoast SEO plugin. -->","yoast_head_json":{"title":"2\u00aa Oficina de Fotografia Digital &#8212; Trem da Vale","robots":{"index":"index","follow":"follow","max-snippet":"max-snippet:-1","max-image-preview":"max-image-preview:large","max-video-preview":"max-video-preview:-1"},"canonical":"https:\/\/tremdavale.org\/pt\/2-oficina-de-fotografia-digital\/","og_locale":"pt_PT","og_type":"article","og_title":"2\u00aa Oficina de Fotografia Digital &#8212; Trem da Vale","og_description":"Fot\u00f3grafo Dimas Guedes e os alunos da 2\u00aa Oficina de Fotografia &nbsp; A 2\u00aa Oficina de Fotografia Digital do Vale Registrar foi realizada sob a coordena\u00e7\u00e3o do fot\u00f3grafo Dimas Dario Guedes, no per\u00edodo de 22 de novembro a 3 de dezembro de 2010, em duas etapas, nas Salas Multiuso das &hellip;","og_url":"https:\/\/tremdavale.org\/pt\/2-oficina-de-fotografia-digital\/","og_site_name":"Trem da Vale","article_published_time":"2011-09-12T21:45:00+00:00","article_modified_time":"2025-10-10T11:57:00+00:00","og_image":[{"width":300,"height":199,"url":"https:\/\/tremdavale.org\/wp-content\/uploads\/02-2c2aa-oficina-de-fotografia-300x199.jpg","type":"image\/jpeg"}],"author":"admin","twitter_card":"summary_large_image","twitter_misc":{"Escrito por":"admin","Tempo estimado de leitura":"3 minutos"},"schema":{"@context":"https:\/\/schema.org","@graph":[{"@type":"WebPage","@id":"https:\/\/tremdavale.org\/pt\/2-oficina-de-fotografia-digital\/","url":"https:\/\/tremdavale.org\/pt\/2-oficina-de-fotografia-digital\/","name":"2\u00aa Oficina de Fotografia Digital &#8212; Trem da Vale","isPartOf":{"@id":"https:\/\/tremdavale.org\/pt\/#website"},"primaryImageOfPage":{"@id":"https:\/\/tremdavale.org\/pt\/2-oficina-de-fotografia-digital\/#primaryimage"},"image":{"@id":"https:\/\/tremdavale.org\/pt\/2-oficina-de-fotografia-digital\/#primaryimage"},"thumbnailUrl":"https:\/\/tremdavale.org\/wp-content\/uploads\/02-2c2aa-oficina-de-fotografia-300x199.jpg","datePublished":"2011-09-12T21:45:00+00:00","dateModified":"2025-10-10T11:57:00+00:00","author":{"@id":"https:\/\/tremdavale.org\/pt\/#\/schema\/person\/50912137d47426d31329f246d02eaeca"},"breadcrumb":{"@id":"https:\/\/tremdavale.org\/pt\/2-oficina-de-fotografia-digital\/#breadcrumb"},"inLanguage":"pt-PT","potentialAction":[{"@type":"ReadAction","target":["https:\/\/tremdavale.org\/pt\/2-oficina-de-fotografia-digital\/"]}]},{"@type":"ImageObject","inLanguage":"pt-PT","@id":"https:\/\/tremdavale.org\/pt\/2-oficina-de-fotografia-digital\/#primaryimage","url":"https:\/\/tremdavale.org\/wp-content\/uploads\/02-2c2aa-oficina-de-fotografia-300x199.jpg","contentUrl":"https:\/\/tremdavale.org\/wp-content\/uploads\/02-2c2aa-oficina-de-fotografia-300x199.jpg","width":300,"height":199},{"@type":"BreadcrumbList","@id":"https:\/\/tremdavale.org\/pt\/2-oficina-de-fotografia-digital\/#breadcrumb","itemListElement":[{"@type":"ListItem","position":1,"name":"In\u00edcio","item":"https:\/\/tremdavale.org\/pt\/"},{"@type":"ListItem","position":2,"name":"2\u00aa Oficina de Fotografia Digital"}]},{"@type":"WebSite","@id":"https:\/\/tremdavale.org\/pt\/#website","url":"https:\/\/tremdavale.org\/pt\/","name":"Trem da Vale","description":"Programa de Educa\u00e7\u00e3o Patrimonial","potentialAction":[{"@type":"SearchAction","target":{"@type":"EntryPoint","urlTemplate":"https:\/\/tremdavale.org\/pt\/?s={search_term_string}"},"query-input":{"@type":"PropertyValueSpecification","valueRequired":true,"valueName":"search_term_string"}}],"inLanguage":"pt-PT"},{"@type":"Person","@id":"https:\/\/tremdavale.org\/pt\/#\/schema\/person\/50912137d47426d31329f246d02eaeca","name":"admin","image":{"@type":"ImageObject","inLanguage":"pt-PT","@id":"https:\/\/tremdavale.org\/pt\/#\/schema\/person\/image\/","url":"https:\/\/secure.gravatar.com\/avatar\/b3564f0fda6ea47959fe96a4217203e79a167568a37409758659bc3ba443b452?s=96&d=mm&r=g","contentUrl":"https:\/\/secure.gravatar.com\/avatar\/b3564f0fda6ea47959fe96a4217203e79a167568a37409758659bc3ba443b452?s=96&d=mm&r=g","caption":"admin"},"sameAs":["https:\/\/tremdavale.org"],"url":"https:\/\/tremdavale.org\/pt\/author\/admin\/"}]}},"_links":{"self":[{"href":"https:\/\/tremdavale.org\/pt\/wp-json\/wp\/v2\/posts\/32","targetHints":{"allow":["GET"]}}],"collection":[{"href":"https:\/\/tremdavale.org\/pt\/wp-json\/wp\/v2\/posts"}],"about":[{"href":"https:\/\/tremdavale.org\/pt\/wp-json\/wp\/v2\/types\/post"}],"author":[{"embeddable":true,"href":"https:\/\/tremdavale.org\/pt\/wp-json\/wp\/v2\/users\/1"}],"replies":[{"embeddable":true,"href":"https:\/\/tremdavale.org\/pt\/wp-json\/wp\/v2\/comments?post=32"}],"version-history":[{"count":0,"href":"https:\/\/tremdavale.org\/pt\/wp-json\/wp\/v2\/posts\/32\/revisions"}],"wp:featuredmedia":[{"embeddable":true,"href":"https:\/\/tremdavale.org\/pt\/wp-json\/wp\/v2\/media\/339"}],"wp:attachment":[{"href":"https:\/\/tremdavale.org\/pt\/wp-json\/wp\/v2\/media?parent=32"}],"wp:term":[{"taxonomy":"category","embeddable":true,"href":"https:\/\/tremdavale.org\/pt\/wp-json\/wp\/v2\/categories?post=32"},{"taxonomy":"post_tag","embeddable":true,"href":"https:\/\/tremdavale.org\/pt\/wp-json\/wp\/v2\/tags?post=32"}],"curies":[{"name":"wp","href":"https:\/\/api.w.org\/{rel}","templated":true}]}}