{"id":320,"date":"2013-08-25T09:55:00","date_gmt":"2013-08-25T09:55:00","guid":{"rendered":"https:\/\/tremdavale.org\/?p=320"},"modified":"2025-10-10T11:57:00","modified_gmt":"2025-10-10T11:57:00","slug":"vale-registrar-grava-videocabine-datas-comemorativas-dia-de-santa-cecilia","status":"publish","type":"post","link":"https:\/\/tremdavale.org\/pt\/vale-registrar-grava-videocabine-datas-comemorativas-dia-de-santa-cecilia\/","title":{"rendered":"Vale Registrar grava videocabine \u201cDATAS COMEMORATIVAS \u2013 Dia de Santa Cec\u00edlia\u201d em Passagem de Mariana"},"content":{"rendered":"<p><span>Nos dias 22 e 26 de novembro de 2011 o N\u00facleo de Audiovisual do Vale Registrar realizou a grava\u00e7\u00e3o da Videocabine com o tema: \u201cDATAS COMEMORATIVAS \u2013 Dia de Santa Cec\u00edlia\u201d.<\/span><\/p>\n<p>A cabine de depoimentos foi montada no adro da Capela Nossa Senhora da Gl\u00f3ria, no distrito de Passagem de Mariana, em Mariana. Marcello Nicolato, do N\u00facleo de Audiovisual, realizou o registro videogr\u00e1fico da celebra\u00e7\u00e3o da missa. Antes e durante a grava\u00e7\u00e3o de depoimentos, a equipe do Vale Registrar, recebeu um grande apoio do Presidente da Sociedade Musical Santa Cec\u00edlia, Jos\u00e9 Luiz Papa, e de toda a comunidade de Passagem de Mariana que participava das comemora\u00e7\u00f5es.<\/p>\n<p><span>Dentre os 13 depoimentos gravados, pode-se destacar o de Gildete D\u2019\u00c2ngelo, no qual ela ressalta um fato importante de sua vida relacionado ao dia de Santa Cec\u00edlia: <em>\u201cToda vida meu marido foi de l\u00e1, da Sociedade Musical Santa Cec\u00edlia, e quando eu me mudei para c\u00e1, fiquei conhecendo-o l\u00e1 na sociedade. Fiquei conhecendo depois da missa das 10 horas, pois depois da missa festiva de Santa Cec\u00edlia sub\u00edamos com a banda para a sociedade, onde acontecia o baile. E fic\u00e1vamos dan\u00e7ando at\u00e9 o hor\u00e1rio da prociss\u00e3o. Foi, ent\u00e3o, que comecei a namor\u00e1-lo. Tudo aconteceu em virtude da comemora\u00e7\u00e3o dessa data.\u201d<\/em><\/span><\/p>\n<p>&nbsp;<\/p>\n","protected":false},"excerpt":{"rendered":"<p>Nos dias 22 e 26 de novembro de 2011 o N\u00facleo de Audiovisual do Vale Registrar realizou a grava\u00e7\u00e3o da Videocabine com o tema: \u201cDATAS COMEMORATIVAS \u2013 Dia de Santa Cec\u00edlia\u201d. A cabine de depoimentos foi montada no adro da Capela Nossa Senhora da Gl\u00f3ria, no distrito de Passagem de &hellip;<\/p>\n","protected":false},"author":1,"featured_media":0,"comment_status":"open","ping_status":"closed","sticky":false,"template":"","format":"standard","meta":{"footnotes":""},"categories":[3,7],"tags":[],"class_list":["post-320","post","type-post","status-publish","format-standard","hentry","category-noticias","category-noticias-home"],"yoast_head":"<!-- This site is optimized with the Yoast SEO plugin v26.1.1 - https:\/\/yoast.com\/wordpress\/plugins\/seo\/ -->\n<title>Vale Registrar grava videocabine \u201cDATAS COMEMORATIVAS \u2013 Dia de Santa Cec\u00edlia\u201d em Passagem de Mariana &#8212; Trem da Vale<\/title>\n<meta name=\"robots\" content=\"index, follow, max-snippet:-1, max-image-preview:large, max-video-preview:-1\" \/>\n<link rel=\"canonical\" href=\"https:\/\/tremdavale.org\/pt\/vale-registrar-grava-videocabine-datas-comemorativas-dia-de-santa-cecilia\/\" \/>\n<meta property=\"og:locale\" content=\"pt_PT\" \/>\n<meta property=\"og:type\" content=\"article\" \/>\n<meta property=\"og:title\" content=\"Vale Registrar grava videocabine \u201cDATAS COMEMORATIVAS \u2013 Dia de Santa Cec\u00edlia\u201d em Passagem de Mariana &#8212; Trem da Vale\" \/>\n<meta property=\"og:description\" content=\"Nos dias 22 e 26 de novembro de 2011 o N\u00facleo de Audiovisual do Vale Registrar realizou a grava\u00e7\u00e3o da Videocabine com o tema: \u201cDATAS COMEMORATIVAS \u2013 Dia de Santa Cec\u00edlia\u201d. A cabine de depoimentos foi montada no adro da Capela Nossa Senhora da Gl\u00f3ria, no distrito de Passagem de &hellip;\" \/>\n<meta property=\"og:url\" content=\"https:\/\/tremdavale.org\/pt\/vale-registrar-grava-videocabine-datas-comemorativas-dia-de-santa-cecilia\/\" \/>\n<meta property=\"og:site_name\" content=\"Trem da Vale\" \/>\n<meta property=\"article:published_time\" content=\"2013-08-25T09:55:00+00:00\" \/>\n<meta property=\"article:modified_time\" content=\"2025-10-10T11:57:00+00:00\" \/>\n<meta name=\"author\" content=\"admin\" \/>\n<meta name=\"twitter:card\" content=\"summary_large_image\" \/>\n<meta name=\"twitter:label1\" content=\"Escrito por\" \/>\n\t<meta name=\"twitter:data1\" content=\"admin\" \/>\n\t<meta name=\"twitter:label2\" content=\"Tempo estimado de leitura\" \/>\n\t<meta name=\"twitter:data2\" content=\"1 minuto\" \/>\n<script type=\"application\/ld+json\" class=\"yoast-schema-graph\">{\"@context\":\"https:\/\/schema.org\",\"@graph\":[{\"@type\":\"WebPage\",\"@id\":\"https:\/\/tremdavale.org\/pt\/vale-registrar-grava-videocabine-datas-comemorativas-dia-de-santa-cecilia\/\",\"url\":\"https:\/\/tremdavale.org\/pt\/vale-registrar-grava-videocabine-datas-comemorativas-dia-de-santa-cecilia\/\",\"name\":\"Vale Registrar grava videocabine \u201cDATAS COMEMORATIVAS \u2013 Dia de Santa Cec\u00edlia\u201d em Passagem de Mariana &#8212; Trem da Vale\",\"isPartOf\":{\"@id\":\"https:\/\/tremdavale.org\/pt\/#website\"},\"datePublished\":\"2013-08-25T09:55:00+00:00\",\"dateModified\":\"2025-10-10T11:57:00+00:00\",\"author\":{\"@id\":\"https:\/\/tremdavale.org\/pt\/#\/schema\/person\/50912137d47426d31329f246d02eaeca\"},\"breadcrumb\":{\"@id\":\"https:\/\/tremdavale.org\/pt\/vale-registrar-grava-videocabine-datas-comemorativas-dia-de-santa-cecilia\/#breadcrumb\"},\"inLanguage\":\"pt-PT\",\"potentialAction\":[{\"@type\":\"ReadAction\",\"target\":[\"https:\/\/tremdavale.org\/pt\/vale-registrar-grava-videocabine-datas-comemorativas-dia-de-santa-cecilia\/\"]}]},{\"@type\":\"BreadcrumbList\",\"@id\":\"https:\/\/tremdavale.org\/pt\/vale-registrar-grava-videocabine-datas-comemorativas-dia-de-santa-cecilia\/#breadcrumb\",\"itemListElement\":[{\"@type\":\"ListItem\",\"position\":1,\"name\":\"In\u00edcio\",\"item\":\"https:\/\/tremdavale.org\/pt\/\"},{\"@type\":\"ListItem\",\"position\":2,\"name\":\"Vale Registrar grava videocabine \u201cDATAS COMEMORATIVAS \u2013 Dia de Santa Cec\u00edlia\u201d em Passagem de Mariana\"}]},{\"@type\":\"WebSite\",\"@id\":\"https:\/\/tremdavale.org\/pt\/#website\",\"url\":\"https:\/\/tremdavale.org\/pt\/\",\"name\":\"Trem da Vale\",\"description\":\"Programa de Educa\u00e7\u00e3o Patrimonial\",\"potentialAction\":[{\"@type\":\"SearchAction\",\"target\":{\"@type\":\"EntryPoint\",\"urlTemplate\":\"https:\/\/tremdavale.org\/pt\/?s={search_term_string}\"},\"query-input\":{\"@type\":\"PropertyValueSpecification\",\"valueRequired\":true,\"valueName\":\"search_term_string\"}}],\"inLanguage\":\"pt-PT\"},{\"@type\":\"Person\",\"@id\":\"https:\/\/tremdavale.org\/pt\/#\/schema\/person\/50912137d47426d31329f246d02eaeca\",\"name\":\"admin\",\"image\":{\"@type\":\"ImageObject\",\"inLanguage\":\"pt-PT\",\"@id\":\"https:\/\/tremdavale.org\/pt\/#\/schema\/person\/image\/\",\"url\":\"https:\/\/secure.gravatar.com\/avatar\/b3564f0fda6ea47959fe96a4217203e79a167568a37409758659bc3ba443b452?s=96&d=mm&r=g\",\"contentUrl\":\"https:\/\/secure.gravatar.com\/avatar\/b3564f0fda6ea47959fe96a4217203e79a167568a37409758659bc3ba443b452?s=96&d=mm&r=g\",\"caption\":\"admin\"},\"sameAs\":[\"https:\/\/tremdavale.org\"],\"url\":\"https:\/\/tremdavale.org\/pt\/author\/admin\/\"}]}<\/script>\n<!-- \/ Yoast SEO plugin. -->","yoast_head_json":{"title":"Vale Registrar grava videocabine \u201cDATAS COMEMORATIVAS \u2013 Dia de Santa Cec\u00edlia\u201d em Passagem de Mariana &#8212; Trem da Vale","robots":{"index":"index","follow":"follow","max-snippet":"max-snippet:-1","max-image-preview":"max-image-preview:large","max-video-preview":"max-video-preview:-1"},"canonical":"https:\/\/tremdavale.org\/pt\/vale-registrar-grava-videocabine-datas-comemorativas-dia-de-santa-cecilia\/","og_locale":"pt_PT","og_type":"article","og_title":"Vale Registrar grava videocabine \u201cDATAS COMEMORATIVAS \u2013 Dia de Santa Cec\u00edlia\u201d em Passagem de Mariana &#8212; Trem da Vale","og_description":"Nos dias 22 e 26 de novembro de 2011 o N\u00facleo de Audiovisual do Vale Registrar realizou a grava\u00e7\u00e3o da Videocabine com o tema: \u201cDATAS COMEMORATIVAS \u2013 Dia de Santa Cec\u00edlia\u201d. A cabine de depoimentos foi montada no adro da Capela Nossa Senhora da Gl\u00f3ria, no distrito de Passagem de &hellip;","og_url":"https:\/\/tremdavale.org\/pt\/vale-registrar-grava-videocabine-datas-comemorativas-dia-de-santa-cecilia\/","og_site_name":"Trem da Vale","article_published_time":"2013-08-25T09:55:00+00:00","article_modified_time":"2025-10-10T11:57:00+00:00","author":"admin","twitter_card":"summary_large_image","twitter_misc":{"Escrito por":"admin","Tempo estimado de leitura":"1 minuto"},"schema":{"@context":"https:\/\/schema.org","@graph":[{"@type":"WebPage","@id":"https:\/\/tremdavale.org\/pt\/vale-registrar-grava-videocabine-datas-comemorativas-dia-de-santa-cecilia\/","url":"https:\/\/tremdavale.org\/pt\/vale-registrar-grava-videocabine-datas-comemorativas-dia-de-santa-cecilia\/","name":"Vale Registrar grava videocabine \u201cDATAS COMEMORATIVAS \u2013 Dia de Santa Cec\u00edlia\u201d em Passagem de Mariana &#8212; Trem da Vale","isPartOf":{"@id":"https:\/\/tremdavale.org\/pt\/#website"},"datePublished":"2013-08-25T09:55:00+00:00","dateModified":"2025-10-10T11:57:00+00:00","author":{"@id":"https:\/\/tremdavale.org\/pt\/#\/schema\/person\/50912137d47426d31329f246d02eaeca"},"breadcrumb":{"@id":"https:\/\/tremdavale.org\/pt\/vale-registrar-grava-videocabine-datas-comemorativas-dia-de-santa-cecilia\/#breadcrumb"},"inLanguage":"pt-PT","potentialAction":[{"@type":"ReadAction","target":["https:\/\/tremdavale.org\/pt\/vale-registrar-grava-videocabine-datas-comemorativas-dia-de-santa-cecilia\/"]}]},{"@type":"BreadcrumbList","@id":"https:\/\/tremdavale.org\/pt\/vale-registrar-grava-videocabine-datas-comemorativas-dia-de-santa-cecilia\/#breadcrumb","itemListElement":[{"@type":"ListItem","position":1,"name":"In\u00edcio","item":"https:\/\/tremdavale.org\/pt\/"},{"@type":"ListItem","position":2,"name":"Vale Registrar grava videocabine \u201cDATAS COMEMORATIVAS \u2013 Dia de Santa Cec\u00edlia\u201d em Passagem de Mariana"}]},{"@type":"WebSite","@id":"https:\/\/tremdavale.org\/pt\/#website","url":"https:\/\/tremdavale.org\/pt\/","name":"Trem da Vale","description":"Programa de Educa\u00e7\u00e3o Patrimonial","potentialAction":[{"@type":"SearchAction","target":{"@type":"EntryPoint","urlTemplate":"https:\/\/tremdavale.org\/pt\/?s={search_term_string}"},"query-input":{"@type":"PropertyValueSpecification","valueRequired":true,"valueName":"search_term_string"}}],"inLanguage":"pt-PT"},{"@type":"Person","@id":"https:\/\/tremdavale.org\/pt\/#\/schema\/person\/50912137d47426d31329f246d02eaeca","name":"admin","image":{"@type":"ImageObject","inLanguage":"pt-PT","@id":"https:\/\/tremdavale.org\/pt\/#\/schema\/person\/image\/","url":"https:\/\/secure.gravatar.com\/avatar\/b3564f0fda6ea47959fe96a4217203e79a167568a37409758659bc3ba443b452?s=96&d=mm&r=g","contentUrl":"https:\/\/secure.gravatar.com\/avatar\/b3564f0fda6ea47959fe96a4217203e79a167568a37409758659bc3ba443b452?s=96&d=mm&r=g","caption":"admin"},"sameAs":["https:\/\/tremdavale.org"],"url":"https:\/\/tremdavale.org\/pt\/author\/admin\/"}]}},"_links":{"self":[{"href":"https:\/\/tremdavale.org\/pt\/wp-json\/wp\/v2\/posts\/320","targetHints":{"allow":["GET"]}}],"collection":[{"href":"https:\/\/tremdavale.org\/pt\/wp-json\/wp\/v2\/posts"}],"about":[{"href":"https:\/\/tremdavale.org\/pt\/wp-json\/wp\/v2\/types\/post"}],"author":[{"embeddable":true,"href":"https:\/\/tremdavale.org\/pt\/wp-json\/wp\/v2\/users\/1"}],"replies":[{"embeddable":true,"href":"https:\/\/tremdavale.org\/pt\/wp-json\/wp\/v2\/comments?post=320"}],"version-history":[{"count":0,"href":"https:\/\/tremdavale.org\/pt\/wp-json\/wp\/v2\/posts\/320\/revisions"}],"wp:attachment":[{"href":"https:\/\/tremdavale.org\/pt\/wp-json\/wp\/v2\/media?parent=320"}],"wp:term":[{"taxonomy":"category","embeddable":true,"href":"https:\/\/tremdavale.org\/pt\/wp-json\/wp\/v2\/categories?post=320"},{"taxonomy":"post_tag","embeddable":true,"href":"https:\/\/tremdavale.org\/pt\/wp-json\/wp\/v2\/tags?post=320"}],"curies":[{"name":"wp","href":"https:\/\/api.w.org\/{rel}","templated":true}]}}