{"id":321,"date":"2011-09-12T00:52:00","date_gmt":"2011-09-12T00:52:00","guid":{"rendered":"https:\/\/tremdavale.org\/?p=321"},"modified":"2025-10-10T11:57:00","modified_gmt":"2025-10-10T11:57:00","slug":"vale-registrar-lanca-catalogo-de-entrevistas","status":"publish","type":"post","link":"https:\/\/tremdavale.org\/pt\/vale-registrar-lanca-catalogo-de-entrevistas\/","title":{"rendered":"Vale Registrar lan\u00e7a cat\u00e1logo de entrevistas"},"content":{"rendered":"<p><img loading=\"lazy\" decoding=\"async\" class=\"alignright size-medium\" title=\"lancamento-catalogo-vr\" src=\"\/wp-content\/uploads\/lancamento-catalogo-vr-300x216.jpg\" alt=\"lancamento-catalogo-vr\" width=\"300\" height=\"216\">No dia 14 de mar\u00e7o, o Trem da Vale promoveu o lan\u00e7amento do Cat\u00e1logo de Entrevistas 2006-2007, que re\u00fane informa\u00e7\u00f5es sobre os entrevistados pelo N\u00facleo de Hist\u00f3ria Oral do Vale Registrar durante o primeiro ano de atividades do programa. Na ocasi\u00e3o, foi lan\u00e7ado tamb\u00e9m o V\u00eddeo Educativo \u201cTodos os Tempos\u201d, produzido a partir dos depoimentos de Hist\u00f3ria de Vida como um instrumento a ser utilizado na difus\u00e3o do acervo constitu\u00eddo. O evento aconteceu na Tenda Cultural da Esta\u00e7\u00e3o de Ouro Preto.<\/p>\n<p>O Vale Registrar tem a pr\u00e1tica educativa aberta \u00e0s comunidades de Mariana e Ouro Preto, com atividades voltadas para o registro do patrim\u00f4nio cultural e o resgate da mem\u00f3ria individual e coletiva. Por meio de metodologia espec\u00edfica de registro de hist\u00f3ria oral, busca-se preservar a mem\u00f3ria social e a melhoria da auto-estima nessas comunidades, proporcionando a socializa\u00e7\u00e3o e a democratiza\u00e7\u00e3o da informa\u00e7\u00e3o hist\u00f3rica; al\u00e9m de criar uma documenta\u00e7\u00e3o \u00fatil ao entendimento do processo hist\u00f3rico da regi\u00e3o abrangida pelo Trem da Vale, a partir do s\u00e9culo XX.<\/p>\n<p>Nas entrevistas com moradores dessas cidades, a abordagem hist\u00f3rica \u00e9 feita por meio de um relato autobiogr\u00e1fico &#8211; a Hist\u00f3ria de Vida, em que o entrevistado relembra fragmentos de seu passado; ou pela Hist\u00f3ria Tem\u00e1tica, que trata de um assunto espec\u00edfico, sem abranger toda a vida do depoente.<\/p>\n<p>Em tr\u00eas anos de trabalho, o acervo do Vale Registrar j\u00e1 conta com um total de 116 entrevistas feitas com depoentes de Mariana e Ouro Preto, e de seus distritos; sendo que o segundo cat\u00e1logo e v\u00eddeo educativo encontram-se atualmente em elabora\u00e7\u00e3o.<\/p>\n<p>&nbsp;<\/p>\n","protected":false},"excerpt":{"rendered":"<p>No dia 14 de mar\u00e7o, o Trem da Vale promoveu o lan\u00e7amento do Cat\u00e1logo de Entrevistas 2006-2007, que re\u00fane informa\u00e7\u00f5es sobre os entrevistados pelo N\u00facleo de Hist\u00f3ria Oral do Vale Registrar durante o primeiro ano de atividades do programa. Na ocasi\u00e3o, foi lan\u00e7ado tamb\u00e9m o V\u00eddeo Educativo \u201cTodos os Tempos\u201d, &hellip;<\/p>\n","protected":false},"author":1,"featured_media":557,"comment_status":"open","ping_status":"closed","sticky":false,"template":"","format":"standard","meta":{"footnotes":""},"categories":[3],"tags":[],"class_list":["post-321","post","type-post","status-publish","format-standard","has-post-thumbnail","hentry","category-noticias"],"yoast_head":"<!-- This site is optimized with the Yoast SEO plugin v26.1.1 - https:\/\/yoast.com\/wordpress\/plugins\/seo\/ -->\n<title>Vale Registrar lan\u00e7a cat\u00e1logo de entrevistas &#8212; Trem da Vale<\/title>\n<meta name=\"robots\" content=\"index, follow, max-snippet:-1, max-image-preview:large, max-video-preview:-1\" \/>\n<link rel=\"canonical\" href=\"https:\/\/tremdavale.org\/pt\/vale-registrar-lanca-catalogo-de-entrevistas\/\" \/>\n<meta property=\"og:locale\" content=\"pt_PT\" \/>\n<meta property=\"og:type\" content=\"article\" \/>\n<meta property=\"og:title\" content=\"Vale Registrar lan\u00e7a cat\u00e1logo de entrevistas &#8212; Trem da Vale\" \/>\n<meta property=\"og:description\" content=\"No dia 14 de mar\u00e7o, o Trem da Vale promoveu o lan\u00e7amento do Cat\u00e1logo de Entrevistas 2006-2007, que re\u00fane informa\u00e7\u00f5es sobre os entrevistados pelo N\u00facleo de Hist\u00f3ria Oral do Vale Registrar durante o primeiro ano de atividades do programa. Na ocasi\u00e3o, foi lan\u00e7ado tamb\u00e9m o V\u00eddeo Educativo \u201cTodos os Tempos\u201d, &hellip;\" \/>\n<meta property=\"og:url\" content=\"https:\/\/tremdavale.org\/pt\/vale-registrar-lanca-catalogo-de-entrevistas\/\" \/>\n<meta property=\"og:site_name\" content=\"Trem da Vale\" \/>\n<meta property=\"article:published_time\" content=\"2011-09-12T00:52:00+00:00\" \/>\n<meta property=\"article:modified_time\" content=\"2025-10-10T11:57:00+00:00\" \/>\n<meta property=\"og:image\" content=\"https:\/\/tremdavale.org\/wp-content\/uploads\/lancamento-catalogo-vr-300x216.jpg\" \/>\n\t<meta property=\"og:image:width\" content=\"300\" \/>\n\t<meta property=\"og:image:height\" content=\"216\" \/>\n\t<meta property=\"og:image:type\" content=\"image\/jpeg\" \/>\n<meta name=\"author\" content=\"admin\" \/>\n<meta name=\"twitter:card\" content=\"summary_large_image\" \/>\n<meta name=\"twitter:label1\" content=\"Escrito por\" \/>\n\t<meta name=\"twitter:data1\" content=\"admin\" \/>\n\t<meta name=\"twitter:label2\" content=\"Tempo estimado de leitura\" \/>\n\t<meta name=\"twitter:data2\" content=\"1 minuto\" \/>\n<script type=\"application\/ld+json\" class=\"yoast-schema-graph\">{\"@context\":\"https:\/\/schema.org\",\"@graph\":[{\"@type\":\"WebPage\",\"@id\":\"https:\/\/tremdavale.org\/pt\/vale-registrar-lanca-catalogo-de-entrevistas\/\",\"url\":\"https:\/\/tremdavale.org\/pt\/vale-registrar-lanca-catalogo-de-entrevistas\/\",\"name\":\"Vale Registrar lan\u00e7a cat\u00e1logo de entrevistas &#8212; Trem da Vale\",\"isPartOf\":{\"@id\":\"https:\/\/tremdavale.org\/pt\/#website\"},\"primaryImageOfPage\":{\"@id\":\"https:\/\/tremdavale.org\/pt\/vale-registrar-lanca-catalogo-de-entrevistas\/#primaryimage\"},\"image\":{\"@id\":\"https:\/\/tremdavale.org\/pt\/vale-registrar-lanca-catalogo-de-entrevistas\/#primaryimage\"},\"thumbnailUrl\":\"https:\/\/tremdavale.org\/wp-content\/uploads\/lancamento-catalogo-vr-300x216.jpg\",\"datePublished\":\"2011-09-12T00:52:00+00:00\",\"dateModified\":\"2025-10-10T11:57:00+00:00\",\"author\":{\"@id\":\"https:\/\/tremdavale.org\/pt\/#\/schema\/person\/50912137d47426d31329f246d02eaeca\"},\"breadcrumb\":{\"@id\":\"https:\/\/tremdavale.org\/pt\/vale-registrar-lanca-catalogo-de-entrevistas\/#breadcrumb\"},\"inLanguage\":\"pt-PT\",\"potentialAction\":[{\"@type\":\"ReadAction\",\"target\":[\"https:\/\/tremdavale.org\/pt\/vale-registrar-lanca-catalogo-de-entrevistas\/\"]}]},{\"@type\":\"ImageObject\",\"inLanguage\":\"pt-PT\",\"@id\":\"https:\/\/tremdavale.org\/pt\/vale-registrar-lanca-catalogo-de-entrevistas\/#primaryimage\",\"url\":\"https:\/\/tremdavale.org\/wp-content\/uploads\/lancamento-catalogo-vr-300x216.jpg\",\"contentUrl\":\"https:\/\/tremdavale.org\/wp-content\/uploads\/lancamento-catalogo-vr-300x216.jpg\",\"width\":300,\"height\":216},{\"@type\":\"BreadcrumbList\",\"@id\":\"https:\/\/tremdavale.org\/pt\/vale-registrar-lanca-catalogo-de-entrevistas\/#breadcrumb\",\"itemListElement\":[{\"@type\":\"ListItem\",\"position\":1,\"name\":\"In\u00edcio\",\"item\":\"https:\/\/tremdavale.org\/pt\/\"},{\"@type\":\"ListItem\",\"position\":2,\"name\":\"Vale Registrar lan\u00e7a cat\u00e1logo de entrevistas\"}]},{\"@type\":\"WebSite\",\"@id\":\"https:\/\/tremdavale.org\/pt\/#website\",\"url\":\"https:\/\/tremdavale.org\/pt\/\",\"name\":\"Trem da Vale\",\"description\":\"Programa de Educa\u00e7\u00e3o Patrimonial\",\"potentialAction\":[{\"@type\":\"SearchAction\",\"target\":{\"@type\":\"EntryPoint\",\"urlTemplate\":\"https:\/\/tremdavale.org\/pt\/?s={search_term_string}\"},\"query-input\":{\"@type\":\"PropertyValueSpecification\",\"valueRequired\":true,\"valueName\":\"search_term_string\"}}],\"inLanguage\":\"pt-PT\"},{\"@type\":\"Person\",\"@id\":\"https:\/\/tremdavale.org\/pt\/#\/schema\/person\/50912137d47426d31329f246d02eaeca\",\"name\":\"admin\",\"image\":{\"@type\":\"ImageObject\",\"inLanguage\":\"pt-PT\",\"@id\":\"https:\/\/tremdavale.org\/pt\/#\/schema\/person\/image\/\",\"url\":\"https:\/\/secure.gravatar.com\/avatar\/b3564f0fda6ea47959fe96a4217203e79a167568a37409758659bc3ba443b452?s=96&d=mm&r=g\",\"contentUrl\":\"https:\/\/secure.gravatar.com\/avatar\/b3564f0fda6ea47959fe96a4217203e79a167568a37409758659bc3ba443b452?s=96&d=mm&r=g\",\"caption\":\"admin\"},\"sameAs\":[\"https:\/\/tremdavale.org\"],\"url\":\"https:\/\/tremdavale.org\/pt\/author\/admin\/\"}]}<\/script>\n<!-- \/ Yoast SEO plugin. -->","yoast_head_json":{"title":"Vale Registrar lan\u00e7a cat\u00e1logo de entrevistas &#8212; Trem da Vale","robots":{"index":"index","follow":"follow","max-snippet":"max-snippet:-1","max-image-preview":"max-image-preview:large","max-video-preview":"max-video-preview:-1"},"canonical":"https:\/\/tremdavale.org\/pt\/vale-registrar-lanca-catalogo-de-entrevistas\/","og_locale":"pt_PT","og_type":"article","og_title":"Vale Registrar lan\u00e7a cat\u00e1logo de entrevistas &#8212; Trem da Vale","og_description":"No dia 14 de mar\u00e7o, o Trem da Vale promoveu o lan\u00e7amento do Cat\u00e1logo de Entrevistas 2006-2007, que re\u00fane informa\u00e7\u00f5es sobre os entrevistados pelo N\u00facleo de Hist\u00f3ria Oral do Vale Registrar durante o primeiro ano de atividades do programa. Na ocasi\u00e3o, foi lan\u00e7ado tamb\u00e9m o V\u00eddeo Educativo \u201cTodos os Tempos\u201d, &hellip;","og_url":"https:\/\/tremdavale.org\/pt\/vale-registrar-lanca-catalogo-de-entrevistas\/","og_site_name":"Trem da Vale","article_published_time":"2011-09-12T00:52:00+00:00","article_modified_time":"2025-10-10T11:57:00+00:00","og_image":[{"width":300,"height":216,"url":"https:\/\/tremdavale.org\/wp-content\/uploads\/lancamento-catalogo-vr-300x216.jpg","type":"image\/jpeg"}],"author":"admin","twitter_card":"summary_large_image","twitter_misc":{"Escrito por":"admin","Tempo estimado de leitura":"1 minuto"},"schema":{"@context":"https:\/\/schema.org","@graph":[{"@type":"WebPage","@id":"https:\/\/tremdavale.org\/pt\/vale-registrar-lanca-catalogo-de-entrevistas\/","url":"https:\/\/tremdavale.org\/pt\/vale-registrar-lanca-catalogo-de-entrevistas\/","name":"Vale Registrar lan\u00e7a cat\u00e1logo de entrevistas &#8212; Trem da Vale","isPartOf":{"@id":"https:\/\/tremdavale.org\/pt\/#website"},"primaryImageOfPage":{"@id":"https:\/\/tremdavale.org\/pt\/vale-registrar-lanca-catalogo-de-entrevistas\/#primaryimage"},"image":{"@id":"https:\/\/tremdavale.org\/pt\/vale-registrar-lanca-catalogo-de-entrevistas\/#primaryimage"},"thumbnailUrl":"https:\/\/tremdavale.org\/wp-content\/uploads\/lancamento-catalogo-vr-300x216.jpg","datePublished":"2011-09-12T00:52:00+00:00","dateModified":"2025-10-10T11:57:00+00:00","author":{"@id":"https:\/\/tremdavale.org\/pt\/#\/schema\/person\/50912137d47426d31329f246d02eaeca"},"breadcrumb":{"@id":"https:\/\/tremdavale.org\/pt\/vale-registrar-lanca-catalogo-de-entrevistas\/#breadcrumb"},"inLanguage":"pt-PT","potentialAction":[{"@type":"ReadAction","target":["https:\/\/tremdavale.org\/pt\/vale-registrar-lanca-catalogo-de-entrevistas\/"]}]},{"@type":"ImageObject","inLanguage":"pt-PT","@id":"https:\/\/tremdavale.org\/pt\/vale-registrar-lanca-catalogo-de-entrevistas\/#primaryimage","url":"https:\/\/tremdavale.org\/wp-content\/uploads\/lancamento-catalogo-vr-300x216.jpg","contentUrl":"https:\/\/tremdavale.org\/wp-content\/uploads\/lancamento-catalogo-vr-300x216.jpg","width":300,"height":216},{"@type":"BreadcrumbList","@id":"https:\/\/tremdavale.org\/pt\/vale-registrar-lanca-catalogo-de-entrevistas\/#breadcrumb","itemListElement":[{"@type":"ListItem","position":1,"name":"In\u00edcio","item":"https:\/\/tremdavale.org\/pt\/"},{"@type":"ListItem","position":2,"name":"Vale Registrar lan\u00e7a cat\u00e1logo de entrevistas"}]},{"@type":"WebSite","@id":"https:\/\/tremdavale.org\/pt\/#website","url":"https:\/\/tremdavale.org\/pt\/","name":"Trem da Vale","description":"Programa de Educa\u00e7\u00e3o Patrimonial","potentialAction":[{"@type":"SearchAction","target":{"@type":"EntryPoint","urlTemplate":"https:\/\/tremdavale.org\/pt\/?s={search_term_string}"},"query-input":{"@type":"PropertyValueSpecification","valueRequired":true,"valueName":"search_term_string"}}],"inLanguage":"pt-PT"},{"@type":"Person","@id":"https:\/\/tremdavale.org\/pt\/#\/schema\/person\/50912137d47426d31329f246d02eaeca","name":"admin","image":{"@type":"ImageObject","inLanguage":"pt-PT","@id":"https:\/\/tremdavale.org\/pt\/#\/schema\/person\/image\/","url":"https:\/\/secure.gravatar.com\/avatar\/b3564f0fda6ea47959fe96a4217203e79a167568a37409758659bc3ba443b452?s=96&d=mm&r=g","contentUrl":"https:\/\/secure.gravatar.com\/avatar\/b3564f0fda6ea47959fe96a4217203e79a167568a37409758659bc3ba443b452?s=96&d=mm&r=g","caption":"admin"},"sameAs":["https:\/\/tremdavale.org"],"url":"https:\/\/tremdavale.org\/pt\/author\/admin\/"}]}},"_links":{"self":[{"href":"https:\/\/tremdavale.org\/pt\/wp-json\/wp\/v2\/posts\/321","targetHints":{"allow":["GET"]}}],"collection":[{"href":"https:\/\/tremdavale.org\/pt\/wp-json\/wp\/v2\/posts"}],"about":[{"href":"https:\/\/tremdavale.org\/pt\/wp-json\/wp\/v2\/types\/post"}],"author":[{"embeddable":true,"href":"https:\/\/tremdavale.org\/pt\/wp-json\/wp\/v2\/users\/1"}],"replies":[{"embeddable":true,"href":"https:\/\/tremdavale.org\/pt\/wp-json\/wp\/v2\/comments?post=321"}],"version-history":[{"count":0,"href":"https:\/\/tremdavale.org\/pt\/wp-json\/wp\/v2\/posts\/321\/revisions"}],"wp:featuredmedia":[{"embeddable":true,"href":"https:\/\/tremdavale.org\/pt\/wp-json\/wp\/v2\/media\/557"}],"wp:attachment":[{"href":"https:\/\/tremdavale.org\/pt\/wp-json\/wp\/v2\/media?parent=321"}],"wp:term":[{"taxonomy":"category","embeddable":true,"href":"https:\/\/tremdavale.org\/pt\/wp-json\/wp\/v2\/categories?post=321"},{"taxonomy":"post_tag","embeddable":true,"href":"https:\/\/tremdavale.org\/pt\/wp-json\/wp\/v2\/tags?post=321"}],"curies":[{"name":"wp","href":"https:\/\/api.w.org\/{rel}","templated":true}]}}