{"id":322,"date":"2011-09-12T03:06:00","date_gmt":"2011-09-12T03:06:00","guid":{"rendered":"https:\/\/tremdavale.org\/?p=322"},"modified":"2025-10-10T11:57:00","modified_gmt":"2025-10-10T11:57:00","slug":"vale-registrar-participa-de-seminario-e-festival-nacionais","status":"publish","type":"post","link":"https:\/\/tremdavale.org\/pt\/vale-registrar-participa-de-seminario-e-festival-nacionais\/","title":{"rendered":"Vale Registrar participa de Semin\u00e1rio e Festival Nacionais"},"content":{"rendered":"<p style=\"text-align: justify;\"><img loading=\"lazy\" decoding=\"async\" class=\"alignleft size-medium\" title=\"Banda S\u00e3o Sebasti\u00e3o em apresenta\u00e7\u00e3o\" src=\"\/wp-content\/uploads\/banda-se-spresentando-300x199.jpg\" alt=\"Banda S\u00e3o Sebasti\u00e3o em apresenta\u00e7\u00e3o\" width=\"300\" height=\"199\">No pr\u00f3ximo domingo, dia 21 de novembro de 2010, das 09 \u00e0s 10 horas, ocorrer\u00e1 o relan\u00e7amento do Cat\u00e1logo de Entrevistas 2006-2007 e V\u00eddeo Educativo \u201cTodos os Tempos\u201d e do Cat\u00e1logo de Entrevistas 2007-2009 e V\u00eddeo Educativo \u201cLugares\u201d realizados pelo Vale Registrar, do Programa de Educa\u00e7\u00e3o Patrimonial Trem da Vale.<\/p>\n<p style=\"text-align: justify;\"><!--more--><\/p>\n<p style=\"text-align: justify;\">O evento ser\u00e1 realizado na Tenda Cultural da Esta\u00e7\u00e3o Ferrovi\u00e1ria de Ouro Preto dentro da programa\u00e7\u00e3o do <strong>VII Semin\u00e1rio sobre Turismo Cultural Ferrovi\u00e1rio,<\/strong> promovido em parceria pelo Movimento de Preserva\u00e7\u00e3o Ferrovi\u00e1ria &#8211; MPF, a Associa\u00e7\u00e3o Brasileira Oper\u00e1ria de Trens Tur\u00edsticos e Culturais &#8211; ABOTTC e a Ferrovia Centro Atl\u00e2ntica &#8211; FCA.<\/p>\n<p style=\"text-align: justify;\">Na ocasi\u00e3o, a Assessora T\u00e9cnica Josanne Guerra Sim\u00f5es e o pesquisador Eder Donizete de Melo do N\u00facleo de Hist\u00f3ria Oral do Vale Registrar estar\u00e3o \u00e0 disposi\u00e7\u00e3o dos participantes do Semin\u00e1rio para esclarecimento de d\u00favidas, bem como para informar sobre o trabalho realizado h\u00e1 quase cinco anos pela equipe do programa.<\/p>\n<p style=\"text-align: justify;\">Al\u00e9m desse Semin\u00e1rio, o Vale Registrar recebeu convite para participar do <strong>1\u00ba Festival Nacional Cinema e V\u00eddeo de Mariana<\/strong>. Em 2010, o Cine Festival Inconfidentes, nome como est\u00e1 sendo referido o festival, ser\u00e1 realizado entre os dia 26 e 28 de novembro na cidade de Mariana. O evento \u00e9 uma realiza\u00e7\u00e3o da Universidade Federal de Ouro Preto e foi idealizado pelo professor do Curso de Comunica\u00e7\u00e3o Social\/Jornalismo da UFOP, Adriano Medeiro.<\/p>\n<p style=\"text-align: justify;\">O Assessor T\u00e9cnico do N\u00facleo de Audiovisual do Vale Registrar, Rafael Almeida Santos, ir\u00e1 representar o programa em uma mesa de debate que ser\u00e1 realizada no dia 28 de novembro, no SESI-Mariana, a partir da 18 horas. A mesa ter\u00e1 como tema: <em>\u201cVer e mem\u00f3ria &#8211; um registro videogr\u00e1fico do cotidiano\u201d.<\/em><\/p>\n<p style=\"text-align: justify;\">Dentro da programa\u00e7\u00e3o do Cine Festival Inconfidentes, ser\u00e1 exibido, no dia 28 de novembro, \u00e0s 20h30, no SESI-Mariana, o document\u00e1rio in\u00e9dito \u201cBANDA S\u00c3O SEBASTI\u00c3O &#8211; 100 anos de m\u00fasica\u201d, que foi recentemente produzido pelo Vale Registrar, em comemora\u00e7\u00e3o ao centen\u00e1rio dessa tradicional Sociedade Musical de Passagem de Mariana.<\/p>\n<p>&nbsp;<\/p>\n","protected":false},"excerpt":{"rendered":"<p>No pr\u00f3ximo domingo, dia 21 de novembro de 2010, das 09 \u00e0s 10 horas, ocorrer\u00e1 o relan\u00e7amento do Cat\u00e1logo de Entrevistas 2006-2007 e V\u00eddeo Educativo \u201cTodos os Tempos\u201d e do Cat\u00e1logo de Entrevistas 2007-2009 e V\u00eddeo Educativo \u201cLugares\u201d realizados pelo Vale Registrar, do Programa de Educa\u00e7\u00e3o Patrimonial Trem da Vale.<\/p>\n","protected":false},"author":1,"featured_media":558,"comment_status":"open","ping_status":"closed","sticky":false,"template":"","format":"standard","meta":{"footnotes":""},"categories":[2],"tags":[],"class_list":["post-322","post","type-post","status-publish","format-standard","has-post-thumbnail","hentry","category-destaques-home"],"yoast_head":"<!-- This site is optimized with the Yoast SEO plugin v26.1.1 - https:\/\/yoast.com\/wordpress\/plugins\/seo\/ -->\n<title>Vale Registrar participa de Semin\u00e1rio e Festival Nacionais &#8212; Trem da Vale<\/title>\n<meta name=\"robots\" content=\"index, follow, max-snippet:-1, max-image-preview:large, max-video-preview:-1\" \/>\n<link rel=\"canonical\" href=\"https:\/\/tremdavale.org\/pt\/vale-registrar-participa-de-seminario-e-festival-nacionais\/\" \/>\n<meta property=\"og:locale\" content=\"pt_PT\" \/>\n<meta property=\"og:type\" content=\"article\" \/>\n<meta property=\"og:title\" content=\"Vale Registrar participa de Semin\u00e1rio e Festival Nacionais &#8212; Trem da Vale\" \/>\n<meta property=\"og:description\" content=\"No pr\u00f3ximo domingo, dia 21 de novembro de 2010, das 09 \u00e0s 10 horas, ocorrer\u00e1 o relan\u00e7amento do Cat\u00e1logo de Entrevistas 2006-2007 e V\u00eddeo Educativo \u201cTodos os Tempos\u201d e do Cat\u00e1logo de Entrevistas 2007-2009 e V\u00eddeo Educativo \u201cLugares\u201d realizados pelo Vale Registrar, do Programa de Educa\u00e7\u00e3o Patrimonial Trem da Vale.\" \/>\n<meta property=\"og:url\" content=\"https:\/\/tremdavale.org\/pt\/vale-registrar-participa-de-seminario-e-festival-nacionais\/\" \/>\n<meta property=\"og:site_name\" content=\"Trem da Vale\" \/>\n<meta property=\"article:published_time\" content=\"2011-09-12T03:06:00+00:00\" \/>\n<meta property=\"article:modified_time\" content=\"2025-10-10T11:57:00+00:00\" \/>\n<meta property=\"og:image\" content=\"https:\/\/tremdavale.org\/wp-content\/uploads\/banda-se-spresentando-300x199.jpg\" \/>\n\t<meta property=\"og:image:width\" content=\"300\" \/>\n\t<meta property=\"og:image:height\" content=\"199\" \/>\n\t<meta property=\"og:image:type\" content=\"image\/jpeg\" \/>\n<meta name=\"author\" content=\"admin\" \/>\n<meta name=\"twitter:card\" content=\"summary_large_image\" \/>\n<meta name=\"twitter:label1\" content=\"Escrito por\" \/>\n\t<meta name=\"twitter:data1\" content=\"admin\" \/>\n\t<meta name=\"twitter:label2\" content=\"Tempo estimado de leitura\" \/>\n\t<meta name=\"twitter:data2\" content=\"2 minutos\" \/>\n<script type=\"application\/ld+json\" class=\"yoast-schema-graph\">{\"@context\":\"https:\/\/schema.org\",\"@graph\":[{\"@type\":\"WebPage\",\"@id\":\"https:\/\/tremdavale.org\/pt\/vale-registrar-participa-de-seminario-e-festival-nacionais\/\",\"url\":\"https:\/\/tremdavale.org\/pt\/vale-registrar-participa-de-seminario-e-festival-nacionais\/\",\"name\":\"Vale Registrar participa de Semin\u00e1rio e Festival Nacionais &#8212; Trem da Vale\",\"isPartOf\":{\"@id\":\"https:\/\/tremdavale.org\/pt\/#website\"},\"primaryImageOfPage\":{\"@id\":\"https:\/\/tremdavale.org\/pt\/vale-registrar-participa-de-seminario-e-festival-nacionais\/#primaryimage\"},\"image\":{\"@id\":\"https:\/\/tremdavale.org\/pt\/vale-registrar-participa-de-seminario-e-festival-nacionais\/#primaryimage\"},\"thumbnailUrl\":\"https:\/\/tremdavale.org\/wp-content\/uploads\/banda-se-spresentando-300x199.jpg\",\"datePublished\":\"2011-09-12T03:06:00+00:00\",\"dateModified\":\"2025-10-10T11:57:00+00:00\",\"author\":{\"@id\":\"https:\/\/tremdavale.org\/pt\/#\/schema\/person\/50912137d47426d31329f246d02eaeca\"},\"breadcrumb\":{\"@id\":\"https:\/\/tremdavale.org\/pt\/vale-registrar-participa-de-seminario-e-festival-nacionais\/#breadcrumb\"},\"inLanguage\":\"pt-PT\",\"potentialAction\":[{\"@type\":\"ReadAction\",\"target\":[\"https:\/\/tremdavale.org\/pt\/vale-registrar-participa-de-seminario-e-festival-nacionais\/\"]}]},{\"@type\":\"ImageObject\",\"inLanguage\":\"pt-PT\",\"@id\":\"https:\/\/tremdavale.org\/pt\/vale-registrar-participa-de-seminario-e-festival-nacionais\/#primaryimage\",\"url\":\"https:\/\/tremdavale.org\/wp-content\/uploads\/banda-se-spresentando-300x199.jpg\",\"contentUrl\":\"https:\/\/tremdavale.org\/wp-content\/uploads\/banda-se-spresentando-300x199.jpg\",\"width\":300,\"height\":199},{\"@type\":\"BreadcrumbList\",\"@id\":\"https:\/\/tremdavale.org\/pt\/vale-registrar-participa-de-seminario-e-festival-nacionais\/#breadcrumb\",\"itemListElement\":[{\"@type\":\"ListItem\",\"position\":1,\"name\":\"In\u00edcio\",\"item\":\"https:\/\/tremdavale.org\/pt\/\"},{\"@type\":\"ListItem\",\"position\":2,\"name\":\"Vale Registrar participa de Semin\u00e1rio e Festival Nacionais\"}]},{\"@type\":\"WebSite\",\"@id\":\"https:\/\/tremdavale.org\/pt\/#website\",\"url\":\"https:\/\/tremdavale.org\/pt\/\",\"name\":\"Trem da Vale\",\"description\":\"Programa de Educa\u00e7\u00e3o Patrimonial\",\"potentialAction\":[{\"@type\":\"SearchAction\",\"target\":{\"@type\":\"EntryPoint\",\"urlTemplate\":\"https:\/\/tremdavale.org\/pt\/?s={search_term_string}\"},\"query-input\":{\"@type\":\"PropertyValueSpecification\",\"valueRequired\":true,\"valueName\":\"search_term_string\"}}],\"inLanguage\":\"pt-PT\"},{\"@type\":\"Person\",\"@id\":\"https:\/\/tremdavale.org\/pt\/#\/schema\/person\/50912137d47426d31329f246d02eaeca\",\"name\":\"admin\",\"image\":{\"@type\":\"ImageObject\",\"inLanguage\":\"pt-PT\",\"@id\":\"https:\/\/tremdavale.org\/pt\/#\/schema\/person\/image\/\",\"url\":\"https:\/\/secure.gravatar.com\/avatar\/b3564f0fda6ea47959fe96a4217203e79a167568a37409758659bc3ba443b452?s=96&d=mm&r=g\",\"contentUrl\":\"https:\/\/secure.gravatar.com\/avatar\/b3564f0fda6ea47959fe96a4217203e79a167568a37409758659bc3ba443b452?s=96&d=mm&r=g\",\"caption\":\"admin\"},\"sameAs\":[\"https:\/\/tremdavale.org\"],\"url\":\"https:\/\/tremdavale.org\/pt\/author\/admin\/\"}]}<\/script>\n<!-- \/ Yoast SEO plugin. -->","yoast_head_json":{"title":"Vale Registrar participa de Semin\u00e1rio e Festival Nacionais &#8212; Trem da Vale","robots":{"index":"index","follow":"follow","max-snippet":"max-snippet:-1","max-image-preview":"max-image-preview:large","max-video-preview":"max-video-preview:-1"},"canonical":"https:\/\/tremdavale.org\/pt\/vale-registrar-participa-de-seminario-e-festival-nacionais\/","og_locale":"pt_PT","og_type":"article","og_title":"Vale Registrar participa de Semin\u00e1rio e Festival Nacionais &#8212; Trem da Vale","og_description":"No pr\u00f3ximo domingo, dia 21 de novembro de 2010, das 09 \u00e0s 10 horas, ocorrer\u00e1 o relan\u00e7amento do Cat\u00e1logo de Entrevistas 2006-2007 e V\u00eddeo Educativo \u201cTodos os Tempos\u201d e do Cat\u00e1logo de Entrevistas 2007-2009 e V\u00eddeo Educativo \u201cLugares\u201d realizados pelo Vale Registrar, do Programa de Educa\u00e7\u00e3o Patrimonial Trem da Vale.","og_url":"https:\/\/tremdavale.org\/pt\/vale-registrar-participa-de-seminario-e-festival-nacionais\/","og_site_name":"Trem da Vale","article_published_time":"2011-09-12T03:06:00+00:00","article_modified_time":"2025-10-10T11:57:00+00:00","og_image":[{"width":300,"height":199,"url":"https:\/\/tremdavale.org\/wp-content\/uploads\/banda-se-spresentando-300x199.jpg","type":"image\/jpeg"}],"author":"admin","twitter_card":"summary_large_image","twitter_misc":{"Escrito por":"admin","Tempo estimado de leitura":"2 minutos"},"schema":{"@context":"https:\/\/schema.org","@graph":[{"@type":"WebPage","@id":"https:\/\/tremdavale.org\/pt\/vale-registrar-participa-de-seminario-e-festival-nacionais\/","url":"https:\/\/tremdavale.org\/pt\/vale-registrar-participa-de-seminario-e-festival-nacionais\/","name":"Vale Registrar participa de Semin\u00e1rio e Festival Nacionais &#8212; Trem da Vale","isPartOf":{"@id":"https:\/\/tremdavale.org\/pt\/#website"},"primaryImageOfPage":{"@id":"https:\/\/tremdavale.org\/pt\/vale-registrar-participa-de-seminario-e-festival-nacionais\/#primaryimage"},"image":{"@id":"https:\/\/tremdavale.org\/pt\/vale-registrar-participa-de-seminario-e-festival-nacionais\/#primaryimage"},"thumbnailUrl":"https:\/\/tremdavale.org\/wp-content\/uploads\/banda-se-spresentando-300x199.jpg","datePublished":"2011-09-12T03:06:00+00:00","dateModified":"2025-10-10T11:57:00+00:00","author":{"@id":"https:\/\/tremdavale.org\/pt\/#\/schema\/person\/50912137d47426d31329f246d02eaeca"},"breadcrumb":{"@id":"https:\/\/tremdavale.org\/pt\/vale-registrar-participa-de-seminario-e-festival-nacionais\/#breadcrumb"},"inLanguage":"pt-PT","potentialAction":[{"@type":"ReadAction","target":["https:\/\/tremdavale.org\/pt\/vale-registrar-participa-de-seminario-e-festival-nacionais\/"]}]},{"@type":"ImageObject","inLanguage":"pt-PT","@id":"https:\/\/tremdavale.org\/pt\/vale-registrar-participa-de-seminario-e-festival-nacionais\/#primaryimage","url":"https:\/\/tremdavale.org\/wp-content\/uploads\/banda-se-spresentando-300x199.jpg","contentUrl":"https:\/\/tremdavale.org\/wp-content\/uploads\/banda-se-spresentando-300x199.jpg","width":300,"height":199},{"@type":"BreadcrumbList","@id":"https:\/\/tremdavale.org\/pt\/vale-registrar-participa-de-seminario-e-festival-nacionais\/#breadcrumb","itemListElement":[{"@type":"ListItem","position":1,"name":"In\u00edcio","item":"https:\/\/tremdavale.org\/pt\/"},{"@type":"ListItem","position":2,"name":"Vale Registrar participa de Semin\u00e1rio e Festival Nacionais"}]},{"@type":"WebSite","@id":"https:\/\/tremdavale.org\/pt\/#website","url":"https:\/\/tremdavale.org\/pt\/","name":"Trem da Vale","description":"Programa de Educa\u00e7\u00e3o Patrimonial","potentialAction":[{"@type":"SearchAction","target":{"@type":"EntryPoint","urlTemplate":"https:\/\/tremdavale.org\/pt\/?s={search_term_string}"},"query-input":{"@type":"PropertyValueSpecification","valueRequired":true,"valueName":"search_term_string"}}],"inLanguage":"pt-PT"},{"@type":"Person","@id":"https:\/\/tremdavale.org\/pt\/#\/schema\/person\/50912137d47426d31329f246d02eaeca","name":"admin","image":{"@type":"ImageObject","inLanguage":"pt-PT","@id":"https:\/\/tremdavale.org\/pt\/#\/schema\/person\/image\/","url":"https:\/\/secure.gravatar.com\/avatar\/b3564f0fda6ea47959fe96a4217203e79a167568a37409758659bc3ba443b452?s=96&d=mm&r=g","contentUrl":"https:\/\/secure.gravatar.com\/avatar\/b3564f0fda6ea47959fe96a4217203e79a167568a37409758659bc3ba443b452?s=96&d=mm&r=g","caption":"admin"},"sameAs":["https:\/\/tremdavale.org"],"url":"https:\/\/tremdavale.org\/pt\/author\/admin\/"}]}},"_links":{"self":[{"href":"https:\/\/tremdavale.org\/pt\/wp-json\/wp\/v2\/posts\/322","targetHints":{"allow":["GET"]}}],"collection":[{"href":"https:\/\/tremdavale.org\/pt\/wp-json\/wp\/v2\/posts"}],"about":[{"href":"https:\/\/tremdavale.org\/pt\/wp-json\/wp\/v2\/types\/post"}],"author":[{"embeddable":true,"href":"https:\/\/tremdavale.org\/pt\/wp-json\/wp\/v2\/users\/1"}],"replies":[{"embeddable":true,"href":"https:\/\/tremdavale.org\/pt\/wp-json\/wp\/v2\/comments?post=322"}],"version-history":[{"count":0,"href":"https:\/\/tremdavale.org\/pt\/wp-json\/wp\/v2\/posts\/322\/revisions"}],"wp:featuredmedia":[{"embeddable":true,"href":"https:\/\/tremdavale.org\/pt\/wp-json\/wp\/v2\/media\/558"}],"wp:attachment":[{"href":"https:\/\/tremdavale.org\/pt\/wp-json\/wp\/v2\/media?parent=322"}],"wp:term":[{"taxonomy":"category","embeddable":true,"href":"https:\/\/tremdavale.org\/pt\/wp-json\/wp\/v2\/categories?post=322"},{"taxonomy":"post_tag","embeddable":true,"href":"https:\/\/tremdavale.org\/pt\/wp-json\/wp\/v2\/tags?post=322"}],"curies":[{"name":"wp","href":"https:\/\/api.w.org\/{rel}","templated":true}]}}