{"id":323,"date":"2011-09-13T13:31:00","date_gmt":"2011-09-13T13:31:00","guid":{"rendered":"https:\/\/tremdavale.org\/?p=323"},"modified":"2025-10-10T11:57:00","modified_gmt":"2025-10-10T11:57:00","slug":"vale-registrar-realiza-encontro-com-os-entrevistados-do-programa-de-historia-oral","status":"publish","type":"post","link":"https:\/\/tremdavale.org\/pt\/vale-registrar-realiza-encontro-com-os-entrevistados-do-programa-de-historia-oral\/","title":{"rendered":"Encontro com os entrevistados do Programa de Hist\u00f3ria Oral"},"content":{"rendered":"<dl id=\"attachment_2941\" class=\"wp-caption alignright\" style=\"width: 310px;\">\n<dt class=\"wp-caption-dt\"><img loading=\"lazy\" decoding=\"async\" class=\"size-medium\" style=\"margin-left: 10px; margin-right: 10px;\" title=\"01encontro-de-entrevistados-da-4c2aa-fase-190311\" src=\"\/wp-content\/uploads\/01encontro-de-entrevistados-da-4c2aa-fase-190311-300x199.jpg\" alt=\"01encontro-de-entrevistados-da-4c2aa-fase-190311\" width=\"300\" height=\"199\"><\/dt>\n<dd>Convidados do Encontro de entrevistados da Fase 4 pegam suas entrevistas na plataforma da Esta\u00e7\u00e3o Ferrovi\u00e1ria de Mariana. Foto: Wesley Maur\u00edcio<\/dd>\n<\/dl>\n<p>&nbsp;<\/p>\n<p style=\"text-align: justify;\">No s\u00e1bado, dia 19 de mar\u00e7o de 2011, o Vale Registrar realizou um Encontro com os entrevistados que participaram da quarta etapa do programa de Hist\u00f3ria Oral. O evento marcou a produ\u00e7\u00e3o e a entrega dos materiais relativos a esta fase, com uma confraterniza\u00e7\u00e3o entre os entrevistados e a equipe do Vale Registrar, ap\u00f3s um passeio gratuito no Trem da Vale para os convidados e seus acompanhantes. <!--more--><\/p>\n<dl id=\"attachment_2942\" class=\"wp-caption alignright\" style=\"width: 310px;\">\n<dt class=\"wp-caption-dt\"><img loading=\"lazy\" decoding=\"async\" class=\"size-medium\" style=\"margin-left: 10px; margin-right: 10px;\" title=\"02encontro-de-entrevistados-da-4c2aa-fase-190311\" src=\"\/wp-content\/uploads\/02encontro-de-entrevistados-da-4c2aa-fase-190311-300x199.jpg\" alt=\"02encontro-de-entrevistados-da-4c2aa-fase-190311\" width=\"300\" height=\"199\"><\/dt>\n<dd>O Supervisor do Vale Registrar, Jason Barroso Santa Rosa, fala aos convidados do Encontro de entrevistados da Fase 4 na Biblioteca da Esta\u00e7\u00e3o em Mariana. Foto: Rafael Santos<\/dd>\n<\/dl>\n<p>&nbsp;<\/p>\n<p style=\"text-align: justify;\">As atividades iniciaram ao meio-dia na Esta\u00e7\u00e3o de Ouro Preto, quando foram recebidos os entrevistados moradores da cidade, juntamente com seus acompanhantes. Eles sa\u00edram de van para Mariana, onde houve a entrega das 21 publica\u00e7\u00f5es de suas entrevistas gravadas, e os respectivos v\u00eddeos, ao acervo disponibilizado para consultas na Biblioteca da Esta\u00e7\u00e3o de Mariana.<\/p>\n<dl id=\"attachment_2943\" class=\"wp-caption alignright\" style=\"width: 310px;\">\n<dt class=\"wp-caption-dt\"><img loading=\"lazy\" decoding=\"async\" class=\"size-medium\" style=\"margin-top: 20px; margin-bottom: 20px;\" title=\"03encontro-de-entrevistados-da-4c2aa-fase-190311\" src=\"\/wp-content\/uploads\/03encontro-de-entrevistados-da-4c2aa-fase-190311-300x199.jpg\" alt=\"03encontro-de-entrevistados-da-4c2aa-fase-190311\" width=\"300\" height=\"199\"><\/dt>\n<dd>Convidados do Encontro de entrevistados da Fase 4 fazem passeio no Trem da Vale. Foto: Rafael Santos<\/dd>\n<\/dl>\n<p>&nbsp;<\/p>\n<p><img loading=\"lazy\" decoding=\"async\" class=\"size-medium\" style=\"margin: 20px 10px;\" title=\"04encontro-de-entrevistados-da-4c2aa-fase-190311\" src=\"\/wp-content\/uploads\/04encontro-de-entrevistados-da-4c2aa-fase-190311-300x199.jpg\" alt=\"04encontro-de-entrevistados-da-4c2aa-fase-190311\" width=\"300\" height=\"199\"><\/p>\n<p>Entrevistados recebem o DVD de sua entrevista cedida ao Vale Registrar, na Tenda Cultural da Esta\u00e7\u00e3o Ferrovi\u00e1ria de Ouro Preto. Foto: Rafael Santos<\/p>\n<p>&nbsp;<\/p>\n<p style=\"text-align: justify;\">Ap\u00f3s conhecerem os espa\u00e7os e equipamentos dessa esta\u00e7\u00e3o, e assistirem a v\u00eddeos art\u00edsticos exibidos no Vag\u00e3o dos Sentidos, todos partiram para a viagem no trem rumo \u00e0 Ouro Preto. O passeio foi animado pelas m\u00fasicas cantadas por alguns entrevistados, enquanto era admirada a bela paisagem. Houve tamb\u00e9m grava\u00e7\u00e3o de pequenos depoimentos com entrevistados presentes feita pela equipe do Vale Registrar.<\/p>\n<p style=\"text-align: justify;\">Na chegada do passeio, os convidados percorreram os ambientes expositivos da Esta\u00e7\u00e3o de Ouro Preto e foram encaminhados para a Tenda Cultural. Ali, aconteceu uma apresenta\u00e7\u00e3o sobre o programa de Hist\u00f3ria Oral do Vale Registrar e os integrantes desta equipe. Logo ap\u00f3s, tivemos a exibi\u00e7\u00e3o de um v\u00eddeo em homenagem aos entrevistados falecidos e do videodocument\u00e1rio \u201cBANDA S\u00c3O SEBASTI\u00c3O &#8211; 100 Anos de M\u00fasica\u201d.<\/p>\n<p>&nbsp;<\/p>\n<p><img loading=\"lazy\" decoding=\"async\" class=\"size-medium\" style=\"margin: 20px 10px;\" title=\"05encontro-de-entrevistados-da-4c2aa-fase-190311\" src=\"\/wp-content\/uploads\/05encontro-de-entrevistados-da-4c2aa-fase-190311-300x199.jpg\" alt=\"05encontro-de-entrevistados-da-4c2aa-fase-190311\" width=\"300\" height=\"199\"><\/p>\n<p>A produtora, Rosilene Figueiredo, fala aos convidados do Encontro de entrevistados da Fase 4, na Tenda Cultural da Esta\u00e7\u00e3o Ferrovi\u00e1ria de Ouro Preto. Foto: Wesley Maur\u00edcio<\/p>\n<p>&nbsp;<\/p>\n<p style=\"text-align: justify;\">Ainda na Tenda, ao final do Encontro, ap\u00f3s declara\u00e7\u00f5es feitas por alguns participantes, os entrevistados receberam c\u00f3pias em DVD de seus depoimentos cedidos ao programa, e participaram do um lanche oferecido para todos os convidados.<\/p>\n<p>&nbsp;<\/p>\n<p><img loading=\"lazy\" decoding=\"async\" class=\"size-medium\" style=\"margin: 20px 10px;\" title=\"06encontro-de-entrevistados-da-4c2aa-fase-190311\" src=\"\/wp-content\/uploads\/06encontro-de-entrevistados-da-4c2aa-fase-190311-300x199.jpg\" alt=\"06encontro-de-entrevistados-da-4c2aa-fase-190311\" width=\"300\" height=\"199\"><\/p>\n<p>Convidados do Encontro de entrevistados da Fase 4 assistem ao videodocument\u00e1rio produzido pelo Vale Registrar: \u201cBanda S\u00e3o Sebasti\u00e3o &#8211; 100 anos de m\u00fasica\u201d na Tenda Cultural da Esta\u00e7\u00e3o Ferrovi\u00e1ria de Ouro Preto. Foto: Wesley Maur\u00edcio<\/p>\n<p>&nbsp;<\/p>\n","protected":false},"excerpt":{"rendered":"<p>Convidados do Encontro de entrevistados da Fase 4 pegam suas entrevistas na plataforma da Esta\u00e7\u00e3o Ferrovi\u00e1ria de Mariana. Foto: Wesley Maur\u00edcio &nbsp; No s\u00e1bado, dia 19 de mar\u00e7o de 2011, o Vale Registrar realizou um Encontro com os entrevistados que participaram da quarta etapa do programa de Hist\u00f3ria Oral. O &hellip;<\/p>\n","protected":false},"author":1,"featured_media":559,"comment_status":"open","ping_status":"closed","sticky":false,"template":"","format":"standard","meta":{"footnotes":""},"categories":[2],"tags":[],"class_list":["post-323","post","type-post","status-publish","format-standard","has-post-thumbnail","hentry","category-destaques-home"],"yoast_head":"<!-- This site is optimized with the Yoast SEO plugin v26.1.1 - https:\/\/yoast.com\/wordpress\/plugins\/seo\/ -->\n<title>Encontro com os entrevistados do Programa de Hist\u00f3ria Oral &#8212; Trem da Vale<\/title>\n<meta name=\"robots\" content=\"index, follow, max-snippet:-1, max-image-preview:large, max-video-preview:-1\" \/>\n<link rel=\"canonical\" href=\"https:\/\/tremdavale.org\/pt\/vale-registrar-realiza-encontro-com-os-entrevistados-do-programa-de-historia-oral\/\" \/>\n<meta property=\"og:locale\" content=\"pt_PT\" \/>\n<meta property=\"og:type\" content=\"article\" \/>\n<meta property=\"og:title\" content=\"Encontro com os entrevistados do Programa de Hist\u00f3ria Oral &#8212; Trem da Vale\" \/>\n<meta property=\"og:description\" content=\"Convidados do Encontro de entrevistados da Fase 4 pegam suas entrevistas na plataforma da Esta\u00e7\u00e3o Ferrovi\u00e1ria de Mariana. Foto: Wesley Maur\u00edcio &nbsp; No s\u00e1bado, dia 19 de mar\u00e7o de 2011, o Vale Registrar realizou um Encontro com os entrevistados que participaram da quarta etapa do programa de Hist\u00f3ria Oral. O &hellip;\" \/>\n<meta property=\"og:url\" content=\"https:\/\/tremdavale.org\/pt\/vale-registrar-realiza-encontro-com-os-entrevistados-do-programa-de-historia-oral\/\" \/>\n<meta property=\"og:site_name\" content=\"Trem da Vale\" \/>\n<meta property=\"article:published_time\" content=\"2011-09-13T13:31:00+00:00\" \/>\n<meta property=\"article:modified_time\" content=\"2025-10-10T11:57:00+00:00\" \/>\n<meta property=\"og:image\" content=\"https:\/\/tremdavale.org\/wp-content\/uploads\/01encontro-de-entrevistados-da-4c2aa-fase-190311-300x199.jpg\" \/>\n\t<meta property=\"og:image:width\" content=\"300\" \/>\n\t<meta property=\"og:image:height\" content=\"199\" \/>\n\t<meta property=\"og:image:type\" content=\"image\/jpeg\" \/>\n<meta name=\"author\" content=\"admin\" \/>\n<meta name=\"twitter:card\" content=\"summary_large_image\" \/>\n<meta name=\"twitter:label1\" content=\"Escrito por\" \/>\n\t<meta name=\"twitter:data1\" content=\"admin\" \/>\n\t<meta name=\"twitter:label2\" content=\"Tempo estimado de leitura\" \/>\n\t<meta name=\"twitter:data2\" content=\"2 minutos\" \/>\n<script type=\"application\/ld+json\" class=\"yoast-schema-graph\">{\"@context\":\"https:\/\/schema.org\",\"@graph\":[{\"@type\":\"WebPage\",\"@id\":\"https:\/\/tremdavale.org\/pt\/vale-registrar-realiza-encontro-com-os-entrevistados-do-programa-de-historia-oral\/\",\"url\":\"https:\/\/tremdavale.org\/pt\/vale-registrar-realiza-encontro-com-os-entrevistados-do-programa-de-historia-oral\/\",\"name\":\"Encontro com os entrevistados do Programa de Hist\u00f3ria Oral &#8212; Trem da Vale\",\"isPartOf\":{\"@id\":\"https:\/\/tremdavale.org\/pt\/#website\"},\"primaryImageOfPage\":{\"@id\":\"https:\/\/tremdavale.org\/pt\/vale-registrar-realiza-encontro-com-os-entrevistados-do-programa-de-historia-oral\/#primaryimage\"},\"image\":{\"@id\":\"https:\/\/tremdavale.org\/pt\/vale-registrar-realiza-encontro-com-os-entrevistados-do-programa-de-historia-oral\/#primaryimage\"},\"thumbnailUrl\":\"https:\/\/tremdavale.org\/wp-content\/uploads\/01encontro-de-entrevistados-da-4c2aa-fase-190311-300x199.jpg\",\"datePublished\":\"2011-09-13T13:31:00+00:00\",\"dateModified\":\"2025-10-10T11:57:00+00:00\",\"author\":{\"@id\":\"https:\/\/tremdavale.org\/pt\/#\/schema\/person\/50912137d47426d31329f246d02eaeca\"},\"breadcrumb\":{\"@id\":\"https:\/\/tremdavale.org\/pt\/vale-registrar-realiza-encontro-com-os-entrevistados-do-programa-de-historia-oral\/#breadcrumb\"},\"inLanguage\":\"pt-PT\",\"potentialAction\":[{\"@type\":\"ReadAction\",\"target\":[\"https:\/\/tremdavale.org\/pt\/vale-registrar-realiza-encontro-com-os-entrevistados-do-programa-de-historia-oral\/\"]}]},{\"@type\":\"ImageObject\",\"inLanguage\":\"pt-PT\",\"@id\":\"https:\/\/tremdavale.org\/pt\/vale-registrar-realiza-encontro-com-os-entrevistados-do-programa-de-historia-oral\/#primaryimage\",\"url\":\"https:\/\/tremdavale.org\/wp-content\/uploads\/01encontro-de-entrevistados-da-4c2aa-fase-190311-300x199.jpg\",\"contentUrl\":\"https:\/\/tremdavale.org\/wp-content\/uploads\/01encontro-de-entrevistados-da-4c2aa-fase-190311-300x199.jpg\",\"width\":300,\"height\":199},{\"@type\":\"BreadcrumbList\",\"@id\":\"https:\/\/tremdavale.org\/pt\/vale-registrar-realiza-encontro-com-os-entrevistados-do-programa-de-historia-oral\/#breadcrumb\",\"itemListElement\":[{\"@type\":\"ListItem\",\"position\":1,\"name\":\"In\u00edcio\",\"item\":\"https:\/\/tremdavale.org\/pt\/\"},{\"@type\":\"ListItem\",\"position\":2,\"name\":\"Encontro com os entrevistados do Programa de Hist\u00f3ria Oral\"}]},{\"@type\":\"WebSite\",\"@id\":\"https:\/\/tremdavale.org\/pt\/#website\",\"url\":\"https:\/\/tremdavale.org\/pt\/\",\"name\":\"Trem da Vale\",\"description\":\"Programa de Educa\u00e7\u00e3o Patrimonial\",\"potentialAction\":[{\"@type\":\"SearchAction\",\"target\":{\"@type\":\"EntryPoint\",\"urlTemplate\":\"https:\/\/tremdavale.org\/pt\/?s={search_term_string}\"},\"query-input\":{\"@type\":\"PropertyValueSpecification\",\"valueRequired\":true,\"valueName\":\"search_term_string\"}}],\"inLanguage\":\"pt-PT\"},{\"@type\":\"Person\",\"@id\":\"https:\/\/tremdavale.org\/pt\/#\/schema\/person\/50912137d47426d31329f246d02eaeca\",\"name\":\"admin\",\"image\":{\"@type\":\"ImageObject\",\"inLanguage\":\"pt-PT\",\"@id\":\"https:\/\/tremdavale.org\/pt\/#\/schema\/person\/image\/\",\"url\":\"https:\/\/secure.gravatar.com\/avatar\/b3564f0fda6ea47959fe96a4217203e79a167568a37409758659bc3ba443b452?s=96&d=mm&r=g\",\"contentUrl\":\"https:\/\/secure.gravatar.com\/avatar\/b3564f0fda6ea47959fe96a4217203e79a167568a37409758659bc3ba443b452?s=96&d=mm&r=g\",\"caption\":\"admin\"},\"sameAs\":[\"https:\/\/tremdavale.org\"],\"url\":\"https:\/\/tremdavale.org\/pt\/author\/admin\/\"}]}<\/script>\n<!-- \/ Yoast SEO plugin. -->","yoast_head_json":{"title":"Encontro com os entrevistados do Programa de Hist\u00f3ria Oral &#8212; Trem da Vale","robots":{"index":"index","follow":"follow","max-snippet":"max-snippet:-1","max-image-preview":"max-image-preview:large","max-video-preview":"max-video-preview:-1"},"canonical":"https:\/\/tremdavale.org\/pt\/vale-registrar-realiza-encontro-com-os-entrevistados-do-programa-de-historia-oral\/","og_locale":"pt_PT","og_type":"article","og_title":"Encontro com os entrevistados do Programa de Hist\u00f3ria Oral &#8212; Trem da Vale","og_description":"Convidados do Encontro de entrevistados da Fase 4 pegam suas entrevistas na plataforma da Esta\u00e7\u00e3o Ferrovi\u00e1ria de Mariana. Foto: Wesley Maur\u00edcio &nbsp; No s\u00e1bado, dia 19 de mar\u00e7o de 2011, o Vale Registrar realizou um Encontro com os entrevistados que participaram da quarta etapa do programa de Hist\u00f3ria Oral. O &hellip;","og_url":"https:\/\/tremdavale.org\/pt\/vale-registrar-realiza-encontro-com-os-entrevistados-do-programa-de-historia-oral\/","og_site_name":"Trem da Vale","article_published_time":"2011-09-13T13:31:00+00:00","article_modified_time":"2025-10-10T11:57:00+00:00","og_image":[{"width":300,"height":199,"url":"https:\/\/tremdavale.org\/wp-content\/uploads\/01encontro-de-entrevistados-da-4c2aa-fase-190311-300x199.jpg","type":"image\/jpeg"}],"author":"admin","twitter_card":"summary_large_image","twitter_misc":{"Escrito por":"admin","Tempo estimado de leitura":"2 minutos"},"schema":{"@context":"https:\/\/schema.org","@graph":[{"@type":"WebPage","@id":"https:\/\/tremdavale.org\/pt\/vale-registrar-realiza-encontro-com-os-entrevistados-do-programa-de-historia-oral\/","url":"https:\/\/tremdavale.org\/pt\/vale-registrar-realiza-encontro-com-os-entrevistados-do-programa-de-historia-oral\/","name":"Encontro com os entrevistados do Programa de Hist\u00f3ria Oral &#8212; Trem da Vale","isPartOf":{"@id":"https:\/\/tremdavale.org\/pt\/#website"},"primaryImageOfPage":{"@id":"https:\/\/tremdavale.org\/pt\/vale-registrar-realiza-encontro-com-os-entrevistados-do-programa-de-historia-oral\/#primaryimage"},"image":{"@id":"https:\/\/tremdavale.org\/pt\/vale-registrar-realiza-encontro-com-os-entrevistados-do-programa-de-historia-oral\/#primaryimage"},"thumbnailUrl":"https:\/\/tremdavale.org\/wp-content\/uploads\/01encontro-de-entrevistados-da-4c2aa-fase-190311-300x199.jpg","datePublished":"2011-09-13T13:31:00+00:00","dateModified":"2025-10-10T11:57:00+00:00","author":{"@id":"https:\/\/tremdavale.org\/pt\/#\/schema\/person\/50912137d47426d31329f246d02eaeca"},"breadcrumb":{"@id":"https:\/\/tremdavale.org\/pt\/vale-registrar-realiza-encontro-com-os-entrevistados-do-programa-de-historia-oral\/#breadcrumb"},"inLanguage":"pt-PT","potentialAction":[{"@type":"ReadAction","target":["https:\/\/tremdavale.org\/pt\/vale-registrar-realiza-encontro-com-os-entrevistados-do-programa-de-historia-oral\/"]}]},{"@type":"ImageObject","inLanguage":"pt-PT","@id":"https:\/\/tremdavale.org\/pt\/vale-registrar-realiza-encontro-com-os-entrevistados-do-programa-de-historia-oral\/#primaryimage","url":"https:\/\/tremdavale.org\/wp-content\/uploads\/01encontro-de-entrevistados-da-4c2aa-fase-190311-300x199.jpg","contentUrl":"https:\/\/tremdavale.org\/wp-content\/uploads\/01encontro-de-entrevistados-da-4c2aa-fase-190311-300x199.jpg","width":300,"height":199},{"@type":"BreadcrumbList","@id":"https:\/\/tremdavale.org\/pt\/vale-registrar-realiza-encontro-com-os-entrevistados-do-programa-de-historia-oral\/#breadcrumb","itemListElement":[{"@type":"ListItem","position":1,"name":"In\u00edcio","item":"https:\/\/tremdavale.org\/pt\/"},{"@type":"ListItem","position":2,"name":"Encontro com os entrevistados do Programa de Hist\u00f3ria Oral"}]},{"@type":"WebSite","@id":"https:\/\/tremdavale.org\/pt\/#website","url":"https:\/\/tremdavale.org\/pt\/","name":"Trem da Vale","description":"Programa de Educa\u00e7\u00e3o Patrimonial","potentialAction":[{"@type":"SearchAction","target":{"@type":"EntryPoint","urlTemplate":"https:\/\/tremdavale.org\/pt\/?s={search_term_string}"},"query-input":{"@type":"PropertyValueSpecification","valueRequired":true,"valueName":"search_term_string"}}],"inLanguage":"pt-PT"},{"@type":"Person","@id":"https:\/\/tremdavale.org\/pt\/#\/schema\/person\/50912137d47426d31329f246d02eaeca","name":"admin","image":{"@type":"ImageObject","inLanguage":"pt-PT","@id":"https:\/\/tremdavale.org\/pt\/#\/schema\/person\/image\/","url":"https:\/\/secure.gravatar.com\/avatar\/b3564f0fda6ea47959fe96a4217203e79a167568a37409758659bc3ba443b452?s=96&d=mm&r=g","contentUrl":"https:\/\/secure.gravatar.com\/avatar\/b3564f0fda6ea47959fe96a4217203e79a167568a37409758659bc3ba443b452?s=96&d=mm&r=g","caption":"admin"},"sameAs":["https:\/\/tremdavale.org"],"url":"https:\/\/tremdavale.org\/pt\/author\/admin\/"}]}},"_links":{"self":[{"href":"https:\/\/tremdavale.org\/pt\/wp-json\/wp\/v2\/posts\/323","targetHints":{"allow":["GET"]}}],"collection":[{"href":"https:\/\/tremdavale.org\/pt\/wp-json\/wp\/v2\/posts"}],"about":[{"href":"https:\/\/tremdavale.org\/pt\/wp-json\/wp\/v2\/types\/post"}],"author":[{"embeddable":true,"href":"https:\/\/tremdavale.org\/pt\/wp-json\/wp\/v2\/users\/1"}],"replies":[{"embeddable":true,"href":"https:\/\/tremdavale.org\/pt\/wp-json\/wp\/v2\/comments?post=323"}],"version-history":[{"count":0,"href":"https:\/\/tremdavale.org\/pt\/wp-json\/wp\/v2\/posts\/323\/revisions"}],"wp:featuredmedia":[{"embeddable":true,"href":"https:\/\/tremdavale.org\/pt\/wp-json\/wp\/v2\/media\/559"}],"wp:attachment":[{"href":"https:\/\/tremdavale.org\/pt\/wp-json\/wp\/v2\/media?parent=323"}],"wp:term":[{"taxonomy":"category","embeddable":true,"href":"https:\/\/tremdavale.org\/pt\/wp-json\/wp\/v2\/categories?post=323"},{"taxonomy":"post_tag","embeddable":true,"href":"https:\/\/tremdavale.org\/pt\/wp-json\/wp\/v2\/tags?post=323"}],"curies":[{"name":"wp","href":"https:\/\/api.w.org\/{rel}","templated":true}]}}