{"id":324,"date":"2013-08-25T05:20:00","date_gmt":"2013-08-25T05:20:00","guid":{"rendered":"https:\/\/tremdavale.org\/?p=324"},"modified":"2025-10-10T11:57:00","modified_gmt":"2025-10-10T11:57:00","slug":"vale-registrar-realiza-gravacao-da-videocabine-datas-comemorativas-dia-de-santa-cecilia-em-rodrigo-silva","status":"publish","type":"post","link":"https:\/\/tremdavale.org\/pt\/vale-registrar-realiza-gravacao-da-videocabine-datas-comemorativas-dia-de-santa-cecilia-em-rodrigo-silva\/","title":{"rendered":"Vale Registrar realiza grava\u00e7\u00e3o da Videocabine \u201cDATAS COMEMORATIVAS \u2013 Dia de Santa Cec\u00edlia\u201d em Rodrigo Silva"},"content":{"rendered":"<p>O N\u00facleo de Audiovisual do Vale Registrar realizou, no dia 27 de novembro de 2011, a grava\u00e7\u00e3o da Videocabine com o tema: \u201cDATAS COMEMORATIVAS \u2013 Dia de Santa Cec\u00edlia\u201d. Nesse dia, homenageia-se a santa padroeira dos m\u00fasicos, e o distrito de Rodrigo Silva, pertencente a Ouro Preto, comemorou com uma missa festiva na Capela de Santo Ant\u00f4nio, que teve a participa\u00e7\u00e3o especial da Sociedade Musical Santa Cec\u00edlia, tradicional corpora\u00e7\u00e3o local.<\/p>\n<p>&nbsp;<\/p>\n<p><img loading=\"lazy\" decoding=\"async\" class=\"size-medium\" title=\"02-videocabine-dia-de-santa-cecilia-rodrigo-silva\" src=\"\/wp-content\/uploads\/02-videocabine-dia-de-santa-cecilia-rodrigo-silva-300x200.jpg\" alt=\"02-videocabine-dia-de-santa-cecilia-rodrigo-silva\" width=\"300\" height=\"200\"><\/p>\n<p>Marcello Nicolato, do N\u00facleo de Audiovisual do Vale Registrar, grava o depoimento da musicista e maestrina Bianca Bohrer, no coreto em frente a Capela de Santo Ant\u00f4nio, no distrito de Rodrigo Silva, em Ouro Preto. Foto: Marianne Fonseca<\/p>\n<p>&nbsp;<\/p>\n<p style=\"text-align: left;\"><span>A cabine de depoimentos foi montada no coreto existente em frente \u00e0 Capela de Santo Ant\u00f4nio, localizada no centro do distrito, em local bem vis\u00edvel e acess\u00edvel aos fi\u00e9is que deixavam a missa; facilitando, assim, o acesso daqueles que participaram da videocabine e falaram a respeito da comemora\u00e7\u00e3o.<\/span><\/p>\n<p>Na ocasi\u00e3o, foram gravados 12 depoimentos, dos quais destaca-se o da pedagoga e organizadora da comemora\u00e7\u00e3o, Carla Daniele Marques Raimundo: <em>\u201c (\u2026) Esse dia, ele \u00e9 esperado, assim, com muita ansiedade. As pessoas ficam ansiosas at\u00e9 para fazer uma grande festa. E \u00e9 uma festa feita de forma volunt\u00e1ria, ou seja, n\u00f3s n\u00e3o temos grandes patroc\u00ednios, mas cada um da comunidade, participa da forma que consegue. (\u2026)\u201d.<\/em><\/p>\n<p>&nbsp;<\/p>\n","protected":false},"excerpt":{"rendered":"<p>O N\u00facleo de Audiovisual do Vale Registrar realizou, no dia 27 de novembro de 2011, a grava\u00e7\u00e3o da Videocabine com o tema: \u201cDATAS COMEMORATIVAS \u2013 Dia de Santa Cec\u00edlia\u201d. Nesse dia, homenageia-se a santa padroeira dos m\u00fasicos, e o distrito de Rodrigo Silva, pertencente a Ouro Preto, comemorou com uma &hellip;<\/p>\n","protected":false},"author":1,"featured_media":560,"comment_status":"open","ping_status":"closed","sticky":false,"template":"","format":"standard","meta":{"footnotes":""},"categories":[3],"tags":[],"class_list":["post-324","post","type-post","status-publish","format-standard","has-post-thumbnail","hentry","category-noticias"],"yoast_head":"<!-- This site is optimized with the Yoast SEO plugin v26.1.1 - https:\/\/yoast.com\/wordpress\/plugins\/seo\/ -->\n<title>Vale Registrar realiza grava\u00e7\u00e3o da Videocabine \u201cDATAS COMEMORATIVAS \u2013 Dia de Santa Cec\u00edlia\u201d em Rodrigo Silva &#8212; Trem da Vale<\/title>\n<meta name=\"robots\" content=\"index, follow, max-snippet:-1, max-image-preview:large, max-video-preview:-1\" \/>\n<link rel=\"canonical\" href=\"https:\/\/tremdavale.org\/pt\/vale-registrar-realiza-gravacao-da-videocabine-datas-comemorativas-dia-de-santa-cecilia-em-rodrigo-silva\/\" \/>\n<meta property=\"og:locale\" content=\"pt_PT\" \/>\n<meta property=\"og:type\" content=\"article\" \/>\n<meta property=\"og:title\" content=\"Vale Registrar realiza grava\u00e7\u00e3o da Videocabine \u201cDATAS COMEMORATIVAS \u2013 Dia de Santa Cec\u00edlia\u201d em Rodrigo Silva &#8212; Trem da Vale\" \/>\n<meta property=\"og:description\" content=\"O N\u00facleo de Audiovisual do Vale Registrar realizou, no dia 27 de novembro de 2011, a grava\u00e7\u00e3o da Videocabine com o tema: \u201cDATAS COMEMORATIVAS \u2013 Dia de Santa Cec\u00edlia\u201d. Nesse dia, homenageia-se a santa padroeira dos m\u00fasicos, e o distrito de Rodrigo Silva, pertencente a Ouro Preto, comemorou com uma &hellip;\" \/>\n<meta property=\"og:url\" content=\"https:\/\/tremdavale.org\/pt\/vale-registrar-realiza-gravacao-da-videocabine-datas-comemorativas-dia-de-santa-cecilia-em-rodrigo-silva\/\" \/>\n<meta property=\"og:site_name\" content=\"Trem da Vale\" \/>\n<meta property=\"article:published_time\" content=\"2013-08-25T05:20:00+00:00\" \/>\n<meta property=\"article:modified_time\" content=\"2025-10-10T11:57:00+00:00\" \/>\n<meta property=\"og:image\" content=\"https:\/\/tremdavale.org\/wp-content\/uploads\/02-videocabine-dia-de-santa-cecilia-rodrigo-silva-300x200.jpg\" \/>\n\t<meta property=\"og:image:width\" content=\"300\" \/>\n\t<meta property=\"og:image:height\" content=\"200\" \/>\n\t<meta property=\"og:image:type\" content=\"image\/jpeg\" \/>\n<meta name=\"author\" content=\"admin\" \/>\n<meta name=\"twitter:card\" content=\"summary_large_image\" \/>\n<meta name=\"twitter:label1\" content=\"Escrito por\" \/>\n\t<meta name=\"twitter:data1\" content=\"admin\" \/>\n\t<meta name=\"twitter:label2\" content=\"Tempo estimado de leitura\" \/>\n\t<meta name=\"twitter:data2\" content=\"1 minuto\" \/>\n<script type=\"application\/ld+json\" class=\"yoast-schema-graph\">{\"@context\":\"https:\/\/schema.org\",\"@graph\":[{\"@type\":\"WebPage\",\"@id\":\"https:\/\/tremdavale.org\/pt\/vale-registrar-realiza-gravacao-da-videocabine-datas-comemorativas-dia-de-santa-cecilia-em-rodrigo-silva\/\",\"url\":\"https:\/\/tremdavale.org\/pt\/vale-registrar-realiza-gravacao-da-videocabine-datas-comemorativas-dia-de-santa-cecilia-em-rodrigo-silva\/\",\"name\":\"Vale Registrar realiza grava\u00e7\u00e3o da Videocabine \u201cDATAS COMEMORATIVAS \u2013 Dia de Santa Cec\u00edlia\u201d em Rodrigo Silva &#8212; Trem da Vale\",\"isPartOf\":{\"@id\":\"https:\/\/tremdavale.org\/pt\/#website\"},\"primaryImageOfPage\":{\"@id\":\"https:\/\/tremdavale.org\/pt\/vale-registrar-realiza-gravacao-da-videocabine-datas-comemorativas-dia-de-santa-cecilia-em-rodrigo-silva\/#primaryimage\"},\"image\":{\"@id\":\"https:\/\/tremdavale.org\/pt\/vale-registrar-realiza-gravacao-da-videocabine-datas-comemorativas-dia-de-santa-cecilia-em-rodrigo-silva\/#primaryimage\"},\"thumbnailUrl\":\"https:\/\/tremdavale.org\/wp-content\/uploads\/02-videocabine-dia-de-santa-cecilia-rodrigo-silva-300x200.jpg\",\"datePublished\":\"2013-08-25T05:20:00+00:00\",\"dateModified\":\"2025-10-10T11:57:00+00:00\",\"author\":{\"@id\":\"https:\/\/tremdavale.org\/pt\/#\/schema\/person\/50912137d47426d31329f246d02eaeca\"},\"breadcrumb\":{\"@id\":\"https:\/\/tremdavale.org\/pt\/vale-registrar-realiza-gravacao-da-videocabine-datas-comemorativas-dia-de-santa-cecilia-em-rodrigo-silva\/#breadcrumb\"},\"inLanguage\":\"pt-PT\",\"potentialAction\":[{\"@type\":\"ReadAction\",\"target\":[\"https:\/\/tremdavale.org\/pt\/vale-registrar-realiza-gravacao-da-videocabine-datas-comemorativas-dia-de-santa-cecilia-em-rodrigo-silva\/\"]}]},{\"@type\":\"ImageObject\",\"inLanguage\":\"pt-PT\",\"@id\":\"https:\/\/tremdavale.org\/pt\/vale-registrar-realiza-gravacao-da-videocabine-datas-comemorativas-dia-de-santa-cecilia-em-rodrigo-silva\/#primaryimage\",\"url\":\"https:\/\/tremdavale.org\/wp-content\/uploads\/02-videocabine-dia-de-santa-cecilia-rodrigo-silva-300x200.jpg\",\"contentUrl\":\"https:\/\/tremdavale.org\/wp-content\/uploads\/02-videocabine-dia-de-santa-cecilia-rodrigo-silva-300x200.jpg\",\"width\":300,\"height\":200},{\"@type\":\"BreadcrumbList\",\"@id\":\"https:\/\/tremdavale.org\/pt\/vale-registrar-realiza-gravacao-da-videocabine-datas-comemorativas-dia-de-santa-cecilia-em-rodrigo-silva\/#breadcrumb\",\"itemListElement\":[{\"@type\":\"ListItem\",\"position\":1,\"name\":\"In\u00edcio\",\"item\":\"https:\/\/tremdavale.org\/pt\/\"},{\"@type\":\"ListItem\",\"position\":2,\"name\":\"Vale Registrar realiza grava\u00e7\u00e3o da Videocabine \u201cDATAS COMEMORATIVAS \u2013 Dia de Santa Cec\u00edlia\u201d em Rodrigo Silva\"}]},{\"@type\":\"WebSite\",\"@id\":\"https:\/\/tremdavale.org\/pt\/#website\",\"url\":\"https:\/\/tremdavale.org\/pt\/\",\"name\":\"Trem da Vale\",\"description\":\"Programa de Educa\u00e7\u00e3o Patrimonial\",\"potentialAction\":[{\"@type\":\"SearchAction\",\"target\":{\"@type\":\"EntryPoint\",\"urlTemplate\":\"https:\/\/tremdavale.org\/pt\/?s={search_term_string}\"},\"query-input\":{\"@type\":\"PropertyValueSpecification\",\"valueRequired\":true,\"valueName\":\"search_term_string\"}}],\"inLanguage\":\"pt-PT\"},{\"@type\":\"Person\",\"@id\":\"https:\/\/tremdavale.org\/pt\/#\/schema\/person\/50912137d47426d31329f246d02eaeca\",\"name\":\"admin\",\"image\":{\"@type\":\"ImageObject\",\"inLanguage\":\"pt-PT\",\"@id\":\"https:\/\/tremdavale.org\/pt\/#\/schema\/person\/image\/\",\"url\":\"https:\/\/secure.gravatar.com\/avatar\/b3564f0fda6ea47959fe96a4217203e79a167568a37409758659bc3ba443b452?s=96&d=mm&r=g\",\"contentUrl\":\"https:\/\/secure.gravatar.com\/avatar\/b3564f0fda6ea47959fe96a4217203e79a167568a37409758659bc3ba443b452?s=96&d=mm&r=g\",\"caption\":\"admin\"},\"sameAs\":[\"https:\/\/tremdavale.org\"],\"url\":\"https:\/\/tremdavale.org\/pt\/author\/admin\/\"}]}<\/script>\n<!-- \/ Yoast SEO plugin. -->","yoast_head_json":{"title":"Vale Registrar realiza grava\u00e7\u00e3o da Videocabine \u201cDATAS COMEMORATIVAS \u2013 Dia de Santa Cec\u00edlia\u201d em Rodrigo Silva &#8212; Trem da Vale","robots":{"index":"index","follow":"follow","max-snippet":"max-snippet:-1","max-image-preview":"max-image-preview:large","max-video-preview":"max-video-preview:-1"},"canonical":"https:\/\/tremdavale.org\/pt\/vale-registrar-realiza-gravacao-da-videocabine-datas-comemorativas-dia-de-santa-cecilia-em-rodrigo-silva\/","og_locale":"pt_PT","og_type":"article","og_title":"Vale Registrar realiza grava\u00e7\u00e3o da Videocabine \u201cDATAS COMEMORATIVAS \u2013 Dia de Santa Cec\u00edlia\u201d em Rodrigo Silva &#8212; Trem da Vale","og_description":"O N\u00facleo de Audiovisual do Vale Registrar realizou, no dia 27 de novembro de 2011, a grava\u00e7\u00e3o da Videocabine com o tema: \u201cDATAS COMEMORATIVAS \u2013 Dia de Santa Cec\u00edlia\u201d. Nesse dia, homenageia-se a santa padroeira dos m\u00fasicos, e o distrito de Rodrigo Silva, pertencente a Ouro Preto, comemorou com uma &hellip;","og_url":"https:\/\/tremdavale.org\/pt\/vale-registrar-realiza-gravacao-da-videocabine-datas-comemorativas-dia-de-santa-cecilia-em-rodrigo-silva\/","og_site_name":"Trem da Vale","article_published_time":"2013-08-25T05:20:00+00:00","article_modified_time":"2025-10-10T11:57:00+00:00","og_image":[{"width":300,"height":200,"url":"https:\/\/tremdavale.org\/wp-content\/uploads\/02-videocabine-dia-de-santa-cecilia-rodrigo-silva-300x200.jpg","type":"image\/jpeg"}],"author":"admin","twitter_card":"summary_large_image","twitter_misc":{"Escrito por":"admin","Tempo estimado de leitura":"1 minuto"},"schema":{"@context":"https:\/\/schema.org","@graph":[{"@type":"WebPage","@id":"https:\/\/tremdavale.org\/pt\/vale-registrar-realiza-gravacao-da-videocabine-datas-comemorativas-dia-de-santa-cecilia-em-rodrigo-silva\/","url":"https:\/\/tremdavale.org\/pt\/vale-registrar-realiza-gravacao-da-videocabine-datas-comemorativas-dia-de-santa-cecilia-em-rodrigo-silva\/","name":"Vale Registrar realiza grava\u00e7\u00e3o da Videocabine \u201cDATAS COMEMORATIVAS \u2013 Dia de Santa Cec\u00edlia\u201d em Rodrigo Silva &#8212; Trem da Vale","isPartOf":{"@id":"https:\/\/tremdavale.org\/pt\/#website"},"primaryImageOfPage":{"@id":"https:\/\/tremdavale.org\/pt\/vale-registrar-realiza-gravacao-da-videocabine-datas-comemorativas-dia-de-santa-cecilia-em-rodrigo-silva\/#primaryimage"},"image":{"@id":"https:\/\/tremdavale.org\/pt\/vale-registrar-realiza-gravacao-da-videocabine-datas-comemorativas-dia-de-santa-cecilia-em-rodrigo-silva\/#primaryimage"},"thumbnailUrl":"https:\/\/tremdavale.org\/wp-content\/uploads\/02-videocabine-dia-de-santa-cecilia-rodrigo-silva-300x200.jpg","datePublished":"2013-08-25T05:20:00+00:00","dateModified":"2025-10-10T11:57:00+00:00","author":{"@id":"https:\/\/tremdavale.org\/pt\/#\/schema\/person\/50912137d47426d31329f246d02eaeca"},"breadcrumb":{"@id":"https:\/\/tremdavale.org\/pt\/vale-registrar-realiza-gravacao-da-videocabine-datas-comemorativas-dia-de-santa-cecilia-em-rodrigo-silva\/#breadcrumb"},"inLanguage":"pt-PT","potentialAction":[{"@type":"ReadAction","target":["https:\/\/tremdavale.org\/pt\/vale-registrar-realiza-gravacao-da-videocabine-datas-comemorativas-dia-de-santa-cecilia-em-rodrigo-silva\/"]}]},{"@type":"ImageObject","inLanguage":"pt-PT","@id":"https:\/\/tremdavale.org\/pt\/vale-registrar-realiza-gravacao-da-videocabine-datas-comemorativas-dia-de-santa-cecilia-em-rodrigo-silva\/#primaryimage","url":"https:\/\/tremdavale.org\/wp-content\/uploads\/02-videocabine-dia-de-santa-cecilia-rodrigo-silva-300x200.jpg","contentUrl":"https:\/\/tremdavale.org\/wp-content\/uploads\/02-videocabine-dia-de-santa-cecilia-rodrigo-silva-300x200.jpg","width":300,"height":200},{"@type":"BreadcrumbList","@id":"https:\/\/tremdavale.org\/pt\/vale-registrar-realiza-gravacao-da-videocabine-datas-comemorativas-dia-de-santa-cecilia-em-rodrigo-silva\/#breadcrumb","itemListElement":[{"@type":"ListItem","position":1,"name":"In\u00edcio","item":"https:\/\/tremdavale.org\/pt\/"},{"@type":"ListItem","position":2,"name":"Vale Registrar realiza grava\u00e7\u00e3o da Videocabine \u201cDATAS COMEMORATIVAS \u2013 Dia de Santa Cec\u00edlia\u201d em Rodrigo Silva"}]},{"@type":"WebSite","@id":"https:\/\/tremdavale.org\/pt\/#website","url":"https:\/\/tremdavale.org\/pt\/","name":"Trem da Vale","description":"Programa de Educa\u00e7\u00e3o Patrimonial","potentialAction":[{"@type":"SearchAction","target":{"@type":"EntryPoint","urlTemplate":"https:\/\/tremdavale.org\/pt\/?s={search_term_string}"},"query-input":{"@type":"PropertyValueSpecification","valueRequired":true,"valueName":"search_term_string"}}],"inLanguage":"pt-PT"},{"@type":"Person","@id":"https:\/\/tremdavale.org\/pt\/#\/schema\/person\/50912137d47426d31329f246d02eaeca","name":"admin","image":{"@type":"ImageObject","inLanguage":"pt-PT","@id":"https:\/\/tremdavale.org\/pt\/#\/schema\/person\/image\/","url":"https:\/\/secure.gravatar.com\/avatar\/b3564f0fda6ea47959fe96a4217203e79a167568a37409758659bc3ba443b452?s=96&d=mm&r=g","contentUrl":"https:\/\/secure.gravatar.com\/avatar\/b3564f0fda6ea47959fe96a4217203e79a167568a37409758659bc3ba443b452?s=96&d=mm&r=g","caption":"admin"},"sameAs":["https:\/\/tremdavale.org"],"url":"https:\/\/tremdavale.org\/pt\/author\/admin\/"}]}},"_links":{"self":[{"href":"https:\/\/tremdavale.org\/pt\/wp-json\/wp\/v2\/posts\/324","targetHints":{"allow":["GET"]}}],"collection":[{"href":"https:\/\/tremdavale.org\/pt\/wp-json\/wp\/v2\/posts"}],"about":[{"href":"https:\/\/tremdavale.org\/pt\/wp-json\/wp\/v2\/types\/post"}],"author":[{"embeddable":true,"href":"https:\/\/tremdavale.org\/pt\/wp-json\/wp\/v2\/users\/1"}],"replies":[{"embeddable":true,"href":"https:\/\/tremdavale.org\/pt\/wp-json\/wp\/v2\/comments?post=324"}],"version-history":[{"count":0,"href":"https:\/\/tremdavale.org\/pt\/wp-json\/wp\/v2\/posts\/324\/revisions"}],"wp:featuredmedia":[{"embeddable":true,"href":"https:\/\/tremdavale.org\/pt\/wp-json\/wp\/v2\/media\/560"}],"wp:attachment":[{"href":"https:\/\/tremdavale.org\/pt\/wp-json\/wp\/v2\/media?parent=324"}],"wp:term":[{"taxonomy":"category","embeddable":true,"href":"https:\/\/tremdavale.org\/pt\/wp-json\/wp\/v2\/categories?post=324"},{"taxonomy":"post_tag","embeddable":true,"href":"https:\/\/tremdavale.org\/pt\/wp-json\/wp\/v2\/tags?post=324"}],"curies":[{"name":"wp","href":"https:\/\/api.w.org\/{rel}","templated":true}]}}