{"id":325,"date":"2013-08-25T04:52:00","date_gmt":"2013-08-25T04:52:00","guid":{"rendered":"https:\/\/tremdavale.org\/?p=325"},"modified":"2025-10-10T11:57:00","modified_gmt":"2025-10-10T11:57:00","slug":"vale-registrar-realiza-gravacao-de-entrevistas-com-jose-gallo-e-antonio-mol-santos","status":"publish","type":"post","link":"https:\/\/tremdavale.org\/pt\/vale-registrar-realiza-gravacao-de-entrevistas-com-jose-gallo-e-antonio-mol-santos\/","title":{"rendered":"Vale Registrar realiza grava\u00e7\u00e3o de entrevistas com Jos\u00e9 Gallo e Antonio Mol Santos"},"content":{"rendered":"<p><span>O N\u00facleo de Hist\u00f3ria Oral do Vale Registrar realizou, no dia 23 de abril, duas entrevistas da tipologia Hist\u00f3ria Tem\u00e1tica Clubes Socioesportivos, referentes \u00e0 prorroga\u00e7\u00e3o da s\u00e9tima fase do programa, correspondente a 2013, com Jos\u00e9 Gallo e Antonio Wagner Mol Santos.<\/span><\/p>\n<p><span>Nascido no distrito Passagem de Mariana, em 1941, Jos\u00e9 Gallo iniciou sua vida esportiva nas categorias de base do Sport Clube 29 de Junho. Aos 17 anos, j\u00e1 integrava o time principal do clube, acumulando ainda a fun\u00e7\u00e3o de diretor de esportes; cargo que exerceu at\u00e9 por volta de 1963. Em sua entrevista, Jos\u00e9 Gallo discorreu sobre a infraestrutura do Clube, as diversas atividades promovidas na sede social e sua import\u00e2ncia para a vida comunit\u00e1ria passagense. Ressaltou ainda o papel relevante da Companhia Minas da Passagem, mantenedora de clube e time, que n\u00e3o media esfor\u00e7os para proporcionar momentos de lazer e divers\u00e3o aos seus funcion\u00e1rios, que tinham acesso gratuito a todas as depend\u00eancias e eventos promovidos pelo Sport. Relembrou ainda o processo de decad\u00eancia do clube em meados da d\u00e9cada de 1960, que levou \u00e0 desativa\u00e7\u00e3o da sede, o fim do campo e dos gloriosos jogos, bailes e festas. Atualmente, chamado para tentar reerguer o Sport, luta pela volta do time em grande estilo e pela reativa\u00e7\u00e3o das atividades sociais na nova e pequena sede.<\/span><\/p>\n<p>&nbsp;<\/p>\n<p><img loading=\"lazy\" decoding=\"async\" class=\"size-medium\" title=\"01-jose-gallo\" src=\"\/wp-content\/uploads\/01-jose-gallo-300x224.jpg\" alt=\"01-jose-gallo\" width=\"300\" height=\"224\"><\/p>\n<p>O entrevistado Jos\u00e9 Gallo sendo recebido pela entrevistadora Josanne Sim\u00f5es, na Esta\u00e7\u00e3o Ferrovi\u00e1ria de Mariana. Foto: Leonardo Penna<\/p>\n<p>&nbsp;<\/p>\n<p><img loading=\"lazy\" decoding=\"async\" class=\"size-medium\" title=\"02-jose-gallo\" src=\"\/wp-content\/uploads\/02-jose-gallo-300x199.jpg\" alt=\"02-jose-gallo\" width=\"300\" height=\"199\"><\/p>\n<p>O entrevistado Jos\u00e9 Gallo e a equipe dos N\u00facleos de Hist\u00f3ria Oral e Audiovisual do Vale Registrar \u2013 Rafael Veloso (estagi\u00e1rio), Rafael Bou\u00e7as (c\u00e2mera) e Josanne Sim\u00f5es (entrevistadora) \u2013 momentos antes de iniciar a grava\u00e7\u00e3o da entrevista de Hist\u00f3ria Tem\u00e1tica &#8211; Clubes Socioesportivos, no Vag\u00e3o Oficina de V\u00eddeo \/ Sala de Hist\u00f3rias da Esta\u00e7\u00e3o Ferrovi\u00e1ria de Mariana. Foto: Leonardo Penna<\/p>\n<p>&nbsp;<\/p>\n<p><span>Antonio Wagner Mol Santos nasceu em Mariana, no ano de 1930. Por volta dos oito, nove anos de idade, mudou-se com sua fam\u00edlia para uma casa pr\u00f3xima ao campo onde o time do Marianense Futebol Clube treinava. Desde ent\u00e3o, apesar de a fam\u00edlia ser \u201ctoda do Guarany\u201d, tornou-se \u201cmarianense\u201d de corpo e alma. Acompanhou as grandes vit\u00f3rias de seu time, sofreu com suas derrotas, dan\u00e7ou nos grandes bailes, viu a piscina ser constru\u00edda e, como seu presidente por 21 anos, esteve \u00e0 frente de outros tantos bailes, de outras tantas vit\u00f3rias e derrotas que marcaram a vida do clube. Entre suas lembran\u00e7as narradas na entrevista, vale ressaltar a din\u00e2mica para a escolha do presidente; os bailes Rainha Piscina, Rainha do Marianense e <em>R\u00e9veillon<\/em> e o campeonato de futebol de 1944, presente ainda hoje na mem\u00f3ria dos torcedores do Guarany e Marianense, pela rivalidade que ajudou a acirrar.<\/span><\/p>\n<p>&nbsp;<\/p>\n<p><img loading=\"lazy\" decoding=\"async\" class=\"size-medium\" title=\"01-antonio-wagner\" src=\"\/wp-content\/uploads\/01-antonio-wagner-300x199.jpg\" alt=\"01-antonio-wagner\" width=\"300\" height=\"199\"><\/p>\n<p>O entrevistado Antonio Wagner Mol Santos conversa com a entrevistadora Josanne Sim\u00f5es, enquanto o estagi\u00e1rio do N\u00facleo de Hist\u00f3ria Oral, Rafael Veloso preenche a ficha de identifica\u00e7\u00e3o, no Vag\u00e3o Oficina de V\u00eddeo \/ Sala de Hist\u00f3rias da Esta\u00e7\u00e3o Ferrovi\u00e1ria de Mariana. Foto: Rafael Bou\u00e7as<\/p>\n<p>&nbsp;<\/p>\n<p><img loading=\"lazy\" decoding=\"async\" class=\"size-medium\" title=\"02-antonio-wagner\" src=\"\/wp-content\/uploads\/02-antonio-wagner-300x199.jpg\" alt=\"02-antonio-wagner\" width=\"300\" height=\"199\"><\/p>\n<p>O entrevistado Antonio Wagner Mol Santos e a equipe dos N\u00facleos de Hist\u00f3ria Oral e Audiovisual do Vale Registrar \u2013 Rafael Veloso (estagi\u00e1rio), Rafael Bou\u00e7as (c\u00e2mera) e Josanne Sim\u00f5es (entrevistadora) \u2013 momentos antes de iniciar a grava\u00e7\u00e3o da entrevista de Hist\u00f3ria Tem\u00e1tica &#8211; Clubes Socioesportivos, no Vag\u00e3o Oficina de V\u00eddeo \/ Sala de Hist\u00f3rias da Esta\u00e7\u00e3o Ferrovi\u00e1ria de Mariana. Foto: Flavia Pupo<\/p>\n<p>&nbsp;<\/p>\n<p><span>As entrevistas agora entram em sua etapa de processamento: captura do \u00e1udio, transcri\u00e7\u00e3o, elabora\u00e7\u00e3o das notas de rodap\u00e9, confer\u00eancia de fidelidade, copidesque, reda\u00e7\u00e3o de resumos e edi\u00e7\u00e3o do v\u00eddeo. No final desta fase do programa de hist\u00f3ria oral, estas e as outras entrevistas que seguir\u00e3o, ser\u00e3o reunidas no acervo do Vale Registrar dispon\u00edvel para consultas e pesquisas na Biblioteca Infanto-Juvenil da Esta\u00e7\u00e3o de Mariana.<\/span><\/p>\n<p>&nbsp;<\/p>\n<p><img loading=\"lazy\" decoding=\"async\" class=\"size-medium\" title=\"03-jose-gallo\" src=\"\/wp-content\/uploads\/03-jose-gallo-300x199.jpg\" alt=\"03-jose-gallo\" width=\"300\" height=\"199\"><\/p>\n<p>O entrevistado Jos\u00e9 Gallo e a equipe do Vale Registrar: Rafael Bou\u00e7as, Rafael Veloso, Josanne Sim\u00f5es e Leonardo Penna, na plataforma da Esta\u00e7\u00e3o Ferrovi\u00e1ria de Mariana. Foto: Cristiane Evangelista<\/p>\n<p>&nbsp;<\/p>\n<p><img loading=\"lazy\" decoding=\"async\" class=\"size-medium\" title=\"03-antonio-wagner\" src=\"\/wp-content\/uploads\/03-antonio-wagner-199x300.jpg\" alt=\"03-antonio-wagner\" width=\"199\" height=\"300\"><\/p>\n<p>O entrevistado Antonio Wagner Mol Santos e a equipe do Vale Registrar: Rafael Veloso, Josanne Sim\u00f5es, Cristiane Evangelista e Flavia Pupo, na plataforma da Esta\u00e7\u00e3o Ferrovi\u00e1ria de Mariana. Foto: Rafael Bou\u00e7as<\/p>\n<p>&nbsp;<\/p>\n","protected":false},"excerpt":{"rendered":"<p>O N\u00facleo de Hist\u00f3ria Oral do Vale Registrar realizou, no dia 23 de abril, duas entrevistas da tipologia Hist\u00f3ria Tem\u00e1tica Clubes Socioesportivos, referentes \u00e0 prorroga\u00e7\u00e3o da s\u00e9tima fase do programa, correspondente a 2013, com Jos\u00e9 Gallo e Antonio Wagner Mol Santos. Nascido no distrito Passagem de Mariana, em 1941, Jos\u00e9 &hellip;<\/p>\n","protected":false},"author":1,"featured_media":561,"comment_status":"open","ping_status":"closed","sticky":false,"template":"","format":"standard","meta":{"footnotes":""},"categories":[3],"tags":[],"class_list":["post-325","post","type-post","status-publish","format-standard","has-post-thumbnail","hentry","category-noticias"],"yoast_head":"<!-- This site is optimized with the Yoast SEO plugin v26.1.1 - https:\/\/yoast.com\/wordpress\/plugins\/seo\/ -->\n<title>Vale Registrar realiza grava\u00e7\u00e3o de entrevistas com Jos\u00e9 Gallo e Antonio Mol Santos &#8212; Trem da Vale<\/title>\n<meta name=\"robots\" content=\"index, follow, max-snippet:-1, max-image-preview:large, max-video-preview:-1\" \/>\n<link rel=\"canonical\" href=\"https:\/\/tremdavale.org\/pt\/vale-registrar-realiza-gravacao-de-entrevistas-com-jose-gallo-e-antonio-mol-santos\/\" \/>\n<meta property=\"og:locale\" content=\"pt_PT\" \/>\n<meta property=\"og:type\" content=\"article\" \/>\n<meta property=\"og:title\" content=\"Vale Registrar realiza grava\u00e7\u00e3o de entrevistas com Jos\u00e9 Gallo e Antonio Mol Santos &#8212; Trem da Vale\" \/>\n<meta property=\"og:description\" content=\"O N\u00facleo de Hist\u00f3ria Oral do Vale Registrar realizou, no dia 23 de abril, duas entrevistas da tipologia Hist\u00f3ria Tem\u00e1tica Clubes Socioesportivos, referentes \u00e0 prorroga\u00e7\u00e3o da s\u00e9tima fase do programa, correspondente a 2013, com Jos\u00e9 Gallo e Antonio Wagner Mol Santos. Nascido no distrito Passagem de Mariana, em 1941, Jos\u00e9 &hellip;\" \/>\n<meta property=\"og:url\" content=\"https:\/\/tremdavale.org\/pt\/vale-registrar-realiza-gravacao-de-entrevistas-com-jose-gallo-e-antonio-mol-santos\/\" \/>\n<meta property=\"og:site_name\" content=\"Trem da Vale\" \/>\n<meta property=\"article:published_time\" content=\"2013-08-25T04:52:00+00:00\" \/>\n<meta property=\"article:modified_time\" content=\"2025-10-10T11:57:00+00:00\" \/>\n<meta property=\"og:image\" content=\"https:\/\/tremdavale.org\/wp-content\/uploads\/01-jose-gallo-300x224.jpg\" \/>\n\t<meta property=\"og:image:width\" content=\"300\" \/>\n\t<meta property=\"og:image:height\" content=\"224\" \/>\n\t<meta property=\"og:image:type\" content=\"image\/jpeg\" \/>\n<meta name=\"author\" content=\"admin\" \/>\n<meta name=\"twitter:card\" content=\"summary_large_image\" \/>\n<meta name=\"twitter:label1\" content=\"Escrito por\" \/>\n\t<meta name=\"twitter:data1\" content=\"admin\" \/>\n\t<meta name=\"twitter:label2\" content=\"Tempo estimado de leitura\" \/>\n\t<meta name=\"twitter:data2\" content=\"4 minutos\" \/>\n<script type=\"application\/ld+json\" class=\"yoast-schema-graph\">{\"@context\":\"https:\/\/schema.org\",\"@graph\":[{\"@type\":\"WebPage\",\"@id\":\"https:\/\/tremdavale.org\/pt\/vale-registrar-realiza-gravacao-de-entrevistas-com-jose-gallo-e-antonio-mol-santos\/\",\"url\":\"https:\/\/tremdavale.org\/pt\/vale-registrar-realiza-gravacao-de-entrevistas-com-jose-gallo-e-antonio-mol-santos\/\",\"name\":\"Vale Registrar realiza grava\u00e7\u00e3o de entrevistas com Jos\u00e9 Gallo e Antonio Mol Santos &#8212; Trem da Vale\",\"isPartOf\":{\"@id\":\"https:\/\/tremdavale.org\/pt\/#website\"},\"primaryImageOfPage\":{\"@id\":\"https:\/\/tremdavale.org\/pt\/vale-registrar-realiza-gravacao-de-entrevistas-com-jose-gallo-e-antonio-mol-santos\/#primaryimage\"},\"image\":{\"@id\":\"https:\/\/tremdavale.org\/pt\/vale-registrar-realiza-gravacao-de-entrevistas-com-jose-gallo-e-antonio-mol-santos\/#primaryimage\"},\"thumbnailUrl\":\"https:\/\/tremdavale.org\/wp-content\/uploads\/01-jose-gallo-300x224.jpg\",\"datePublished\":\"2013-08-25T04:52:00+00:00\",\"dateModified\":\"2025-10-10T11:57:00+00:00\",\"author\":{\"@id\":\"https:\/\/tremdavale.org\/pt\/#\/schema\/person\/50912137d47426d31329f246d02eaeca\"},\"breadcrumb\":{\"@id\":\"https:\/\/tremdavale.org\/pt\/vale-registrar-realiza-gravacao-de-entrevistas-com-jose-gallo-e-antonio-mol-santos\/#breadcrumb\"},\"inLanguage\":\"pt-PT\",\"potentialAction\":[{\"@type\":\"ReadAction\",\"target\":[\"https:\/\/tremdavale.org\/pt\/vale-registrar-realiza-gravacao-de-entrevistas-com-jose-gallo-e-antonio-mol-santos\/\"]}]},{\"@type\":\"ImageObject\",\"inLanguage\":\"pt-PT\",\"@id\":\"https:\/\/tremdavale.org\/pt\/vale-registrar-realiza-gravacao-de-entrevistas-com-jose-gallo-e-antonio-mol-santos\/#primaryimage\",\"url\":\"https:\/\/tremdavale.org\/wp-content\/uploads\/01-jose-gallo-300x224.jpg\",\"contentUrl\":\"https:\/\/tremdavale.org\/wp-content\/uploads\/01-jose-gallo-300x224.jpg\",\"width\":300,\"height\":224},{\"@type\":\"BreadcrumbList\",\"@id\":\"https:\/\/tremdavale.org\/pt\/vale-registrar-realiza-gravacao-de-entrevistas-com-jose-gallo-e-antonio-mol-santos\/#breadcrumb\",\"itemListElement\":[{\"@type\":\"ListItem\",\"position\":1,\"name\":\"In\u00edcio\",\"item\":\"https:\/\/tremdavale.org\/pt\/\"},{\"@type\":\"ListItem\",\"position\":2,\"name\":\"Vale Registrar realiza grava\u00e7\u00e3o de entrevistas com Jos\u00e9 Gallo e Antonio Mol Santos\"}]},{\"@type\":\"WebSite\",\"@id\":\"https:\/\/tremdavale.org\/pt\/#website\",\"url\":\"https:\/\/tremdavale.org\/pt\/\",\"name\":\"Trem da Vale\",\"description\":\"Programa de Educa\u00e7\u00e3o Patrimonial\",\"potentialAction\":[{\"@type\":\"SearchAction\",\"target\":{\"@type\":\"EntryPoint\",\"urlTemplate\":\"https:\/\/tremdavale.org\/pt\/?s={search_term_string}\"},\"query-input\":{\"@type\":\"PropertyValueSpecification\",\"valueRequired\":true,\"valueName\":\"search_term_string\"}}],\"inLanguage\":\"pt-PT\"},{\"@type\":\"Person\",\"@id\":\"https:\/\/tremdavale.org\/pt\/#\/schema\/person\/50912137d47426d31329f246d02eaeca\",\"name\":\"admin\",\"image\":{\"@type\":\"ImageObject\",\"inLanguage\":\"pt-PT\",\"@id\":\"https:\/\/tremdavale.org\/pt\/#\/schema\/person\/image\/\",\"url\":\"https:\/\/secure.gravatar.com\/avatar\/b3564f0fda6ea47959fe96a4217203e79a167568a37409758659bc3ba443b452?s=96&d=mm&r=g\",\"contentUrl\":\"https:\/\/secure.gravatar.com\/avatar\/b3564f0fda6ea47959fe96a4217203e79a167568a37409758659bc3ba443b452?s=96&d=mm&r=g\",\"caption\":\"admin\"},\"sameAs\":[\"https:\/\/tremdavale.org\"],\"url\":\"https:\/\/tremdavale.org\/pt\/author\/admin\/\"}]}<\/script>\n<!-- \/ Yoast SEO plugin. -->","yoast_head_json":{"title":"Vale Registrar realiza grava\u00e7\u00e3o de entrevistas com Jos\u00e9 Gallo e Antonio Mol Santos &#8212; Trem da Vale","robots":{"index":"index","follow":"follow","max-snippet":"max-snippet:-1","max-image-preview":"max-image-preview:large","max-video-preview":"max-video-preview:-1"},"canonical":"https:\/\/tremdavale.org\/pt\/vale-registrar-realiza-gravacao-de-entrevistas-com-jose-gallo-e-antonio-mol-santos\/","og_locale":"pt_PT","og_type":"article","og_title":"Vale Registrar realiza grava\u00e7\u00e3o de entrevistas com Jos\u00e9 Gallo e Antonio Mol Santos &#8212; Trem da Vale","og_description":"O N\u00facleo de Hist\u00f3ria Oral do Vale Registrar realizou, no dia 23 de abril, duas entrevistas da tipologia Hist\u00f3ria Tem\u00e1tica Clubes Socioesportivos, referentes \u00e0 prorroga\u00e7\u00e3o da s\u00e9tima fase do programa, correspondente a 2013, com Jos\u00e9 Gallo e Antonio Wagner Mol Santos. Nascido no distrito Passagem de Mariana, em 1941, Jos\u00e9 &hellip;","og_url":"https:\/\/tremdavale.org\/pt\/vale-registrar-realiza-gravacao-de-entrevistas-com-jose-gallo-e-antonio-mol-santos\/","og_site_name":"Trem da Vale","article_published_time":"2013-08-25T04:52:00+00:00","article_modified_time":"2025-10-10T11:57:00+00:00","og_image":[{"width":300,"height":224,"url":"https:\/\/tremdavale.org\/wp-content\/uploads\/01-jose-gallo-300x224.jpg","type":"image\/jpeg"}],"author":"admin","twitter_card":"summary_large_image","twitter_misc":{"Escrito por":"admin","Tempo estimado de leitura":"4 minutos"},"schema":{"@context":"https:\/\/schema.org","@graph":[{"@type":"WebPage","@id":"https:\/\/tremdavale.org\/pt\/vale-registrar-realiza-gravacao-de-entrevistas-com-jose-gallo-e-antonio-mol-santos\/","url":"https:\/\/tremdavale.org\/pt\/vale-registrar-realiza-gravacao-de-entrevistas-com-jose-gallo-e-antonio-mol-santos\/","name":"Vale Registrar realiza grava\u00e7\u00e3o de entrevistas com Jos\u00e9 Gallo e Antonio Mol Santos &#8212; Trem da Vale","isPartOf":{"@id":"https:\/\/tremdavale.org\/pt\/#website"},"primaryImageOfPage":{"@id":"https:\/\/tremdavale.org\/pt\/vale-registrar-realiza-gravacao-de-entrevistas-com-jose-gallo-e-antonio-mol-santos\/#primaryimage"},"image":{"@id":"https:\/\/tremdavale.org\/pt\/vale-registrar-realiza-gravacao-de-entrevistas-com-jose-gallo-e-antonio-mol-santos\/#primaryimage"},"thumbnailUrl":"https:\/\/tremdavale.org\/wp-content\/uploads\/01-jose-gallo-300x224.jpg","datePublished":"2013-08-25T04:52:00+00:00","dateModified":"2025-10-10T11:57:00+00:00","author":{"@id":"https:\/\/tremdavale.org\/pt\/#\/schema\/person\/50912137d47426d31329f246d02eaeca"},"breadcrumb":{"@id":"https:\/\/tremdavale.org\/pt\/vale-registrar-realiza-gravacao-de-entrevistas-com-jose-gallo-e-antonio-mol-santos\/#breadcrumb"},"inLanguage":"pt-PT","potentialAction":[{"@type":"ReadAction","target":["https:\/\/tremdavale.org\/pt\/vale-registrar-realiza-gravacao-de-entrevistas-com-jose-gallo-e-antonio-mol-santos\/"]}]},{"@type":"ImageObject","inLanguage":"pt-PT","@id":"https:\/\/tremdavale.org\/pt\/vale-registrar-realiza-gravacao-de-entrevistas-com-jose-gallo-e-antonio-mol-santos\/#primaryimage","url":"https:\/\/tremdavale.org\/wp-content\/uploads\/01-jose-gallo-300x224.jpg","contentUrl":"https:\/\/tremdavale.org\/wp-content\/uploads\/01-jose-gallo-300x224.jpg","width":300,"height":224},{"@type":"BreadcrumbList","@id":"https:\/\/tremdavale.org\/pt\/vale-registrar-realiza-gravacao-de-entrevistas-com-jose-gallo-e-antonio-mol-santos\/#breadcrumb","itemListElement":[{"@type":"ListItem","position":1,"name":"In\u00edcio","item":"https:\/\/tremdavale.org\/pt\/"},{"@type":"ListItem","position":2,"name":"Vale Registrar realiza grava\u00e7\u00e3o de entrevistas com Jos\u00e9 Gallo e Antonio Mol Santos"}]},{"@type":"WebSite","@id":"https:\/\/tremdavale.org\/pt\/#website","url":"https:\/\/tremdavale.org\/pt\/","name":"Trem da Vale","description":"Programa de Educa\u00e7\u00e3o Patrimonial","potentialAction":[{"@type":"SearchAction","target":{"@type":"EntryPoint","urlTemplate":"https:\/\/tremdavale.org\/pt\/?s={search_term_string}"},"query-input":{"@type":"PropertyValueSpecification","valueRequired":true,"valueName":"search_term_string"}}],"inLanguage":"pt-PT"},{"@type":"Person","@id":"https:\/\/tremdavale.org\/pt\/#\/schema\/person\/50912137d47426d31329f246d02eaeca","name":"admin","image":{"@type":"ImageObject","inLanguage":"pt-PT","@id":"https:\/\/tremdavale.org\/pt\/#\/schema\/person\/image\/","url":"https:\/\/secure.gravatar.com\/avatar\/b3564f0fda6ea47959fe96a4217203e79a167568a37409758659bc3ba443b452?s=96&d=mm&r=g","contentUrl":"https:\/\/secure.gravatar.com\/avatar\/b3564f0fda6ea47959fe96a4217203e79a167568a37409758659bc3ba443b452?s=96&d=mm&r=g","caption":"admin"},"sameAs":["https:\/\/tremdavale.org"],"url":"https:\/\/tremdavale.org\/pt\/author\/admin\/"}]}},"_links":{"self":[{"href":"https:\/\/tremdavale.org\/pt\/wp-json\/wp\/v2\/posts\/325","targetHints":{"allow":["GET"]}}],"collection":[{"href":"https:\/\/tremdavale.org\/pt\/wp-json\/wp\/v2\/posts"}],"about":[{"href":"https:\/\/tremdavale.org\/pt\/wp-json\/wp\/v2\/types\/post"}],"author":[{"embeddable":true,"href":"https:\/\/tremdavale.org\/pt\/wp-json\/wp\/v2\/users\/1"}],"replies":[{"embeddable":true,"href":"https:\/\/tremdavale.org\/pt\/wp-json\/wp\/v2\/comments?post=325"}],"version-history":[{"count":0,"href":"https:\/\/tremdavale.org\/pt\/wp-json\/wp\/v2\/posts\/325\/revisions"}],"wp:featuredmedia":[{"embeddable":true,"href":"https:\/\/tremdavale.org\/pt\/wp-json\/wp\/v2\/media\/561"}],"wp:attachment":[{"href":"https:\/\/tremdavale.org\/pt\/wp-json\/wp\/v2\/media?parent=325"}],"wp:term":[{"taxonomy":"category","embeddable":true,"href":"https:\/\/tremdavale.org\/pt\/wp-json\/wp\/v2\/categories?post=325"},{"taxonomy":"post_tag","embeddable":true,"href":"https:\/\/tremdavale.org\/pt\/wp-json\/wp\/v2\/tags?post=325"}],"curies":[{"name":"wp","href":"https:\/\/api.w.org\/{rel}","templated":true}]}}