{"id":326,"date":"2011-09-10T11:00:00","date_gmt":"2011-09-10T11:00:00","guid":{"rendered":"https:\/\/tremdavale.org\/?p=326"},"modified":"2025-10-10T11:57:00","modified_gmt":"2025-10-10T11:57:00","slug":"vale-registrar-recebe-doacao-de-gravura-do-artista-plastico-nello-nuno","status":"publish","type":"post","link":"https:\/\/tremdavale.org\/pt\/vale-registrar-recebe-doacao-de-gravura-do-artista-plastico-nello-nuno\/","title":{"rendered":"Vale Registrar recebe doa\u00e7\u00e3o de gravura do artista pl\u00e1stico Nello Nuno"},"content":{"rendered":"<p>No dia 03 de junho, a equipe do Vale Registrar recebeu a doa\u00e7\u00e3o de um exemplar da gravura \u201cRoteiro Et\u00edlico\u201d, do artista pl\u00e1stico Nello Nuno, das m\u00e3os da tamb\u00e9m artista pl\u00e1stica Anna Am\u00e9lia Lopes de Oliveira, que foi entrevistada pelo N\u00facleo de Hist\u00f3ria Oral em 2006.<\/p>\n<p>&nbsp;<\/p>\n<p><img loading=\"lazy\" decoding=\"async\" class=\"size-medium\" title=\"02-anna-ameloa-lopes-de-oliveira1\" src=\"\/wp-content\/uploads\/02-anna-ameloa-lopes-de-oliveira1-300x199.jpg\" alt=\"O Gerente Operacional do N\u00facleo de Hist\u00f3ria Oral, Eder Melo e a ex-entrevistada do Vale Registrar, Anna Am\u00e9lia Lopes de Oliveira, seguram o exemplar do Roteiro Et\u00edlico de Ouro Preto, na Sala de Hist\u00f3rias, da Esta\u00e7\u00e3o Ferrovi\u00e1ria de Ouro Preto. Foto: Rafael Santos\" width=\"300\" height=\"199\"><\/p>\n<p>Eder Melo e Anna Am\u00e9lia Lopes de Oliveira, seguram o exemplar do Roteiro Et\u00edlico de Ouro Preto. Foto: Rafael Santos<\/p>\n<p>&nbsp;<\/p>\n<p>A obra ir\u00e1 compor o acervo da Sala de Mem\u00f3rias do Vale Registrar, que ser\u00e1 brevemente implantada na Esta\u00e7\u00e3o Ferrovi\u00e1ria de Ouro Preto. A iniciativa da doa\u00e7\u00e3o se deu a partir da pesquisa iconogr\u00e1fica realizada para a instala\u00e7\u00e3o da Sala, quando a pesquisadora Amanda Martins entrou em contato com Anna Am\u00e9lia. Na ocasi\u00e3o, a artista gentilmente ofereceu um exemplar da obra, citada por ela em sua entrevista.<\/p>\n<p>&nbsp;<\/p>\n<p><img loading=\"lazy\" decoding=\"async\" class=\"size-medium\" title=\"01-anna-amelia\" src=\"\/wp-content\/uploads\/01-anna-amelia-300x199.jpg\" alt=\"A ex-entrevistada do Vale Registrar, Anna Am\u00e9lia Lopes de Oliveira, assina o Termo de Doa\u00e7\u00e3o, ao lado da Assessora T\u00e9cnica e do Gerente Operacional do N\u00facleo de Hist\u00f3ria Oral, Josanne Sim\u00f5es e Eder Melo, na Sala de Hist\u00f3rias, da Esta\u00e7\u00e3o Ferrovi\u00e1ria de Ouro Preto. Foto: Rafael Santos\" width=\"300\" height=\"199\"><\/p>\n<p>Anna Am\u00e9lia Lopes de Oliveira, assina o Termo de Doa\u00e7\u00e3o, ao lado de Josanne Sim\u00f5es e Eder Melo. Foto: Rafael Santos<\/p>\n<p>&nbsp;<\/p>\n<p style=\"text-align: left;\">No momento da entrega, Anna Am\u00e9lia enfatizou que: \u201cNello, n\u00e3o poderia deixar de estar presente em um programa t\u00e3o importante para Ouro Preto\u201d; cidade onde escolheram viver.<\/p>\n<p>&nbsp;<\/p>\n<p><span>O Programa de Educa\u00e7\u00e3o Patrimonial Trem da Vale agradece a manifesta\u00e7\u00e3o de confian\u00e7a e apoio representados por esse belo gesto.<\/span><\/p>\n<p>&nbsp;<\/p>\n","protected":false},"excerpt":{"rendered":"<p>No dia 03 de junho, a equipe do Vale Registrar recebeu a doa\u00e7\u00e3o de um exemplar da gravura \u201cRoteiro Et\u00edlico\u201d, do artista pl\u00e1stico Nello Nuno, das m\u00e3os da tamb\u00e9m artista pl\u00e1stica Anna Am\u00e9lia Lopes de Oliveira, que foi entrevistada pelo N\u00facleo de Hist\u00f3ria Oral em 2006. &nbsp; Eder Melo e &hellip;<\/p>\n","protected":false},"author":1,"featured_media":562,"comment_status":"open","ping_status":"closed","sticky":false,"template":"","format":"standard","meta":{"footnotes":""},"categories":[2],"tags":[],"class_list":["post-326","post","type-post","status-publish","format-standard","has-post-thumbnail","hentry","category-destaques-home"],"yoast_head":"<!-- This site is optimized with the Yoast SEO plugin v26.1.1 - https:\/\/yoast.com\/wordpress\/plugins\/seo\/ -->\n<title>Vale Registrar recebe doa\u00e7\u00e3o de gravura do artista pl\u00e1stico Nello Nuno &#8212; Trem da Vale<\/title>\n<meta name=\"robots\" content=\"index, follow, max-snippet:-1, max-image-preview:large, max-video-preview:-1\" \/>\n<link rel=\"canonical\" href=\"https:\/\/tremdavale.org\/pt\/vale-registrar-recebe-doacao-de-gravura-do-artista-plastico-nello-nuno\/\" \/>\n<meta property=\"og:locale\" content=\"pt_PT\" \/>\n<meta property=\"og:type\" content=\"article\" \/>\n<meta property=\"og:title\" content=\"Vale Registrar recebe doa\u00e7\u00e3o de gravura do artista pl\u00e1stico Nello Nuno &#8212; Trem da Vale\" \/>\n<meta property=\"og:description\" content=\"No dia 03 de junho, a equipe do Vale Registrar recebeu a doa\u00e7\u00e3o de um exemplar da gravura \u201cRoteiro Et\u00edlico\u201d, do artista pl\u00e1stico Nello Nuno, das m\u00e3os da tamb\u00e9m artista pl\u00e1stica Anna Am\u00e9lia Lopes de Oliveira, que foi entrevistada pelo N\u00facleo de Hist\u00f3ria Oral em 2006. &nbsp; Eder Melo e &hellip;\" \/>\n<meta property=\"og:url\" content=\"https:\/\/tremdavale.org\/pt\/vale-registrar-recebe-doacao-de-gravura-do-artista-plastico-nello-nuno\/\" \/>\n<meta property=\"og:site_name\" content=\"Trem da Vale\" \/>\n<meta property=\"article:published_time\" content=\"2011-09-10T11:00:00+00:00\" \/>\n<meta property=\"article:modified_time\" content=\"2025-10-10T11:57:00+00:00\" \/>\n<meta property=\"og:image\" content=\"https:\/\/tremdavale.org\/wp-content\/uploads\/02-anna-ameloa-lopes-de-oliveira1-300x199.jpg\" \/>\n\t<meta property=\"og:image:width\" content=\"300\" \/>\n\t<meta property=\"og:image:height\" content=\"199\" \/>\n\t<meta property=\"og:image:type\" content=\"image\/jpeg\" \/>\n<meta name=\"author\" content=\"admin\" \/>\n<meta name=\"twitter:card\" content=\"summary_large_image\" \/>\n<meta name=\"twitter:label1\" content=\"Escrito por\" \/>\n\t<meta name=\"twitter:data1\" content=\"admin\" \/>\n\t<meta name=\"twitter:label2\" content=\"Tempo estimado de leitura\" \/>\n\t<meta name=\"twitter:data2\" content=\"1 minuto\" \/>\n<script type=\"application\/ld+json\" class=\"yoast-schema-graph\">{\"@context\":\"https:\/\/schema.org\",\"@graph\":[{\"@type\":\"WebPage\",\"@id\":\"https:\/\/tremdavale.org\/pt\/vale-registrar-recebe-doacao-de-gravura-do-artista-plastico-nello-nuno\/\",\"url\":\"https:\/\/tremdavale.org\/pt\/vale-registrar-recebe-doacao-de-gravura-do-artista-plastico-nello-nuno\/\",\"name\":\"Vale Registrar recebe doa\u00e7\u00e3o de gravura do artista pl\u00e1stico Nello Nuno &#8212; Trem da Vale\",\"isPartOf\":{\"@id\":\"https:\/\/tremdavale.org\/pt\/#website\"},\"primaryImageOfPage\":{\"@id\":\"https:\/\/tremdavale.org\/pt\/vale-registrar-recebe-doacao-de-gravura-do-artista-plastico-nello-nuno\/#primaryimage\"},\"image\":{\"@id\":\"https:\/\/tremdavale.org\/pt\/vale-registrar-recebe-doacao-de-gravura-do-artista-plastico-nello-nuno\/#primaryimage\"},\"thumbnailUrl\":\"https:\/\/tremdavale.org\/wp-content\/uploads\/02-anna-ameloa-lopes-de-oliveira1-300x199.jpg\",\"datePublished\":\"2011-09-10T11:00:00+00:00\",\"dateModified\":\"2025-10-10T11:57:00+00:00\",\"author\":{\"@id\":\"https:\/\/tremdavale.org\/pt\/#\/schema\/person\/50912137d47426d31329f246d02eaeca\"},\"breadcrumb\":{\"@id\":\"https:\/\/tremdavale.org\/pt\/vale-registrar-recebe-doacao-de-gravura-do-artista-plastico-nello-nuno\/#breadcrumb\"},\"inLanguage\":\"pt-PT\",\"potentialAction\":[{\"@type\":\"ReadAction\",\"target\":[\"https:\/\/tremdavale.org\/pt\/vale-registrar-recebe-doacao-de-gravura-do-artista-plastico-nello-nuno\/\"]}]},{\"@type\":\"ImageObject\",\"inLanguage\":\"pt-PT\",\"@id\":\"https:\/\/tremdavale.org\/pt\/vale-registrar-recebe-doacao-de-gravura-do-artista-plastico-nello-nuno\/#primaryimage\",\"url\":\"https:\/\/tremdavale.org\/wp-content\/uploads\/02-anna-ameloa-lopes-de-oliveira1-300x199.jpg\",\"contentUrl\":\"https:\/\/tremdavale.org\/wp-content\/uploads\/02-anna-ameloa-lopes-de-oliveira1-300x199.jpg\",\"width\":300,\"height\":199},{\"@type\":\"BreadcrumbList\",\"@id\":\"https:\/\/tremdavale.org\/pt\/vale-registrar-recebe-doacao-de-gravura-do-artista-plastico-nello-nuno\/#breadcrumb\",\"itemListElement\":[{\"@type\":\"ListItem\",\"position\":1,\"name\":\"In\u00edcio\",\"item\":\"https:\/\/tremdavale.org\/pt\/\"},{\"@type\":\"ListItem\",\"position\":2,\"name\":\"Vale Registrar recebe doa\u00e7\u00e3o de gravura do artista pl\u00e1stico Nello Nuno\"}]},{\"@type\":\"WebSite\",\"@id\":\"https:\/\/tremdavale.org\/pt\/#website\",\"url\":\"https:\/\/tremdavale.org\/pt\/\",\"name\":\"Trem da Vale\",\"description\":\"Programa de Educa\u00e7\u00e3o Patrimonial\",\"potentialAction\":[{\"@type\":\"SearchAction\",\"target\":{\"@type\":\"EntryPoint\",\"urlTemplate\":\"https:\/\/tremdavale.org\/pt\/?s={search_term_string}\"},\"query-input\":{\"@type\":\"PropertyValueSpecification\",\"valueRequired\":true,\"valueName\":\"search_term_string\"}}],\"inLanguage\":\"pt-PT\"},{\"@type\":\"Person\",\"@id\":\"https:\/\/tremdavale.org\/pt\/#\/schema\/person\/50912137d47426d31329f246d02eaeca\",\"name\":\"admin\",\"image\":{\"@type\":\"ImageObject\",\"inLanguage\":\"pt-PT\",\"@id\":\"https:\/\/tremdavale.org\/pt\/#\/schema\/person\/image\/\",\"url\":\"https:\/\/secure.gravatar.com\/avatar\/b3564f0fda6ea47959fe96a4217203e79a167568a37409758659bc3ba443b452?s=96&d=mm&r=g\",\"contentUrl\":\"https:\/\/secure.gravatar.com\/avatar\/b3564f0fda6ea47959fe96a4217203e79a167568a37409758659bc3ba443b452?s=96&d=mm&r=g\",\"caption\":\"admin\"},\"sameAs\":[\"https:\/\/tremdavale.org\"],\"url\":\"https:\/\/tremdavale.org\/pt\/author\/admin\/\"}]}<\/script>\n<!-- \/ Yoast SEO plugin. -->","yoast_head_json":{"title":"Vale Registrar recebe doa\u00e7\u00e3o de gravura do artista pl\u00e1stico Nello Nuno &#8212; Trem da Vale","robots":{"index":"index","follow":"follow","max-snippet":"max-snippet:-1","max-image-preview":"max-image-preview:large","max-video-preview":"max-video-preview:-1"},"canonical":"https:\/\/tremdavale.org\/pt\/vale-registrar-recebe-doacao-de-gravura-do-artista-plastico-nello-nuno\/","og_locale":"pt_PT","og_type":"article","og_title":"Vale Registrar recebe doa\u00e7\u00e3o de gravura do artista pl\u00e1stico Nello Nuno &#8212; Trem da Vale","og_description":"No dia 03 de junho, a equipe do Vale Registrar recebeu a doa\u00e7\u00e3o de um exemplar da gravura \u201cRoteiro Et\u00edlico\u201d, do artista pl\u00e1stico Nello Nuno, das m\u00e3os da tamb\u00e9m artista pl\u00e1stica Anna Am\u00e9lia Lopes de Oliveira, que foi entrevistada pelo N\u00facleo de Hist\u00f3ria Oral em 2006. &nbsp; Eder Melo e &hellip;","og_url":"https:\/\/tremdavale.org\/pt\/vale-registrar-recebe-doacao-de-gravura-do-artista-plastico-nello-nuno\/","og_site_name":"Trem da Vale","article_published_time":"2011-09-10T11:00:00+00:00","article_modified_time":"2025-10-10T11:57:00+00:00","og_image":[{"width":300,"height":199,"url":"https:\/\/tremdavale.org\/wp-content\/uploads\/02-anna-ameloa-lopes-de-oliveira1-300x199.jpg","type":"image\/jpeg"}],"author":"admin","twitter_card":"summary_large_image","twitter_misc":{"Escrito por":"admin","Tempo estimado de leitura":"1 minuto"},"schema":{"@context":"https:\/\/schema.org","@graph":[{"@type":"WebPage","@id":"https:\/\/tremdavale.org\/pt\/vale-registrar-recebe-doacao-de-gravura-do-artista-plastico-nello-nuno\/","url":"https:\/\/tremdavale.org\/pt\/vale-registrar-recebe-doacao-de-gravura-do-artista-plastico-nello-nuno\/","name":"Vale Registrar recebe doa\u00e7\u00e3o de gravura do artista pl\u00e1stico Nello Nuno &#8212; Trem da Vale","isPartOf":{"@id":"https:\/\/tremdavale.org\/pt\/#website"},"primaryImageOfPage":{"@id":"https:\/\/tremdavale.org\/pt\/vale-registrar-recebe-doacao-de-gravura-do-artista-plastico-nello-nuno\/#primaryimage"},"image":{"@id":"https:\/\/tremdavale.org\/pt\/vale-registrar-recebe-doacao-de-gravura-do-artista-plastico-nello-nuno\/#primaryimage"},"thumbnailUrl":"https:\/\/tremdavale.org\/wp-content\/uploads\/02-anna-ameloa-lopes-de-oliveira1-300x199.jpg","datePublished":"2011-09-10T11:00:00+00:00","dateModified":"2025-10-10T11:57:00+00:00","author":{"@id":"https:\/\/tremdavale.org\/pt\/#\/schema\/person\/50912137d47426d31329f246d02eaeca"},"breadcrumb":{"@id":"https:\/\/tremdavale.org\/pt\/vale-registrar-recebe-doacao-de-gravura-do-artista-plastico-nello-nuno\/#breadcrumb"},"inLanguage":"pt-PT","potentialAction":[{"@type":"ReadAction","target":["https:\/\/tremdavale.org\/pt\/vale-registrar-recebe-doacao-de-gravura-do-artista-plastico-nello-nuno\/"]}]},{"@type":"ImageObject","inLanguage":"pt-PT","@id":"https:\/\/tremdavale.org\/pt\/vale-registrar-recebe-doacao-de-gravura-do-artista-plastico-nello-nuno\/#primaryimage","url":"https:\/\/tremdavale.org\/wp-content\/uploads\/02-anna-ameloa-lopes-de-oliveira1-300x199.jpg","contentUrl":"https:\/\/tremdavale.org\/wp-content\/uploads\/02-anna-ameloa-lopes-de-oliveira1-300x199.jpg","width":300,"height":199},{"@type":"BreadcrumbList","@id":"https:\/\/tremdavale.org\/pt\/vale-registrar-recebe-doacao-de-gravura-do-artista-plastico-nello-nuno\/#breadcrumb","itemListElement":[{"@type":"ListItem","position":1,"name":"In\u00edcio","item":"https:\/\/tremdavale.org\/pt\/"},{"@type":"ListItem","position":2,"name":"Vale Registrar recebe doa\u00e7\u00e3o de gravura do artista pl\u00e1stico Nello Nuno"}]},{"@type":"WebSite","@id":"https:\/\/tremdavale.org\/pt\/#website","url":"https:\/\/tremdavale.org\/pt\/","name":"Trem da Vale","description":"Programa de Educa\u00e7\u00e3o Patrimonial","potentialAction":[{"@type":"SearchAction","target":{"@type":"EntryPoint","urlTemplate":"https:\/\/tremdavale.org\/pt\/?s={search_term_string}"},"query-input":{"@type":"PropertyValueSpecification","valueRequired":true,"valueName":"search_term_string"}}],"inLanguage":"pt-PT"},{"@type":"Person","@id":"https:\/\/tremdavale.org\/pt\/#\/schema\/person\/50912137d47426d31329f246d02eaeca","name":"admin","image":{"@type":"ImageObject","inLanguage":"pt-PT","@id":"https:\/\/tremdavale.org\/pt\/#\/schema\/person\/image\/","url":"https:\/\/secure.gravatar.com\/avatar\/b3564f0fda6ea47959fe96a4217203e79a167568a37409758659bc3ba443b452?s=96&d=mm&r=g","contentUrl":"https:\/\/secure.gravatar.com\/avatar\/b3564f0fda6ea47959fe96a4217203e79a167568a37409758659bc3ba443b452?s=96&d=mm&r=g","caption":"admin"},"sameAs":["https:\/\/tremdavale.org"],"url":"https:\/\/tremdavale.org\/pt\/author\/admin\/"}]}},"_links":{"self":[{"href":"https:\/\/tremdavale.org\/pt\/wp-json\/wp\/v2\/posts\/326","targetHints":{"allow":["GET"]}}],"collection":[{"href":"https:\/\/tremdavale.org\/pt\/wp-json\/wp\/v2\/posts"}],"about":[{"href":"https:\/\/tremdavale.org\/pt\/wp-json\/wp\/v2\/types\/post"}],"author":[{"embeddable":true,"href":"https:\/\/tremdavale.org\/pt\/wp-json\/wp\/v2\/users\/1"}],"replies":[{"embeddable":true,"href":"https:\/\/tremdavale.org\/pt\/wp-json\/wp\/v2\/comments?post=326"}],"version-history":[{"count":0,"href":"https:\/\/tremdavale.org\/pt\/wp-json\/wp\/v2\/posts\/326\/revisions"}],"wp:featuredmedia":[{"embeddable":true,"href":"https:\/\/tremdavale.org\/pt\/wp-json\/wp\/v2\/media\/562"}],"wp:attachment":[{"href":"https:\/\/tremdavale.org\/pt\/wp-json\/wp\/v2\/media?parent=326"}],"wp:term":[{"taxonomy":"category","embeddable":true,"href":"https:\/\/tremdavale.org\/pt\/wp-json\/wp\/v2\/categories?post=326"},{"taxonomy":"post_tag","embeddable":true,"href":"https:\/\/tremdavale.org\/pt\/wp-json\/wp\/v2\/tags?post=326"}],"curies":[{"name":"wp","href":"https:\/\/api.w.org\/{rel}","templated":true}]}}