{"id":327,"date":"2011-09-13T02:03:00","date_gmt":"2011-09-13T02:03:00","guid":{"rendered":"https:\/\/tremdavale.org\/?p=327"},"modified":"2025-10-10T11:57:00","modified_gmt":"2025-10-10T11:57:00","slug":"viagem-gratuita-de-trem-para-a-comunidade","status":"publish","type":"post","link":"https:\/\/tremdavale.org\/pt\/viagem-gratuita-de-trem-para-a-comunidade\/","title":{"rendered":"Viagem gratuita de trem para a comunidade"},"content":{"rendered":"<p><img loading=\"lazy\" decoding=\"async\" class=\"size-medium\" title=\"dsc00013\" src=\"\/wp-content\/uploads\/dsc00013-300x168.jpg\" alt=\"Crian\u00e7as participam do Circuito Escolas P\u00fablicas em Ouro Preto\" width=\"300\" height=\"168\"><\/p>\n<p>Crian\u00e7as participam do Circuito Escolas P\u00fablicas em Ouro Preto<\/p>\n<p>&nbsp;<\/p>\n<p>Os Circuitos Diferenciados, atividades do Programa de Educa\u00e7\u00e3o Patrimonial Trem da Vale que oferecem a viagem gratuita de trem para a comunidade local, retornam a partir do dia 04 de mar\u00e7o, ap\u00f3s o per\u00edodo das f\u00e9rias escolares.<\/p>\n<p>Voltado para alunos das escolas p\u00fablicas de Ouro Preto e Mariana, o Circuito Escolas P\u00fablicas \u00e9 composto pela viagem de ida e volta de trem e pela visita guiada aos equipamentos culturais instalados nas esta\u00e7\u00f5es ferrovi\u00e1rias do Trem da Vale. A atividade oferece a crian\u00e7as e jovens uma op\u00e7\u00e3o de lazer cultural e educativo, possibilitando o aprendizado por meio da viv\u00eancia e do contato com os bens patrimoniais que os cercam.<\/p>\n<p>J\u00e1 o Circuito Comunidade oferece a viagem gratuita de ida e volta no trem para os moradores das duas cidades, proporcionando a integra\u00e7\u00e3o da popula\u00e7\u00e3o com o patrim\u00f4nio cultural e natural da regi\u00e3o. Durante o passeio de Trem, os passageiros contam com a presen\u00e7a de monitores que fornecem informa\u00e7\u00f5es e curiosidades sobre o percurso.<\/p>\n<p>Para 2010, est\u00e3o previstos trinta circuitos destinados a escolas p\u00fablicas e comunidade, e oito circuitos voltados apenas para os moradores.<\/p>\n<p>O agendamento para os circuitos \u00e9 feito por interm\u00e9dio de escolas e&nbsp; entidades organizadas, como associa\u00e7\u00e3o de moradores, grupos folcl\u00f3ricos, faculdades, e outras institui\u00e7\u00f5es locais. Os interessados devem entrar em contato pelo telefone (31) 3551-7310.<\/p>\n<p>&nbsp;<\/p>\n","protected":false},"excerpt":{"rendered":"<p>Crian\u00e7as participam do Circuito Escolas P\u00fablicas em Ouro Preto &nbsp; Os Circuitos Diferenciados, atividades do Programa de Educa\u00e7\u00e3o Patrimonial Trem da Vale que oferecem a viagem gratuita de trem para a comunidade local, retornam a partir do dia 04 de mar\u00e7o, ap\u00f3s o per\u00edodo das f\u00e9rias escolares. Voltado para alunos &hellip;<\/p>\n","protected":false},"author":1,"featured_media":563,"comment_status":"open","ping_status":"closed","sticky":false,"template":"","format":"standard","meta":{"footnotes":""},"categories":[3],"tags":[],"class_list":["post-327","post","type-post","status-publish","format-standard","has-post-thumbnail","hentry","category-noticias"],"yoast_head":"<!-- This site is optimized with the Yoast SEO plugin v26.1.1 - https:\/\/yoast.com\/wordpress\/plugins\/seo\/ -->\n<title>Viagem gratuita de trem para a comunidade &#8212; Trem da Vale<\/title>\n<meta name=\"robots\" content=\"index, follow, max-snippet:-1, max-image-preview:large, max-video-preview:-1\" \/>\n<link rel=\"canonical\" href=\"https:\/\/tremdavale.org\/pt\/viagem-gratuita-de-trem-para-a-comunidade\/\" \/>\n<meta property=\"og:locale\" content=\"pt_PT\" \/>\n<meta property=\"og:type\" content=\"article\" \/>\n<meta property=\"og:title\" content=\"Viagem gratuita de trem para a comunidade &#8212; Trem da Vale\" \/>\n<meta property=\"og:description\" content=\"Crian\u00e7as participam do Circuito Escolas P\u00fablicas em Ouro Preto &nbsp; Os Circuitos Diferenciados, atividades do Programa de Educa\u00e7\u00e3o Patrimonial Trem da Vale que oferecem a viagem gratuita de trem para a comunidade local, retornam a partir do dia 04 de mar\u00e7o, ap\u00f3s o per\u00edodo das f\u00e9rias escolares. Voltado para alunos &hellip;\" \/>\n<meta property=\"og:url\" content=\"https:\/\/tremdavale.org\/pt\/viagem-gratuita-de-trem-para-a-comunidade\/\" \/>\n<meta property=\"og:site_name\" content=\"Trem da Vale\" \/>\n<meta property=\"article:published_time\" content=\"2011-09-13T02:03:00+00:00\" \/>\n<meta property=\"article:modified_time\" content=\"2025-10-10T11:57:00+00:00\" \/>\n<meta property=\"og:image\" content=\"https:\/\/tremdavale.org\/wp-content\/uploads\/dsc00013-300x168.jpg\" \/>\n\t<meta property=\"og:image:width\" content=\"300\" \/>\n\t<meta property=\"og:image:height\" content=\"168\" \/>\n\t<meta property=\"og:image:type\" content=\"image\/jpeg\" \/>\n<meta name=\"author\" content=\"admin\" \/>\n<meta name=\"twitter:card\" content=\"summary_large_image\" \/>\n<meta name=\"twitter:label1\" content=\"Escrito por\" \/>\n\t<meta name=\"twitter:data1\" content=\"admin\" \/>\n\t<meta name=\"twitter:label2\" content=\"Tempo estimado de leitura\" \/>\n\t<meta name=\"twitter:data2\" content=\"1 minuto\" \/>\n<script type=\"application\/ld+json\" class=\"yoast-schema-graph\">{\"@context\":\"https:\/\/schema.org\",\"@graph\":[{\"@type\":\"WebPage\",\"@id\":\"https:\/\/tremdavale.org\/pt\/viagem-gratuita-de-trem-para-a-comunidade\/\",\"url\":\"https:\/\/tremdavale.org\/pt\/viagem-gratuita-de-trem-para-a-comunidade\/\",\"name\":\"Viagem gratuita de trem para a comunidade &#8212; Trem da Vale\",\"isPartOf\":{\"@id\":\"https:\/\/tremdavale.org\/pt\/#website\"},\"primaryImageOfPage\":{\"@id\":\"https:\/\/tremdavale.org\/pt\/viagem-gratuita-de-trem-para-a-comunidade\/#primaryimage\"},\"image\":{\"@id\":\"https:\/\/tremdavale.org\/pt\/viagem-gratuita-de-trem-para-a-comunidade\/#primaryimage\"},\"thumbnailUrl\":\"https:\/\/tremdavale.org\/wp-content\/uploads\/dsc00013-300x168.jpg\",\"datePublished\":\"2011-09-13T02:03:00+00:00\",\"dateModified\":\"2025-10-10T11:57:00+00:00\",\"author\":{\"@id\":\"https:\/\/tremdavale.org\/pt\/#\/schema\/person\/50912137d47426d31329f246d02eaeca\"},\"breadcrumb\":{\"@id\":\"https:\/\/tremdavale.org\/pt\/viagem-gratuita-de-trem-para-a-comunidade\/#breadcrumb\"},\"inLanguage\":\"pt-PT\",\"potentialAction\":[{\"@type\":\"ReadAction\",\"target\":[\"https:\/\/tremdavale.org\/pt\/viagem-gratuita-de-trem-para-a-comunidade\/\"]}]},{\"@type\":\"ImageObject\",\"inLanguage\":\"pt-PT\",\"@id\":\"https:\/\/tremdavale.org\/pt\/viagem-gratuita-de-trem-para-a-comunidade\/#primaryimage\",\"url\":\"https:\/\/tremdavale.org\/wp-content\/uploads\/dsc00013-300x168.jpg\",\"contentUrl\":\"https:\/\/tremdavale.org\/wp-content\/uploads\/dsc00013-300x168.jpg\",\"width\":300,\"height\":168},{\"@type\":\"BreadcrumbList\",\"@id\":\"https:\/\/tremdavale.org\/pt\/viagem-gratuita-de-trem-para-a-comunidade\/#breadcrumb\",\"itemListElement\":[{\"@type\":\"ListItem\",\"position\":1,\"name\":\"In\u00edcio\",\"item\":\"https:\/\/tremdavale.org\/pt\/\"},{\"@type\":\"ListItem\",\"position\":2,\"name\":\"Viagem gratuita de trem para a comunidade\"}]},{\"@type\":\"WebSite\",\"@id\":\"https:\/\/tremdavale.org\/pt\/#website\",\"url\":\"https:\/\/tremdavale.org\/pt\/\",\"name\":\"Trem da Vale\",\"description\":\"Programa de Educa\u00e7\u00e3o Patrimonial\",\"potentialAction\":[{\"@type\":\"SearchAction\",\"target\":{\"@type\":\"EntryPoint\",\"urlTemplate\":\"https:\/\/tremdavale.org\/pt\/?s={search_term_string}\"},\"query-input\":{\"@type\":\"PropertyValueSpecification\",\"valueRequired\":true,\"valueName\":\"search_term_string\"}}],\"inLanguage\":\"pt-PT\"},{\"@type\":\"Person\",\"@id\":\"https:\/\/tremdavale.org\/pt\/#\/schema\/person\/50912137d47426d31329f246d02eaeca\",\"name\":\"admin\",\"image\":{\"@type\":\"ImageObject\",\"inLanguage\":\"pt-PT\",\"@id\":\"https:\/\/tremdavale.org\/pt\/#\/schema\/person\/image\/\",\"url\":\"https:\/\/secure.gravatar.com\/avatar\/b3564f0fda6ea47959fe96a4217203e79a167568a37409758659bc3ba443b452?s=96&d=mm&r=g\",\"contentUrl\":\"https:\/\/secure.gravatar.com\/avatar\/b3564f0fda6ea47959fe96a4217203e79a167568a37409758659bc3ba443b452?s=96&d=mm&r=g\",\"caption\":\"admin\"},\"sameAs\":[\"https:\/\/tremdavale.org\"],\"url\":\"https:\/\/tremdavale.org\/pt\/author\/admin\/\"}]}<\/script>\n<!-- \/ Yoast SEO plugin. -->","yoast_head_json":{"title":"Viagem gratuita de trem para a comunidade &#8212; Trem da Vale","robots":{"index":"index","follow":"follow","max-snippet":"max-snippet:-1","max-image-preview":"max-image-preview:large","max-video-preview":"max-video-preview:-1"},"canonical":"https:\/\/tremdavale.org\/pt\/viagem-gratuita-de-trem-para-a-comunidade\/","og_locale":"pt_PT","og_type":"article","og_title":"Viagem gratuita de trem para a comunidade &#8212; Trem da Vale","og_description":"Crian\u00e7as participam do Circuito Escolas P\u00fablicas em Ouro Preto &nbsp; Os Circuitos Diferenciados, atividades do Programa de Educa\u00e7\u00e3o Patrimonial Trem da Vale que oferecem a viagem gratuita de trem para a comunidade local, retornam a partir do dia 04 de mar\u00e7o, ap\u00f3s o per\u00edodo das f\u00e9rias escolares. Voltado para alunos &hellip;","og_url":"https:\/\/tremdavale.org\/pt\/viagem-gratuita-de-trem-para-a-comunidade\/","og_site_name":"Trem da Vale","article_published_time":"2011-09-13T02:03:00+00:00","article_modified_time":"2025-10-10T11:57:00+00:00","og_image":[{"width":300,"height":168,"url":"https:\/\/tremdavale.org\/wp-content\/uploads\/dsc00013-300x168.jpg","type":"image\/jpeg"}],"author":"admin","twitter_card":"summary_large_image","twitter_misc":{"Escrito por":"admin","Tempo estimado de leitura":"1 minuto"},"schema":{"@context":"https:\/\/schema.org","@graph":[{"@type":"WebPage","@id":"https:\/\/tremdavale.org\/pt\/viagem-gratuita-de-trem-para-a-comunidade\/","url":"https:\/\/tremdavale.org\/pt\/viagem-gratuita-de-trem-para-a-comunidade\/","name":"Viagem gratuita de trem para a comunidade &#8212; Trem da Vale","isPartOf":{"@id":"https:\/\/tremdavale.org\/pt\/#website"},"primaryImageOfPage":{"@id":"https:\/\/tremdavale.org\/pt\/viagem-gratuita-de-trem-para-a-comunidade\/#primaryimage"},"image":{"@id":"https:\/\/tremdavale.org\/pt\/viagem-gratuita-de-trem-para-a-comunidade\/#primaryimage"},"thumbnailUrl":"https:\/\/tremdavale.org\/wp-content\/uploads\/dsc00013-300x168.jpg","datePublished":"2011-09-13T02:03:00+00:00","dateModified":"2025-10-10T11:57:00+00:00","author":{"@id":"https:\/\/tremdavale.org\/pt\/#\/schema\/person\/50912137d47426d31329f246d02eaeca"},"breadcrumb":{"@id":"https:\/\/tremdavale.org\/pt\/viagem-gratuita-de-trem-para-a-comunidade\/#breadcrumb"},"inLanguage":"pt-PT","potentialAction":[{"@type":"ReadAction","target":["https:\/\/tremdavale.org\/pt\/viagem-gratuita-de-trem-para-a-comunidade\/"]}]},{"@type":"ImageObject","inLanguage":"pt-PT","@id":"https:\/\/tremdavale.org\/pt\/viagem-gratuita-de-trem-para-a-comunidade\/#primaryimage","url":"https:\/\/tremdavale.org\/wp-content\/uploads\/dsc00013-300x168.jpg","contentUrl":"https:\/\/tremdavale.org\/wp-content\/uploads\/dsc00013-300x168.jpg","width":300,"height":168},{"@type":"BreadcrumbList","@id":"https:\/\/tremdavale.org\/pt\/viagem-gratuita-de-trem-para-a-comunidade\/#breadcrumb","itemListElement":[{"@type":"ListItem","position":1,"name":"In\u00edcio","item":"https:\/\/tremdavale.org\/pt\/"},{"@type":"ListItem","position":2,"name":"Viagem gratuita de trem para a comunidade"}]},{"@type":"WebSite","@id":"https:\/\/tremdavale.org\/pt\/#website","url":"https:\/\/tremdavale.org\/pt\/","name":"Trem da Vale","description":"Programa de Educa\u00e7\u00e3o Patrimonial","potentialAction":[{"@type":"SearchAction","target":{"@type":"EntryPoint","urlTemplate":"https:\/\/tremdavale.org\/pt\/?s={search_term_string}"},"query-input":{"@type":"PropertyValueSpecification","valueRequired":true,"valueName":"search_term_string"}}],"inLanguage":"pt-PT"},{"@type":"Person","@id":"https:\/\/tremdavale.org\/pt\/#\/schema\/person\/50912137d47426d31329f246d02eaeca","name":"admin","image":{"@type":"ImageObject","inLanguage":"pt-PT","@id":"https:\/\/tremdavale.org\/pt\/#\/schema\/person\/image\/","url":"https:\/\/secure.gravatar.com\/avatar\/b3564f0fda6ea47959fe96a4217203e79a167568a37409758659bc3ba443b452?s=96&d=mm&r=g","contentUrl":"https:\/\/secure.gravatar.com\/avatar\/b3564f0fda6ea47959fe96a4217203e79a167568a37409758659bc3ba443b452?s=96&d=mm&r=g","caption":"admin"},"sameAs":["https:\/\/tremdavale.org"],"url":"https:\/\/tremdavale.org\/pt\/author\/admin\/"}]}},"_links":{"self":[{"href":"https:\/\/tremdavale.org\/pt\/wp-json\/wp\/v2\/posts\/327","targetHints":{"allow":["GET"]}}],"collection":[{"href":"https:\/\/tremdavale.org\/pt\/wp-json\/wp\/v2\/posts"}],"about":[{"href":"https:\/\/tremdavale.org\/pt\/wp-json\/wp\/v2\/types\/post"}],"author":[{"embeddable":true,"href":"https:\/\/tremdavale.org\/pt\/wp-json\/wp\/v2\/users\/1"}],"replies":[{"embeddable":true,"href":"https:\/\/tremdavale.org\/pt\/wp-json\/wp\/v2\/comments?post=327"}],"version-history":[{"count":0,"href":"https:\/\/tremdavale.org\/pt\/wp-json\/wp\/v2\/posts\/327\/revisions"}],"wp:featuredmedia":[{"embeddable":true,"href":"https:\/\/tremdavale.org\/pt\/wp-json\/wp\/v2\/media\/563"}],"wp:attachment":[{"href":"https:\/\/tremdavale.org\/pt\/wp-json\/wp\/v2\/media?parent=327"}],"wp:term":[{"taxonomy":"category","embeddable":true,"href":"https:\/\/tremdavale.org\/pt\/wp-json\/wp\/v2\/categories?post=327"},{"taxonomy":"post_tag","embeddable":true,"href":"https:\/\/tremdavale.org\/pt\/wp-json\/wp\/v2\/tags?post=327"}],"curies":[{"name":"wp","href":"https:\/\/api.w.org\/{rel}","templated":true}]}}