{"id":329,"date":"2011-09-12T03:00:00","date_gmt":"2011-09-12T03:00:00","guid":{"rendered":"https:\/\/tremdavale.org\/?p=329"},"modified":"2025-10-10T11:57:00","modified_gmt":"2025-10-10T11:57:00","slug":"video-documentario-circo-e-exibido-na-sala-linha-do-tempo","status":"publish","type":"post","link":"https:\/\/tremdavale.org\/pt\/video-documentario-circo-e-exibido-na-sala-linha-do-tempo\/","title":{"rendered":"V\u00eddeo Document\u00e1rio \u201cCirco\u201d \u00e9 exibido na sala \u201cLinha do Tempo\u201d"},"content":{"rendered":"<p>O v\u00eddeo document\u00e1rio \u201cCirco\u201d, de 15 minutos de dura\u00e7\u00e3o, foi produzido em 2009 pelo N\u00facleo de Audiovisual do Vale Registrar. O v\u00eddeo retrata a import\u00e2ncia cultural do circo por meio de depoimentos de profissionais e artistas que atuam na \u00e1rea circense, e, principalmente, de moradores de Mariana e Ouro Preto cujas vidas estiveram ou est\u00e3o ligadas a esse universo.<\/p>\n<p>Os entrevistados falam sobre a trajet\u00f3ria do circo, a sua chegada nas cidades, a montagem da lona, a rela\u00e7\u00e3o familiar do circo tradicional, o encantamento do p\u00fablico. O v\u00eddeo enfoca, em especial, o trabalho dos palha\u00e7os com uma abordagem de car\u00e1ter hist\u00f3rico, entremeada de falas e aspectos atuais, utilizando-se tamb\u00e9m de imagens e cita\u00e7\u00f5es de fotos, ilustra\u00e7\u00f5es, v\u00eddeos e filmes que complementam e ilustram o desenvolvimento da pr\u00e1tica circense.<\/p>\n<p>O v\u00eddeo document\u00e1rio ser\u00e1 exibido num dos totens da Sala \u201cLinha do Tempo\u201d na Esta\u00e7\u00e3o Ferrovi\u00e1ria de Ouro Preto, a partir de s\u00e1bado, dia 27 de mar\u00e7o, em que se comemora o \u201cDia Nacional do Circo\u201d.<\/p>\n<p>&nbsp;<\/p>\n","protected":false},"excerpt":{"rendered":"<p>O v\u00eddeo document\u00e1rio \u201cCirco\u201d, de 15 minutos de dura\u00e7\u00e3o, foi produzido em 2009 pelo N\u00facleo de Audiovisual do Vale Registrar. O v\u00eddeo retrata a import\u00e2ncia cultural do circo por meio de depoimentos de profissionais e artistas que atuam na \u00e1rea circense, e, principalmente, de moradores de Mariana e Ouro Preto &hellip;<\/p>\n","protected":false},"author":1,"featured_media":0,"comment_status":"open","ping_status":"closed","sticky":false,"template":"","format":"standard","meta":{"footnotes":""},"categories":[3],"tags":[],"class_list":["post-329","post","type-post","status-publish","format-standard","hentry","category-noticias"],"yoast_head":"<!-- This site is optimized with the Yoast SEO plugin v26.1.1 - https:\/\/yoast.com\/wordpress\/plugins\/seo\/ -->\n<title>V\u00eddeo Document\u00e1rio \u201cCirco\u201d \u00e9 exibido na sala \u201cLinha do Tempo\u201d &#8212; Trem da Vale<\/title>\n<meta name=\"robots\" content=\"index, follow, max-snippet:-1, max-image-preview:large, max-video-preview:-1\" \/>\n<link rel=\"canonical\" href=\"https:\/\/tremdavale.org\/pt\/video-documentario-circo-e-exibido-na-sala-linha-do-tempo\/\" \/>\n<meta property=\"og:locale\" content=\"pt_PT\" \/>\n<meta property=\"og:type\" content=\"article\" \/>\n<meta property=\"og:title\" content=\"V\u00eddeo Document\u00e1rio \u201cCirco\u201d \u00e9 exibido na sala \u201cLinha do Tempo\u201d &#8212; Trem da Vale\" \/>\n<meta property=\"og:description\" content=\"O v\u00eddeo document\u00e1rio \u201cCirco\u201d, de 15 minutos de dura\u00e7\u00e3o, foi produzido em 2009 pelo N\u00facleo de Audiovisual do Vale Registrar. O v\u00eddeo retrata a import\u00e2ncia cultural do circo por meio de depoimentos de profissionais e artistas que atuam na \u00e1rea circense, e, principalmente, de moradores de Mariana e Ouro Preto &hellip;\" \/>\n<meta property=\"og:url\" content=\"https:\/\/tremdavale.org\/pt\/video-documentario-circo-e-exibido-na-sala-linha-do-tempo\/\" \/>\n<meta property=\"og:site_name\" content=\"Trem da Vale\" \/>\n<meta property=\"article:published_time\" content=\"2011-09-12T03:00:00+00:00\" \/>\n<meta property=\"article:modified_time\" content=\"2025-10-10T11:57:00+00:00\" \/>\n<meta name=\"author\" content=\"admin\" \/>\n<meta name=\"twitter:card\" content=\"summary_large_image\" \/>\n<meta name=\"twitter:label1\" content=\"Escrito por\" \/>\n\t<meta name=\"twitter:data1\" content=\"admin\" \/>\n\t<meta name=\"twitter:label2\" content=\"Tempo estimado de leitura\" \/>\n\t<meta name=\"twitter:data2\" content=\"1 minuto\" \/>\n<script type=\"application\/ld+json\" class=\"yoast-schema-graph\">{\"@context\":\"https:\/\/schema.org\",\"@graph\":[{\"@type\":\"WebPage\",\"@id\":\"https:\/\/tremdavale.org\/pt\/video-documentario-circo-e-exibido-na-sala-linha-do-tempo\/\",\"url\":\"https:\/\/tremdavale.org\/pt\/video-documentario-circo-e-exibido-na-sala-linha-do-tempo\/\",\"name\":\"V\u00eddeo Document\u00e1rio \u201cCirco\u201d \u00e9 exibido na sala \u201cLinha do Tempo\u201d &#8212; Trem da Vale\",\"isPartOf\":{\"@id\":\"https:\/\/tremdavale.org\/pt\/#website\"},\"datePublished\":\"2011-09-12T03:00:00+00:00\",\"dateModified\":\"2025-10-10T11:57:00+00:00\",\"author\":{\"@id\":\"https:\/\/tremdavale.org\/pt\/#\/schema\/person\/50912137d47426d31329f246d02eaeca\"},\"breadcrumb\":{\"@id\":\"https:\/\/tremdavale.org\/pt\/video-documentario-circo-e-exibido-na-sala-linha-do-tempo\/#breadcrumb\"},\"inLanguage\":\"pt-PT\",\"potentialAction\":[{\"@type\":\"ReadAction\",\"target\":[\"https:\/\/tremdavale.org\/pt\/video-documentario-circo-e-exibido-na-sala-linha-do-tempo\/\"]}]},{\"@type\":\"BreadcrumbList\",\"@id\":\"https:\/\/tremdavale.org\/pt\/video-documentario-circo-e-exibido-na-sala-linha-do-tempo\/#breadcrumb\",\"itemListElement\":[{\"@type\":\"ListItem\",\"position\":1,\"name\":\"In\u00edcio\",\"item\":\"https:\/\/tremdavale.org\/pt\/\"},{\"@type\":\"ListItem\",\"position\":2,\"name\":\"V\u00eddeo Document\u00e1rio \u201cCirco\u201d \u00e9 exibido na sala \u201cLinha do Tempo\u201d\"}]},{\"@type\":\"WebSite\",\"@id\":\"https:\/\/tremdavale.org\/pt\/#website\",\"url\":\"https:\/\/tremdavale.org\/pt\/\",\"name\":\"Trem da Vale\",\"description\":\"Programa de Educa\u00e7\u00e3o Patrimonial\",\"potentialAction\":[{\"@type\":\"SearchAction\",\"target\":{\"@type\":\"EntryPoint\",\"urlTemplate\":\"https:\/\/tremdavale.org\/pt\/?s={search_term_string}\"},\"query-input\":{\"@type\":\"PropertyValueSpecification\",\"valueRequired\":true,\"valueName\":\"search_term_string\"}}],\"inLanguage\":\"pt-PT\"},{\"@type\":\"Person\",\"@id\":\"https:\/\/tremdavale.org\/pt\/#\/schema\/person\/50912137d47426d31329f246d02eaeca\",\"name\":\"admin\",\"image\":{\"@type\":\"ImageObject\",\"inLanguage\":\"pt-PT\",\"@id\":\"https:\/\/tremdavale.org\/pt\/#\/schema\/person\/image\/\",\"url\":\"https:\/\/secure.gravatar.com\/avatar\/b3564f0fda6ea47959fe96a4217203e79a167568a37409758659bc3ba443b452?s=96&d=mm&r=g\",\"contentUrl\":\"https:\/\/secure.gravatar.com\/avatar\/b3564f0fda6ea47959fe96a4217203e79a167568a37409758659bc3ba443b452?s=96&d=mm&r=g\",\"caption\":\"admin\"},\"sameAs\":[\"https:\/\/tremdavale.org\"],\"url\":\"https:\/\/tremdavale.org\/pt\/author\/admin\/\"}]}<\/script>\n<!-- \/ Yoast SEO plugin. -->","yoast_head_json":{"title":"V\u00eddeo Document\u00e1rio \u201cCirco\u201d \u00e9 exibido na sala \u201cLinha do Tempo\u201d &#8212; Trem da Vale","robots":{"index":"index","follow":"follow","max-snippet":"max-snippet:-1","max-image-preview":"max-image-preview:large","max-video-preview":"max-video-preview:-1"},"canonical":"https:\/\/tremdavale.org\/pt\/video-documentario-circo-e-exibido-na-sala-linha-do-tempo\/","og_locale":"pt_PT","og_type":"article","og_title":"V\u00eddeo Document\u00e1rio \u201cCirco\u201d \u00e9 exibido na sala \u201cLinha do Tempo\u201d &#8212; Trem da Vale","og_description":"O v\u00eddeo document\u00e1rio \u201cCirco\u201d, de 15 minutos de dura\u00e7\u00e3o, foi produzido em 2009 pelo N\u00facleo de Audiovisual do Vale Registrar. O v\u00eddeo retrata a import\u00e2ncia cultural do circo por meio de depoimentos de profissionais e artistas que atuam na \u00e1rea circense, e, principalmente, de moradores de Mariana e Ouro Preto &hellip;","og_url":"https:\/\/tremdavale.org\/pt\/video-documentario-circo-e-exibido-na-sala-linha-do-tempo\/","og_site_name":"Trem da Vale","article_published_time":"2011-09-12T03:00:00+00:00","article_modified_time":"2025-10-10T11:57:00+00:00","author":"admin","twitter_card":"summary_large_image","twitter_misc":{"Escrito por":"admin","Tempo estimado de leitura":"1 minuto"},"schema":{"@context":"https:\/\/schema.org","@graph":[{"@type":"WebPage","@id":"https:\/\/tremdavale.org\/pt\/video-documentario-circo-e-exibido-na-sala-linha-do-tempo\/","url":"https:\/\/tremdavale.org\/pt\/video-documentario-circo-e-exibido-na-sala-linha-do-tempo\/","name":"V\u00eddeo Document\u00e1rio \u201cCirco\u201d \u00e9 exibido na sala \u201cLinha do Tempo\u201d &#8212; Trem da Vale","isPartOf":{"@id":"https:\/\/tremdavale.org\/pt\/#website"},"datePublished":"2011-09-12T03:00:00+00:00","dateModified":"2025-10-10T11:57:00+00:00","author":{"@id":"https:\/\/tremdavale.org\/pt\/#\/schema\/person\/50912137d47426d31329f246d02eaeca"},"breadcrumb":{"@id":"https:\/\/tremdavale.org\/pt\/video-documentario-circo-e-exibido-na-sala-linha-do-tempo\/#breadcrumb"},"inLanguage":"pt-PT","potentialAction":[{"@type":"ReadAction","target":["https:\/\/tremdavale.org\/pt\/video-documentario-circo-e-exibido-na-sala-linha-do-tempo\/"]}]},{"@type":"BreadcrumbList","@id":"https:\/\/tremdavale.org\/pt\/video-documentario-circo-e-exibido-na-sala-linha-do-tempo\/#breadcrumb","itemListElement":[{"@type":"ListItem","position":1,"name":"In\u00edcio","item":"https:\/\/tremdavale.org\/pt\/"},{"@type":"ListItem","position":2,"name":"V\u00eddeo Document\u00e1rio \u201cCirco\u201d \u00e9 exibido na sala \u201cLinha do Tempo\u201d"}]},{"@type":"WebSite","@id":"https:\/\/tremdavale.org\/pt\/#website","url":"https:\/\/tremdavale.org\/pt\/","name":"Trem da Vale","description":"Programa de Educa\u00e7\u00e3o Patrimonial","potentialAction":[{"@type":"SearchAction","target":{"@type":"EntryPoint","urlTemplate":"https:\/\/tremdavale.org\/pt\/?s={search_term_string}"},"query-input":{"@type":"PropertyValueSpecification","valueRequired":true,"valueName":"search_term_string"}}],"inLanguage":"pt-PT"},{"@type":"Person","@id":"https:\/\/tremdavale.org\/pt\/#\/schema\/person\/50912137d47426d31329f246d02eaeca","name":"admin","image":{"@type":"ImageObject","inLanguage":"pt-PT","@id":"https:\/\/tremdavale.org\/pt\/#\/schema\/person\/image\/","url":"https:\/\/secure.gravatar.com\/avatar\/b3564f0fda6ea47959fe96a4217203e79a167568a37409758659bc3ba443b452?s=96&d=mm&r=g","contentUrl":"https:\/\/secure.gravatar.com\/avatar\/b3564f0fda6ea47959fe96a4217203e79a167568a37409758659bc3ba443b452?s=96&d=mm&r=g","caption":"admin"},"sameAs":["https:\/\/tremdavale.org"],"url":"https:\/\/tremdavale.org\/pt\/author\/admin\/"}]}},"_links":{"self":[{"href":"https:\/\/tremdavale.org\/pt\/wp-json\/wp\/v2\/posts\/329","targetHints":{"allow":["GET"]}}],"collection":[{"href":"https:\/\/tremdavale.org\/pt\/wp-json\/wp\/v2\/posts"}],"about":[{"href":"https:\/\/tremdavale.org\/pt\/wp-json\/wp\/v2\/types\/post"}],"author":[{"embeddable":true,"href":"https:\/\/tremdavale.org\/pt\/wp-json\/wp\/v2\/users\/1"}],"replies":[{"embeddable":true,"href":"https:\/\/tremdavale.org\/pt\/wp-json\/wp\/v2\/comments?post=329"}],"version-history":[{"count":0,"href":"https:\/\/tremdavale.org\/pt\/wp-json\/wp\/v2\/posts\/329\/revisions"}],"wp:attachment":[{"href":"https:\/\/tremdavale.org\/pt\/wp-json\/wp\/v2\/media?parent=329"}],"wp:term":[{"taxonomy":"category","embeddable":true,"href":"https:\/\/tremdavale.org\/pt\/wp-json\/wp\/v2\/categories?post=329"},{"taxonomy":"post_tag","embeddable":true,"href":"https:\/\/tremdavale.org\/pt\/wp-json\/wp\/v2\/tags?post=329"}],"curies":[{"name":"wp","href":"https:\/\/api.w.org\/{rel}","templated":true}]}}