{"id":331,"date":"2012-04-08T00:25:00","date_gmt":"2012-04-08T00:25:00","guid":{"rendered":"https:\/\/tremdavale.org\/?p=331"},"modified":"2025-10-10T11:57:00","modified_gmt":"2025-10-10T11:57:00","slug":"videocabine-datas-comemorativas-ii-dia-de-sao-sebastiao-passagem-de-mariana","status":"publish","type":"post","link":"https:\/\/tremdavale.org\/pt\/videocabine-datas-comemorativas-ii-dia-de-sao-sebastiao-passagem-de-mariana\/","title":{"rendered":"Videocabine \u201cDATAS COMEMORATIVAS II \u2013 Dia de S\u00e3o Sebasti\u00e3o\u201d em Passagem de Mariana"},"content":{"rendered":"<p><img loading=\"lazy\" decoding=\"async\" class=\"size-medium\" title=\"03-dia-de-sao-sebastiao-passagem-de-mariana\" src=\"\/wp-content\/uploads\/03-dia-de-sao-sebastiao-passagem-de-mariana-300x199.jpg\" alt=\"03-dia-de-sao-sebastiao-passagem-de-mariana\" width=\"300\" height=\"199\"><\/p>\n<p>Rafael Bou\u00e7as, do N\u00facleo de Audiovisual do Vale Registrar, grava imagens da prociss\u00e3o com a imagem de S\u00e3o Sebasti\u00e3o pelas ruas de Passagem de Mariana. Foto: Marcello Nicolato.<\/p>\n<p>&nbsp;<\/p>\n<p style=\"text-align: left;\">A equipe do N\u00facleo de Audiovisual do&nbsp;Vale Registrar&nbsp;realizou no dia 20 de Janeiro de&nbsp;2012,&nbsp;a partir das 15 horas,&nbsp;a&nbsp;grava\u00e7\u00e3o da videocabine \u201cDATAS COMEMORATIVAS II \u2013 Dia de S\u00e3o Sebasti\u00e3o\u201d, no distrito de Passagem de Mariana, em Mariana, quando houve a comemora\u00e7\u00e3o alusiva \u00e0 data.<\/p>\n<p><span>A equipe, composta por Marcello Nicolato, Rafael Bou\u00e7as e Wesley<\/span> <span>de Souza<\/span><span>, instalou a&nbsp;cabine de depoimentos em frente \u00e0 sede da Sociedade Musical S\u00e3o Sebasti\u00e3o, localizada na Rua Capit\u00e3o In\u00e1cio, n\u00ba44, onde se realizaram as festividades do dia.<\/span><\/p>\n<p>&nbsp;<\/p>\n<p><img loading=\"lazy\" decoding=\"async\" class=\"size-medium\" title=\"02-dia-de-sao-sebastiao-passagem-de-mariana\" src=\"\/wp-content\/uploads\/02-dia-de-sao-sebastiao-passagem-de-mariana-300x199.jpg\" alt=\"02-dia-de-sao-sebastiao-passagem-de-mariana\" width=\"300\" height=\"199\"><\/p>\n<p>Marcello Nicolato, do N\u00facleo de Audiovisual do Vale Registrar, grava o depoimento do m\u00fasico Jos\u00e9 Geraldo da Silva, na Pra\u00e7a Capit\u00e3o Jos\u00e9 In\u00e1cio, em frente a sede da Sociedade Musical S\u00e3o Sebasti\u00e3o, em Passagem de Mariana, distrito de Mariana. Foto: Rafael Bou\u00e7as.<\/p>\n<p>&nbsp;<\/p>\n<p><span>Na ocasi\u00e3o, foram gravados 12 depoimentos de moradores locais que participavam dos festejos, com destaque para o depoente Daltro de Paula Novaes, maestro da Banda S\u00e3o Sebasti\u00e3o, que assim se manifestou:&nbsp;<em>\u201cN\u00f3s dedicamos uma vida a S\u00e3o Sebasti\u00e3o atrav\u00e9s da Sociedade. (\u2026) Para mim \u00e9 muito importante, porque eu tenho uma f\u00e9 muito grande&nbsp;em S\u00e3o Sebasti\u00e3o\u201d<\/em>.<\/span><\/p>\n<p>&nbsp;<\/p>\n","protected":false},"excerpt":{"rendered":"<p>Rafael Bou\u00e7as, do N\u00facleo de Audiovisual do Vale Registrar, grava imagens da prociss\u00e3o com a imagem de S\u00e3o Sebasti\u00e3o pelas ruas de Passagem de Mariana. Foto: Marcello Nicolato. &nbsp; A equipe do N\u00facleo de Audiovisual do&nbsp;Vale Registrar&nbsp;realizou no dia 20 de Janeiro de&nbsp;2012,&nbsp;a partir das 15 horas,&nbsp;a&nbsp;grava\u00e7\u00e3o da videocabine \u201cDATAS &hellip;<\/p>\n","protected":false},"author":1,"featured_media":564,"comment_status":"open","ping_status":"closed","sticky":false,"template":"","format":"standard","meta":{"footnotes":""},"categories":[2],"tags":[],"class_list":["post-331","post","type-post","status-publish","format-standard","has-post-thumbnail","hentry","category-destaques-home"],"yoast_head":"<!-- This site is optimized with the Yoast SEO plugin v26.1.1 - https:\/\/yoast.com\/wordpress\/plugins\/seo\/ -->\n<title>Videocabine \u201cDATAS COMEMORATIVAS II \u2013 Dia de S\u00e3o Sebasti\u00e3o\u201d em Passagem de Mariana &#8212; Trem da Vale<\/title>\n<meta name=\"robots\" content=\"index, follow, max-snippet:-1, max-image-preview:large, max-video-preview:-1\" \/>\n<link rel=\"canonical\" href=\"https:\/\/tremdavale.org\/pt\/videocabine-datas-comemorativas-ii-dia-de-sao-sebastiao-passagem-de-mariana\/\" \/>\n<meta property=\"og:locale\" content=\"pt_PT\" \/>\n<meta property=\"og:type\" content=\"article\" \/>\n<meta property=\"og:title\" content=\"Videocabine \u201cDATAS COMEMORATIVAS II \u2013 Dia de S\u00e3o Sebasti\u00e3o\u201d em Passagem de Mariana &#8212; Trem da Vale\" \/>\n<meta property=\"og:description\" content=\"Rafael Bou\u00e7as, do N\u00facleo de Audiovisual do Vale Registrar, grava imagens da prociss\u00e3o com a imagem de S\u00e3o Sebasti\u00e3o pelas ruas de Passagem de Mariana. Foto: Marcello Nicolato. &nbsp; A equipe do N\u00facleo de Audiovisual do&nbsp;Vale Registrar&nbsp;realizou no dia 20 de Janeiro de&nbsp;2012,&nbsp;a partir das 15 horas,&nbsp;a&nbsp;grava\u00e7\u00e3o da videocabine \u201cDATAS &hellip;\" \/>\n<meta property=\"og:url\" content=\"https:\/\/tremdavale.org\/pt\/videocabine-datas-comemorativas-ii-dia-de-sao-sebastiao-passagem-de-mariana\/\" \/>\n<meta property=\"og:site_name\" content=\"Trem da Vale\" \/>\n<meta property=\"article:published_time\" content=\"2012-04-08T00:25:00+00:00\" \/>\n<meta property=\"article:modified_time\" content=\"2025-10-10T11:57:00+00:00\" \/>\n<meta property=\"og:image\" content=\"https:\/\/tremdavale.org\/wp-content\/uploads\/03-dia-de-sao-sebastiao-passagem-de-mariana-300x199.jpg\" \/>\n\t<meta property=\"og:image:width\" content=\"300\" \/>\n\t<meta property=\"og:image:height\" content=\"199\" \/>\n\t<meta property=\"og:image:type\" content=\"image\/jpeg\" \/>\n<meta name=\"author\" content=\"admin\" \/>\n<meta name=\"twitter:card\" content=\"summary_large_image\" \/>\n<meta name=\"twitter:label1\" content=\"Escrito por\" \/>\n\t<meta name=\"twitter:data1\" content=\"admin\" \/>\n\t<meta name=\"twitter:label2\" content=\"Tempo estimado de leitura\" \/>\n\t<meta name=\"twitter:data2\" content=\"1 minuto\" \/>\n<script type=\"application\/ld+json\" class=\"yoast-schema-graph\">{\"@context\":\"https:\/\/schema.org\",\"@graph\":[{\"@type\":\"WebPage\",\"@id\":\"https:\/\/tremdavale.org\/pt\/videocabine-datas-comemorativas-ii-dia-de-sao-sebastiao-passagem-de-mariana\/\",\"url\":\"https:\/\/tremdavale.org\/pt\/videocabine-datas-comemorativas-ii-dia-de-sao-sebastiao-passagem-de-mariana\/\",\"name\":\"Videocabine \u201cDATAS COMEMORATIVAS II \u2013 Dia de S\u00e3o Sebasti\u00e3o\u201d em Passagem de Mariana &#8212; Trem da Vale\",\"isPartOf\":{\"@id\":\"https:\/\/tremdavale.org\/pt\/#website\"},\"primaryImageOfPage\":{\"@id\":\"https:\/\/tremdavale.org\/pt\/videocabine-datas-comemorativas-ii-dia-de-sao-sebastiao-passagem-de-mariana\/#primaryimage\"},\"image\":{\"@id\":\"https:\/\/tremdavale.org\/pt\/videocabine-datas-comemorativas-ii-dia-de-sao-sebastiao-passagem-de-mariana\/#primaryimage\"},\"thumbnailUrl\":\"https:\/\/tremdavale.org\/wp-content\/uploads\/03-dia-de-sao-sebastiao-passagem-de-mariana-300x199.jpg\",\"datePublished\":\"2012-04-08T00:25:00+00:00\",\"dateModified\":\"2025-10-10T11:57:00+00:00\",\"author\":{\"@id\":\"https:\/\/tremdavale.org\/pt\/#\/schema\/person\/50912137d47426d31329f246d02eaeca\"},\"breadcrumb\":{\"@id\":\"https:\/\/tremdavale.org\/pt\/videocabine-datas-comemorativas-ii-dia-de-sao-sebastiao-passagem-de-mariana\/#breadcrumb\"},\"inLanguage\":\"pt-PT\",\"potentialAction\":[{\"@type\":\"ReadAction\",\"target\":[\"https:\/\/tremdavale.org\/pt\/videocabine-datas-comemorativas-ii-dia-de-sao-sebastiao-passagem-de-mariana\/\"]}]},{\"@type\":\"ImageObject\",\"inLanguage\":\"pt-PT\",\"@id\":\"https:\/\/tremdavale.org\/pt\/videocabine-datas-comemorativas-ii-dia-de-sao-sebastiao-passagem-de-mariana\/#primaryimage\",\"url\":\"https:\/\/tremdavale.org\/wp-content\/uploads\/03-dia-de-sao-sebastiao-passagem-de-mariana-300x199.jpg\",\"contentUrl\":\"https:\/\/tremdavale.org\/wp-content\/uploads\/03-dia-de-sao-sebastiao-passagem-de-mariana-300x199.jpg\",\"width\":300,\"height\":199},{\"@type\":\"BreadcrumbList\",\"@id\":\"https:\/\/tremdavale.org\/pt\/videocabine-datas-comemorativas-ii-dia-de-sao-sebastiao-passagem-de-mariana\/#breadcrumb\",\"itemListElement\":[{\"@type\":\"ListItem\",\"position\":1,\"name\":\"In\u00edcio\",\"item\":\"https:\/\/tremdavale.org\/pt\/\"},{\"@type\":\"ListItem\",\"position\":2,\"name\":\"Videocabine \u201cDATAS COMEMORATIVAS II \u2013 Dia de S\u00e3o Sebasti\u00e3o\u201d em Passagem de Mariana\"}]},{\"@type\":\"WebSite\",\"@id\":\"https:\/\/tremdavale.org\/pt\/#website\",\"url\":\"https:\/\/tremdavale.org\/pt\/\",\"name\":\"Trem da Vale\",\"description\":\"Programa de Educa\u00e7\u00e3o Patrimonial\",\"potentialAction\":[{\"@type\":\"SearchAction\",\"target\":{\"@type\":\"EntryPoint\",\"urlTemplate\":\"https:\/\/tremdavale.org\/pt\/?s={search_term_string}\"},\"query-input\":{\"@type\":\"PropertyValueSpecification\",\"valueRequired\":true,\"valueName\":\"search_term_string\"}}],\"inLanguage\":\"pt-PT\"},{\"@type\":\"Person\",\"@id\":\"https:\/\/tremdavale.org\/pt\/#\/schema\/person\/50912137d47426d31329f246d02eaeca\",\"name\":\"admin\",\"image\":{\"@type\":\"ImageObject\",\"inLanguage\":\"pt-PT\",\"@id\":\"https:\/\/tremdavale.org\/pt\/#\/schema\/person\/image\/\",\"url\":\"https:\/\/secure.gravatar.com\/avatar\/b3564f0fda6ea47959fe96a4217203e79a167568a37409758659bc3ba443b452?s=96&d=mm&r=g\",\"contentUrl\":\"https:\/\/secure.gravatar.com\/avatar\/b3564f0fda6ea47959fe96a4217203e79a167568a37409758659bc3ba443b452?s=96&d=mm&r=g\",\"caption\":\"admin\"},\"sameAs\":[\"https:\/\/tremdavale.org\"],\"url\":\"https:\/\/tremdavale.org\/pt\/author\/admin\/\"}]}<\/script>\n<!-- \/ Yoast SEO plugin. -->","yoast_head_json":{"title":"Videocabine \u201cDATAS COMEMORATIVAS II \u2013 Dia de S\u00e3o Sebasti\u00e3o\u201d em Passagem de Mariana &#8212; Trem da Vale","robots":{"index":"index","follow":"follow","max-snippet":"max-snippet:-1","max-image-preview":"max-image-preview:large","max-video-preview":"max-video-preview:-1"},"canonical":"https:\/\/tremdavale.org\/pt\/videocabine-datas-comemorativas-ii-dia-de-sao-sebastiao-passagem-de-mariana\/","og_locale":"pt_PT","og_type":"article","og_title":"Videocabine \u201cDATAS COMEMORATIVAS II \u2013 Dia de S\u00e3o Sebasti\u00e3o\u201d em Passagem de Mariana &#8212; Trem da Vale","og_description":"Rafael Bou\u00e7as, do N\u00facleo de Audiovisual do Vale Registrar, grava imagens da prociss\u00e3o com a imagem de S\u00e3o Sebasti\u00e3o pelas ruas de Passagem de Mariana. Foto: Marcello Nicolato. &nbsp; A equipe do N\u00facleo de Audiovisual do&nbsp;Vale Registrar&nbsp;realizou no dia 20 de Janeiro de&nbsp;2012,&nbsp;a partir das 15 horas,&nbsp;a&nbsp;grava\u00e7\u00e3o da videocabine \u201cDATAS &hellip;","og_url":"https:\/\/tremdavale.org\/pt\/videocabine-datas-comemorativas-ii-dia-de-sao-sebastiao-passagem-de-mariana\/","og_site_name":"Trem da Vale","article_published_time":"2012-04-08T00:25:00+00:00","article_modified_time":"2025-10-10T11:57:00+00:00","og_image":[{"width":300,"height":199,"url":"https:\/\/tremdavale.org\/wp-content\/uploads\/03-dia-de-sao-sebastiao-passagem-de-mariana-300x199.jpg","type":"image\/jpeg"}],"author":"admin","twitter_card":"summary_large_image","twitter_misc":{"Escrito por":"admin","Tempo estimado de leitura":"1 minuto"},"schema":{"@context":"https:\/\/schema.org","@graph":[{"@type":"WebPage","@id":"https:\/\/tremdavale.org\/pt\/videocabine-datas-comemorativas-ii-dia-de-sao-sebastiao-passagem-de-mariana\/","url":"https:\/\/tremdavale.org\/pt\/videocabine-datas-comemorativas-ii-dia-de-sao-sebastiao-passagem-de-mariana\/","name":"Videocabine \u201cDATAS COMEMORATIVAS II \u2013 Dia de S\u00e3o Sebasti\u00e3o\u201d em Passagem de Mariana &#8212; Trem da Vale","isPartOf":{"@id":"https:\/\/tremdavale.org\/pt\/#website"},"primaryImageOfPage":{"@id":"https:\/\/tremdavale.org\/pt\/videocabine-datas-comemorativas-ii-dia-de-sao-sebastiao-passagem-de-mariana\/#primaryimage"},"image":{"@id":"https:\/\/tremdavale.org\/pt\/videocabine-datas-comemorativas-ii-dia-de-sao-sebastiao-passagem-de-mariana\/#primaryimage"},"thumbnailUrl":"https:\/\/tremdavale.org\/wp-content\/uploads\/03-dia-de-sao-sebastiao-passagem-de-mariana-300x199.jpg","datePublished":"2012-04-08T00:25:00+00:00","dateModified":"2025-10-10T11:57:00+00:00","author":{"@id":"https:\/\/tremdavale.org\/pt\/#\/schema\/person\/50912137d47426d31329f246d02eaeca"},"breadcrumb":{"@id":"https:\/\/tremdavale.org\/pt\/videocabine-datas-comemorativas-ii-dia-de-sao-sebastiao-passagem-de-mariana\/#breadcrumb"},"inLanguage":"pt-PT","potentialAction":[{"@type":"ReadAction","target":["https:\/\/tremdavale.org\/pt\/videocabine-datas-comemorativas-ii-dia-de-sao-sebastiao-passagem-de-mariana\/"]}]},{"@type":"ImageObject","inLanguage":"pt-PT","@id":"https:\/\/tremdavale.org\/pt\/videocabine-datas-comemorativas-ii-dia-de-sao-sebastiao-passagem-de-mariana\/#primaryimage","url":"https:\/\/tremdavale.org\/wp-content\/uploads\/03-dia-de-sao-sebastiao-passagem-de-mariana-300x199.jpg","contentUrl":"https:\/\/tremdavale.org\/wp-content\/uploads\/03-dia-de-sao-sebastiao-passagem-de-mariana-300x199.jpg","width":300,"height":199},{"@type":"BreadcrumbList","@id":"https:\/\/tremdavale.org\/pt\/videocabine-datas-comemorativas-ii-dia-de-sao-sebastiao-passagem-de-mariana\/#breadcrumb","itemListElement":[{"@type":"ListItem","position":1,"name":"In\u00edcio","item":"https:\/\/tremdavale.org\/pt\/"},{"@type":"ListItem","position":2,"name":"Videocabine \u201cDATAS COMEMORATIVAS II \u2013 Dia de S\u00e3o Sebasti\u00e3o\u201d em Passagem de Mariana"}]},{"@type":"WebSite","@id":"https:\/\/tremdavale.org\/pt\/#website","url":"https:\/\/tremdavale.org\/pt\/","name":"Trem da Vale","description":"Programa de Educa\u00e7\u00e3o Patrimonial","potentialAction":[{"@type":"SearchAction","target":{"@type":"EntryPoint","urlTemplate":"https:\/\/tremdavale.org\/pt\/?s={search_term_string}"},"query-input":{"@type":"PropertyValueSpecification","valueRequired":true,"valueName":"search_term_string"}}],"inLanguage":"pt-PT"},{"@type":"Person","@id":"https:\/\/tremdavale.org\/pt\/#\/schema\/person\/50912137d47426d31329f246d02eaeca","name":"admin","image":{"@type":"ImageObject","inLanguage":"pt-PT","@id":"https:\/\/tremdavale.org\/pt\/#\/schema\/person\/image\/","url":"https:\/\/secure.gravatar.com\/avatar\/b3564f0fda6ea47959fe96a4217203e79a167568a37409758659bc3ba443b452?s=96&d=mm&r=g","contentUrl":"https:\/\/secure.gravatar.com\/avatar\/b3564f0fda6ea47959fe96a4217203e79a167568a37409758659bc3ba443b452?s=96&d=mm&r=g","caption":"admin"},"sameAs":["https:\/\/tremdavale.org"],"url":"https:\/\/tremdavale.org\/pt\/author\/admin\/"}]}},"_links":{"self":[{"href":"https:\/\/tremdavale.org\/pt\/wp-json\/wp\/v2\/posts\/331","targetHints":{"allow":["GET"]}}],"collection":[{"href":"https:\/\/tremdavale.org\/pt\/wp-json\/wp\/v2\/posts"}],"about":[{"href":"https:\/\/tremdavale.org\/pt\/wp-json\/wp\/v2\/types\/post"}],"author":[{"embeddable":true,"href":"https:\/\/tremdavale.org\/pt\/wp-json\/wp\/v2\/users\/1"}],"replies":[{"embeddable":true,"href":"https:\/\/tremdavale.org\/pt\/wp-json\/wp\/v2\/comments?post=331"}],"version-history":[{"count":0,"href":"https:\/\/tremdavale.org\/pt\/wp-json\/wp\/v2\/posts\/331\/revisions"}],"wp:featuredmedia":[{"embeddable":true,"href":"https:\/\/tremdavale.org\/pt\/wp-json\/wp\/v2\/media\/564"}],"wp:attachment":[{"href":"https:\/\/tremdavale.org\/pt\/wp-json\/wp\/v2\/media?parent=331"}],"wp:term":[{"taxonomy":"category","embeddable":true,"href":"https:\/\/tremdavale.org\/pt\/wp-json\/wp\/v2\/categories?post=331"},{"taxonomy":"post_tag","embeddable":true,"href":"https:\/\/tremdavale.org\/pt\/wp-json\/wp\/v2\/tags?post=331"}],"curies":[{"name":"wp","href":"https:\/\/api.w.org\/{rel}","templated":true}]}}