{"id":332,"date":"2011-09-12T08:55:00","date_gmt":"2011-09-12T08:55:00","guid":{"rendered":"https:\/\/tremdavale.org\/?p=332"},"modified":"2025-10-10T11:57:00","modified_gmt":"2025-10-10T11:57:00","slug":"videocabines-vao-ate-os-bairros-de-ouro-preto-e-mariana","status":"publish","type":"post","link":"https:\/\/tremdavale.org\/pt\/videocabines-vao-ate-os-bairros-de-ouro-preto-e-mariana\/","title":{"rendered":"Videocabines v\u00e3o at\u00e9 os bairros de Ouro Preto e Mariana"},"content":{"rendered":"<p><img loading=\"lazy\" decoding=\"async\" class=\"size-medium alignleft\" title=\"videocabine-bairros-colina-42\" src=\"\/wp-content\/uploads\/videocabine-bairros-colina-42-300x199.jpg\" alt=\"videocabine-bairros-colina-42\" width=\"300\" height=\"199\">J\u00e1 est\u00e3o sendo gravadas as novas videocabines do Programa de Educa\u00e7\u00e3o Patrimonial Trem da Vale, com o tema \u201cBairros\u201d. As videocabines s\u00e3o instaladas em bairros de Ouro Preto e Mariana, onde s\u00e3o colhidos breves depoimentos de moradores sobre hist\u00f3rias e experi\u00eancias vivenciadas nos locais onde moram.<\/p>\n<p>As grava\u00e7\u00f5es desse segundo semestre come\u00e7aram em julho e est\u00e3o previstas at\u00e9 dezembro de 2009.&nbsp; At\u00e9 o momento, j\u00e1 foram gravadas duas videocabines: uma no bairro S\u00e3o Crist\u00f3v\u00e3o, em Ouro Preto, que reuniu 16 depoimentos, e outra no bairro Colina, em Mariana, que contou com 17 depoentes.<\/p>\n<p>Ap\u00f3s editados, os v\u00eddeos s\u00e3o exibidos nos espa\u00e7os museogr\u00e1ficos das esta\u00e7\u00f5es do Programa: na Sala da Maquete, em Ouro Preto, e na Sala Multiuso, de Mariana. A exibi\u00e7\u00e3o das videocabines nesses espa\u00e7os&nbsp; possibilita o alcance n\u00e3o s\u00f3 das comunidades das duas cidades, como tamb\u00e9m do p\u00fablico visitante, fazendo com que a fala dos depoentes ganhe um n\u00famero significativo de espectadores.<\/p>\n<p>As videocabines tamb\u00e9m s\u00e3o disponibilizadas em DVD nas bibliotecas das esta\u00e7\u00f5es de Ouro Preto e Mariana, compondo o acervo do Vale Registrar, e podem ser assistidas na galeria de v\u00eddeos deste portal, clicando no link http:\/\/www.tremdavale.org\/novo\/vbox\/pt\/.<\/p>\n<p>Esta edi\u00e7\u00e3o das videocabines conta com a participa\u00e7\u00e3o de jovens que fizeram os cursos de forma\u00e7\u00e3o do Vale Registrar, convidados a participaram das grava\u00e7\u00f5es dos depoimentos. Pl\u00ednio Fernandes Marins e Raoni Nascimeto Pacheco, alunos do 2\u00ba Curso de Forma\u00e7\u00e3o de Jovens Agentes em V\u00eddeo e Patrim\u00f4nio Cultural, participaram das grava\u00e7\u00f5es no bairro S\u00e3o Crist\u00f3v\u00e3o; e a videocabine realizada em Mariana, no bairro Colina, contou com a participa\u00e7\u00e3o de Wesley&nbsp;Maur\u00edcio de Souza e M\u00e1rcia&nbsp;Matile da Silva, alunos do 1\u00ba e do 2\u00ba Curso de Forma\u00e7\u00e3o de Jovens Agentes em&nbsp;V\u00eddeo e Patrim\u00f4nio Cultural, respectivamente.<\/p>\n<p>A participa\u00e7\u00e3o desses jovens nas grava\u00e7\u00f5es das videocabines refor\u00e7a o aprendizado oferecido durante os cursos de v\u00eddeo do Vale Registrar, e aprimora o uso da linguagem audiovisual no registro e difus\u00e3o da cultura local, dando sentido \u00e0 forma\u00e7\u00e3o proposta.<\/p>\n<p>&nbsp;<\/p>\n","protected":false},"excerpt":{"rendered":"<p>J\u00e1 est\u00e3o sendo gravadas as novas videocabines do Programa de Educa\u00e7\u00e3o Patrimonial Trem da Vale, com o tema \u201cBairros\u201d. As videocabines s\u00e3o instaladas em bairros de Ouro Preto e Mariana, onde s\u00e3o colhidos breves depoimentos de moradores sobre hist\u00f3rias e experi\u00eancias vivenciadas nos locais onde moram. As grava\u00e7\u00f5es desse segundo &hellip;<\/p>\n","protected":false},"author":1,"featured_media":565,"comment_status":"open","ping_status":"closed","sticky":false,"template":"","format":"standard","meta":{"footnotes":""},"categories":[3],"tags":[],"class_list":["post-332","post","type-post","status-publish","format-standard","has-post-thumbnail","hentry","category-noticias"],"yoast_head":"<!-- This site is optimized with the Yoast SEO plugin v26.1.1 - https:\/\/yoast.com\/wordpress\/plugins\/seo\/ -->\n<title>Videocabines v\u00e3o at\u00e9 os bairros de Ouro Preto e Mariana &#8212; Trem da Vale<\/title>\n<meta name=\"robots\" content=\"index, follow, max-snippet:-1, max-image-preview:large, max-video-preview:-1\" \/>\n<link rel=\"canonical\" href=\"https:\/\/tremdavale.org\/pt\/videocabines-vao-ate-os-bairros-de-ouro-preto-e-mariana\/\" \/>\n<meta property=\"og:locale\" content=\"pt_PT\" \/>\n<meta property=\"og:type\" content=\"article\" \/>\n<meta property=\"og:title\" content=\"Videocabines v\u00e3o at\u00e9 os bairros de Ouro Preto e Mariana &#8212; Trem da Vale\" \/>\n<meta property=\"og:description\" content=\"J\u00e1 est\u00e3o sendo gravadas as novas videocabines do Programa de Educa\u00e7\u00e3o Patrimonial Trem da Vale, com o tema \u201cBairros\u201d. As videocabines s\u00e3o instaladas em bairros de Ouro Preto e Mariana, onde s\u00e3o colhidos breves depoimentos de moradores sobre hist\u00f3rias e experi\u00eancias vivenciadas nos locais onde moram. As grava\u00e7\u00f5es desse segundo &hellip;\" \/>\n<meta property=\"og:url\" content=\"https:\/\/tremdavale.org\/pt\/videocabines-vao-ate-os-bairros-de-ouro-preto-e-mariana\/\" \/>\n<meta property=\"og:site_name\" content=\"Trem da Vale\" \/>\n<meta property=\"article:published_time\" content=\"2011-09-12T08:55:00+00:00\" \/>\n<meta property=\"article:modified_time\" content=\"2025-10-10T11:57:00+00:00\" \/>\n<meta property=\"og:image\" content=\"https:\/\/tremdavale.org\/wp-content\/uploads\/videocabine-bairros-colina-42-300x199.jpg\" \/>\n\t<meta property=\"og:image:width\" content=\"300\" \/>\n\t<meta property=\"og:image:height\" content=\"199\" \/>\n\t<meta property=\"og:image:type\" content=\"image\/jpeg\" \/>\n<meta name=\"author\" content=\"admin\" \/>\n<meta name=\"twitter:card\" content=\"summary_large_image\" \/>\n<meta name=\"twitter:label1\" content=\"Escrito por\" \/>\n\t<meta name=\"twitter:data1\" content=\"admin\" \/>\n\t<meta name=\"twitter:label2\" content=\"Tempo estimado de leitura\" \/>\n\t<meta name=\"twitter:data2\" content=\"2 minutos\" \/>\n<script type=\"application\/ld+json\" class=\"yoast-schema-graph\">{\"@context\":\"https:\/\/schema.org\",\"@graph\":[{\"@type\":\"WebPage\",\"@id\":\"https:\/\/tremdavale.org\/pt\/videocabines-vao-ate-os-bairros-de-ouro-preto-e-mariana\/\",\"url\":\"https:\/\/tremdavale.org\/pt\/videocabines-vao-ate-os-bairros-de-ouro-preto-e-mariana\/\",\"name\":\"Videocabines v\u00e3o at\u00e9 os bairros de Ouro Preto e Mariana &#8212; Trem da Vale\",\"isPartOf\":{\"@id\":\"https:\/\/tremdavale.org\/pt\/#website\"},\"primaryImageOfPage\":{\"@id\":\"https:\/\/tremdavale.org\/pt\/videocabines-vao-ate-os-bairros-de-ouro-preto-e-mariana\/#primaryimage\"},\"image\":{\"@id\":\"https:\/\/tremdavale.org\/pt\/videocabines-vao-ate-os-bairros-de-ouro-preto-e-mariana\/#primaryimage\"},\"thumbnailUrl\":\"https:\/\/tremdavale.org\/wp-content\/uploads\/videocabine-bairros-colina-42-300x199.jpg\",\"datePublished\":\"2011-09-12T08:55:00+00:00\",\"dateModified\":\"2025-10-10T11:57:00+00:00\",\"author\":{\"@id\":\"https:\/\/tremdavale.org\/pt\/#\/schema\/person\/50912137d47426d31329f246d02eaeca\"},\"breadcrumb\":{\"@id\":\"https:\/\/tremdavale.org\/pt\/videocabines-vao-ate-os-bairros-de-ouro-preto-e-mariana\/#breadcrumb\"},\"inLanguage\":\"pt-PT\",\"potentialAction\":[{\"@type\":\"ReadAction\",\"target\":[\"https:\/\/tremdavale.org\/pt\/videocabines-vao-ate-os-bairros-de-ouro-preto-e-mariana\/\"]}]},{\"@type\":\"ImageObject\",\"inLanguage\":\"pt-PT\",\"@id\":\"https:\/\/tremdavale.org\/pt\/videocabines-vao-ate-os-bairros-de-ouro-preto-e-mariana\/#primaryimage\",\"url\":\"https:\/\/tremdavale.org\/wp-content\/uploads\/videocabine-bairros-colina-42-300x199.jpg\",\"contentUrl\":\"https:\/\/tremdavale.org\/wp-content\/uploads\/videocabine-bairros-colina-42-300x199.jpg\",\"width\":300,\"height\":199},{\"@type\":\"BreadcrumbList\",\"@id\":\"https:\/\/tremdavale.org\/pt\/videocabines-vao-ate-os-bairros-de-ouro-preto-e-mariana\/#breadcrumb\",\"itemListElement\":[{\"@type\":\"ListItem\",\"position\":1,\"name\":\"In\u00edcio\",\"item\":\"https:\/\/tremdavale.org\/pt\/\"},{\"@type\":\"ListItem\",\"position\":2,\"name\":\"Videocabines v\u00e3o at\u00e9 os bairros de Ouro Preto e Mariana\"}]},{\"@type\":\"WebSite\",\"@id\":\"https:\/\/tremdavale.org\/pt\/#website\",\"url\":\"https:\/\/tremdavale.org\/pt\/\",\"name\":\"Trem da Vale\",\"description\":\"Programa de Educa\u00e7\u00e3o Patrimonial\",\"potentialAction\":[{\"@type\":\"SearchAction\",\"target\":{\"@type\":\"EntryPoint\",\"urlTemplate\":\"https:\/\/tremdavale.org\/pt\/?s={search_term_string}\"},\"query-input\":{\"@type\":\"PropertyValueSpecification\",\"valueRequired\":true,\"valueName\":\"search_term_string\"}}],\"inLanguage\":\"pt-PT\"},{\"@type\":\"Person\",\"@id\":\"https:\/\/tremdavale.org\/pt\/#\/schema\/person\/50912137d47426d31329f246d02eaeca\",\"name\":\"admin\",\"image\":{\"@type\":\"ImageObject\",\"inLanguage\":\"pt-PT\",\"@id\":\"https:\/\/tremdavale.org\/pt\/#\/schema\/person\/image\/\",\"url\":\"https:\/\/secure.gravatar.com\/avatar\/b3564f0fda6ea47959fe96a4217203e79a167568a37409758659bc3ba443b452?s=96&d=mm&r=g\",\"contentUrl\":\"https:\/\/secure.gravatar.com\/avatar\/b3564f0fda6ea47959fe96a4217203e79a167568a37409758659bc3ba443b452?s=96&d=mm&r=g\",\"caption\":\"admin\"},\"sameAs\":[\"https:\/\/tremdavale.org\"],\"url\":\"https:\/\/tremdavale.org\/pt\/author\/admin\/\"}]}<\/script>\n<!-- \/ Yoast SEO plugin. -->","yoast_head_json":{"title":"Videocabines v\u00e3o at\u00e9 os bairros de Ouro Preto e Mariana &#8212; Trem da Vale","robots":{"index":"index","follow":"follow","max-snippet":"max-snippet:-1","max-image-preview":"max-image-preview:large","max-video-preview":"max-video-preview:-1"},"canonical":"https:\/\/tremdavale.org\/pt\/videocabines-vao-ate-os-bairros-de-ouro-preto-e-mariana\/","og_locale":"pt_PT","og_type":"article","og_title":"Videocabines v\u00e3o at\u00e9 os bairros de Ouro Preto e Mariana &#8212; Trem da Vale","og_description":"J\u00e1 est\u00e3o sendo gravadas as novas videocabines do Programa de Educa\u00e7\u00e3o Patrimonial Trem da Vale, com o tema \u201cBairros\u201d. As videocabines s\u00e3o instaladas em bairros de Ouro Preto e Mariana, onde s\u00e3o colhidos breves depoimentos de moradores sobre hist\u00f3rias e experi\u00eancias vivenciadas nos locais onde moram. As grava\u00e7\u00f5es desse segundo &hellip;","og_url":"https:\/\/tremdavale.org\/pt\/videocabines-vao-ate-os-bairros-de-ouro-preto-e-mariana\/","og_site_name":"Trem da Vale","article_published_time":"2011-09-12T08:55:00+00:00","article_modified_time":"2025-10-10T11:57:00+00:00","og_image":[{"width":300,"height":199,"url":"https:\/\/tremdavale.org\/wp-content\/uploads\/videocabine-bairros-colina-42-300x199.jpg","type":"image\/jpeg"}],"author":"admin","twitter_card":"summary_large_image","twitter_misc":{"Escrito por":"admin","Tempo estimado de leitura":"2 minutos"},"schema":{"@context":"https:\/\/schema.org","@graph":[{"@type":"WebPage","@id":"https:\/\/tremdavale.org\/pt\/videocabines-vao-ate-os-bairros-de-ouro-preto-e-mariana\/","url":"https:\/\/tremdavale.org\/pt\/videocabines-vao-ate-os-bairros-de-ouro-preto-e-mariana\/","name":"Videocabines v\u00e3o at\u00e9 os bairros de Ouro Preto e Mariana &#8212; Trem da Vale","isPartOf":{"@id":"https:\/\/tremdavale.org\/pt\/#website"},"primaryImageOfPage":{"@id":"https:\/\/tremdavale.org\/pt\/videocabines-vao-ate-os-bairros-de-ouro-preto-e-mariana\/#primaryimage"},"image":{"@id":"https:\/\/tremdavale.org\/pt\/videocabines-vao-ate-os-bairros-de-ouro-preto-e-mariana\/#primaryimage"},"thumbnailUrl":"https:\/\/tremdavale.org\/wp-content\/uploads\/videocabine-bairros-colina-42-300x199.jpg","datePublished":"2011-09-12T08:55:00+00:00","dateModified":"2025-10-10T11:57:00+00:00","author":{"@id":"https:\/\/tremdavale.org\/pt\/#\/schema\/person\/50912137d47426d31329f246d02eaeca"},"breadcrumb":{"@id":"https:\/\/tremdavale.org\/pt\/videocabines-vao-ate-os-bairros-de-ouro-preto-e-mariana\/#breadcrumb"},"inLanguage":"pt-PT","potentialAction":[{"@type":"ReadAction","target":["https:\/\/tremdavale.org\/pt\/videocabines-vao-ate-os-bairros-de-ouro-preto-e-mariana\/"]}]},{"@type":"ImageObject","inLanguage":"pt-PT","@id":"https:\/\/tremdavale.org\/pt\/videocabines-vao-ate-os-bairros-de-ouro-preto-e-mariana\/#primaryimage","url":"https:\/\/tremdavale.org\/wp-content\/uploads\/videocabine-bairros-colina-42-300x199.jpg","contentUrl":"https:\/\/tremdavale.org\/wp-content\/uploads\/videocabine-bairros-colina-42-300x199.jpg","width":300,"height":199},{"@type":"BreadcrumbList","@id":"https:\/\/tremdavale.org\/pt\/videocabines-vao-ate-os-bairros-de-ouro-preto-e-mariana\/#breadcrumb","itemListElement":[{"@type":"ListItem","position":1,"name":"In\u00edcio","item":"https:\/\/tremdavale.org\/pt\/"},{"@type":"ListItem","position":2,"name":"Videocabines v\u00e3o at\u00e9 os bairros de Ouro Preto e Mariana"}]},{"@type":"WebSite","@id":"https:\/\/tremdavale.org\/pt\/#website","url":"https:\/\/tremdavale.org\/pt\/","name":"Trem da Vale","description":"Programa de Educa\u00e7\u00e3o Patrimonial","potentialAction":[{"@type":"SearchAction","target":{"@type":"EntryPoint","urlTemplate":"https:\/\/tremdavale.org\/pt\/?s={search_term_string}"},"query-input":{"@type":"PropertyValueSpecification","valueRequired":true,"valueName":"search_term_string"}}],"inLanguage":"pt-PT"},{"@type":"Person","@id":"https:\/\/tremdavale.org\/pt\/#\/schema\/person\/50912137d47426d31329f246d02eaeca","name":"admin","image":{"@type":"ImageObject","inLanguage":"pt-PT","@id":"https:\/\/tremdavale.org\/pt\/#\/schema\/person\/image\/","url":"https:\/\/secure.gravatar.com\/avatar\/b3564f0fda6ea47959fe96a4217203e79a167568a37409758659bc3ba443b452?s=96&d=mm&r=g","contentUrl":"https:\/\/secure.gravatar.com\/avatar\/b3564f0fda6ea47959fe96a4217203e79a167568a37409758659bc3ba443b452?s=96&d=mm&r=g","caption":"admin"},"sameAs":["https:\/\/tremdavale.org"],"url":"https:\/\/tremdavale.org\/pt\/author\/admin\/"}]}},"_links":{"self":[{"href":"https:\/\/tremdavale.org\/pt\/wp-json\/wp\/v2\/posts\/332","targetHints":{"allow":["GET"]}}],"collection":[{"href":"https:\/\/tremdavale.org\/pt\/wp-json\/wp\/v2\/posts"}],"about":[{"href":"https:\/\/tremdavale.org\/pt\/wp-json\/wp\/v2\/types\/post"}],"author":[{"embeddable":true,"href":"https:\/\/tremdavale.org\/pt\/wp-json\/wp\/v2\/users\/1"}],"replies":[{"embeddable":true,"href":"https:\/\/tremdavale.org\/pt\/wp-json\/wp\/v2\/comments?post=332"}],"version-history":[{"count":0,"href":"https:\/\/tremdavale.org\/pt\/wp-json\/wp\/v2\/posts\/332\/revisions"}],"wp:featuredmedia":[{"embeddable":true,"href":"https:\/\/tremdavale.org\/pt\/wp-json\/wp\/v2\/media\/565"}],"wp:attachment":[{"href":"https:\/\/tremdavale.org\/pt\/wp-json\/wp\/v2\/media?parent=332"}],"wp:term":[{"taxonomy":"category","embeddable":true,"href":"https:\/\/tremdavale.org\/pt\/wp-json\/wp\/v2\/categories?post=332"},{"taxonomy":"post_tag","embeddable":true,"href":"https:\/\/tremdavale.org\/pt\/wp-json\/wp\/v2\/tags?post=332"}],"curies":[{"name":"wp","href":"https:\/\/api.w.org\/{rel}","templated":true}]}}