{"id":333,"date":"2011-09-12T01:11:00","date_gmt":"2011-09-12T01:11:00","guid":{"rendered":"https:\/\/tremdavale.org\/?p=333"},"modified":"2025-10-10T11:57:00","modified_gmt":"2025-10-10T11:57:00","slug":"vii-festival-da-vida","status":"publish","type":"post","link":"https:\/\/tremdavale.org\/pt\/vii-festival-da-vida\/","title":{"rendered":"VII Festival da Vida"},"content":{"rendered":"<p><img loading=\"lazy\" decoding=\"async\" class=\"aligncenter size-medium\" title=\"festival-da-vida-20101\" src=\"\/wp-content\/uploads\/festival-da-vida-20101-300x217.jpg\" alt=\"festival-da-vida-20101\" width=\"300\" height=\"217\"><\/p>\n<p>De 19 a 23 de maio, acontece o Festival da Vida em Mariana, que tem o objetivo de promover a\u00e7\u00f5es art\u00edsticas e culturais que estejam em sintonia com o tema da Campanha da Fraternidade 2010: \u201cFraternidade e Economia\u201d.<\/p>\n<p>O evento traz shows, oficinas, apresenta\u00e7\u00f5es teatrais, exibi\u00e7\u00f5es de filmes, palestras e exposi\u00e7\u00f5es em diversas pra\u00e7as e espa\u00e7os culturais da cidade.<\/p>\n<p>Nesta edi\u00e7\u00e3o do Festival da Vida, os valores mais refletidos ser\u00e3o a sobriedade e a modera\u00e7\u00e3o. O resgate das ra\u00edzes culturais, a participa\u00e7\u00e3o da comunidade, o respeito ao patrim\u00f4nio e ao incentivo \u00e0 cidadania e \u00e0s artes fazem do Festival um instrumento de valoriza\u00e7\u00e3o da vida e da cultura.<\/p>\n<p>Nos dias 19 e 20, a Esta\u00e7\u00e3o Ferrovi\u00e1ria de Mariana ir\u00e1 sediar a Oficina de Reciclagem Divertidade.<\/p>\n<p><strong>Veja abaixo a programa\u00e7\u00e3o completa.<\/strong><\/p>\n<p>&nbsp;<\/p>\n<p><strong>Quarta-feira, 19 de maio<\/strong><\/p>\n<p>14h30 \u00e0s 17h &#8211; Oficinas de Reciclagem Divertida (Local: Esta\u00e7\u00e3o da Vale Mariana)<\/p>\n<p>20h &#8211; Show do Padre F\u00e1bio de Melo (Local: Terminal Tur\u00edstico)<\/p>\n<p><strong>Quinta-feira, 20 de maio<\/strong><\/p>\n<p>15h \u00e0s 17h &#8211; Oficinas de Reciclagem Divertida (Local: Esta\u00e7\u00e3o da Vale Mariana)<\/p>\n<p>18h30 &#8211; Apresenta\u00e7\u00e3o da Pe\u00e7a Teatro Ecologia Integral (Local: Pra\u00e7a Gomes Freire)<\/p>\n<p>20h &#8211; Espet\u00e1culo \u201cArmatrux, a Banda\u201d, do grupo de teatro Armatrux (Local: Pra\u00e7a da S\u00e9)<\/p>\n<p><strong>Sexta-feira, 21 de maio<\/strong><\/p>\n<p>18h &#8211; Pralestra Conscientiza\u00e7\u00e3o de Idosos: \u201cO Idoso e a Sociedade\u201d (Local: Sesi Mariana)<\/p>\n<p>19h &#8211; Exibi\u00e7\u00e3o do Filme \u201cIrm\u00e3o sol, irm\u00e3 Lua\u201d (Local: Pra\u00e7a da S\u00e9)<\/p>\n<p>21h30 &#8211; Show Samba de Raiz &#8211; Copo Lagoinha (Local: Terminal Tur\u00edstico)<\/p>\n<p><strong>S\u00e1bado, 22 de maio<\/strong><\/p>\n<p>15h &#8211; Encontro de grupos de Congados (Local: Pra\u00e7a Minas Gerais)<\/p>\n<p>18h &#8211; Exibi\u00e7\u00e3o do Filme \u201cA Era do Gelo 3\u2033 (Local: Pra\u00e7a da S\u00e9)<\/p>\n<p>21h &#8211; Premia\u00e7\u00e3o do Concurso de Reda\u00e7\u00e3o das Escolas Municipais, Estaduais e particulares (Local: Terminal Tur\u00edstico)<\/p>\n<p>21h30 &#8211; Show Aline Calixto (Local: Terminal Tur\u00edstico)<\/p>\n<p><strong>Domingo, 23 de maio<\/strong><\/p>\n<p>15h \u00e0s 17h &#8211; Tradicional encontro das Sociedades Musicais de Mariana (Local: Pra\u00e7a Gomes Freire)<\/p>\n<p>17h &#8211; Organiza\u00e7\u00e3o Folcl\u00f3rica Z\u00e9 Pereira da Ch\u00e1cara de Mariana (Local: Ruas da cidade, finalizando na Pra\u00e7a da S\u00e9)<\/p>\n<p>&nbsp;<\/p>\n","protected":false},"excerpt":{"rendered":"<p>De 19 a 23 de maio, acontece o Festival da Vida em Mariana, que tem o objetivo de promover a\u00e7\u00f5es art\u00edsticas e culturais que estejam em sintonia com o tema da Campanha da Fraternidade 2010: \u201cFraternidade e Economia\u201d. O evento traz shows, oficinas, apresenta\u00e7\u00f5es teatrais, exibi\u00e7\u00f5es de filmes, palestras e &hellip;<\/p>\n","protected":false},"author":1,"featured_media":566,"comment_status":"open","ping_status":"closed","sticky":false,"template":"","format":"standard","meta":{"footnotes":""},"categories":[3],"tags":[],"class_list":["post-333","post","type-post","status-publish","format-standard","has-post-thumbnail","hentry","category-noticias"],"yoast_head":"<!-- This site is optimized with the Yoast SEO plugin v26.1.1 - https:\/\/yoast.com\/wordpress\/plugins\/seo\/ -->\n<title>VII Festival da Vida &#8212; Trem da Vale<\/title>\n<meta name=\"robots\" content=\"index, follow, max-snippet:-1, max-image-preview:large, max-video-preview:-1\" \/>\n<link rel=\"canonical\" href=\"https:\/\/tremdavale.org\/pt\/vii-festival-da-vida\/\" \/>\n<meta property=\"og:locale\" content=\"pt_PT\" \/>\n<meta property=\"og:type\" content=\"article\" \/>\n<meta property=\"og:title\" content=\"VII Festival da Vida &#8212; Trem da Vale\" \/>\n<meta property=\"og:description\" content=\"De 19 a 23 de maio, acontece o Festival da Vida em Mariana, que tem o objetivo de promover a\u00e7\u00f5es art\u00edsticas e culturais que estejam em sintonia com o tema da Campanha da Fraternidade 2010: \u201cFraternidade e Economia\u201d. O evento traz shows, oficinas, apresenta\u00e7\u00f5es teatrais, exibi\u00e7\u00f5es de filmes, palestras e &hellip;\" \/>\n<meta property=\"og:url\" content=\"https:\/\/tremdavale.org\/pt\/vii-festival-da-vida\/\" \/>\n<meta property=\"og:site_name\" content=\"Trem da Vale\" \/>\n<meta property=\"article:published_time\" content=\"2011-09-12T01:11:00+00:00\" \/>\n<meta property=\"article:modified_time\" content=\"2025-10-10T11:57:00+00:00\" \/>\n<meta property=\"og:image\" content=\"https:\/\/tremdavale.org\/wp-content\/uploads\/festival-da-vida-20101-300x217.jpg\" \/>\n\t<meta property=\"og:image:width\" content=\"300\" \/>\n\t<meta property=\"og:image:height\" content=\"217\" \/>\n\t<meta property=\"og:image:type\" content=\"image\/jpeg\" \/>\n<meta name=\"author\" content=\"admin\" \/>\n<meta name=\"twitter:card\" content=\"summary_large_image\" \/>\n<meta name=\"twitter:label1\" content=\"Escrito por\" \/>\n\t<meta name=\"twitter:data1\" content=\"admin\" \/>\n\t<meta name=\"twitter:label2\" content=\"Tempo estimado de leitura\" \/>\n\t<meta name=\"twitter:data2\" content=\"2 minutos\" \/>\n<script type=\"application\/ld+json\" class=\"yoast-schema-graph\">{\"@context\":\"https:\/\/schema.org\",\"@graph\":[{\"@type\":\"WebPage\",\"@id\":\"https:\/\/tremdavale.org\/pt\/vii-festival-da-vida\/\",\"url\":\"https:\/\/tremdavale.org\/pt\/vii-festival-da-vida\/\",\"name\":\"VII Festival da Vida &#8212; Trem da Vale\",\"isPartOf\":{\"@id\":\"https:\/\/tremdavale.org\/pt\/#website\"},\"primaryImageOfPage\":{\"@id\":\"https:\/\/tremdavale.org\/pt\/vii-festival-da-vida\/#primaryimage\"},\"image\":{\"@id\":\"https:\/\/tremdavale.org\/pt\/vii-festival-da-vida\/#primaryimage\"},\"thumbnailUrl\":\"https:\/\/tremdavale.org\/wp-content\/uploads\/festival-da-vida-20101-300x217.jpg\",\"datePublished\":\"2011-09-12T01:11:00+00:00\",\"dateModified\":\"2025-10-10T11:57:00+00:00\",\"author\":{\"@id\":\"https:\/\/tremdavale.org\/pt\/#\/schema\/person\/50912137d47426d31329f246d02eaeca\"},\"breadcrumb\":{\"@id\":\"https:\/\/tremdavale.org\/pt\/vii-festival-da-vida\/#breadcrumb\"},\"inLanguage\":\"pt-PT\",\"potentialAction\":[{\"@type\":\"ReadAction\",\"target\":[\"https:\/\/tremdavale.org\/pt\/vii-festival-da-vida\/\"]}]},{\"@type\":\"ImageObject\",\"inLanguage\":\"pt-PT\",\"@id\":\"https:\/\/tremdavale.org\/pt\/vii-festival-da-vida\/#primaryimage\",\"url\":\"https:\/\/tremdavale.org\/wp-content\/uploads\/festival-da-vida-20101-300x217.jpg\",\"contentUrl\":\"https:\/\/tremdavale.org\/wp-content\/uploads\/festival-da-vida-20101-300x217.jpg\",\"width\":300,\"height\":217},{\"@type\":\"BreadcrumbList\",\"@id\":\"https:\/\/tremdavale.org\/pt\/vii-festival-da-vida\/#breadcrumb\",\"itemListElement\":[{\"@type\":\"ListItem\",\"position\":1,\"name\":\"In\u00edcio\",\"item\":\"https:\/\/tremdavale.org\/pt\/\"},{\"@type\":\"ListItem\",\"position\":2,\"name\":\"VII Festival da Vida\"}]},{\"@type\":\"WebSite\",\"@id\":\"https:\/\/tremdavale.org\/pt\/#website\",\"url\":\"https:\/\/tremdavale.org\/pt\/\",\"name\":\"Trem da Vale\",\"description\":\"Programa de Educa\u00e7\u00e3o Patrimonial\",\"potentialAction\":[{\"@type\":\"SearchAction\",\"target\":{\"@type\":\"EntryPoint\",\"urlTemplate\":\"https:\/\/tremdavale.org\/pt\/?s={search_term_string}\"},\"query-input\":{\"@type\":\"PropertyValueSpecification\",\"valueRequired\":true,\"valueName\":\"search_term_string\"}}],\"inLanguage\":\"pt-PT\"},{\"@type\":\"Person\",\"@id\":\"https:\/\/tremdavale.org\/pt\/#\/schema\/person\/50912137d47426d31329f246d02eaeca\",\"name\":\"admin\",\"image\":{\"@type\":\"ImageObject\",\"inLanguage\":\"pt-PT\",\"@id\":\"https:\/\/tremdavale.org\/pt\/#\/schema\/person\/image\/\",\"url\":\"https:\/\/secure.gravatar.com\/avatar\/b3564f0fda6ea47959fe96a4217203e79a167568a37409758659bc3ba443b452?s=96&d=mm&r=g\",\"contentUrl\":\"https:\/\/secure.gravatar.com\/avatar\/b3564f0fda6ea47959fe96a4217203e79a167568a37409758659bc3ba443b452?s=96&d=mm&r=g\",\"caption\":\"admin\"},\"sameAs\":[\"https:\/\/tremdavale.org\"],\"url\":\"https:\/\/tremdavale.org\/pt\/author\/admin\/\"}]}<\/script>\n<!-- \/ Yoast SEO plugin. -->","yoast_head_json":{"title":"VII Festival da Vida &#8212; Trem da Vale","robots":{"index":"index","follow":"follow","max-snippet":"max-snippet:-1","max-image-preview":"max-image-preview:large","max-video-preview":"max-video-preview:-1"},"canonical":"https:\/\/tremdavale.org\/pt\/vii-festival-da-vida\/","og_locale":"pt_PT","og_type":"article","og_title":"VII Festival da Vida &#8212; Trem da Vale","og_description":"De 19 a 23 de maio, acontece o Festival da Vida em Mariana, que tem o objetivo de promover a\u00e7\u00f5es art\u00edsticas e culturais que estejam em sintonia com o tema da Campanha da Fraternidade 2010: \u201cFraternidade e Economia\u201d. O evento traz shows, oficinas, apresenta\u00e7\u00f5es teatrais, exibi\u00e7\u00f5es de filmes, palestras e &hellip;","og_url":"https:\/\/tremdavale.org\/pt\/vii-festival-da-vida\/","og_site_name":"Trem da Vale","article_published_time":"2011-09-12T01:11:00+00:00","article_modified_time":"2025-10-10T11:57:00+00:00","og_image":[{"width":300,"height":217,"url":"https:\/\/tremdavale.org\/wp-content\/uploads\/festival-da-vida-20101-300x217.jpg","type":"image\/jpeg"}],"author":"admin","twitter_card":"summary_large_image","twitter_misc":{"Escrito por":"admin","Tempo estimado de leitura":"2 minutos"},"schema":{"@context":"https:\/\/schema.org","@graph":[{"@type":"WebPage","@id":"https:\/\/tremdavale.org\/pt\/vii-festival-da-vida\/","url":"https:\/\/tremdavale.org\/pt\/vii-festival-da-vida\/","name":"VII Festival da Vida &#8212; Trem da Vale","isPartOf":{"@id":"https:\/\/tremdavale.org\/pt\/#website"},"primaryImageOfPage":{"@id":"https:\/\/tremdavale.org\/pt\/vii-festival-da-vida\/#primaryimage"},"image":{"@id":"https:\/\/tremdavale.org\/pt\/vii-festival-da-vida\/#primaryimage"},"thumbnailUrl":"https:\/\/tremdavale.org\/wp-content\/uploads\/festival-da-vida-20101-300x217.jpg","datePublished":"2011-09-12T01:11:00+00:00","dateModified":"2025-10-10T11:57:00+00:00","author":{"@id":"https:\/\/tremdavale.org\/pt\/#\/schema\/person\/50912137d47426d31329f246d02eaeca"},"breadcrumb":{"@id":"https:\/\/tremdavale.org\/pt\/vii-festival-da-vida\/#breadcrumb"},"inLanguage":"pt-PT","potentialAction":[{"@type":"ReadAction","target":["https:\/\/tremdavale.org\/pt\/vii-festival-da-vida\/"]}]},{"@type":"ImageObject","inLanguage":"pt-PT","@id":"https:\/\/tremdavale.org\/pt\/vii-festival-da-vida\/#primaryimage","url":"https:\/\/tremdavale.org\/wp-content\/uploads\/festival-da-vida-20101-300x217.jpg","contentUrl":"https:\/\/tremdavale.org\/wp-content\/uploads\/festival-da-vida-20101-300x217.jpg","width":300,"height":217},{"@type":"BreadcrumbList","@id":"https:\/\/tremdavale.org\/pt\/vii-festival-da-vida\/#breadcrumb","itemListElement":[{"@type":"ListItem","position":1,"name":"In\u00edcio","item":"https:\/\/tremdavale.org\/pt\/"},{"@type":"ListItem","position":2,"name":"VII Festival da Vida"}]},{"@type":"WebSite","@id":"https:\/\/tremdavale.org\/pt\/#website","url":"https:\/\/tremdavale.org\/pt\/","name":"Trem da Vale","description":"Programa de Educa\u00e7\u00e3o Patrimonial","potentialAction":[{"@type":"SearchAction","target":{"@type":"EntryPoint","urlTemplate":"https:\/\/tremdavale.org\/pt\/?s={search_term_string}"},"query-input":{"@type":"PropertyValueSpecification","valueRequired":true,"valueName":"search_term_string"}}],"inLanguage":"pt-PT"},{"@type":"Person","@id":"https:\/\/tremdavale.org\/pt\/#\/schema\/person\/50912137d47426d31329f246d02eaeca","name":"admin","image":{"@type":"ImageObject","inLanguage":"pt-PT","@id":"https:\/\/tremdavale.org\/pt\/#\/schema\/person\/image\/","url":"https:\/\/secure.gravatar.com\/avatar\/b3564f0fda6ea47959fe96a4217203e79a167568a37409758659bc3ba443b452?s=96&d=mm&r=g","contentUrl":"https:\/\/secure.gravatar.com\/avatar\/b3564f0fda6ea47959fe96a4217203e79a167568a37409758659bc3ba443b452?s=96&d=mm&r=g","caption":"admin"},"sameAs":["https:\/\/tremdavale.org"],"url":"https:\/\/tremdavale.org\/pt\/author\/admin\/"}]}},"_links":{"self":[{"href":"https:\/\/tremdavale.org\/pt\/wp-json\/wp\/v2\/posts\/333","targetHints":{"allow":["GET"]}}],"collection":[{"href":"https:\/\/tremdavale.org\/pt\/wp-json\/wp\/v2\/posts"}],"about":[{"href":"https:\/\/tremdavale.org\/pt\/wp-json\/wp\/v2\/types\/post"}],"author":[{"embeddable":true,"href":"https:\/\/tremdavale.org\/pt\/wp-json\/wp\/v2\/users\/1"}],"replies":[{"embeddable":true,"href":"https:\/\/tremdavale.org\/pt\/wp-json\/wp\/v2\/comments?post=333"}],"version-history":[{"count":0,"href":"https:\/\/tremdavale.org\/pt\/wp-json\/wp\/v2\/posts\/333\/revisions"}],"wp:featuredmedia":[{"embeddable":true,"href":"https:\/\/tremdavale.org\/pt\/wp-json\/wp\/v2\/media\/566"}],"wp:attachment":[{"href":"https:\/\/tremdavale.org\/pt\/wp-json\/wp\/v2\/media?parent=333"}],"wp:term":[{"taxonomy":"category","embeddable":true,"href":"https:\/\/tremdavale.org\/pt\/wp-json\/wp\/v2\/categories?post=333"},{"taxonomy":"post_tag","embeddable":true,"href":"https:\/\/tremdavale.org\/pt\/wp-json\/wp\/v2\/tags?post=333"}],"curies":[{"name":"wp","href":"https:\/\/api.w.org\/{rel}","templated":true}]}}