{"id":334,"date":"2011-09-11T21:19:00","date_gmt":"2011-09-11T21:19:00","guid":{"rendered":"https:\/\/tremdavale.org\/?p=334"},"modified":"2025-10-10T11:57:00","modified_gmt":"2025-10-10T11:57:00","slug":"vii-seminario-sobre-turismo-cultural-ferroviario-na-estacao-de-ouro-preto","status":"publish","type":"post","link":"https:\/\/tremdavale.org\/pt\/vii-seminario-sobre-turismo-cultural-ferroviario-na-estacao-de-ouro-preto\/","title":{"rendered":"VII Semin\u00e1rio sobre Turismo Cultural Ferrovi\u00e1rio na Esta\u00e7\u00e3o de Ouro Preto"},"content":{"rendered":"<p style=\"text-align: justify;\">A Esta\u00e7\u00e3o de Ouro Preto recebe entre os dias 19 e 21 de novembro o <em>VII Semin\u00e1rio sobre Turismo Cultural Ferrovi\u00e1rio<\/em>. <!--more-->O evento \u00e9 fruto da parceria entre a Associa\u00e7\u00e3o Brasileira Oper\u00e1ria de Trens Tur\u00edsticos e Culturais &#8211; ABOTTC, Ferrovia Centro Atl\u00e2ntica &#8211; FCA, Trem da Vale, Movimento de Preserva\u00e7\u00e3o Ferrovi\u00e1ria &#8211; MPF e Ponto de Cultura Bar\u00e3o de Mau\u00e1 &#8211; PCBM. E conta com o apoio de entidades como a Federa\u00e7\u00e3o Nacional dos Trabalhadores Ferrovi\u00e1rios &#8211; FNTF; o Instituto Uniarte &#8211; Ouro Preto e Circuito do Ouro Convention &#038; Visitors Bureau; o Programa de Educa\u00e7\u00e3o Patrimonial Trem da Vale; o Projeto Esta\u00e7\u00e3o Cultura e a Prefeitura de Ouro Preto.<\/p>\n<p style=\"text-align: justify;\">O semin\u00e1rio, cujo tema central gira em torno do Patrim\u00f4nio Cultural e Tur\u00edstico, contar\u00e1 com a presen\u00e7a de grandes nomes do cen\u00e1rio da pol\u00edtica p\u00fablica, educa\u00e7\u00e3o patrimonial, turismo ferrovi\u00e1rio e representantes culturais. Dentro de sua programa\u00e7\u00e3o ser\u00e3o oferecidas palestras, debates, visitas guiadas, lan\u00e7amento de livros e viagem de trem.<\/p>\n<p style=\"text-align: justify;\">Na abertura do evento, dia 19, haver\u00e1 o pronunciamento de Jorge Moura, Diretor Executivo do Servi\u00e7o Social das Estradas de Ferro &#8211; SESF, que ir\u00e1 compor a mesa juntamente com Jos\u00e9 Osvaldo Cruz, coordenador de Rela\u00e7\u00f5es Institucionais da FCA e S\u00e1vio Neves Filho, Presidente da ABOTTC. Haver\u00e1 tamb\u00e9m confer\u00eancia magna com \u00c2ngelo Oswaldo, Prefeito de Ouro Preto, que abordar\u00e1 o tema: <em>Patrim\u00f4nio Hist\u00f3rico e Cultural &#8211; Pol\u00edticas P\u00fablicas para a Preserva\u00e7\u00e3o e Requalifica\u00e7\u00e3o.<\/em><\/p>\n<p style=\"text-align: justify;\">No mesmo dia ser\u00e3o discutidos temas importantes para o Patrim\u00f4nio Hist\u00f3rico e Cultural da regi\u00e3o. Haver\u00e1 a palestra de Luiz Fernando Martins, Gerente de Trens Tur\u00edsticos, juntamente com C\u00e1ssia T. Almeida, da FCA, que trar\u00e3o informa\u00e7\u00f5es sobre os Trens da Vale.<\/p>\n<p style=\"text-align: justify;\">Ainda no dia 19, Eleonora Santa Rosa, diretora do Santa Rosa Bureau Cultural e coordenadora geral do Trem da Vale, &nbsp;falar\u00e1 sobre &nbsp;as a\u00e7\u00f5es de Educa\u00e7\u00e3o Patrimonial realizadas no \u00e2mbito do Programa em Ouro Preto e Mariana.<\/p>\n<p style=\"text-align: justify;\">No s\u00e1bado, a programa\u00e7\u00e3o conta com Marcos Ant\u00f4nio Costa, que ir\u00e1 apresentar o Projeto Esta\u00e7\u00e3o Cultura e Geraldo Godoy, e far\u00e1 uma abordagem sobre Trens Tur\u00edsticos e Culturais e relatos da experi\u00eancia da ABPF. Ap\u00f3s os debates, haver\u00e1 uma visita guiada na Esta\u00e7\u00e3o de Ouro Preto, promovida pela equipe do Trem da Vale.<\/p>\n<p style=\"text-align: justify;\">J\u00e1 no dia 21, domingo, a programa\u00e7\u00e3o conta com o lan\u00e7amento do livro \u201cTrilhos &#038; Letras: uma antologia do trem\u201d, coordenado por Victor Jos\u00e9 Ferreira, e com o re-lan\u00e7amento dos Cat\u00e1logos de Entrevistas de Hist\u00f3ria Oral, produzidos pelo Vale Registrar, subprograma do Trem da Vale.<\/p>\n<p style=\"text-align: justify;\">Ainda neste dia ser\u00e1 oferecida uma programa\u00e7\u00e3o tur\u00edstica e cultural que inclui a viagem de trem, de Ouro Preto \u00e0 Mariana e visita \u00e0 cidade de Miguel Burnier. As inscri\u00e7\u00f5es para esta programa\u00e7\u00e3o dever\u00e3o ser feitas com anteced\u00eancia, devido ao n\u00famero limitado de vagas.<\/p>\n<p style=\"text-align: justify;\">Mais informa\u00e7\u00f5es podem ser obtidas pelos telefones: (21) 3232-9524 e (21) 71198564 ou pelos sites:<\/p>\n<p>www.trembrasil.org.br<\/p>\n<p>www.institutouniarte.org.br<\/p>\n<p>www.sesef.com.br<\/p>\n<p><img loading=\"lazy\" decoding=\"async\" class=\"alignnone size-medium\" title=\"ouropreto_2010_cartaz\" src=\"\/wp-content\/uploads\/ouropreto_2010_cartaz-212x300.jpg\" alt=\"ouropreto_2010_cartaz\" width=\"212\" height=\"300\"><\/p>\n<p>&nbsp;<\/p>\n","protected":false},"excerpt":{"rendered":"<p>A Esta\u00e7\u00e3o de Ouro Preto recebe entre os dias 19 e 21 de novembro o VII Semin\u00e1rio sobre Turismo Cultural Ferrovi\u00e1rio.<\/p>\n","protected":false},"author":1,"featured_media":567,"comment_status":"open","ping_status":"closed","sticky":false,"template":"","format":"standard","meta":{"footnotes":""},"categories":[2],"tags":[],"class_list":["post-334","post","type-post","status-publish","format-standard","has-post-thumbnail","hentry","category-destaques-home"],"yoast_head":"<!-- This site is optimized with the Yoast SEO plugin v26.1.1 - https:\/\/yoast.com\/wordpress\/plugins\/seo\/ -->\n<title>VII Semin\u00e1rio sobre Turismo Cultural Ferrovi\u00e1rio na Esta\u00e7\u00e3o de Ouro Preto &#8212; Trem da Vale<\/title>\n<meta name=\"robots\" content=\"index, follow, max-snippet:-1, max-image-preview:large, max-video-preview:-1\" \/>\n<link rel=\"canonical\" href=\"https:\/\/tremdavale.org\/pt\/vii-seminario-sobre-turismo-cultural-ferroviario-na-estacao-de-ouro-preto\/\" \/>\n<meta property=\"og:locale\" content=\"pt_PT\" \/>\n<meta property=\"og:type\" content=\"article\" \/>\n<meta property=\"og:title\" content=\"VII Semin\u00e1rio sobre Turismo Cultural Ferrovi\u00e1rio na Esta\u00e7\u00e3o de Ouro Preto &#8212; Trem da Vale\" \/>\n<meta property=\"og:description\" content=\"A Esta\u00e7\u00e3o de Ouro Preto recebe entre os dias 19 e 21 de novembro o VII Semin\u00e1rio sobre Turismo Cultural Ferrovi\u00e1rio.\" \/>\n<meta property=\"og:url\" content=\"https:\/\/tremdavale.org\/pt\/vii-seminario-sobre-turismo-cultural-ferroviario-na-estacao-de-ouro-preto\/\" \/>\n<meta property=\"og:site_name\" content=\"Trem da Vale\" \/>\n<meta property=\"article:published_time\" content=\"2011-09-11T21:19:00+00:00\" \/>\n<meta property=\"article:modified_time\" content=\"2025-10-10T11:57:00+00:00\" \/>\n<meta property=\"og:image\" content=\"https:\/\/tremdavale.org\/wp-content\/uploads\/ouropreto_2010_cartaz-212x300.jpg\" \/>\n\t<meta property=\"og:image:width\" content=\"212\" \/>\n\t<meta property=\"og:image:height\" content=\"300\" \/>\n\t<meta property=\"og:image:type\" content=\"image\/jpeg\" \/>\n<meta name=\"author\" content=\"admin\" \/>\n<meta name=\"twitter:card\" content=\"summary_large_image\" \/>\n<meta name=\"twitter:label1\" content=\"Escrito por\" \/>\n\t<meta name=\"twitter:data1\" content=\"admin\" \/>\n\t<meta name=\"twitter:label2\" content=\"Tempo estimado de leitura\" \/>\n\t<meta name=\"twitter:data2\" content=\"3 minutos\" \/>\n<script type=\"application\/ld+json\" class=\"yoast-schema-graph\">{\"@context\":\"https:\/\/schema.org\",\"@graph\":[{\"@type\":\"WebPage\",\"@id\":\"https:\/\/tremdavale.org\/pt\/vii-seminario-sobre-turismo-cultural-ferroviario-na-estacao-de-ouro-preto\/\",\"url\":\"https:\/\/tremdavale.org\/pt\/vii-seminario-sobre-turismo-cultural-ferroviario-na-estacao-de-ouro-preto\/\",\"name\":\"VII Semin\u00e1rio sobre Turismo Cultural Ferrovi\u00e1rio na Esta\u00e7\u00e3o de Ouro Preto &#8212; Trem da Vale\",\"isPartOf\":{\"@id\":\"https:\/\/tremdavale.org\/pt\/#website\"},\"primaryImageOfPage\":{\"@id\":\"https:\/\/tremdavale.org\/pt\/vii-seminario-sobre-turismo-cultural-ferroviario-na-estacao-de-ouro-preto\/#primaryimage\"},\"image\":{\"@id\":\"https:\/\/tremdavale.org\/pt\/vii-seminario-sobre-turismo-cultural-ferroviario-na-estacao-de-ouro-preto\/#primaryimage\"},\"thumbnailUrl\":\"https:\/\/tremdavale.org\/wp-content\/uploads\/ouropreto_2010_cartaz-212x300.jpg\",\"datePublished\":\"2011-09-11T21:19:00+00:00\",\"dateModified\":\"2025-10-10T11:57:00+00:00\",\"author\":{\"@id\":\"https:\/\/tremdavale.org\/pt\/#\/schema\/person\/50912137d47426d31329f246d02eaeca\"},\"breadcrumb\":{\"@id\":\"https:\/\/tremdavale.org\/pt\/vii-seminario-sobre-turismo-cultural-ferroviario-na-estacao-de-ouro-preto\/#breadcrumb\"},\"inLanguage\":\"pt-PT\",\"potentialAction\":[{\"@type\":\"ReadAction\",\"target\":[\"https:\/\/tremdavale.org\/pt\/vii-seminario-sobre-turismo-cultural-ferroviario-na-estacao-de-ouro-preto\/\"]}]},{\"@type\":\"ImageObject\",\"inLanguage\":\"pt-PT\",\"@id\":\"https:\/\/tremdavale.org\/pt\/vii-seminario-sobre-turismo-cultural-ferroviario-na-estacao-de-ouro-preto\/#primaryimage\",\"url\":\"https:\/\/tremdavale.org\/wp-content\/uploads\/ouropreto_2010_cartaz-212x300.jpg\",\"contentUrl\":\"https:\/\/tremdavale.org\/wp-content\/uploads\/ouropreto_2010_cartaz-212x300.jpg\",\"width\":212,\"height\":300},{\"@type\":\"BreadcrumbList\",\"@id\":\"https:\/\/tremdavale.org\/pt\/vii-seminario-sobre-turismo-cultural-ferroviario-na-estacao-de-ouro-preto\/#breadcrumb\",\"itemListElement\":[{\"@type\":\"ListItem\",\"position\":1,\"name\":\"In\u00edcio\",\"item\":\"https:\/\/tremdavale.org\/pt\/\"},{\"@type\":\"ListItem\",\"position\":2,\"name\":\"VII Semin\u00e1rio sobre Turismo Cultural Ferrovi\u00e1rio na Esta\u00e7\u00e3o de Ouro Preto\"}]},{\"@type\":\"WebSite\",\"@id\":\"https:\/\/tremdavale.org\/pt\/#website\",\"url\":\"https:\/\/tremdavale.org\/pt\/\",\"name\":\"Trem da Vale\",\"description\":\"Programa de Educa\u00e7\u00e3o Patrimonial\",\"potentialAction\":[{\"@type\":\"SearchAction\",\"target\":{\"@type\":\"EntryPoint\",\"urlTemplate\":\"https:\/\/tremdavale.org\/pt\/?s={search_term_string}\"},\"query-input\":{\"@type\":\"PropertyValueSpecification\",\"valueRequired\":true,\"valueName\":\"search_term_string\"}}],\"inLanguage\":\"pt-PT\"},{\"@type\":\"Person\",\"@id\":\"https:\/\/tremdavale.org\/pt\/#\/schema\/person\/50912137d47426d31329f246d02eaeca\",\"name\":\"admin\",\"image\":{\"@type\":\"ImageObject\",\"inLanguage\":\"pt-PT\",\"@id\":\"https:\/\/tremdavale.org\/pt\/#\/schema\/person\/image\/\",\"url\":\"https:\/\/secure.gravatar.com\/avatar\/b3564f0fda6ea47959fe96a4217203e79a167568a37409758659bc3ba443b452?s=96&d=mm&r=g\",\"contentUrl\":\"https:\/\/secure.gravatar.com\/avatar\/b3564f0fda6ea47959fe96a4217203e79a167568a37409758659bc3ba443b452?s=96&d=mm&r=g\",\"caption\":\"admin\"},\"sameAs\":[\"https:\/\/tremdavale.org\"],\"url\":\"https:\/\/tremdavale.org\/pt\/author\/admin\/\"}]}<\/script>\n<!-- \/ Yoast SEO plugin. -->","yoast_head_json":{"title":"VII Semin\u00e1rio sobre Turismo Cultural Ferrovi\u00e1rio na Esta\u00e7\u00e3o de Ouro Preto &#8212; Trem da Vale","robots":{"index":"index","follow":"follow","max-snippet":"max-snippet:-1","max-image-preview":"max-image-preview:large","max-video-preview":"max-video-preview:-1"},"canonical":"https:\/\/tremdavale.org\/pt\/vii-seminario-sobre-turismo-cultural-ferroviario-na-estacao-de-ouro-preto\/","og_locale":"pt_PT","og_type":"article","og_title":"VII Semin\u00e1rio sobre Turismo Cultural Ferrovi\u00e1rio na Esta\u00e7\u00e3o de Ouro Preto &#8212; Trem da Vale","og_description":"A Esta\u00e7\u00e3o de Ouro Preto recebe entre os dias 19 e 21 de novembro o VII Semin\u00e1rio sobre Turismo Cultural Ferrovi\u00e1rio.","og_url":"https:\/\/tremdavale.org\/pt\/vii-seminario-sobre-turismo-cultural-ferroviario-na-estacao-de-ouro-preto\/","og_site_name":"Trem da Vale","article_published_time":"2011-09-11T21:19:00+00:00","article_modified_time":"2025-10-10T11:57:00+00:00","og_image":[{"width":212,"height":300,"url":"https:\/\/tremdavale.org\/wp-content\/uploads\/ouropreto_2010_cartaz-212x300.jpg","type":"image\/jpeg"}],"author":"admin","twitter_card":"summary_large_image","twitter_misc":{"Escrito por":"admin","Tempo estimado de leitura":"3 minutos"},"schema":{"@context":"https:\/\/schema.org","@graph":[{"@type":"WebPage","@id":"https:\/\/tremdavale.org\/pt\/vii-seminario-sobre-turismo-cultural-ferroviario-na-estacao-de-ouro-preto\/","url":"https:\/\/tremdavale.org\/pt\/vii-seminario-sobre-turismo-cultural-ferroviario-na-estacao-de-ouro-preto\/","name":"VII Semin\u00e1rio sobre Turismo Cultural Ferrovi\u00e1rio na Esta\u00e7\u00e3o de Ouro Preto &#8212; Trem da Vale","isPartOf":{"@id":"https:\/\/tremdavale.org\/pt\/#website"},"primaryImageOfPage":{"@id":"https:\/\/tremdavale.org\/pt\/vii-seminario-sobre-turismo-cultural-ferroviario-na-estacao-de-ouro-preto\/#primaryimage"},"image":{"@id":"https:\/\/tremdavale.org\/pt\/vii-seminario-sobre-turismo-cultural-ferroviario-na-estacao-de-ouro-preto\/#primaryimage"},"thumbnailUrl":"https:\/\/tremdavale.org\/wp-content\/uploads\/ouropreto_2010_cartaz-212x300.jpg","datePublished":"2011-09-11T21:19:00+00:00","dateModified":"2025-10-10T11:57:00+00:00","author":{"@id":"https:\/\/tremdavale.org\/pt\/#\/schema\/person\/50912137d47426d31329f246d02eaeca"},"breadcrumb":{"@id":"https:\/\/tremdavale.org\/pt\/vii-seminario-sobre-turismo-cultural-ferroviario-na-estacao-de-ouro-preto\/#breadcrumb"},"inLanguage":"pt-PT","potentialAction":[{"@type":"ReadAction","target":["https:\/\/tremdavale.org\/pt\/vii-seminario-sobre-turismo-cultural-ferroviario-na-estacao-de-ouro-preto\/"]}]},{"@type":"ImageObject","inLanguage":"pt-PT","@id":"https:\/\/tremdavale.org\/pt\/vii-seminario-sobre-turismo-cultural-ferroviario-na-estacao-de-ouro-preto\/#primaryimage","url":"https:\/\/tremdavale.org\/wp-content\/uploads\/ouropreto_2010_cartaz-212x300.jpg","contentUrl":"https:\/\/tremdavale.org\/wp-content\/uploads\/ouropreto_2010_cartaz-212x300.jpg","width":212,"height":300},{"@type":"BreadcrumbList","@id":"https:\/\/tremdavale.org\/pt\/vii-seminario-sobre-turismo-cultural-ferroviario-na-estacao-de-ouro-preto\/#breadcrumb","itemListElement":[{"@type":"ListItem","position":1,"name":"In\u00edcio","item":"https:\/\/tremdavale.org\/pt\/"},{"@type":"ListItem","position":2,"name":"VII Semin\u00e1rio sobre Turismo Cultural Ferrovi\u00e1rio na Esta\u00e7\u00e3o de Ouro Preto"}]},{"@type":"WebSite","@id":"https:\/\/tremdavale.org\/pt\/#website","url":"https:\/\/tremdavale.org\/pt\/","name":"Trem da Vale","description":"Programa de Educa\u00e7\u00e3o Patrimonial","potentialAction":[{"@type":"SearchAction","target":{"@type":"EntryPoint","urlTemplate":"https:\/\/tremdavale.org\/pt\/?s={search_term_string}"},"query-input":{"@type":"PropertyValueSpecification","valueRequired":true,"valueName":"search_term_string"}}],"inLanguage":"pt-PT"},{"@type":"Person","@id":"https:\/\/tremdavale.org\/pt\/#\/schema\/person\/50912137d47426d31329f246d02eaeca","name":"admin","image":{"@type":"ImageObject","inLanguage":"pt-PT","@id":"https:\/\/tremdavale.org\/pt\/#\/schema\/person\/image\/","url":"https:\/\/secure.gravatar.com\/avatar\/b3564f0fda6ea47959fe96a4217203e79a167568a37409758659bc3ba443b452?s=96&d=mm&r=g","contentUrl":"https:\/\/secure.gravatar.com\/avatar\/b3564f0fda6ea47959fe96a4217203e79a167568a37409758659bc3ba443b452?s=96&d=mm&r=g","caption":"admin"},"sameAs":["https:\/\/tremdavale.org"],"url":"https:\/\/tremdavale.org\/pt\/author\/admin\/"}]}},"_links":{"self":[{"href":"https:\/\/tremdavale.org\/pt\/wp-json\/wp\/v2\/posts\/334","targetHints":{"allow":["GET"]}}],"collection":[{"href":"https:\/\/tremdavale.org\/pt\/wp-json\/wp\/v2\/posts"}],"about":[{"href":"https:\/\/tremdavale.org\/pt\/wp-json\/wp\/v2\/types\/post"}],"author":[{"embeddable":true,"href":"https:\/\/tremdavale.org\/pt\/wp-json\/wp\/v2\/users\/1"}],"replies":[{"embeddable":true,"href":"https:\/\/tremdavale.org\/pt\/wp-json\/wp\/v2\/comments?post=334"}],"version-history":[{"count":0,"href":"https:\/\/tremdavale.org\/pt\/wp-json\/wp\/v2\/posts\/334\/revisions"}],"wp:featuredmedia":[{"embeddable":true,"href":"https:\/\/tremdavale.org\/pt\/wp-json\/wp\/v2\/media\/567"}],"wp:attachment":[{"href":"https:\/\/tremdavale.org\/pt\/wp-json\/wp\/v2\/media?parent=334"}],"wp:term":[{"taxonomy":"category","embeddable":true,"href":"https:\/\/tremdavale.org\/pt\/wp-json\/wp\/v2\/categories?post=334"},{"taxonomy":"post_tag","embeddable":true,"href":"https:\/\/tremdavale.org\/pt\/wp-json\/wp\/v2\/tags?post=334"}],"curies":[{"name":"wp","href":"https:\/\/api.w.org\/{rel}","templated":true}]}}