{"id":335,"date":"2011-09-12T00:57:00","date_gmt":"2011-09-12T00:57:00","guid":{"rendered":"https:\/\/tremdavale.org\/?p=335"},"modified":"2025-10-10T11:57:00","modified_gmt":"2025-10-10T11:57:00","slug":"volta-as-aulas-nos-trilhos-do-trem-da-vale","status":"publish","type":"post","link":"https:\/\/tremdavale.org\/pt\/volta-as-aulas-nos-trilhos-do-trem-da-vale\/","title":{"rendered":"Volta \u00e0s aulas nos trilhos do Trem da Vale!"},"content":{"rendered":"<p><img loading=\"lazy\" decoding=\"async\" class=\"size-medium\" title=\"em-dom-luciano-ed-infantil-15-04-10-tamara-marques-14\" src=\"\/wp-content\/uploads\/em-dom-luciano-ed-infantil-15-04-10-tamara-marques-14-300x199.jpg\" alt=\"Crian\u00e7as embarcando no Trem da Vale. Participantes do Circuito Rede de Ensino. \" width=\"300\" height=\"199\"><\/p>\n<p>Crian\u00e7as embarcando no Trem da Vale. Participantes do Circuito Rede de Ensino.<\/p>\n<p>&nbsp;<\/p>\n<p>Com o t\u00e9rmino das f\u00e9rias escolares chegou a hora dos alunos e professores das escolas p\u00fablicas de Ouro Preto, Mariana e regi\u00e3o se prepararem para mais um atarefado ano letivo.<!--more--><\/p>\n<p>Em 2011 o Trem da Vale dar\u00e1 continuidade ao <em><a href=\"\/pt\/educacao-patrimonial\/vale-promover\">Circuito Rede de Ensino<\/a><\/em> a\u00e7\u00e3o do subprograma <span style=\"text-decoration: underline;\"><a href=\"\/pt\/educacao-patrimonial\/vale-promover\">Vale Promover<\/a><\/span>, que proporciona aos alunos dessas escolas, passeios gratuitos de trem e visitas guiadas aos espa\u00e7os das Esta\u00e7\u00f5es.<\/p>\n<p>Essa iniciativa estimula o aprendizado atrav\u00e9s do contato com os bens culturais e patrimoniais da regi\u00e3o, oferecendo aos jovens uma op\u00e7\u00e3o de lazer cultural e educativo. No ano de 2010 foram atendidas mais de <strong>40<\/strong> escolas, beneficiando um total de <strong>2.971<\/strong> alunos e <strong>321<\/strong> professores. Para 2011, a previs\u00e3o \u00e9 de mais de&nbsp;<strong>4.500<\/strong> alunos beneficiados.<\/p>\n<p>&nbsp;<\/p>\n<p><img loading=\"lazy\" decoding=\"async\" class=\"size-medium\" src=\"\/wp-content\/uploads\/circuitos-escolas-publicas-300x223.jpg\" alt=\"Crian\u00e7as na Oficina da FCA. \" width=\"300\" height=\"223\"><\/p>\n<p>Crian\u00e7as na Oficina da FCA.<\/p>\n<p>&nbsp;<\/p>\n<p>Em Ouro Preto, as crian\u00e7as visitam o Vag\u00e3o Biblioteca, o Vag\u00e3o Sonoro-Ambiental, a Sala da Maquete Ferrovi\u00e1ria, a Tenda Cultural e o Espa\u00e7o UFOP. Em Mariana, alunos conhecem a Biblioteca da Esta\u00e7\u00e3o, com um acervo de mais de 4.000 mil livros, a Pra\u00e7a L\u00fadico-Musical, o Vag\u00e3o dos Sentidos, o Hall Multim\u00eddia, a Sala Multiuso e a oficina da Ferrovia Centro Atl\u00e2ntica (FCA), onde \u00e9 realizada a manuten\u00e7\u00e3o do equipamento ferrovi\u00e1rio.<\/p>\n<p><strong>As escolas interessadas em participar do Circuito Rede de Ensino podem entrar em contato com o Projeto Trem da Vale atrav\u00e9s dos telefones<\/strong>:<\/p>\n<p>Esta\u00e7\u00e3o de Ouro Preto &#8211; (31) 3551.7310<\/p>\n<p>Esta\u00e7\u00e3o de Mariana &#8211; (31) 3558.3104.<\/p>\n<p>&nbsp;<\/p>\n","protected":false},"excerpt":{"rendered":"<p>Crian\u00e7as embarcando no Trem da Vale. Participantes do Circuito Rede de Ensino. &nbsp; Com o t\u00e9rmino das f\u00e9rias escolares chegou a hora dos alunos e professores das escolas p\u00fablicas de Ouro Preto, Mariana e regi\u00e3o se prepararem para mais um atarefado ano letivo.<\/p>\n","protected":false},"author":1,"featured_media":568,"comment_status":"open","ping_status":"closed","sticky":false,"template":"","format":"standard","meta":{"footnotes":""},"categories":[2],"tags":[],"class_list":["post-335","post","type-post","status-publish","format-standard","has-post-thumbnail","hentry","category-destaques-home"],"yoast_head":"<!-- This site is optimized with the Yoast SEO plugin v26.1.1 - https:\/\/yoast.com\/wordpress\/plugins\/seo\/ -->\n<title>Volta \u00e0s aulas nos trilhos do Trem da Vale! &#8212; Trem da Vale<\/title>\n<meta name=\"robots\" content=\"index, follow, max-snippet:-1, max-image-preview:large, max-video-preview:-1\" \/>\n<link rel=\"canonical\" href=\"https:\/\/tremdavale.org\/pt\/volta-as-aulas-nos-trilhos-do-trem-da-vale\/\" \/>\n<meta property=\"og:locale\" content=\"pt_PT\" \/>\n<meta property=\"og:type\" content=\"article\" \/>\n<meta property=\"og:title\" content=\"Volta \u00e0s aulas nos trilhos do Trem da Vale! &#8212; Trem da Vale\" \/>\n<meta property=\"og:description\" content=\"Crian\u00e7as embarcando no Trem da Vale. Participantes do Circuito Rede de Ensino. &nbsp; Com o t\u00e9rmino das f\u00e9rias escolares chegou a hora dos alunos e professores das escolas p\u00fablicas de Ouro Preto, Mariana e regi\u00e3o se prepararem para mais um atarefado ano letivo.\" \/>\n<meta property=\"og:url\" content=\"https:\/\/tremdavale.org\/pt\/volta-as-aulas-nos-trilhos-do-trem-da-vale\/\" \/>\n<meta property=\"og:site_name\" content=\"Trem da Vale\" \/>\n<meta property=\"article:published_time\" content=\"2011-09-12T00:57:00+00:00\" \/>\n<meta property=\"article:modified_time\" content=\"2025-10-10T11:57:00+00:00\" \/>\n<meta property=\"og:image\" content=\"https:\/\/tremdavale.org\/wp-content\/uploads\/em-dom-luciano-ed-infantil-15-04-10-tamara-marques-14-300x199.jpg\" \/>\n\t<meta property=\"og:image:width\" content=\"300\" \/>\n\t<meta property=\"og:image:height\" content=\"199\" \/>\n\t<meta property=\"og:image:type\" content=\"image\/jpeg\" \/>\n<meta name=\"author\" content=\"admin\" \/>\n<meta name=\"twitter:card\" content=\"summary_large_image\" \/>\n<meta name=\"twitter:label1\" content=\"Escrito por\" \/>\n\t<meta name=\"twitter:data1\" content=\"admin\" \/>\n\t<meta name=\"twitter:label2\" content=\"Tempo estimado de leitura\" \/>\n\t<meta name=\"twitter:data2\" content=\"1 minuto\" \/>\n<script type=\"application\/ld+json\" class=\"yoast-schema-graph\">{\"@context\":\"https:\/\/schema.org\",\"@graph\":[{\"@type\":\"WebPage\",\"@id\":\"https:\/\/tremdavale.org\/pt\/volta-as-aulas-nos-trilhos-do-trem-da-vale\/\",\"url\":\"https:\/\/tremdavale.org\/pt\/volta-as-aulas-nos-trilhos-do-trem-da-vale\/\",\"name\":\"Volta \u00e0s aulas nos trilhos do Trem da Vale! &#8212; Trem da Vale\",\"isPartOf\":{\"@id\":\"https:\/\/tremdavale.org\/pt\/#website\"},\"primaryImageOfPage\":{\"@id\":\"https:\/\/tremdavale.org\/pt\/volta-as-aulas-nos-trilhos-do-trem-da-vale\/#primaryimage\"},\"image\":{\"@id\":\"https:\/\/tremdavale.org\/pt\/volta-as-aulas-nos-trilhos-do-trem-da-vale\/#primaryimage\"},\"thumbnailUrl\":\"https:\/\/tremdavale.org\/wp-content\/uploads\/em-dom-luciano-ed-infantil-15-04-10-tamara-marques-14-300x199.jpg\",\"datePublished\":\"2011-09-12T00:57:00+00:00\",\"dateModified\":\"2025-10-10T11:57:00+00:00\",\"author\":{\"@id\":\"https:\/\/tremdavale.org\/pt\/#\/schema\/person\/50912137d47426d31329f246d02eaeca\"},\"breadcrumb\":{\"@id\":\"https:\/\/tremdavale.org\/pt\/volta-as-aulas-nos-trilhos-do-trem-da-vale\/#breadcrumb\"},\"inLanguage\":\"pt-PT\",\"potentialAction\":[{\"@type\":\"ReadAction\",\"target\":[\"https:\/\/tremdavale.org\/pt\/volta-as-aulas-nos-trilhos-do-trem-da-vale\/\"]}]},{\"@type\":\"ImageObject\",\"inLanguage\":\"pt-PT\",\"@id\":\"https:\/\/tremdavale.org\/pt\/volta-as-aulas-nos-trilhos-do-trem-da-vale\/#primaryimage\",\"url\":\"https:\/\/tremdavale.org\/wp-content\/uploads\/em-dom-luciano-ed-infantil-15-04-10-tamara-marques-14-300x199.jpg\",\"contentUrl\":\"https:\/\/tremdavale.org\/wp-content\/uploads\/em-dom-luciano-ed-infantil-15-04-10-tamara-marques-14-300x199.jpg\",\"width\":300,\"height\":199},{\"@type\":\"BreadcrumbList\",\"@id\":\"https:\/\/tremdavale.org\/pt\/volta-as-aulas-nos-trilhos-do-trem-da-vale\/#breadcrumb\",\"itemListElement\":[{\"@type\":\"ListItem\",\"position\":1,\"name\":\"In\u00edcio\",\"item\":\"https:\/\/tremdavale.org\/pt\/\"},{\"@type\":\"ListItem\",\"position\":2,\"name\":\"Volta \u00e0s aulas nos trilhos do Trem da Vale!\"}]},{\"@type\":\"WebSite\",\"@id\":\"https:\/\/tremdavale.org\/pt\/#website\",\"url\":\"https:\/\/tremdavale.org\/pt\/\",\"name\":\"Trem da Vale\",\"description\":\"Programa de Educa\u00e7\u00e3o Patrimonial\",\"potentialAction\":[{\"@type\":\"SearchAction\",\"target\":{\"@type\":\"EntryPoint\",\"urlTemplate\":\"https:\/\/tremdavale.org\/pt\/?s={search_term_string}\"},\"query-input\":{\"@type\":\"PropertyValueSpecification\",\"valueRequired\":true,\"valueName\":\"search_term_string\"}}],\"inLanguage\":\"pt-PT\"},{\"@type\":\"Person\",\"@id\":\"https:\/\/tremdavale.org\/pt\/#\/schema\/person\/50912137d47426d31329f246d02eaeca\",\"name\":\"admin\",\"image\":{\"@type\":\"ImageObject\",\"inLanguage\":\"pt-PT\",\"@id\":\"https:\/\/tremdavale.org\/pt\/#\/schema\/person\/image\/\",\"url\":\"https:\/\/secure.gravatar.com\/avatar\/b3564f0fda6ea47959fe96a4217203e79a167568a37409758659bc3ba443b452?s=96&d=mm&r=g\",\"contentUrl\":\"https:\/\/secure.gravatar.com\/avatar\/b3564f0fda6ea47959fe96a4217203e79a167568a37409758659bc3ba443b452?s=96&d=mm&r=g\",\"caption\":\"admin\"},\"sameAs\":[\"https:\/\/tremdavale.org\"],\"url\":\"https:\/\/tremdavale.org\/pt\/author\/admin\/\"}]}<\/script>\n<!-- \/ Yoast SEO plugin. -->","yoast_head_json":{"title":"Volta \u00e0s aulas nos trilhos do Trem da Vale! &#8212; Trem da Vale","robots":{"index":"index","follow":"follow","max-snippet":"max-snippet:-1","max-image-preview":"max-image-preview:large","max-video-preview":"max-video-preview:-1"},"canonical":"https:\/\/tremdavale.org\/pt\/volta-as-aulas-nos-trilhos-do-trem-da-vale\/","og_locale":"pt_PT","og_type":"article","og_title":"Volta \u00e0s aulas nos trilhos do Trem da Vale! &#8212; Trem da Vale","og_description":"Crian\u00e7as embarcando no Trem da Vale. Participantes do Circuito Rede de Ensino. &nbsp; Com o t\u00e9rmino das f\u00e9rias escolares chegou a hora dos alunos e professores das escolas p\u00fablicas de Ouro Preto, Mariana e regi\u00e3o se prepararem para mais um atarefado ano letivo.","og_url":"https:\/\/tremdavale.org\/pt\/volta-as-aulas-nos-trilhos-do-trem-da-vale\/","og_site_name":"Trem da Vale","article_published_time":"2011-09-12T00:57:00+00:00","article_modified_time":"2025-10-10T11:57:00+00:00","og_image":[{"width":300,"height":199,"url":"https:\/\/tremdavale.org\/wp-content\/uploads\/em-dom-luciano-ed-infantil-15-04-10-tamara-marques-14-300x199.jpg","type":"image\/jpeg"}],"author":"admin","twitter_card":"summary_large_image","twitter_misc":{"Escrito por":"admin","Tempo estimado de leitura":"1 minuto"},"schema":{"@context":"https:\/\/schema.org","@graph":[{"@type":"WebPage","@id":"https:\/\/tremdavale.org\/pt\/volta-as-aulas-nos-trilhos-do-trem-da-vale\/","url":"https:\/\/tremdavale.org\/pt\/volta-as-aulas-nos-trilhos-do-trem-da-vale\/","name":"Volta \u00e0s aulas nos trilhos do Trem da Vale! &#8212; Trem da Vale","isPartOf":{"@id":"https:\/\/tremdavale.org\/pt\/#website"},"primaryImageOfPage":{"@id":"https:\/\/tremdavale.org\/pt\/volta-as-aulas-nos-trilhos-do-trem-da-vale\/#primaryimage"},"image":{"@id":"https:\/\/tremdavale.org\/pt\/volta-as-aulas-nos-trilhos-do-trem-da-vale\/#primaryimage"},"thumbnailUrl":"https:\/\/tremdavale.org\/wp-content\/uploads\/em-dom-luciano-ed-infantil-15-04-10-tamara-marques-14-300x199.jpg","datePublished":"2011-09-12T00:57:00+00:00","dateModified":"2025-10-10T11:57:00+00:00","author":{"@id":"https:\/\/tremdavale.org\/pt\/#\/schema\/person\/50912137d47426d31329f246d02eaeca"},"breadcrumb":{"@id":"https:\/\/tremdavale.org\/pt\/volta-as-aulas-nos-trilhos-do-trem-da-vale\/#breadcrumb"},"inLanguage":"pt-PT","potentialAction":[{"@type":"ReadAction","target":["https:\/\/tremdavale.org\/pt\/volta-as-aulas-nos-trilhos-do-trem-da-vale\/"]}]},{"@type":"ImageObject","inLanguage":"pt-PT","@id":"https:\/\/tremdavale.org\/pt\/volta-as-aulas-nos-trilhos-do-trem-da-vale\/#primaryimage","url":"https:\/\/tremdavale.org\/wp-content\/uploads\/em-dom-luciano-ed-infantil-15-04-10-tamara-marques-14-300x199.jpg","contentUrl":"https:\/\/tremdavale.org\/wp-content\/uploads\/em-dom-luciano-ed-infantil-15-04-10-tamara-marques-14-300x199.jpg","width":300,"height":199},{"@type":"BreadcrumbList","@id":"https:\/\/tremdavale.org\/pt\/volta-as-aulas-nos-trilhos-do-trem-da-vale\/#breadcrumb","itemListElement":[{"@type":"ListItem","position":1,"name":"In\u00edcio","item":"https:\/\/tremdavale.org\/pt\/"},{"@type":"ListItem","position":2,"name":"Volta \u00e0s aulas nos trilhos do Trem da Vale!"}]},{"@type":"WebSite","@id":"https:\/\/tremdavale.org\/pt\/#website","url":"https:\/\/tremdavale.org\/pt\/","name":"Trem da Vale","description":"Programa de Educa\u00e7\u00e3o Patrimonial","potentialAction":[{"@type":"SearchAction","target":{"@type":"EntryPoint","urlTemplate":"https:\/\/tremdavale.org\/pt\/?s={search_term_string}"},"query-input":{"@type":"PropertyValueSpecification","valueRequired":true,"valueName":"search_term_string"}}],"inLanguage":"pt-PT"},{"@type":"Person","@id":"https:\/\/tremdavale.org\/pt\/#\/schema\/person\/50912137d47426d31329f246d02eaeca","name":"admin","image":{"@type":"ImageObject","inLanguage":"pt-PT","@id":"https:\/\/tremdavale.org\/pt\/#\/schema\/person\/image\/","url":"https:\/\/secure.gravatar.com\/avatar\/b3564f0fda6ea47959fe96a4217203e79a167568a37409758659bc3ba443b452?s=96&d=mm&r=g","contentUrl":"https:\/\/secure.gravatar.com\/avatar\/b3564f0fda6ea47959fe96a4217203e79a167568a37409758659bc3ba443b452?s=96&d=mm&r=g","caption":"admin"},"sameAs":["https:\/\/tremdavale.org"],"url":"https:\/\/tremdavale.org\/pt\/author\/admin\/"}]}},"_links":{"self":[{"href":"https:\/\/tremdavale.org\/pt\/wp-json\/wp\/v2\/posts\/335","targetHints":{"allow":["GET"]}}],"collection":[{"href":"https:\/\/tremdavale.org\/pt\/wp-json\/wp\/v2\/posts"}],"about":[{"href":"https:\/\/tremdavale.org\/pt\/wp-json\/wp\/v2\/types\/post"}],"author":[{"embeddable":true,"href":"https:\/\/tremdavale.org\/pt\/wp-json\/wp\/v2\/users\/1"}],"replies":[{"embeddable":true,"href":"https:\/\/tremdavale.org\/pt\/wp-json\/wp\/v2\/comments?post=335"}],"version-history":[{"count":0,"href":"https:\/\/tremdavale.org\/pt\/wp-json\/wp\/v2\/posts\/335\/revisions"}],"wp:featuredmedia":[{"embeddable":true,"href":"https:\/\/tremdavale.org\/pt\/wp-json\/wp\/v2\/media\/568"}],"wp:attachment":[{"href":"https:\/\/tremdavale.org\/pt\/wp-json\/wp\/v2\/media?parent=335"}],"wp:term":[{"taxonomy":"category","embeddable":true,"href":"https:\/\/tremdavale.org\/pt\/wp-json\/wp\/v2\/categories?post=335"},{"taxonomy":"post_tag","embeddable":true,"href":"https:\/\/tremdavale.org\/pt\/wp-json\/wp\/v2\/tags?post=335"}],"curies":[{"name":"wp","href":"https:\/\/api.w.org\/{rel}","templated":true}]}}