{"id":336,"date":"2011-09-12T21:55:00","date_gmt":"2011-09-12T21:55:00","guid":{"rendered":"https:\/\/tremdavale.org\/?p=336"},"modified":"2025-10-10T11:57:00","modified_gmt":"2025-10-10T11:57:00","slug":"dia-v-nas-estacoes-336","status":"publish","type":"post","link":"https:\/\/tremdavale.org\/pt\/dia-v-nas-estacoes-336\/","title":{"rendered":"\u201cDia V\u201d nas esta\u00e7\u00f5es"},"content":{"rendered":"<p>No <em>Dia do Volunt\u00e1rio, a<\/em> equipe do Trem da Vale convida toda a comunidade a participar de atividades culturais nas Esta\u00e7\u00f5es de Ouro Preto e Mariana.<\/p>\n<p>Domingo, dia 06 de dezembro, ser\u00e1 comemorado o anivers\u00e1rio de 60 anos da Maria-fuma\u00e7a, com a apresenta\u00e7\u00e3o da \u201cSociedade Musical XV de Novembro\u201d e com a presen\u00e7a do Papai Noel.<\/p>\n<p>Haver\u00e1 distribui\u00e7\u00e3o de mudas para serem plantadas pelos moradores, pipoca e algod\u00e3o doce para as crian\u00e7as, e muitas outras atra\u00e7\u00f5es.<\/p>\n<p>Confira a programa\u00e7\u00e3o:<\/p>\n<p><span style=\"text-decoration: underline;\">Esta\u00e7\u00e3o de Ouro Preto<\/span><\/p>\n<ul type=\"square\">\n<li>9h25min: Chegada do Papai Noel no Trem e Apresenta\u00e7\u00e3o da \u201cSociedade Musical XV de Novembro\u201d<\/li>\n<li>11h: Distribui\u00e7\u00e3o de Pipoca e Algod\u00e3o Doce na Tenda Cultural<\/li>\n<li>O Dia Todo:&nbsp;Distribui\u00e7\u00e3o de mudas com poesias e de marcadores de livros com os oito objetivos do mil\u00eanio na Plataforma<\/li>\n<\/ul>\n<p><span style=\"text-decoration: underline;\">Esta\u00e7\u00e3o de Mariana:<\/span><\/p>\n<ul type=\"square\">\n<li>11h15: Parab\u00e9ns para a Maria Fuma\u00e7a com a participa\u00e7\u00e3o da&nbsp;\u201dSociedade Musical XV de Novembro\u201d&nbsp; (na Rotunda)<\/li>\n<li>15h00: Acolhida das crian\u00e7as da \u201cCasa de Passagem\u201d<\/li>\n<li>15h30: Brincadeiras na Pra\u00e7a L\u00fadico Musical<\/li>\n<li>16h30min: Chegada do Papai Noel no Trem<\/li>\n<li>O Dia Todo:&nbsp;Distribui\u00e7\u00e3o de mudas com poesias e de marcadores de livros com os oito objetivos do mil\u00eanio na Plataforma<\/li>\n<\/ul>\n<p>&nbsp;<\/p>\n","protected":false},"excerpt":{"rendered":"<p>No Dia do Volunt\u00e1rio, a equipe do Trem da Vale convida toda a comunidade a participar de atividades culturais nas Esta\u00e7\u00f5es de Ouro Preto e Mariana. Domingo, dia 06 de dezembro, ser\u00e1 comemorado o anivers\u00e1rio de 60 anos da Maria-fuma\u00e7a, com a apresenta\u00e7\u00e3o da \u201cSociedade Musical XV de Novembro\u201d e &hellip;<\/p>\n","protected":false},"author":1,"featured_media":0,"comment_status":"open","ping_status":"closed","sticky":false,"template":"","format":"standard","meta":{"footnotes":""},"categories":[3],"tags":[],"class_list":["post-336","post","type-post","status-publish","format-standard","hentry","category-noticias"],"yoast_head":"<!-- This site is optimized with the Yoast SEO plugin v26.1.1 - https:\/\/yoast.com\/wordpress\/plugins\/seo\/ -->\n<title>\u201cDia V\u201d nas esta\u00e7\u00f5es &#8212; Trem da Vale<\/title>\n<meta name=\"robots\" content=\"index, follow, max-snippet:-1, max-image-preview:large, max-video-preview:-1\" \/>\n<link rel=\"canonical\" href=\"https:\/\/tremdavale.org\/pt\/dia-v-nas-estacoes-336\/\" \/>\n<meta property=\"og:locale\" content=\"pt_PT\" \/>\n<meta property=\"og:type\" content=\"article\" \/>\n<meta property=\"og:title\" content=\"\u201cDia V\u201d nas esta\u00e7\u00f5es &#8212; Trem da Vale\" \/>\n<meta property=\"og:description\" content=\"No Dia do Volunt\u00e1rio, a equipe do Trem da Vale convida toda a comunidade a participar de atividades culturais nas Esta\u00e7\u00f5es de Ouro Preto e Mariana. Domingo, dia 06 de dezembro, ser\u00e1 comemorado o anivers\u00e1rio de 60 anos da Maria-fuma\u00e7a, com a apresenta\u00e7\u00e3o da \u201cSociedade Musical XV de Novembro\u201d e &hellip;\" \/>\n<meta property=\"og:url\" content=\"https:\/\/tremdavale.org\/pt\/dia-v-nas-estacoes-336\/\" \/>\n<meta property=\"og:site_name\" content=\"Trem da Vale\" \/>\n<meta property=\"article:published_time\" content=\"2011-09-12T21:55:00+00:00\" \/>\n<meta property=\"article:modified_time\" content=\"2025-10-10T11:57:00+00:00\" \/>\n<meta name=\"author\" content=\"admin\" \/>\n<meta name=\"twitter:card\" content=\"summary_large_image\" \/>\n<meta name=\"twitter:label1\" content=\"Escrito por\" \/>\n\t<meta name=\"twitter:data1\" content=\"admin\" \/>\n\t<meta name=\"twitter:label2\" content=\"Tempo estimado de leitura\" \/>\n\t<meta name=\"twitter:data2\" content=\"1 minuto\" \/>\n<script type=\"application\/ld+json\" class=\"yoast-schema-graph\">{\"@context\":\"https:\/\/schema.org\",\"@graph\":[{\"@type\":\"WebPage\",\"@id\":\"https:\/\/tremdavale.org\/pt\/dia-v-nas-estacoes-336\/\",\"url\":\"https:\/\/tremdavale.org\/pt\/dia-v-nas-estacoes-336\/\",\"name\":\"\u201cDia V\u201d nas esta\u00e7\u00f5es &#8212; Trem da Vale\",\"isPartOf\":{\"@id\":\"https:\/\/tremdavale.org\/pt\/#website\"},\"datePublished\":\"2011-09-12T21:55:00+00:00\",\"dateModified\":\"2025-10-10T11:57:00+00:00\",\"author\":{\"@id\":\"https:\/\/tremdavale.org\/pt\/#\/schema\/person\/50912137d47426d31329f246d02eaeca\"},\"breadcrumb\":{\"@id\":\"https:\/\/tremdavale.org\/pt\/dia-v-nas-estacoes-336\/#breadcrumb\"},\"inLanguage\":\"pt-PT\",\"potentialAction\":[{\"@type\":\"ReadAction\",\"target\":[\"https:\/\/tremdavale.org\/pt\/dia-v-nas-estacoes-336\/\"]}]},{\"@type\":\"BreadcrumbList\",\"@id\":\"https:\/\/tremdavale.org\/pt\/dia-v-nas-estacoes-336\/#breadcrumb\",\"itemListElement\":[{\"@type\":\"ListItem\",\"position\":1,\"name\":\"In\u00edcio\",\"item\":\"https:\/\/tremdavale.org\/pt\/\"},{\"@type\":\"ListItem\",\"position\":2,\"name\":\"\u201cDia V\u201d nas esta\u00e7\u00f5es\"}]},{\"@type\":\"WebSite\",\"@id\":\"https:\/\/tremdavale.org\/pt\/#website\",\"url\":\"https:\/\/tremdavale.org\/pt\/\",\"name\":\"Trem da Vale\",\"description\":\"Programa de Educa\u00e7\u00e3o Patrimonial\",\"potentialAction\":[{\"@type\":\"SearchAction\",\"target\":{\"@type\":\"EntryPoint\",\"urlTemplate\":\"https:\/\/tremdavale.org\/pt\/?s={search_term_string}\"},\"query-input\":{\"@type\":\"PropertyValueSpecification\",\"valueRequired\":true,\"valueName\":\"search_term_string\"}}],\"inLanguage\":\"pt-PT\"},{\"@type\":\"Person\",\"@id\":\"https:\/\/tremdavale.org\/pt\/#\/schema\/person\/50912137d47426d31329f246d02eaeca\",\"name\":\"admin\",\"image\":{\"@type\":\"ImageObject\",\"inLanguage\":\"pt-PT\",\"@id\":\"https:\/\/tremdavale.org\/pt\/#\/schema\/person\/image\/\",\"url\":\"https:\/\/secure.gravatar.com\/avatar\/b3564f0fda6ea47959fe96a4217203e79a167568a37409758659bc3ba443b452?s=96&d=mm&r=g\",\"contentUrl\":\"https:\/\/secure.gravatar.com\/avatar\/b3564f0fda6ea47959fe96a4217203e79a167568a37409758659bc3ba443b452?s=96&d=mm&r=g\",\"caption\":\"admin\"},\"sameAs\":[\"https:\/\/tremdavale.org\"],\"url\":\"https:\/\/tremdavale.org\/pt\/author\/admin\/\"}]}<\/script>\n<!-- \/ Yoast SEO plugin. -->","yoast_head_json":{"title":"\u201cDia V\u201d nas esta\u00e7\u00f5es &#8212; Trem da Vale","robots":{"index":"index","follow":"follow","max-snippet":"max-snippet:-1","max-image-preview":"max-image-preview:large","max-video-preview":"max-video-preview:-1"},"canonical":"https:\/\/tremdavale.org\/pt\/dia-v-nas-estacoes-336\/","og_locale":"pt_PT","og_type":"article","og_title":"\u201cDia V\u201d nas esta\u00e7\u00f5es &#8212; Trem da Vale","og_description":"No Dia do Volunt\u00e1rio, a equipe do Trem da Vale convida toda a comunidade a participar de atividades culturais nas Esta\u00e7\u00f5es de Ouro Preto e Mariana. Domingo, dia 06 de dezembro, ser\u00e1 comemorado o anivers\u00e1rio de 60 anos da Maria-fuma\u00e7a, com a apresenta\u00e7\u00e3o da \u201cSociedade Musical XV de Novembro\u201d e &hellip;","og_url":"https:\/\/tremdavale.org\/pt\/dia-v-nas-estacoes-336\/","og_site_name":"Trem da Vale","article_published_time":"2011-09-12T21:55:00+00:00","article_modified_time":"2025-10-10T11:57:00+00:00","author":"admin","twitter_card":"summary_large_image","twitter_misc":{"Escrito por":"admin","Tempo estimado de leitura":"1 minuto"},"schema":{"@context":"https:\/\/schema.org","@graph":[{"@type":"WebPage","@id":"https:\/\/tremdavale.org\/pt\/dia-v-nas-estacoes-336\/","url":"https:\/\/tremdavale.org\/pt\/dia-v-nas-estacoes-336\/","name":"\u201cDia V\u201d nas esta\u00e7\u00f5es &#8212; Trem da Vale","isPartOf":{"@id":"https:\/\/tremdavale.org\/pt\/#website"},"datePublished":"2011-09-12T21:55:00+00:00","dateModified":"2025-10-10T11:57:00+00:00","author":{"@id":"https:\/\/tremdavale.org\/pt\/#\/schema\/person\/50912137d47426d31329f246d02eaeca"},"breadcrumb":{"@id":"https:\/\/tremdavale.org\/pt\/dia-v-nas-estacoes-336\/#breadcrumb"},"inLanguage":"pt-PT","potentialAction":[{"@type":"ReadAction","target":["https:\/\/tremdavale.org\/pt\/dia-v-nas-estacoes-336\/"]}]},{"@type":"BreadcrumbList","@id":"https:\/\/tremdavale.org\/pt\/dia-v-nas-estacoes-336\/#breadcrumb","itemListElement":[{"@type":"ListItem","position":1,"name":"In\u00edcio","item":"https:\/\/tremdavale.org\/pt\/"},{"@type":"ListItem","position":2,"name":"\u201cDia V\u201d nas esta\u00e7\u00f5es"}]},{"@type":"WebSite","@id":"https:\/\/tremdavale.org\/pt\/#website","url":"https:\/\/tremdavale.org\/pt\/","name":"Trem da Vale","description":"Programa de Educa\u00e7\u00e3o Patrimonial","potentialAction":[{"@type":"SearchAction","target":{"@type":"EntryPoint","urlTemplate":"https:\/\/tremdavale.org\/pt\/?s={search_term_string}"},"query-input":{"@type":"PropertyValueSpecification","valueRequired":true,"valueName":"search_term_string"}}],"inLanguage":"pt-PT"},{"@type":"Person","@id":"https:\/\/tremdavale.org\/pt\/#\/schema\/person\/50912137d47426d31329f246d02eaeca","name":"admin","image":{"@type":"ImageObject","inLanguage":"pt-PT","@id":"https:\/\/tremdavale.org\/pt\/#\/schema\/person\/image\/","url":"https:\/\/secure.gravatar.com\/avatar\/b3564f0fda6ea47959fe96a4217203e79a167568a37409758659bc3ba443b452?s=96&d=mm&r=g","contentUrl":"https:\/\/secure.gravatar.com\/avatar\/b3564f0fda6ea47959fe96a4217203e79a167568a37409758659bc3ba443b452?s=96&d=mm&r=g","caption":"admin"},"sameAs":["https:\/\/tremdavale.org"],"url":"https:\/\/tremdavale.org\/pt\/author\/admin\/"}]}},"_links":{"self":[{"href":"https:\/\/tremdavale.org\/pt\/wp-json\/wp\/v2\/posts\/336","targetHints":{"allow":["GET"]}}],"collection":[{"href":"https:\/\/tremdavale.org\/pt\/wp-json\/wp\/v2\/posts"}],"about":[{"href":"https:\/\/tremdavale.org\/pt\/wp-json\/wp\/v2\/types\/post"}],"author":[{"embeddable":true,"href":"https:\/\/tremdavale.org\/pt\/wp-json\/wp\/v2\/users\/1"}],"replies":[{"embeddable":true,"href":"https:\/\/tremdavale.org\/pt\/wp-json\/wp\/v2\/comments?post=336"}],"version-history":[{"count":0,"href":"https:\/\/tremdavale.org\/pt\/wp-json\/wp\/v2\/posts\/336\/revisions"}],"wp:attachment":[{"href":"https:\/\/tremdavale.org\/pt\/wp-json\/wp\/v2\/media?parent=336"}],"wp:term":[{"taxonomy":"category","embeddable":true,"href":"https:\/\/tremdavale.org\/pt\/wp-json\/wp\/v2\/categories?post=336"},{"taxonomy":"post_tag","embeddable":true,"href":"https:\/\/tremdavale.org\/pt\/wp-json\/wp\/v2\/tags?post=336"}],"curies":[{"name":"wp","href":"https:\/\/api.w.org\/{rel}","templated":true}]}}