{"id":337,"date":"2011-09-10T16:46:00","date_gmt":"2011-09-10T16:46:00","guid":{"rendered":"https:\/\/tremdavale.org\/?p=337"},"modified":"2025-10-10T11:57:00","modified_gmt":"2025-10-10T11:57:00","slug":"exposicao-encontro-marcado-com-fernando-sabino","status":"publish","type":"post","link":"https:\/\/tremdavale.org\/pt\/exposicao-encontro-marcado-com-fernando-sabino\/","title":{"rendered":"\u201cExposi\u00e7\u00e3o Encontro Marcado com Fernando Sabino\u201d"},"content":{"rendered":"<p><img loading=\"lazy\" decoding=\"async\" class=\"size-full\" title=\"fernando-sabino\" src=\"\/wp-content\/uploads\/fernando-sabino.jpg\" alt=\"Fernando Sabino\" width=\"202\" height=\"258\"><\/p>\n<p>Fernando Sabino<\/p>\n<p>&nbsp;<\/p>\n<p>Depois de passar por 17 cidades em quatro Estados brasileiros, a exposi\u00e7\u00e3o \u201cEncontro Marcado com Fernando Sabino\u201d pode ser visitada nas esta\u00e7\u00f5es ferrovi\u00e1rias de Ouro Preto e Mariana, do Programa Trem da Vale.<!--more--><\/p>\n<p>Aberta durante o m\u00eas de julho, a exposi\u00e7\u00e3o oferece conte\u00fado de acesso gratuito sobre o \u00edcone mineiro da literatura nacional, propagando o trabalho do escritor, cronista, cineasta e jornalista com o intuito de levar \u00e0s novas gera\u00e7\u00f5es a ampla variedade de sua produ\u00e7\u00e3o.<\/p>\n<p>A exposi\u00e7\u00e3o busca despertar no p\u00fablico o interesse pela arte, por meio das particularidades do escritor como fatos biogr\u00e1ficos e fotos, al\u00e9m de literatura e mostra de filmes relacionados.<\/p>\n<p>Alunos da rede estadual e municipal de ensino da cidade de Ouro Preto participam da exposi\u00e7\u00e3o por meio das atividades propostas pelo Programa de Educa\u00e7\u00e3o Patrimonial Trem da Vale.<\/p>\n<p>Ainda este ano, a exposi\u00e7\u00e3o deve passar pelas cidades mineiras de Jana\u00faba,&nbsp; Pirapora, Rio Pardo de Minas, Juiz de Fora, Una\u00ed, Salinas, Montes Claros, Bom Despacho e Par\u00e1 de Minas.<\/p>\n<p><strong>Exposi\u00e7\u00e3o \u201cEncontro Marcado com Fernando Sabino\u201d<\/strong><\/p>\n<p><strong>De 07 de julho a 20 de agosto de 2010<\/strong><\/p>\n<p><strong>Esta\u00e7\u00f5es de Ouro Preto e Mariana do Trem da Vale<\/strong><\/p>\n<p>&nbsp;<\/p>\n<p><strong>Informa\u00e7\u00f5es: 31-3551-7310<\/strong><\/p>\n<p>&nbsp;<\/p>\n","protected":false},"excerpt":{"rendered":"<p>Fernando Sabino &nbsp; Depois de passar por 17 cidades em quatro Estados brasileiros, a exposi\u00e7\u00e3o \u201cEncontro Marcado com Fernando Sabino\u201d pode ser visitada nas esta\u00e7\u00f5es ferrovi\u00e1rias de Ouro Preto e Mariana, do Programa Trem da Vale.<\/p>\n","protected":false},"author":1,"featured_media":569,"comment_status":"open","ping_status":"closed","sticky":false,"template":"","format":"standard","meta":{"footnotes":""},"categories":[3],"tags":[],"class_list":["post-337","post","type-post","status-publish","format-standard","has-post-thumbnail","hentry","category-noticias"],"yoast_head":"<!-- This site is optimized with the Yoast SEO plugin v26.1.1 - https:\/\/yoast.com\/wordpress\/plugins\/seo\/ -->\n<title>\u201cExposi\u00e7\u00e3o Encontro Marcado com Fernando Sabino\u201d &#8212; Trem da Vale<\/title>\n<meta name=\"robots\" content=\"index, follow, max-snippet:-1, max-image-preview:large, max-video-preview:-1\" \/>\n<link rel=\"canonical\" href=\"https:\/\/tremdavale.org\/pt\/exposicao-encontro-marcado-com-fernando-sabino\/\" \/>\n<meta property=\"og:locale\" content=\"pt_PT\" \/>\n<meta property=\"og:type\" content=\"article\" \/>\n<meta property=\"og:title\" content=\"\u201cExposi\u00e7\u00e3o Encontro Marcado com Fernando Sabino\u201d &#8212; Trem da Vale\" \/>\n<meta property=\"og:description\" content=\"Fernando Sabino &nbsp; Depois de passar por 17 cidades em quatro Estados brasileiros, a exposi\u00e7\u00e3o \u201cEncontro Marcado com Fernando Sabino\u201d pode ser visitada nas esta\u00e7\u00f5es ferrovi\u00e1rias de Ouro Preto e Mariana, do Programa Trem da Vale.\" \/>\n<meta property=\"og:url\" content=\"https:\/\/tremdavale.org\/pt\/exposicao-encontro-marcado-com-fernando-sabino\/\" \/>\n<meta property=\"og:site_name\" content=\"Trem da Vale\" \/>\n<meta property=\"article:published_time\" content=\"2011-09-10T16:46:00+00:00\" \/>\n<meta property=\"article:modified_time\" content=\"2025-10-10T11:57:00+00:00\" \/>\n<meta property=\"og:image\" content=\"https:\/\/tremdavale.org\/wp-content\/uploads\/fernando-sabino.jpg\" \/>\n\t<meta property=\"og:image:width\" content=\"360\" \/>\n\t<meta property=\"og:image:height\" content=\"460\" \/>\n\t<meta property=\"og:image:type\" content=\"image\/jpeg\" \/>\n<meta name=\"author\" content=\"admin\" \/>\n<meta name=\"twitter:card\" content=\"summary_large_image\" \/>\n<meta name=\"twitter:label1\" content=\"Escrito por\" \/>\n\t<meta name=\"twitter:data1\" content=\"admin\" \/>\n\t<meta name=\"twitter:label2\" content=\"Tempo estimado de leitura\" \/>\n\t<meta name=\"twitter:data2\" content=\"1 minuto\" \/>\n<script type=\"application\/ld+json\" class=\"yoast-schema-graph\">{\"@context\":\"https:\/\/schema.org\",\"@graph\":[{\"@type\":\"WebPage\",\"@id\":\"https:\/\/tremdavale.org\/pt\/exposicao-encontro-marcado-com-fernando-sabino\/\",\"url\":\"https:\/\/tremdavale.org\/pt\/exposicao-encontro-marcado-com-fernando-sabino\/\",\"name\":\"\u201cExposi\u00e7\u00e3o Encontro Marcado com Fernando Sabino\u201d &#8212; Trem da Vale\",\"isPartOf\":{\"@id\":\"https:\/\/tremdavale.org\/pt\/#website\"},\"primaryImageOfPage\":{\"@id\":\"https:\/\/tremdavale.org\/pt\/exposicao-encontro-marcado-com-fernando-sabino\/#primaryimage\"},\"image\":{\"@id\":\"https:\/\/tremdavale.org\/pt\/exposicao-encontro-marcado-com-fernando-sabino\/#primaryimage\"},\"thumbnailUrl\":\"https:\/\/tremdavale.org\/wp-content\/uploads\/fernando-sabino.jpg\",\"datePublished\":\"2011-09-10T16:46:00+00:00\",\"dateModified\":\"2025-10-10T11:57:00+00:00\",\"author\":{\"@id\":\"https:\/\/tremdavale.org\/pt\/#\/schema\/person\/50912137d47426d31329f246d02eaeca\"},\"breadcrumb\":{\"@id\":\"https:\/\/tremdavale.org\/pt\/exposicao-encontro-marcado-com-fernando-sabino\/#breadcrumb\"},\"inLanguage\":\"pt-PT\",\"potentialAction\":[{\"@type\":\"ReadAction\",\"target\":[\"https:\/\/tremdavale.org\/pt\/exposicao-encontro-marcado-com-fernando-sabino\/\"]}]},{\"@type\":\"ImageObject\",\"inLanguage\":\"pt-PT\",\"@id\":\"https:\/\/tremdavale.org\/pt\/exposicao-encontro-marcado-com-fernando-sabino\/#primaryimage\",\"url\":\"https:\/\/tremdavale.org\/wp-content\/uploads\/fernando-sabino.jpg\",\"contentUrl\":\"https:\/\/tremdavale.org\/wp-content\/uploads\/fernando-sabino.jpg\",\"width\":360,\"height\":460},{\"@type\":\"BreadcrumbList\",\"@id\":\"https:\/\/tremdavale.org\/pt\/exposicao-encontro-marcado-com-fernando-sabino\/#breadcrumb\",\"itemListElement\":[{\"@type\":\"ListItem\",\"position\":1,\"name\":\"In\u00edcio\",\"item\":\"https:\/\/tremdavale.org\/pt\/\"},{\"@type\":\"ListItem\",\"position\":2,\"name\":\"\u201cExposi\u00e7\u00e3o Encontro Marcado com Fernando Sabino\u201d\"}]},{\"@type\":\"WebSite\",\"@id\":\"https:\/\/tremdavale.org\/pt\/#website\",\"url\":\"https:\/\/tremdavale.org\/pt\/\",\"name\":\"Trem da Vale\",\"description\":\"Programa de Educa\u00e7\u00e3o Patrimonial\",\"potentialAction\":[{\"@type\":\"SearchAction\",\"target\":{\"@type\":\"EntryPoint\",\"urlTemplate\":\"https:\/\/tremdavale.org\/pt\/?s={search_term_string}\"},\"query-input\":{\"@type\":\"PropertyValueSpecification\",\"valueRequired\":true,\"valueName\":\"search_term_string\"}}],\"inLanguage\":\"pt-PT\"},{\"@type\":\"Person\",\"@id\":\"https:\/\/tremdavale.org\/pt\/#\/schema\/person\/50912137d47426d31329f246d02eaeca\",\"name\":\"admin\",\"image\":{\"@type\":\"ImageObject\",\"inLanguage\":\"pt-PT\",\"@id\":\"https:\/\/tremdavale.org\/pt\/#\/schema\/person\/image\/\",\"url\":\"https:\/\/secure.gravatar.com\/avatar\/b3564f0fda6ea47959fe96a4217203e79a167568a37409758659bc3ba443b452?s=96&d=mm&r=g\",\"contentUrl\":\"https:\/\/secure.gravatar.com\/avatar\/b3564f0fda6ea47959fe96a4217203e79a167568a37409758659bc3ba443b452?s=96&d=mm&r=g\",\"caption\":\"admin\"},\"sameAs\":[\"https:\/\/tremdavale.org\"],\"url\":\"https:\/\/tremdavale.org\/pt\/author\/admin\/\"}]}<\/script>\n<!-- \/ Yoast SEO plugin. -->","yoast_head_json":{"title":"\u201cExposi\u00e7\u00e3o Encontro Marcado com Fernando Sabino\u201d &#8212; Trem da Vale","robots":{"index":"index","follow":"follow","max-snippet":"max-snippet:-1","max-image-preview":"max-image-preview:large","max-video-preview":"max-video-preview:-1"},"canonical":"https:\/\/tremdavale.org\/pt\/exposicao-encontro-marcado-com-fernando-sabino\/","og_locale":"pt_PT","og_type":"article","og_title":"\u201cExposi\u00e7\u00e3o Encontro Marcado com Fernando Sabino\u201d &#8212; Trem da Vale","og_description":"Fernando Sabino &nbsp; Depois de passar por 17 cidades em quatro Estados brasileiros, a exposi\u00e7\u00e3o \u201cEncontro Marcado com Fernando Sabino\u201d pode ser visitada nas esta\u00e7\u00f5es ferrovi\u00e1rias de Ouro Preto e Mariana, do Programa Trem da Vale.","og_url":"https:\/\/tremdavale.org\/pt\/exposicao-encontro-marcado-com-fernando-sabino\/","og_site_name":"Trem da Vale","article_published_time":"2011-09-10T16:46:00+00:00","article_modified_time":"2025-10-10T11:57:00+00:00","og_image":[{"width":360,"height":460,"url":"https:\/\/tremdavale.org\/wp-content\/uploads\/fernando-sabino.jpg","type":"image\/jpeg"}],"author":"admin","twitter_card":"summary_large_image","twitter_misc":{"Escrito por":"admin","Tempo estimado de leitura":"1 minuto"},"schema":{"@context":"https:\/\/schema.org","@graph":[{"@type":"WebPage","@id":"https:\/\/tremdavale.org\/pt\/exposicao-encontro-marcado-com-fernando-sabino\/","url":"https:\/\/tremdavale.org\/pt\/exposicao-encontro-marcado-com-fernando-sabino\/","name":"\u201cExposi\u00e7\u00e3o Encontro Marcado com Fernando Sabino\u201d &#8212; Trem da Vale","isPartOf":{"@id":"https:\/\/tremdavale.org\/pt\/#website"},"primaryImageOfPage":{"@id":"https:\/\/tremdavale.org\/pt\/exposicao-encontro-marcado-com-fernando-sabino\/#primaryimage"},"image":{"@id":"https:\/\/tremdavale.org\/pt\/exposicao-encontro-marcado-com-fernando-sabino\/#primaryimage"},"thumbnailUrl":"https:\/\/tremdavale.org\/wp-content\/uploads\/fernando-sabino.jpg","datePublished":"2011-09-10T16:46:00+00:00","dateModified":"2025-10-10T11:57:00+00:00","author":{"@id":"https:\/\/tremdavale.org\/pt\/#\/schema\/person\/50912137d47426d31329f246d02eaeca"},"breadcrumb":{"@id":"https:\/\/tremdavale.org\/pt\/exposicao-encontro-marcado-com-fernando-sabino\/#breadcrumb"},"inLanguage":"pt-PT","potentialAction":[{"@type":"ReadAction","target":["https:\/\/tremdavale.org\/pt\/exposicao-encontro-marcado-com-fernando-sabino\/"]}]},{"@type":"ImageObject","inLanguage":"pt-PT","@id":"https:\/\/tremdavale.org\/pt\/exposicao-encontro-marcado-com-fernando-sabino\/#primaryimage","url":"https:\/\/tremdavale.org\/wp-content\/uploads\/fernando-sabino.jpg","contentUrl":"https:\/\/tremdavale.org\/wp-content\/uploads\/fernando-sabino.jpg","width":360,"height":460},{"@type":"BreadcrumbList","@id":"https:\/\/tremdavale.org\/pt\/exposicao-encontro-marcado-com-fernando-sabino\/#breadcrumb","itemListElement":[{"@type":"ListItem","position":1,"name":"In\u00edcio","item":"https:\/\/tremdavale.org\/pt\/"},{"@type":"ListItem","position":2,"name":"\u201cExposi\u00e7\u00e3o Encontro Marcado com Fernando Sabino\u201d"}]},{"@type":"WebSite","@id":"https:\/\/tremdavale.org\/pt\/#website","url":"https:\/\/tremdavale.org\/pt\/","name":"Trem da Vale","description":"Programa de Educa\u00e7\u00e3o Patrimonial","potentialAction":[{"@type":"SearchAction","target":{"@type":"EntryPoint","urlTemplate":"https:\/\/tremdavale.org\/pt\/?s={search_term_string}"},"query-input":{"@type":"PropertyValueSpecification","valueRequired":true,"valueName":"search_term_string"}}],"inLanguage":"pt-PT"},{"@type":"Person","@id":"https:\/\/tremdavale.org\/pt\/#\/schema\/person\/50912137d47426d31329f246d02eaeca","name":"admin","image":{"@type":"ImageObject","inLanguage":"pt-PT","@id":"https:\/\/tremdavale.org\/pt\/#\/schema\/person\/image\/","url":"https:\/\/secure.gravatar.com\/avatar\/b3564f0fda6ea47959fe96a4217203e79a167568a37409758659bc3ba443b452?s=96&d=mm&r=g","contentUrl":"https:\/\/secure.gravatar.com\/avatar\/b3564f0fda6ea47959fe96a4217203e79a167568a37409758659bc3ba443b452?s=96&d=mm&r=g","caption":"admin"},"sameAs":["https:\/\/tremdavale.org"],"url":"https:\/\/tremdavale.org\/pt\/author\/admin\/"}]}},"_links":{"self":[{"href":"https:\/\/tremdavale.org\/pt\/wp-json\/wp\/v2\/posts\/337","targetHints":{"allow":["GET"]}}],"collection":[{"href":"https:\/\/tremdavale.org\/pt\/wp-json\/wp\/v2\/posts"}],"about":[{"href":"https:\/\/tremdavale.org\/pt\/wp-json\/wp\/v2\/types\/post"}],"author":[{"embeddable":true,"href":"https:\/\/tremdavale.org\/pt\/wp-json\/wp\/v2\/users\/1"}],"replies":[{"embeddable":true,"href":"https:\/\/tremdavale.org\/pt\/wp-json\/wp\/v2\/comments?post=337"}],"version-history":[{"count":0,"href":"https:\/\/tremdavale.org\/pt\/wp-json\/wp\/v2\/posts\/337\/revisions"}],"wp:featuredmedia":[{"embeddable":true,"href":"https:\/\/tremdavale.org\/pt\/wp-json\/wp\/v2\/media\/569"}],"wp:attachment":[{"href":"https:\/\/tremdavale.org\/pt\/wp-json\/wp\/v2\/media?parent=337"}],"wp:term":[{"taxonomy":"category","embeddable":true,"href":"https:\/\/tremdavale.org\/pt\/wp-json\/wp\/v2\/categories?post=337"},{"taxonomy":"post_tag","embeddable":true,"href":"https:\/\/tremdavale.org\/pt\/wp-json\/wp\/v2\/tags?post=337"}],"curies":[{"name":"wp","href":"https:\/\/api.w.org\/{rel}","templated":true}]}}