{"id":35,"date":"2011-09-11T22:07:00","date_gmt":"2011-09-11T22:07:00","guid":{"rendered":"https:\/\/tremdavale.org\/?p=35"},"modified":"2025-10-10T11:57:00","modified_gmt":"2025-10-10T11:57:00","slug":"2-curso-de-video-em-educacao-patrimonial-para-comunidade-escolar","status":"publish","type":"post","link":"https:\/\/tremdavale.org\/pt\/2-curso-de-video-em-educacao-patrimonial-para-comunidade-escolar\/","title":{"rendered":"2\u00ba Curso de v\u00eddeo em educa\u00e7\u00e3o patrimonial para comunidade escolar"},"content":{"rendered":"<p style=\"text-align: justify;\">Nos dias 25 e 26 de abril de 2011, teve in\u00edcio o 2\u00ba Curso de V\u00eddeo em Educa\u00e7\u00e3o Patrimonial para Comunidade Escolar, nas Esta\u00e7\u00f5es de Mariana e de Ouro Preto, respectivamente.<\/p>\n<p>&nbsp;<\/p>\n<p><img loading=\"lazy\" decoding=\"async\" class=\"size-medium\" title=\"02-2c2ba-curso-de-video-em-educacao-patrimonial-para-comunidade-escolar-op\" src=\"\/wp-content\/uploads\/02-2c2ba-curso-de-video-em-educacao-patrimonial-para-comunidade-escolar-op-300x199.jpg\" alt=\"Os professores Douglas Aparecido e Eduardo Moreira acompanham os alunos do 2\u00ba Curso de V\u00eddeo em Educa\u00e7\u00e3o Patrimonial para Comunidade Escolar, num exerc\u00edcio com a c\u00e2mera, no primeiro dia do curso na Sala Multiuso da Esta\u00e7\u00e3o Ferrovi\u00e1ria de Ouro Preto. Foto: Rafael Santos\" width=\"300\" height=\"199\"><\/p>\n<p>Os professores Douglas Aparecido e Eduardo Moreira acompanham os alunos do 2\u00ba Curso de V\u00eddeo em Educa\u00e7\u00e3o Patrimonial para Comunidade Escolar, num exerc\u00edcio com a c\u00e2mera, no primeiro dia do curso na Sala Multiuso da Esta\u00e7\u00e3o Ferrovi\u00e1ria de Ouro Preto. Foto: Rafael Santos<\/p>\n<p>&nbsp;<\/p>\n<p style=\"text-align: justify;\">Esta atividade do Vale Registrar, que integra o Programa de Educa\u00e7\u00e3o Patrimonial Trem da Vale, tem como objetivo apresentar os conceitos b\u00e1sicos da realiza\u00e7\u00e3o audiovisual e da Educa\u00e7\u00e3o Patrimonial, buscando documentar e valorizar o patrim\u00f4nio cultural de Mariana e de Ouro Preto, utilizando espa\u00e7os e equipamentos existentes nas esta\u00e7\u00f5es ferrovi\u00e1rias do Trem da Vale.<\/p>\n<p>&nbsp;<\/p>\n<p><img loading=\"lazy\" decoding=\"async\" class=\"size-medium\" title=\"01-2c2ba-curso-de-video-em-educacao-patrimonial-para-comunidade-escolar-op\" src=\"\/wp-content\/uploads\/01-2c2ba-curso-de-video-em-educacao-patrimonial-para-comunidade-escolar-op-300x199.jpg\" alt=\"O Professor, Eduardo Moreira, da explica\u00e7\u00e3o sobre a c\u00e2mera de grava\u00e7\u00e3o aos alunos do 2\u00ba Curso de V\u00eddeo em Educa\u00e7\u00e3o Patrimonial para Comunidade Escolar no primeiro dia do curso na Sala Multiuso da Esta\u00e7\u00e3o Ferrovi\u00e1ria de Mariana. Foto: Rafael Santos\" width=\"300\" height=\"199\"><\/p>\n<p>A professora Maria Agripina com os alunos da etapa Ouro Preto do 2\u00ba Curso de V\u00eddeo em Educa\u00e7\u00e3o Patrimonial para Comunidade Escolar, no primeiro dia do curso na Sala Multiuso da Esta\u00e7\u00e3o Ferrovi\u00e1ria de Ouro Preto. Foto: Rafael Santos<\/p>\n<p>&nbsp;<\/p>\n<p style=\"text-align: justify;\">A proposta&nbsp;do&nbsp;curso \u00e9 que alunos e professores da 4\u00aa e 5\u00aa s\u00e9ries do ensino fundamental de institui\u00e7\u00e3o escolar selecionada de Ouro Preto e de Mariana produzam v\u00eddeos, utilizando-os como ferramenta para debater temas como mem\u00f3ria e identidade, com enfoque, em especial, para conte\u00fados relacionados ao patrim\u00f4nio cultural dessas cidades.<\/p>\n<p style=\"text-align: justify;\">As atividades do curso ser\u00e3o realizadas no per\u00edodo de 25 de abril a 24 de maio de 2011, em nove dias em cada cidade, durante quatro horas di\u00e1rias, no per\u00edodo da manh\u00e3, de 07 \u00e0s 11 horas; sendo que, \u00e0s segundas e quartas-feiras em espa\u00e7os da Esta\u00e7\u00e3o de Mariana, e \u00e0s ter\u00e7as e quintas-feiras na Esta\u00e7\u00e3o de Ouro Preto.<\/p>\n<p style=\"text-align: justify;\">No total, o curso conta com a participa\u00e7\u00e3o de 50 alunos, entre 09 e 10 anos de idade, acompanhados de seus professores. Em Mariana, as 25 crian\u00e7as participantes estudam na Escola Estadual Doutor Gomes Freire e s\u00e3o acompanhadas pela professora Maria da Consola\u00e7\u00e3o Semin. Em Ouro Preto, as 25 crian\u00e7as participantes estudam na Escola Estadual Mar\u00edlia de Dirceu e s\u00e3o acompanhadas pelas professoras L\u00facia Maria Medeiros e Aparecida Maria dos Santos.<\/p>\n<p>&nbsp;<\/p>\n<p><img loading=\"lazy\" decoding=\"async\" class=\"size-medium\" title=\"03-2c2ba-curso-de-video-em-educacao-patrimonial-para-comunidade-escolar\" src=\"\/wp-content\/uploads\/03-2c2ba-curso-de-video-em-educacao-patrimonial-para-comunidade-escolar-300x199.jpg\" alt=\"Os alunos do 2\u00ba Curso de V\u00eddeo em Educa\u00e7\u00e3o Patrimonial para Comunidade Escolar em atividade no segundo dia de curso no Vag\u00e3o Caf\u00e9 na Esta\u00e7\u00e3o Ferrovi\u00e1ria de Mariana. Foto: Rosilene Figueiredo\" width=\"300\" height=\"199\"><\/p>\n<p>Os alunos do 2\u00ba Curso de V\u00eddeo em Educa\u00e7\u00e3o Patrimonial para Comunidade Escolar em atividade no segundo dia de curso no Vag\u00e3o Caf\u00e9 na Esta\u00e7\u00e3o Ferrovi\u00e1ria de Mariana. Foto: Rosilene Figueiredo<\/p>\n<p>&nbsp;<\/p>\n<p style=\"text-align: justify;\">Durante a realiza\u00e7\u00e3o do curso, os professores e alunos participantes, em cada cidade, trabalhar\u00e3o os princ\u00edpios te\u00f3ricos e pr\u00e1ticos para a produ\u00e7\u00e3o de v\u00eddeodocument\u00e1rios de curta dura\u00e7\u00e3o, desde a pesquisa sobre o patrim\u00f4nio cultural, o registro audiovisual at\u00e9 a edi\u00e7\u00e3o de um v\u00eddeo abordando bens culturais representativos da regi\u00e3o, escolhidos pelos pr\u00f3prios participantes. Pretende-se, assim, capacit\u00e1-los para a elabora\u00e7\u00e3o de produtos culturais e educacionais a serem empregados nas escolas locais.<\/p>\n<p style=\"text-align: justify;\">No \u00faltimo dia de atividade, os participantes assistir\u00e3o \u00e0 exibi\u00e7\u00e3o dos 04 v\u00eddeos produzidos por eles (02 em cada cidade), com a orienta\u00e7\u00e3o dos instrutores respons\u00e1veis pelo curso &#8211; a professora Maria Agripina Neves e os profissionais de v\u00eddeo Douglas Aparecido e Eduardo Moreira; tendo o apoio da equipe do N\u00facleo de Audiovisual do Vale Registrar.<\/p>\n<p>&nbsp;<\/p>\n","protected":false},"excerpt":{"rendered":"<p>Nos dias 25 e 26 de abril de 2011, teve in\u00edcio o 2\u00ba Curso de V\u00eddeo em Educa\u00e7\u00e3o Patrimonial para Comunidade Escolar, nas Esta\u00e7\u00f5es de Mariana e de Ouro Preto, respectivamente. &nbsp; Os professores Douglas Aparecido e Eduardo Moreira acompanham os alunos do 2\u00ba Curso de V\u00eddeo em Educa\u00e7\u00e3o Patrimonial &hellip;<\/p>\n","protected":false},"author":1,"featured_media":342,"comment_status":"open","ping_status":"closed","sticky":false,"template":"","format":"standard","meta":{"footnotes":""},"categories":[2],"tags":[],"class_list":["post-35","post","type-post","status-publish","format-standard","has-post-thumbnail","hentry","category-destaques-home"],"yoast_head":"<!-- This site is optimized with the Yoast SEO plugin v26.1.1 - https:\/\/yoast.com\/wordpress\/plugins\/seo\/ -->\n<title>2\u00ba Curso de v\u00eddeo em educa\u00e7\u00e3o patrimonial para comunidade escolar &#8212; Trem da Vale<\/title>\n<meta name=\"robots\" content=\"index, follow, max-snippet:-1, max-image-preview:large, max-video-preview:-1\" \/>\n<link rel=\"canonical\" href=\"https:\/\/tremdavale.org\/pt\/2-curso-de-video-em-educacao-patrimonial-para-comunidade-escolar\/\" \/>\n<meta property=\"og:locale\" content=\"pt_PT\" \/>\n<meta property=\"og:type\" content=\"article\" \/>\n<meta property=\"og:title\" content=\"2\u00ba Curso de v\u00eddeo em educa\u00e7\u00e3o patrimonial para comunidade escolar &#8212; Trem da Vale\" \/>\n<meta property=\"og:description\" content=\"Nos dias 25 e 26 de abril de 2011, teve in\u00edcio o 2\u00ba Curso de V\u00eddeo em Educa\u00e7\u00e3o Patrimonial para Comunidade Escolar, nas Esta\u00e7\u00f5es de Mariana e de Ouro Preto, respectivamente. &nbsp; Os professores Douglas Aparecido e Eduardo Moreira acompanham os alunos do 2\u00ba Curso de V\u00eddeo em Educa\u00e7\u00e3o Patrimonial &hellip;\" \/>\n<meta property=\"og:url\" content=\"https:\/\/tremdavale.org\/pt\/2-curso-de-video-em-educacao-patrimonial-para-comunidade-escolar\/\" \/>\n<meta property=\"og:site_name\" content=\"Trem da Vale\" \/>\n<meta property=\"article:published_time\" content=\"2011-09-11T22:07:00+00:00\" \/>\n<meta property=\"article:modified_time\" content=\"2025-10-10T11:57:00+00:00\" \/>\n<meta property=\"og:image\" content=\"https:\/\/tremdavale.org\/wp-content\/uploads\/02-2c2ba-curso-de-video-em-educacao-patrimonial-para-comunidade-escolar-op-300x199.jpg\" \/>\n\t<meta property=\"og:image:width\" content=\"300\" \/>\n\t<meta property=\"og:image:height\" content=\"199\" \/>\n\t<meta property=\"og:image:type\" content=\"image\/jpeg\" \/>\n<meta name=\"author\" content=\"admin\" \/>\n<meta name=\"twitter:card\" content=\"summary_large_image\" \/>\n<meta name=\"twitter:label1\" content=\"Escrito por\" \/>\n\t<meta name=\"twitter:data1\" content=\"admin\" \/>\n\t<meta name=\"twitter:label2\" content=\"Tempo estimado de leitura\" \/>\n\t<meta name=\"twitter:data2\" content=\"3 minutos\" \/>\n<script type=\"application\/ld+json\" class=\"yoast-schema-graph\">{\"@context\":\"https:\/\/schema.org\",\"@graph\":[{\"@type\":\"WebPage\",\"@id\":\"https:\/\/tremdavale.org\/pt\/2-curso-de-video-em-educacao-patrimonial-para-comunidade-escolar\/\",\"url\":\"https:\/\/tremdavale.org\/pt\/2-curso-de-video-em-educacao-patrimonial-para-comunidade-escolar\/\",\"name\":\"2\u00ba Curso de v\u00eddeo em educa\u00e7\u00e3o patrimonial para comunidade escolar &#8212; Trem da Vale\",\"isPartOf\":{\"@id\":\"https:\/\/tremdavale.org\/pt\/#website\"},\"primaryImageOfPage\":{\"@id\":\"https:\/\/tremdavale.org\/pt\/2-curso-de-video-em-educacao-patrimonial-para-comunidade-escolar\/#primaryimage\"},\"image\":{\"@id\":\"https:\/\/tremdavale.org\/pt\/2-curso-de-video-em-educacao-patrimonial-para-comunidade-escolar\/#primaryimage\"},\"thumbnailUrl\":\"https:\/\/tremdavale.org\/wp-content\/uploads\/02-2c2ba-curso-de-video-em-educacao-patrimonial-para-comunidade-escolar-op-300x199.jpg\",\"datePublished\":\"2011-09-11T22:07:00+00:00\",\"dateModified\":\"2025-10-10T11:57:00+00:00\",\"author\":{\"@id\":\"https:\/\/tremdavale.org\/pt\/#\/schema\/person\/50912137d47426d31329f246d02eaeca\"},\"breadcrumb\":{\"@id\":\"https:\/\/tremdavale.org\/pt\/2-curso-de-video-em-educacao-patrimonial-para-comunidade-escolar\/#breadcrumb\"},\"inLanguage\":\"pt-PT\",\"potentialAction\":[{\"@type\":\"ReadAction\",\"target\":[\"https:\/\/tremdavale.org\/pt\/2-curso-de-video-em-educacao-patrimonial-para-comunidade-escolar\/\"]}]},{\"@type\":\"ImageObject\",\"inLanguage\":\"pt-PT\",\"@id\":\"https:\/\/tremdavale.org\/pt\/2-curso-de-video-em-educacao-patrimonial-para-comunidade-escolar\/#primaryimage\",\"url\":\"https:\/\/tremdavale.org\/wp-content\/uploads\/02-2c2ba-curso-de-video-em-educacao-patrimonial-para-comunidade-escolar-op-300x199.jpg\",\"contentUrl\":\"https:\/\/tremdavale.org\/wp-content\/uploads\/02-2c2ba-curso-de-video-em-educacao-patrimonial-para-comunidade-escolar-op-300x199.jpg\",\"width\":300,\"height\":199},{\"@type\":\"BreadcrumbList\",\"@id\":\"https:\/\/tremdavale.org\/pt\/2-curso-de-video-em-educacao-patrimonial-para-comunidade-escolar\/#breadcrumb\",\"itemListElement\":[{\"@type\":\"ListItem\",\"position\":1,\"name\":\"In\u00edcio\",\"item\":\"https:\/\/tremdavale.org\/pt\/\"},{\"@type\":\"ListItem\",\"position\":2,\"name\":\"2\u00ba Curso de v\u00eddeo em educa\u00e7\u00e3o patrimonial para comunidade escolar\"}]},{\"@type\":\"WebSite\",\"@id\":\"https:\/\/tremdavale.org\/pt\/#website\",\"url\":\"https:\/\/tremdavale.org\/pt\/\",\"name\":\"Trem da Vale\",\"description\":\"Programa de Educa\u00e7\u00e3o Patrimonial\",\"potentialAction\":[{\"@type\":\"SearchAction\",\"target\":{\"@type\":\"EntryPoint\",\"urlTemplate\":\"https:\/\/tremdavale.org\/pt\/?s={search_term_string}\"},\"query-input\":{\"@type\":\"PropertyValueSpecification\",\"valueRequired\":true,\"valueName\":\"search_term_string\"}}],\"inLanguage\":\"pt-PT\"},{\"@type\":\"Person\",\"@id\":\"https:\/\/tremdavale.org\/pt\/#\/schema\/person\/50912137d47426d31329f246d02eaeca\",\"name\":\"admin\",\"image\":{\"@type\":\"ImageObject\",\"inLanguage\":\"pt-PT\",\"@id\":\"https:\/\/tremdavale.org\/pt\/#\/schema\/person\/image\/\",\"url\":\"https:\/\/secure.gravatar.com\/avatar\/b3564f0fda6ea47959fe96a4217203e79a167568a37409758659bc3ba443b452?s=96&d=mm&r=g\",\"contentUrl\":\"https:\/\/secure.gravatar.com\/avatar\/b3564f0fda6ea47959fe96a4217203e79a167568a37409758659bc3ba443b452?s=96&d=mm&r=g\",\"caption\":\"admin\"},\"sameAs\":[\"https:\/\/tremdavale.org\"],\"url\":\"https:\/\/tremdavale.org\/pt\/author\/admin\/\"}]}<\/script>\n<!-- \/ Yoast SEO plugin. -->","yoast_head_json":{"title":"2\u00ba Curso de v\u00eddeo em educa\u00e7\u00e3o patrimonial para comunidade escolar &#8212; Trem da Vale","robots":{"index":"index","follow":"follow","max-snippet":"max-snippet:-1","max-image-preview":"max-image-preview:large","max-video-preview":"max-video-preview:-1"},"canonical":"https:\/\/tremdavale.org\/pt\/2-curso-de-video-em-educacao-patrimonial-para-comunidade-escolar\/","og_locale":"pt_PT","og_type":"article","og_title":"2\u00ba Curso de v\u00eddeo em educa\u00e7\u00e3o patrimonial para comunidade escolar &#8212; Trem da Vale","og_description":"Nos dias 25 e 26 de abril de 2011, teve in\u00edcio o 2\u00ba Curso de V\u00eddeo em Educa\u00e7\u00e3o Patrimonial para Comunidade Escolar, nas Esta\u00e7\u00f5es de Mariana e de Ouro Preto, respectivamente. &nbsp; Os professores Douglas Aparecido e Eduardo Moreira acompanham os alunos do 2\u00ba Curso de V\u00eddeo em Educa\u00e7\u00e3o Patrimonial &hellip;","og_url":"https:\/\/tremdavale.org\/pt\/2-curso-de-video-em-educacao-patrimonial-para-comunidade-escolar\/","og_site_name":"Trem da Vale","article_published_time":"2011-09-11T22:07:00+00:00","article_modified_time":"2025-10-10T11:57:00+00:00","og_image":[{"width":300,"height":199,"url":"https:\/\/tremdavale.org\/wp-content\/uploads\/02-2c2ba-curso-de-video-em-educacao-patrimonial-para-comunidade-escolar-op-300x199.jpg","type":"image\/jpeg"}],"author":"admin","twitter_card":"summary_large_image","twitter_misc":{"Escrito por":"admin","Tempo estimado de leitura":"3 minutos"},"schema":{"@context":"https:\/\/schema.org","@graph":[{"@type":"WebPage","@id":"https:\/\/tremdavale.org\/pt\/2-curso-de-video-em-educacao-patrimonial-para-comunidade-escolar\/","url":"https:\/\/tremdavale.org\/pt\/2-curso-de-video-em-educacao-patrimonial-para-comunidade-escolar\/","name":"2\u00ba Curso de v\u00eddeo em educa\u00e7\u00e3o patrimonial para comunidade escolar &#8212; Trem da Vale","isPartOf":{"@id":"https:\/\/tremdavale.org\/pt\/#website"},"primaryImageOfPage":{"@id":"https:\/\/tremdavale.org\/pt\/2-curso-de-video-em-educacao-patrimonial-para-comunidade-escolar\/#primaryimage"},"image":{"@id":"https:\/\/tremdavale.org\/pt\/2-curso-de-video-em-educacao-patrimonial-para-comunidade-escolar\/#primaryimage"},"thumbnailUrl":"https:\/\/tremdavale.org\/wp-content\/uploads\/02-2c2ba-curso-de-video-em-educacao-patrimonial-para-comunidade-escolar-op-300x199.jpg","datePublished":"2011-09-11T22:07:00+00:00","dateModified":"2025-10-10T11:57:00+00:00","author":{"@id":"https:\/\/tremdavale.org\/pt\/#\/schema\/person\/50912137d47426d31329f246d02eaeca"},"breadcrumb":{"@id":"https:\/\/tremdavale.org\/pt\/2-curso-de-video-em-educacao-patrimonial-para-comunidade-escolar\/#breadcrumb"},"inLanguage":"pt-PT","potentialAction":[{"@type":"ReadAction","target":["https:\/\/tremdavale.org\/pt\/2-curso-de-video-em-educacao-patrimonial-para-comunidade-escolar\/"]}]},{"@type":"ImageObject","inLanguage":"pt-PT","@id":"https:\/\/tremdavale.org\/pt\/2-curso-de-video-em-educacao-patrimonial-para-comunidade-escolar\/#primaryimage","url":"https:\/\/tremdavale.org\/wp-content\/uploads\/02-2c2ba-curso-de-video-em-educacao-patrimonial-para-comunidade-escolar-op-300x199.jpg","contentUrl":"https:\/\/tremdavale.org\/wp-content\/uploads\/02-2c2ba-curso-de-video-em-educacao-patrimonial-para-comunidade-escolar-op-300x199.jpg","width":300,"height":199},{"@type":"BreadcrumbList","@id":"https:\/\/tremdavale.org\/pt\/2-curso-de-video-em-educacao-patrimonial-para-comunidade-escolar\/#breadcrumb","itemListElement":[{"@type":"ListItem","position":1,"name":"In\u00edcio","item":"https:\/\/tremdavale.org\/pt\/"},{"@type":"ListItem","position":2,"name":"2\u00ba Curso de v\u00eddeo em educa\u00e7\u00e3o patrimonial para comunidade escolar"}]},{"@type":"WebSite","@id":"https:\/\/tremdavale.org\/pt\/#website","url":"https:\/\/tremdavale.org\/pt\/","name":"Trem da Vale","description":"Programa de Educa\u00e7\u00e3o Patrimonial","potentialAction":[{"@type":"SearchAction","target":{"@type":"EntryPoint","urlTemplate":"https:\/\/tremdavale.org\/pt\/?s={search_term_string}"},"query-input":{"@type":"PropertyValueSpecification","valueRequired":true,"valueName":"search_term_string"}}],"inLanguage":"pt-PT"},{"@type":"Person","@id":"https:\/\/tremdavale.org\/pt\/#\/schema\/person\/50912137d47426d31329f246d02eaeca","name":"admin","image":{"@type":"ImageObject","inLanguage":"pt-PT","@id":"https:\/\/tremdavale.org\/pt\/#\/schema\/person\/image\/","url":"https:\/\/secure.gravatar.com\/avatar\/b3564f0fda6ea47959fe96a4217203e79a167568a37409758659bc3ba443b452?s=96&d=mm&r=g","contentUrl":"https:\/\/secure.gravatar.com\/avatar\/b3564f0fda6ea47959fe96a4217203e79a167568a37409758659bc3ba443b452?s=96&d=mm&r=g","caption":"admin"},"sameAs":["https:\/\/tremdavale.org"],"url":"https:\/\/tremdavale.org\/pt\/author\/admin\/"}]}},"_links":{"self":[{"href":"https:\/\/tremdavale.org\/pt\/wp-json\/wp\/v2\/posts\/35","targetHints":{"allow":["GET"]}}],"collection":[{"href":"https:\/\/tremdavale.org\/pt\/wp-json\/wp\/v2\/posts"}],"about":[{"href":"https:\/\/tremdavale.org\/pt\/wp-json\/wp\/v2\/types\/post"}],"author":[{"embeddable":true,"href":"https:\/\/tremdavale.org\/pt\/wp-json\/wp\/v2\/users\/1"}],"replies":[{"embeddable":true,"href":"https:\/\/tremdavale.org\/pt\/wp-json\/wp\/v2\/comments?post=35"}],"version-history":[{"count":0,"href":"https:\/\/tremdavale.org\/pt\/wp-json\/wp\/v2\/posts\/35\/revisions"}],"wp:featuredmedia":[{"embeddable":true,"href":"https:\/\/tremdavale.org\/pt\/wp-json\/wp\/v2\/media\/342"}],"wp:attachment":[{"href":"https:\/\/tremdavale.org\/pt\/wp-json\/wp\/v2\/media?parent=35"}],"wp:term":[{"taxonomy":"category","embeddable":true,"href":"https:\/\/tremdavale.org\/pt\/wp-json\/wp\/v2\/categories?post=35"},{"taxonomy":"post_tag","embeddable":true,"href":"https:\/\/tremdavale.org\/pt\/wp-json\/wp\/v2\/tags?post=35"}],"curies":[{"name":"wp","href":"https:\/\/api.w.org\/{rel}","templated":true}]}}