{"id":36,"date":"2011-09-11T22:07:00","date_gmt":"2011-09-11T22:07:00","guid":{"rendered":"https:\/\/tremdavale.org\/?p=36"},"modified":"2025-10-10T11:57:00","modified_gmt":"2025-10-10T11:57:00","slug":"2-curso-de-video-em-educacao-patrimonial-para-comunidade-escolar-2","status":"publish","type":"post","link":"https:\/\/tremdavale.org\/pt\/2-curso-de-video-em-educacao-patrimonial-para-comunidade-escolar-2\/","title":{"rendered":"2\u00ba Curso de V\u00eddeo em Educa\u00e7\u00e3o Patrimonial para Comunidade Escolar"},"content":{"rendered":"<p><img loading=\"lazy\" decoding=\"async\" class=\"size-medium\" style=\"margin-top: 10px; margin-bottom: 10px;\" title=\"03-2c2ba-curso-de-video-para-comunidade-escolar1\" src=\"\/wp-content\/uploads\/03-2c2ba-curso-de-video-para-comunidade-escolar1-300x199.jpg\" alt=\"Os alunos e professores do 2\u00ba Curso de V\u00eddeo em Educa\u00e7\u00e3o Patrimonial para Comunidade Escolar com a equipe do Vale Registrar no dia 23 de maio de 2011, na plataforma da Esta\u00e7\u00e3o Ferrovi\u00e1ria de Mariana. Foto: Cristiane Evangelista\" width=\"300\" height=\"199\"><\/p>\n<p>Os alunos e professores do 2\u00ba Curso de V\u00eddeo em Educa\u00e7\u00e3o Patrimonial para Comunidade Escolar com a equipe do Vale Registrar no dia 23 de maio de 2011, na plataforma da Esta\u00e7\u00e3o Ferrovi\u00e1ria de Mariana. Foto: Cristiane Evangelista<\/p>\n<p>&nbsp;<\/p>\n<p style=\"text-align: justify;\">Nos dias 23 e 24 de maio de 2011, aconteceu o encerramento do 2\u00ba Curso de V\u00eddeo em Educa\u00e7\u00e3o Patrimonial para Comunidade Escolar, nas Esta\u00e7\u00f5es de Mariana e de Ouro Preto, respectivamente.<\/p>\n<p style=\"text-align: justify;\">O curso foi realizado no per\u00edodo de 25 de abril a 24 de maio sob a coordena\u00e7\u00e3o de instrutores de Ouro Preto: Douglas Aparecido e Eduardo Moreira, na \u00e1rea do Audiovisual; e Maria Agripina Neves, na \u00e1rea do Patrim\u00f4nio Cultural.<\/p>\n<p>&nbsp;<\/p>\n<p><img loading=\"lazy\" decoding=\"async\" class=\"size-medium\" style=\"margin-top: 5px; margin-bottom: 5px;\" title=\"03-2c2ba-curso-de-video-para-comunidade-escolar2\" src=\"\/wp-content\/uploads\/03-2c2ba-curso-de-video-para-comunidade-escolar2-300x199.jpg\" alt=\"Os alunos e professores do 2\u00ba Curso de V\u00eddeo em Educa\u00e7\u00e3o Patrimonial para Comunidade Escolar com a equipe do Vale Registrar, no dia 24 de maio de 2011 na Pra\u00e7a Ces\u00e1rio Alvim, em Ouro Preto. Foto: Rafael Santos\" width=\"300\" height=\"199\"><\/p>\n<p>Os alunos e professores do 2\u00ba Curso de V\u00eddeo em Educa\u00e7\u00e3o Patrimonial para Comunidade Escolar com a equipe do Vale Registrar, no dia 24 de maio de 2011 na Pra\u00e7a Ces\u00e1rio Alvim, em Ouro Preto. Foto: Rafael Santos<\/p>\n<p>&nbsp;<\/p>\n<p style=\"text-align: justify;\">As aulas aconteceram as segundas e quartas-feiras para a turma de Mariana e as ter\u00e7as e quintas-feiras para a turma de Ouro Preto, com a carga hor\u00e1ria de 04 horas di\u00e1rias; perfazendo um total de 36 horas\/aula por turma.<\/p>\n<p style=\"text-align: justify;\">Foram capacitados 52 alunos, sendo 03 professores e 49 crian\u00e7as (09 a 10 anos) da 4\u00aa e 5\u00aa s\u00e9ries do Ensino Fundamental, dos quais: 01 professor e 25 crian\u00e7as vindos da Escola Estadual Doutor Gomes Freire, de Mariana; e 02 professores e 24 crian\u00e7as vindos da Escola Estadual Mar\u00edlia de Dirceu, de Ouro Preto.<\/p>\n<p style=\"text-align: justify;\">Esta atividade do Vale Registrar tem como objetivo apresentar os conceitos b\u00e1sicos da realiza\u00e7\u00e3o audiovisual e da Educa\u00e7\u00e3o Patrimonial para grupos compostos por professores e alunos procedentes do Ensino Fundamental de institui\u00e7\u00f5es escolares de Mariana e Ouro Preto; buscando, ao mesmo tempo, documentar, difundir e valorizar os bens culturais locais; utilizando espa\u00e7os e equipamentos existentes nas esta\u00e7\u00f5es ferrovi\u00e1rias do Trem da Vale.<\/p>\n<p>&nbsp;<\/p>\n<p><img loading=\"lazy\" decoding=\"async\" class=\"size-medium\" title=\"02-2c2ba-curso-de-video-para-comunidade-escolar1\" src=\"\/wp-content\/uploads\/02-2c2ba-curso-de-video-para-comunidade-escolar1-300x199.jpg\" alt=\"O professor do 2\u00ba Curso de V\u00eddeo em Educa\u00e7\u00e3o Patrimonial para Comunidade Escolar, Douglas Aparecido, realiza a grava\u00e7\u00e3o de depoimento com o aluno Lucas Pereira. Ao lado o aluno Nicolas Assun\u00e7\u00e3o dos Santos acompanha a grava\u00e7\u00e3o no dia 23 de maio de 2011 em frente ao Vag\u00e3o Caf\u00e9, na Esta\u00e7\u00e3o Ferrovi\u00e1ria de Mariana. Foto: Rafael Santos\" width=\"300\" height=\"199\"><\/p>\n<p>O professor do 2\u00ba Curso de V\u00eddeo em Educa\u00e7\u00e3o Patrimonial para Comunidade Escolar, Douglas Aparecido, realiza a grava\u00e7\u00e3o de depoimento com o aluno Lucas Pereira. Ao lado o aluno Nicolas Assun\u00e7\u00e3o dos Santos acompanha a grava\u00e7\u00e3o no dia 23 de maio de 2011 em frente ao Vag\u00e3o Caf\u00e9, na Esta\u00e7\u00e3o Ferrovi\u00e1ria de Mariana. Foto: Rafael Santos<\/p>\n<p>&nbsp;<\/p>\n<p style=\"text-align: justify;\"><em>O curso foi executado com grande sucesso, atingindo os objetivos pretendidos e satisfazendo os anseios dos instrutores e dos alunos das turmas de crian\u00e7as e professores das duas cidades, conforme relatos obtidos nas avalia\u00e7\u00f5es entregues pelos&nbsp;participantes ao final da atividade; como por exemplo: da Escola<\/em> Doutor Gomes Freire <em>a professora<\/em> Maria da Consola\u00e7\u00e3o Semin <em>expressou assim&nbsp;&nbsp;\u201d<\/em> \u00d3timo. Aulas bem elaboradas e dentro do curr\u00edculo escolar.<em>\u201c&nbsp;&nbsp;e o aluno<\/em> Hiago Ru\u00eds Mendes da Silva <em>achou \u201c<\/em>Eu achei o curso muito legal porque aprendi mais sobre audiovisual, e quando eu quiser vou saber fazer meu pr\u00f3prio v\u00eddeo.\u201d <em>; da Escola<\/em> Estadual Mar\u00edlia de Dirceu <em>a professora<\/em> L\u00facia Maria Medeiros Fonseca disse \u201cFoi de grande import\u00e2ncia para toda a comunidade escolar, onde os alunos puderam desenvolver outras habilidades, pois os equipamentos s\u00e3o muito interessantes e as crian\u00e7as n\u00e3o t\u00eam acesso a eles\u201d e a aluna Camila H\u00e9bia Ramos de Souza declarou \u201cEu achei muito interessante, legal. No primeiro dia achei que ia ser bobo, mas com o passar do tempo descobri mais coisas. Fui descobrindo\u2026 e descobrindo e achei muito interessante\u201d.<\/p>\n<p style=\"text-align: justify;\">Durante o curso, os alunos tiveram aulas te\u00f3ricas sobre Educa\u00e7\u00e3o Patrimonial e Audiovisual, realizaram debates sobre conte\u00fados relacionados ao patrim\u00f4nio cultural das cidades em quest\u00e3o, assistiram a videodocument\u00e1rios e fizeram atividades pr\u00e1ticas; algumas delas relacionadas \u00e0 anima\u00e7\u00e3o de v\u00eddeos.<\/p>\n<p>&nbsp;<\/p>\n<p><img loading=\"lazy\" decoding=\"async\" class=\"size-medium\" title=\"01-2c2ba-curso-de-video-para-comunidade-escolar3\" src=\"\/wp-content\/uploads\/01-2c2ba-curso-de-video-para-comunidade-escolar3-300x199.jpg\" alt=\"Os alunos do 2\u00ba Curso de V\u00eddeo em Educa\u00e7\u00e3o Patrimonial para Comunidade Escolar em atividade de avalia\u00e7\u00e3o do curso, no dia 24 de maio de 2011 na Sala Multiuso, na Esta\u00e7\u00e3o Ferrovi\u00e1ria de Ouro Preto. Foto: Rafael Santos\" width=\"300\" height=\"199\"><\/p>\n<p>Os alunos do 2\u00ba Curso de V\u00eddeo em Educa\u00e7\u00e3o Patrimonial para Comunidade Escolar em atividade de avalia\u00e7\u00e3o do curso, no dia 24 de maio de 2011 na Sala Multiuso, na Esta\u00e7\u00e3o Ferrovi\u00e1ria de Ouro Preto. Foto: Rafael Santos<\/p>\n<p>&nbsp;<\/p>\n<p style=\"text-align: justify;\">Como resultado final do curso, foram produzidos quatro v\u00eddeos de curta dura\u00e7\u00e3o que abordaram bens culturais escolhidos pelos pr\u00f3prios participantes. Em cada cidade, a turma de alunos foi dividida em dois grupos que elaboraram os seguintes v\u00eddeos: em Mariana, \u201cC\u00e2mara Municipal de Mariana\u201d e \u201cEscola Estadual Doutor Gomes Freire\u201d; e em Ouro Preto, \u201cBrincadeiras\u201d e \u201cPonte Mar\u00edlia de Dirceu\u201d.<\/p>\n<p style=\"text-align: justify;\">O Vale Registrar far\u00e1 a exibi\u00e7\u00e3o destes v\u00eddeos nas escolas participantes do curso: no dia 16 de junho, quinta-feira, \u00e0s 16 horas, na Escola Estadual Mar\u00edlia de Dirceu; e no dia 17 de junho, sexta-feira, \u00e0s 10 horas, na Escola Estadual Doutor Gomes Freire. Na ocasi\u00e3o, as crian\u00e7as e os professores que participaram do curso receber\u00e3o uma c\u00f3pia em DVD contendo todos os v\u00eddeos produzidos. Ser\u00e3o tamb\u00e9m distribu\u00eddos DVD\u2019s para as bibliotecas das duas escolas para que possam posteriormente ser utilizados como material educativo durante as aulas.<\/p>\n<p>&nbsp;<\/p>\n","protected":false},"excerpt":{"rendered":"<p>Os alunos e professores do 2\u00ba Curso de V\u00eddeo em Educa\u00e7\u00e3o Patrimonial para Comunidade Escolar com a equipe do Vale Registrar no dia 23 de maio de 2011, na plataforma da Esta\u00e7\u00e3o Ferrovi\u00e1ria de Mariana. Foto: Cristiane Evangelista &nbsp; Nos dias 23 e 24 de maio de 2011, aconteceu o &hellip;<\/p>\n","protected":false},"author":1,"featured_media":343,"comment_status":"open","ping_status":"closed","sticky":false,"template":"","format":"standard","meta":{"footnotes":""},"categories":[2],"tags":[],"class_list":["post-36","post","type-post","status-publish","format-standard","has-post-thumbnail","hentry","category-destaques-home"],"yoast_head":"<!-- This site is optimized with the Yoast SEO plugin v26.1.1 - https:\/\/yoast.com\/wordpress\/plugins\/seo\/ -->\n<title>2\u00ba Curso de V\u00eddeo em Educa\u00e7\u00e3o Patrimonial para Comunidade Escolar &#8212; Trem da Vale<\/title>\n<meta name=\"robots\" content=\"index, follow, max-snippet:-1, max-image-preview:large, max-video-preview:-1\" \/>\n<link rel=\"canonical\" href=\"https:\/\/tremdavale.org\/pt\/2-curso-de-video-em-educacao-patrimonial-para-comunidade-escolar-2\/\" \/>\n<meta property=\"og:locale\" content=\"pt_PT\" \/>\n<meta property=\"og:type\" content=\"article\" \/>\n<meta property=\"og:title\" content=\"2\u00ba Curso de V\u00eddeo em Educa\u00e7\u00e3o Patrimonial para Comunidade Escolar &#8212; Trem da Vale\" \/>\n<meta property=\"og:description\" content=\"Os alunos e professores do 2\u00ba Curso de V\u00eddeo em Educa\u00e7\u00e3o Patrimonial para Comunidade Escolar com a equipe do Vale Registrar no dia 23 de maio de 2011, na plataforma da Esta\u00e7\u00e3o Ferrovi\u00e1ria de Mariana. Foto: Cristiane Evangelista &nbsp; Nos dias 23 e 24 de maio de 2011, aconteceu o &hellip;\" \/>\n<meta property=\"og:url\" content=\"https:\/\/tremdavale.org\/pt\/2-curso-de-video-em-educacao-patrimonial-para-comunidade-escolar-2\/\" \/>\n<meta property=\"og:site_name\" content=\"Trem da Vale\" \/>\n<meta property=\"article:published_time\" content=\"2011-09-11T22:07:00+00:00\" \/>\n<meta property=\"article:modified_time\" content=\"2025-10-10T11:57:00+00:00\" \/>\n<meta property=\"og:image\" content=\"https:\/\/tremdavale.org\/wp-content\/uploads\/03-2c2ba-curso-de-video-para-comunidade-escolar1-300x199.jpg\" \/>\n\t<meta property=\"og:image:width\" content=\"300\" \/>\n\t<meta property=\"og:image:height\" content=\"199\" \/>\n\t<meta property=\"og:image:type\" content=\"image\/jpeg\" \/>\n<meta name=\"author\" content=\"admin\" \/>\n<meta name=\"twitter:card\" content=\"summary_large_image\" \/>\n<meta name=\"twitter:label1\" content=\"Escrito por\" \/>\n\t<meta name=\"twitter:data1\" content=\"admin\" \/>\n\t<meta name=\"twitter:label2\" content=\"Tempo estimado de leitura\" \/>\n\t<meta name=\"twitter:data2\" content=\"4 minutos\" \/>\n<script type=\"application\/ld+json\" class=\"yoast-schema-graph\">{\"@context\":\"https:\/\/schema.org\",\"@graph\":[{\"@type\":\"WebPage\",\"@id\":\"https:\/\/tremdavale.org\/pt\/2-curso-de-video-em-educacao-patrimonial-para-comunidade-escolar-2\/\",\"url\":\"https:\/\/tremdavale.org\/pt\/2-curso-de-video-em-educacao-patrimonial-para-comunidade-escolar-2\/\",\"name\":\"2\u00ba Curso de V\u00eddeo em Educa\u00e7\u00e3o Patrimonial para Comunidade Escolar &#8212; Trem da Vale\",\"isPartOf\":{\"@id\":\"https:\/\/tremdavale.org\/pt\/#website\"},\"primaryImageOfPage\":{\"@id\":\"https:\/\/tremdavale.org\/pt\/2-curso-de-video-em-educacao-patrimonial-para-comunidade-escolar-2\/#primaryimage\"},\"image\":{\"@id\":\"https:\/\/tremdavale.org\/pt\/2-curso-de-video-em-educacao-patrimonial-para-comunidade-escolar-2\/#primaryimage\"},\"thumbnailUrl\":\"https:\/\/tremdavale.org\/wp-content\/uploads\/03-2c2ba-curso-de-video-para-comunidade-escolar1-300x199.jpg\",\"datePublished\":\"2011-09-11T22:07:00+00:00\",\"dateModified\":\"2025-10-10T11:57:00+00:00\",\"author\":{\"@id\":\"https:\/\/tremdavale.org\/pt\/#\/schema\/person\/50912137d47426d31329f246d02eaeca\"},\"breadcrumb\":{\"@id\":\"https:\/\/tremdavale.org\/pt\/2-curso-de-video-em-educacao-patrimonial-para-comunidade-escolar-2\/#breadcrumb\"},\"inLanguage\":\"pt-PT\",\"potentialAction\":[{\"@type\":\"ReadAction\",\"target\":[\"https:\/\/tremdavale.org\/pt\/2-curso-de-video-em-educacao-patrimonial-para-comunidade-escolar-2\/\"]}]},{\"@type\":\"ImageObject\",\"inLanguage\":\"pt-PT\",\"@id\":\"https:\/\/tremdavale.org\/pt\/2-curso-de-video-em-educacao-patrimonial-para-comunidade-escolar-2\/#primaryimage\",\"url\":\"https:\/\/tremdavale.org\/wp-content\/uploads\/03-2c2ba-curso-de-video-para-comunidade-escolar1-300x199.jpg\",\"contentUrl\":\"https:\/\/tremdavale.org\/wp-content\/uploads\/03-2c2ba-curso-de-video-para-comunidade-escolar1-300x199.jpg\",\"width\":300,\"height\":199},{\"@type\":\"BreadcrumbList\",\"@id\":\"https:\/\/tremdavale.org\/pt\/2-curso-de-video-em-educacao-patrimonial-para-comunidade-escolar-2\/#breadcrumb\",\"itemListElement\":[{\"@type\":\"ListItem\",\"position\":1,\"name\":\"In\u00edcio\",\"item\":\"https:\/\/tremdavale.org\/pt\/\"},{\"@type\":\"ListItem\",\"position\":2,\"name\":\"2\u00ba Curso de V\u00eddeo em Educa\u00e7\u00e3o Patrimonial para Comunidade Escolar\"}]},{\"@type\":\"WebSite\",\"@id\":\"https:\/\/tremdavale.org\/pt\/#website\",\"url\":\"https:\/\/tremdavale.org\/pt\/\",\"name\":\"Trem da Vale\",\"description\":\"Programa de Educa\u00e7\u00e3o Patrimonial\",\"potentialAction\":[{\"@type\":\"SearchAction\",\"target\":{\"@type\":\"EntryPoint\",\"urlTemplate\":\"https:\/\/tremdavale.org\/pt\/?s={search_term_string}\"},\"query-input\":{\"@type\":\"PropertyValueSpecification\",\"valueRequired\":true,\"valueName\":\"search_term_string\"}}],\"inLanguage\":\"pt-PT\"},{\"@type\":\"Person\",\"@id\":\"https:\/\/tremdavale.org\/pt\/#\/schema\/person\/50912137d47426d31329f246d02eaeca\",\"name\":\"admin\",\"image\":{\"@type\":\"ImageObject\",\"inLanguage\":\"pt-PT\",\"@id\":\"https:\/\/tremdavale.org\/pt\/#\/schema\/person\/image\/\",\"url\":\"https:\/\/secure.gravatar.com\/avatar\/b3564f0fda6ea47959fe96a4217203e79a167568a37409758659bc3ba443b452?s=96&d=mm&r=g\",\"contentUrl\":\"https:\/\/secure.gravatar.com\/avatar\/b3564f0fda6ea47959fe96a4217203e79a167568a37409758659bc3ba443b452?s=96&d=mm&r=g\",\"caption\":\"admin\"},\"sameAs\":[\"https:\/\/tremdavale.org\"],\"url\":\"https:\/\/tremdavale.org\/pt\/author\/admin\/\"}]}<\/script>\n<!-- \/ Yoast SEO plugin. -->","yoast_head_json":{"title":"2\u00ba Curso de V\u00eddeo em Educa\u00e7\u00e3o Patrimonial para Comunidade Escolar &#8212; Trem da Vale","robots":{"index":"index","follow":"follow","max-snippet":"max-snippet:-1","max-image-preview":"max-image-preview:large","max-video-preview":"max-video-preview:-1"},"canonical":"https:\/\/tremdavale.org\/pt\/2-curso-de-video-em-educacao-patrimonial-para-comunidade-escolar-2\/","og_locale":"pt_PT","og_type":"article","og_title":"2\u00ba Curso de V\u00eddeo em Educa\u00e7\u00e3o Patrimonial para Comunidade Escolar &#8212; Trem da Vale","og_description":"Os alunos e professores do 2\u00ba Curso de V\u00eddeo em Educa\u00e7\u00e3o Patrimonial para Comunidade Escolar com a equipe do Vale Registrar no dia 23 de maio de 2011, na plataforma da Esta\u00e7\u00e3o Ferrovi\u00e1ria de Mariana. Foto: Cristiane Evangelista &nbsp; Nos dias 23 e 24 de maio de 2011, aconteceu o &hellip;","og_url":"https:\/\/tremdavale.org\/pt\/2-curso-de-video-em-educacao-patrimonial-para-comunidade-escolar-2\/","og_site_name":"Trem da Vale","article_published_time":"2011-09-11T22:07:00+00:00","article_modified_time":"2025-10-10T11:57:00+00:00","og_image":[{"width":300,"height":199,"url":"https:\/\/tremdavale.org\/wp-content\/uploads\/03-2c2ba-curso-de-video-para-comunidade-escolar1-300x199.jpg","type":"image\/jpeg"}],"author":"admin","twitter_card":"summary_large_image","twitter_misc":{"Escrito por":"admin","Tempo estimado de leitura":"4 minutos"},"schema":{"@context":"https:\/\/schema.org","@graph":[{"@type":"WebPage","@id":"https:\/\/tremdavale.org\/pt\/2-curso-de-video-em-educacao-patrimonial-para-comunidade-escolar-2\/","url":"https:\/\/tremdavale.org\/pt\/2-curso-de-video-em-educacao-patrimonial-para-comunidade-escolar-2\/","name":"2\u00ba Curso de V\u00eddeo em Educa\u00e7\u00e3o Patrimonial para Comunidade Escolar &#8212; Trem da Vale","isPartOf":{"@id":"https:\/\/tremdavale.org\/pt\/#website"},"primaryImageOfPage":{"@id":"https:\/\/tremdavale.org\/pt\/2-curso-de-video-em-educacao-patrimonial-para-comunidade-escolar-2\/#primaryimage"},"image":{"@id":"https:\/\/tremdavale.org\/pt\/2-curso-de-video-em-educacao-patrimonial-para-comunidade-escolar-2\/#primaryimage"},"thumbnailUrl":"https:\/\/tremdavale.org\/wp-content\/uploads\/03-2c2ba-curso-de-video-para-comunidade-escolar1-300x199.jpg","datePublished":"2011-09-11T22:07:00+00:00","dateModified":"2025-10-10T11:57:00+00:00","author":{"@id":"https:\/\/tremdavale.org\/pt\/#\/schema\/person\/50912137d47426d31329f246d02eaeca"},"breadcrumb":{"@id":"https:\/\/tremdavale.org\/pt\/2-curso-de-video-em-educacao-patrimonial-para-comunidade-escolar-2\/#breadcrumb"},"inLanguage":"pt-PT","potentialAction":[{"@type":"ReadAction","target":["https:\/\/tremdavale.org\/pt\/2-curso-de-video-em-educacao-patrimonial-para-comunidade-escolar-2\/"]}]},{"@type":"ImageObject","inLanguage":"pt-PT","@id":"https:\/\/tremdavale.org\/pt\/2-curso-de-video-em-educacao-patrimonial-para-comunidade-escolar-2\/#primaryimage","url":"https:\/\/tremdavale.org\/wp-content\/uploads\/03-2c2ba-curso-de-video-para-comunidade-escolar1-300x199.jpg","contentUrl":"https:\/\/tremdavale.org\/wp-content\/uploads\/03-2c2ba-curso-de-video-para-comunidade-escolar1-300x199.jpg","width":300,"height":199},{"@type":"BreadcrumbList","@id":"https:\/\/tremdavale.org\/pt\/2-curso-de-video-em-educacao-patrimonial-para-comunidade-escolar-2\/#breadcrumb","itemListElement":[{"@type":"ListItem","position":1,"name":"In\u00edcio","item":"https:\/\/tremdavale.org\/pt\/"},{"@type":"ListItem","position":2,"name":"2\u00ba Curso de V\u00eddeo em Educa\u00e7\u00e3o Patrimonial para Comunidade Escolar"}]},{"@type":"WebSite","@id":"https:\/\/tremdavale.org\/pt\/#website","url":"https:\/\/tremdavale.org\/pt\/","name":"Trem da Vale","description":"Programa de Educa\u00e7\u00e3o Patrimonial","potentialAction":[{"@type":"SearchAction","target":{"@type":"EntryPoint","urlTemplate":"https:\/\/tremdavale.org\/pt\/?s={search_term_string}"},"query-input":{"@type":"PropertyValueSpecification","valueRequired":true,"valueName":"search_term_string"}}],"inLanguage":"pt-PT"},{"@type":"Person","@id":"https:\/\/tremdavale.org\/pt\/#\/schema\/person\/50912137d47426d31329f246d02eaeca","name":"admin","image":{"@type":"ImageObject","inLanguage":"pt-PT","@id":"https:\/\/tremdavale.org\/pt\/#\/schema\/person\/image\/","url":"https:\/\/secure.gravatar.com\/avatar\/b3564f0fda6ea47959fe96a4217203e79a167568a37409758659bc3ba443b452?s=96&d=mm&r=g","contentUrl":"https:\/\/secure.gravatar.com\/avatar\/b3564f0fda6ea47959fe96a4217203e79a167568a37409758659bc3ba443b452?s=96&d=mm&r=g","caption":"admin"},"sameAs":["https:\/\/tremdavale.org"],"url":"https:\/\/tremdavale.org\/pt\/author\/admin\/"}]}},"_links":{"self":[{"href":"https:\/\/tremdavale.org\/pt\/wp-json\/wp\/v2\/posts\/36","targetHints":{"allow":["GET"]}}],"collection":[{"href":"https:\/\/tremdavale.org\/pt\/wp-json\/wp\/v2\/posts"}],"about":[{"href":"https:\/\/tremdavale.org\/pt\/wp-json\/wp\/v2\/types\/post"}],"author":[{"embeddable":true,"href":"https:\/\/tremdavale.org\/pt\/wp-json\/wp\/v2\/users\/1"}],"replies":[{"embeddable":true,"href":"https:\/\/tremdavale.org\/pt\/wp-json\/wp\/v2\/comments?post=36"}],"version-history":[{"count":0,"href":"https:\/\/tremdavale.org\/pt\/wp-json\/wp\/v2\/posts\/36\/revisions"}],"wp:featuredmedia":[{"embeddable":true,"href":"https:\/\/tremdavale.org\/pt\/wp-json\/wp\/v2\/media\/343"}],"wp:attachment":[{"href":"https:\/\/tremdavale.org\/pt\/wp-json\/wp\/v2\/media?parent=36"}],"wp:term":[{"taxonomy":"category","embeddable":true,"href":"https:\/\/tremdavale.org\/pt\/wp-json\/wp\/v2\/categories?post=36"},{"taxonomy":"post_tag","embeddable":true,"href":"https:\/\/tremdavale.org\/pt\/wp-json\/wp\/v2\/tags?post=36"}],"curies":[{"name":"wp","href":"https:\/\/api.w.org\/{rel}","templated":true}]}}