{"id":38,"date":"2013-08-25T09:49:00","date_gmt":"2013-08-25T09:49:00","guid":{"rendered":"https:\/\/tremdavale.org\/?p=38"},"modified":"2025-10-10T11:57:00","modified_gmt":"2025-10-10T11:57:00","slug":"2-curso-de-video-em-educacao-patrimonial-para-comunidade-escolar-exibicao-dos-videos-do-2-curso-de-video-em-educacao-patrimonial-para-comunidade-escolar","status":"publish","type":"post","link":"https:\/\/tremdavale.org\/pt\/2-curso-de-video-em-educacao-patrimonial-para-comunidade-escolar-exibicao-dos-videos-do-2-curso-de-video-em-educacao-patrimonial-para-comunidade-escolar\/","title":{"rendered":"Exibi\u00e7\u00e3o dos v\u00eddeos do 2\u00ba Curso de V\u00eddeo em Educa\u00e7\u00e3o Patrimonial para Comunidade Escolar"},"content":{"rendered":"<p><span>O 2\u00ba Curso de V\u00eddeo em Educa\u00e7\u00e3o Patrimonial para Comunidade Escolar foi realizado no per\u00edodo de 25 de abril a 24 de maio de 2011, nas Esta\u00e7\u00f5es de Mariana e de Ouro Preto, sob a coordena\u00e7\u00e3o de instrutores: Douglas Aparecido e Eduardo Moreira, na \u00e1rea do Audiovisual; e Maria Agripina Neves, na \u00e1rea do Patrim\u00f4nio Cultural.<\/span><\/p>\n<p>&nbsp;<\/p>\n<p><span>Foram capacitados 52 alunos, sendo 03 professores e 49 crian\u00e7as (09 a 10 anos) da 4\u00aa e 5\u00aa s\u00e9ries do Ensino Fundamental, dos quais: 01 professor e 25 crian\u00e7as vindos da Escola Estadual Doutor Gomes Freire, de Mariana; e 02 professores e 24 crian\u00e7as vindos da Escola Estadual Mar\u00edlia de Dirceu, de Ouro Preto.<\/span><\/p>\n<p>&nbsp;<\/p>\n<p>Como resultado final do curso, foram produzidos quatro v\u00eddeos de curta dura\u00e7\u00e3o que abordaram bens culturais escolhidos pelos pr\u00f3prios participantes. Em cada cidade, a turma de alunos foi dividida em dois grupos que elaboraram os seguintes v\u00eddeos: em Mariana, \u201cC\u00e2mara Municipal de Mariana\u201d e \u201cEscola Estadual Doutor Gomes Freire\u201d; e em Ouro Preto, \u201cBrincadeiras\u201d e \u201cPonte Mar\u00edlia de Dirceu\u201d.<\/p>\n<p>&nbsp;<\/p>\n<p><img loading=\"lazy\" decoding=\"async\" class=\"size-medium\" title=\"01-exibicao-videos-op1\" src=\"\/wp-content\/uploads\/01-exibicao-videos-op1-300x199.jpg\" alt=\"01-exibicao-videos-op1\" width=\"300\" height=\"199\"><\/p>\n<p>Rosilene Figueiredo, da Equipe de Apoio T\u00e9cnico-Administrativo do Vale Registrar, fala aos alunos participantes do 2\u00ba Curso de V\u00eddeo em Educa\u00e7\u00e3o Patrimonial para Comunidade Escolar, da Escola Estadual Mar\u00edlia de Dirceu. Foto: Marcello Nicolato.<\/p>\n<p>&nbsp;<\/p>\n<p><span>O Vale Registrar fez as exibi\u00e7\u00f5es destes v\u00eddeos nas escolas participantes do curso. No dia 1\u00ba de dezembro, quinta-feira, \u00e0s 10 horas, a atividade foi realizada na Escola Estadual Mar\u00edlia de Dirceu, em Ouro Preto. Contamos com a presen\u00e7a dos alunos e das professoras Aparecida Maria dos Santos e L\u00facia Maria Medeiros Fonseca participantes do curso, dos instrutores Eduardo Moreira e Maria Agripina Neves; al\u00e9m de alguns alunos e da diretora da escola Maria da Concei\u00e7\u00e3o Fernandes de Souza. Tamb\u00e9m esteve presente Maria Concei\u00e7\u00e3o Alves e Silva, coordenadora do Tempo Integral da Superintend\u00eancia Regional de Ensino em Ouro Preto, que elogiou o curso e demonstrou forte interesse em continuar esta parceria em futuras a\u00e7\u00f5es do subprograma do Trem da Vale.<\/span><\/p>\n<p>&nbsp;<\/p>\n<p><img loading=\"lazy\" decoding=\"async\" class=\"size-medium\" title=\"03-exibicao-videos-ma\" src=\"\/wp-content\/uploads\/03-exibicao-videos-ma-300x199.jpg\" alt=\"03-exibicao-videos-ma\" width=\"300\" height=\"199\"><\/p>\n<p>Alunos da Escola Estadual Doutor Gomes Freire assistem aos v\u00eddeos produzidos no 2\u00ba Curso de V\u00eddeo em Educa\u00e7\u00e3o Patrimonial para Comunidade Escolar. Foto: Marcello Nicolato.<\/p>\n<p>&nbsp;<\/p>\n<p><span>No dia 9 de dezembro, sexta-feira, \u00e0s 10 horas, a exibi\u00e7\u00e3o aconteceu na Escola Estadual Doutor Gomes Freire, em Mariana, no qual compareceram os alunos participantes do curso e a instrutora Maria Agripina Neves. Al\u00e9m da vice-diretora da escola, Jeanete Maria das Dores Concei\u00e7\u00e3o, todos os alunos do turno da manh\u00e3, juntamente com seus professores, prestigiaram a atividade com muito entusiasmo e alegria.<\/span><\/p>\n<p>&nbsp;<\/p>\n<p><span>Nos dias das exibi\u00e7\u00f5es, as crian\u00e7as e os professores que participaram do curso receberam uma c\u00f3pia em DVD contendo todos os v\u00eddeos produzidos. Foram tamb\u00e9m distribu\u00eddos DVD\u2019s para a dire\u00e7\u00e3o e bibliotecas das duas escolas para que possam posteriormente ser utilizados como material educativo durante as aulas.<\/span><\/p>\n<p>&nbsp;<\/p>\n","protected":false},"excerpt":{"rendered":"<p>O 2\u00ba Curso de V\u00eddeo em Educa\u00e7\u00e3o Patrimonial para Comunidade Escolar foi realizado no per\u00edodo de 25 de abril a 24 de maio de 2011, nas Esta\u00e7\u00f5es de Mariana e de Ouro Preto, sob a coordena\u00e7\u00e3o de instrutores: Douglas Aparecido e Eduardo Moreira, na \u00e1rea do Audiovisual; e Maria Agripina &hellip;<\/p>\n","protected":false},"author":1,"featured_media":345,"comment_status":"open","ping_status":"closed","sticky":false,"template":"","format":"standard","meta":{"footnotes":""},"categories":[2],"tags":[],"class_list":["post-38","post","type-post","status-publish","format-standard","has-post-thumbnail","hentry","category-destaques-home"],"yoast_head":"<!-- This site is optimized with the Yoast SEO plugin v26.1.1 - https:\/\/yoast.com\/wordpress\/plugins\/seo\/ -->\n<title>Exibi\u00e7\u00e3o dos v\u00eddeos do 2\u00ba Curso de V\u00eddeo em Educa\u00e7\u00e3o Patrimonial para Comunidade Escolar &#8212; Trem da Vale<\/title>\n<meta name=\"robots\" content=\"index, follow, max-snippet:-1, max-image-preview:large, max-video-preview:-1\" \/>\n<link rel=\"canonical\" href=\"https:\/\/tremdavale.org\/pt\/2-curso-de-video-em-educacao-patrimonial-para-comunidade-escolar-exibicao-dos-videos-do-2-curso-de-video-em-educacao-patrimonial-para-comunidade-escolar\/\" \/>\n<meta property=\"og:locale\" content=\"pt_PT\" \/>\n<meta property=\"og:type\" content=\"article\" \/>\n<meta property=\"og:title\" content=\"Exibi\u00e7\u00e3o dos v\u00eddeos do 2\u00ba Curso de V\u00eddeo em Educa\u00e7\u00e3o Patrimonial para Comunidade Escolar &#8212; Trem da Vale\" \/>\n<meta property=\"og:description\" content=\"O 2\u00ba Curso de V\u00eddeo em Educa\u00e7\u00e3o Patrimonial para Comunidade Escolar foi realizado no per\u00edodo de 25 de abril a 24 de maio de 2011, nas Esta\u00e7\u00f5es de Mariana e de Ouro Preto, sob a coordena\u00e7\u00e3o de instrutores: Douglas Aparecido e Eduardo Moreira, na \u00e1rea do Audiovisual; e Maria Agripina &hellip;\" \/>\n<meta property=\"og:url\" content=\"https:\/\/tremdavale.org\/pt\/2-curso-de-video-em-educacao-patrimonial-para-comunidade-escolar-exibicao-dos-videos-do-2-curso-de-video-em-educacao-patrimonial-para-comunidade-escolar\/\" \/>\n<meta property=\"og:site_name\" content=\"Trem da Vale\" \/>\n<meta property=\"article:published_time\" content=\"2013-08-25T09:49:00+00:00\" \/>\n<meta property=\"article:modified_time\" content=\"2025-10-10T11:57:00+00:00\" \/>\n<meta property=\"og:image\" content=\"https:\/\/tremdavale.org\/wp-content\/uploads\/01-exibicao-videos-op1-300x199.jpg\" \/>\n\t<meta property=\"og:image:width\" content=\"300\" \/>\n\t<meta property=\"og:image:height\" content=\"199\" \/>\n\t<meta property=\"og:image:type\" content=\"image\/jpeg\" \/>\n<meta name=\"author\" content=\"admin\" \/>\n<meta name=\"twitter:card\" content=\"summary_large_image\" \/>\n<meta name=\"twitter:label1\" content=\"Escrito por\" \/>\n\t<meta name=\"twitter:data1\" content=\"admin\" \/>\n\t<meta name=\"twitter:label2\" content=\"Tempo estimado de leitura\" \/>\n\t<meta name=\"twitter:data2\" content=\"2 minutos\" \/>\n<script type=\"application\/ld+json\" class=\"yoast-schema-graph\">{\"@context\":\"https:\/\/schema.org\",\"@graph\":[{\"@type\":\"WebPage\",\"@id\":\"https:\/\/tremdavale.org\/pt\/2-curso-de-video-em-educacao-patrimonial-para-comunidade-escolar-exibicao-dos-videos-do-2-curso-de-video-em-educacao-patrimonial-para-comunidade-escolar\/\",\"url\":\"https:\/\/tremdavale.org\/pt\/2-curso-de-video-em-educacao-patrimonial-para-comunidade-escolar-exibicao-dos-videos-do-2-curso-de-video-em-educacao-patrimonial-para-comunidade-escolar\/\",\"name\":\"Exibi\u00e7\u00e3o dos v\u00eddeos do 2\u00ba Curso de V\u00eddeo em Educa\u00e7\u00e3o Patrimonial para Comunidade Escolar &#8212; Trem da Vale\",\"isPartOf\":{\"@id\":\"https:\/\/tremdavale.org\/pt\/#website\"},\"primaryImageOfPage\":{\"@id\":\"https:\/\/tremdavale.org\/pt\/2-curso-de-video-em-educacao-patrimonial-para-comunidade-escolar-exibicao-dos-videos-do-2-curso-de-video-em-educacao-patrimonial-para-comunidade-escolar\/#primaryimage\"},\"image\":{\"@id\":\"https:\/\/tremdavale.org\/pt\/2-curso-de-video-em-educacao-patrimonial-para-comunidade-escolar-exibicao-dos-videos-do-2-curso-de-video-em-educacao-patrimonial-para-comunidade-escolar\/#primaryimage\"},\"thumbnailUrl\":\"https:\/\/tremdavale.org\/wp-content\/uploads\/01-exibicao-videos-op1-300x199.jpg\",\"datePublished\":\"2013-08-25T09:49:00+00:00\",\"dateModified\":\"2025-10-10T11:57:00+00:00\",\"author\":{\"@id\":\"https:\/\/tremdavale.org\/pt\/#\/schema\/person\/50912137d47426d31329f246d02eaeca\"},\"breadcrumb\":{\"@id\":\"https:\/\/tremdavale.org\/pt\/2-curso-de-video-em-educacao-patrimonial-para-comunidade-escolar-exibicao-dos-videos-do-2-curso-de-video-em-educacao-patrimonial-para-comunidade-escolar\/#breadcrumb\"},\"inLanguage\":\"pt-PT\",\"potentialAction\":[{\"@type\":\"ReadAction\",\"target\":[\"https:\/\/tremdavale.org\/pt\/2-curso-de-video-em-educacao-patrimonial-para-comunidade-escolar-exibicao-dos-videos-do-2-curso-de-video-em-educacao-patrimonial-para-comunidade-escolar\/\"]}]},{\"@type\":\"ImageObject\",\"inLanguage\":\"pt-PT\",\"@id\":\"https:\/\/tremdavale.org\/pt\/2-curso-de-video-em-educacao-patrimonial-para-comunidade-escolar-exibicao-dos-videos-do-2-curso-de-video-em-educacao-patrimonial-para-comunidade-escolar\/#primaryimage\",\"url\":\"https:\/\/tremdavale.org\/wp-content\/uploads\/01-exibicao-videos-op1-300x199.jpg\",\"contentUrl\":\"https:\/\/tremdavale.org\/wp-content\/uploads\/01-exibicao-videos-op1-300x199.jpg\",\"width\":300,\"height\":199},{\"@type\":\"BreadcrumbList\",\"@id\":\"https:\/\/tremdavale.org\/pt\/2-curso-de-video-em-educacao-patrimonial-para-comunidade-escolar-exibicao-dos-videos-do-2-curso-de-video-em-educacao-patrimonial-para-comunidade-escolar\/#breadcrumb\",\"itemListElement\":[{\"@type\":\"ListItem\",\"position\":1,\"name\":\"In\u00edcio\",\"item\":\"https:\/\/tremdavale.org\/pt\/\"},{\"@type\":\"ListItem\",\"position\":2,\"name\":\"Exibi\u00e7\u00e3o dos v\u00eddeos do 2\u00ba Curso de V\u00eddeo em Educa\u00e7\u00e3o Patrimonial para Comunidade Escolar\"}]},{\"@type\":\"WebSite\",\"@id\":\"https:\/\/tremdavale.org\/pt\/#website\",\"url\":\"https:\/\/tremdavale.org\/pt\/\",\"name\":\"Trem da Vale\",\"description\":\"Programa de Educa\u00e7\u00e3o Patrimonial\",\"potentialAction\":[{\"@type\":\"SearchAction\",\"target\":{\"@type\":\"EntryPoint\",\"urlTemplate\":\"https:\/\/tremdavale.org\/pt\/?s={search_term_string}\"},\"query-input\":{\"@type\":\"PropertyValueSpecification\",\"valueRequired\":true,\"valueName\":\"search_term_string\"}}],\"inLanguage\":\"pt-PT\"},{\"@type\":\"Person\",\"@id\":\"https:\/\/tremdavale.org\/pt\/#\/schema\/person\/50912137d47426d31329f246d02eaeca\",\"name\":\"admin\",\"image\":{\"@type\":\"ImageObject\",\"inLanguage\":\"pt-PT\",\"@id\":\"https:\/\/tremdavale.org\/pt\/#\/schema\/person\/image\/\",\"url\":\"https:\/\/secure.gravatar.com\/avatar\/b3564f0fda6ea47959fe96a4217203e79a167568a37409758659bc3ba443b452?s=96&d=mm&r=g\",\"contentUrl\":\"https:\/\/secure.gravatar.com\/avatar\/b3564f0fda6ea47959fe96a4217203e79a167568a37409758659bc3ba443b452?s=96&d=mm&r=g\",\"caption\":\"admin\"},\"sameAs\":[\"https:\/\/tremdavale.org\"],\"url\":\"https:\/\/tremdavale.org\/pt\/author\/admin\/\"}]}<\/script>\n<!-- \/ Yoast SEO plugin. -->","yoast_head_json":{"title":"Exibi\u00e7\u00e3o dos v\u00eddeos do 2\u00ba Curso de V\u00eddeo em Educa\u00e7\u00e3o Patrimonial para Comunidade Escolar &#8212; Trem da Vale","robots":{"index":"index","follow":"follow","max-snippet":"max-snippet:-1","max-image-preview":"max-image-preview:large","max-video-preview":"max-video-preview:-1"},"canonical":"https:\/\/tremdavale.org\/pt\/2-curso-de-video-em-educacao-patrimonial-para-comunidade-escolar-exibicao-dos-videos-do-2-curso-de-video-em-educacao-patrimonial-para-comunidade-escolar\/","og_locale":"pt_PT","og_type":"article","og_title":"Exibi\u00e7\u00e3o dos v\u00eddeos do 2\u00ba Curso de V\u00eddeo em Educa\u00e7\u00e3o Patrimonial para Comunidade Escolar &#8212; Trem da Vale","og_description":"O 2\u00ba Curso de V\u00eddeo em Educa\u00e7\u00e3o Patrimonial para Comunidade Escolar foi realizado no per\u00edodo de 25 de abril a 24 de maio de 2011, nas Esta\u00e7\u00f5es de Mariana e de Ouro Preto, sob a coordena\u00e7\u00e3o de instrutores: Douglas Aparecido e Eduardo Moreira, na \u00e1rea do Audiovisual; e Maria Agripina &hellip;","og_url":"https:\/\/tremdavale.org\/pt\/2-curso-de-video-em-educacao-patrimonial-para-comunidade-escolar-exibicao-dos-videos-do-2-curso-de-video-em-educacao-patrimonial-para-comunidade-escolar\/","og_site_name":"Trem da Vale","article_published_time":"2013-08-25T09:49:00+00:00","article_modified_time":"2025-10-10T11:57:00+00:00","og_image":[{"width":300,"height":199,"url":"https:\/\/tremdavale.org\/wp-content\/uploads\/01-exibicao-videos-op1-300x199.jpg","type":"image\/jpeg"}],"author":"admin","twitter_card":"summary_large_image","twitter_misc":{"Escrito por":"admin","Tempo estimado de leitura":"2 minutos"},"schema":{"@context":"https:\/\/schema.org","@graph":[{"@type":"WebPage","@id":"https:\/\/tremdavale.org\/pt\/2-curso-de-video-em-educacao-patrimonial-para-comunidade-escolar-exibicao-dos-videos-do-2-curso-de-video-em-educacao-patrimonial-para-comunidade-escolar\/","url":"https:\/\/tremdavale.org\/pt\/2-curso-de-video-em-educacao-patrimonial-para-comunidade-escolar-exibicao-dos-videos-do-2-curso-de-video-em-educacao-patrimonial-para-comunidade-escolar\/","name":"Exibi\u00e7\u00e3o dos v\u00eddeos do 2\u00ba Curso de V\u00eddeo em Educa\u00e7\u00e3o Patrimonial para Comunidade Escolar &#8212; Trem da Vale","isPartOf":{"@id":"https:\/\/tremdavale.org\/pt\/#website"},"primaryImageOfPage":{"@id":"https:\/\/tremdavale.org\/pt\/2-curso-de-video-em-educacao-patrimonial-para-comunidade-escolar-exibicao-dos-videos-do-2-curso-de-video-em-educacao-patrimonial-para-comunidade-escolar\/#primaryimage"},"image":{"@id":"https:\/\/tremdavale.org\/pt\/2-curso-de-video-em-educacao-patrimonial-para-comunidade-escolar-exibicao-dos-videos-do-2-curso-de-video-em-educacao-patrimonial-para-comunidade-escolar\/#primaryimage"},"thumbnailUrl":"https:\/\/tremdavale.org\/wp-content\/uploads\/01-exibicao-videos-op1-300x199.jpg","datePublished":"2013-08-25T09:49:00+00:00","dateModified":"2025-10-10T11:57:00+00:00","author":{"@id":"https:\/\/tremdavale.org\/pt\/#\/schema\/person\/50912137d47426d31329f246d02eaeca"},"breadcrumb":{"@id":"https:\/\/tremdavale.org\/pt\/2-curso-de-video-em-educacao-patrimonial-para-comunidade-escolar-exibicao-dos-videos-do-2-curso-de-video-em-educacao-patrimonial-para-comunidade-escolar\/#breadcrumb"},"inLanguage":"pt-PT","potentialAction":[{"@type":"ReadAction","target":["https:\/\/tremdavale.org\/pt\/2-curso-de-video-em-educacao-patrimonial-para-comunidade-escolar-exibicao-dos-videos-do-2-curso-de-video-em-educacao-patrimonial-para-comunidade-escolar\/"]}]},{"@type":"ImageObject","inLanguage":"pt-PT","@id":"https:\/\/tremdavale.org\/pt\/2-curso-de-video-em-educacao-patrimonial-para-comunidade-escolar-exibicao-dos-videos-do-2-curso-de-video-em-educacao-patrimonial-para-comunidade-escolar\/#primaryimage","url":"https:\/\/tremdavale.org\/wp-content\/uploads\/01-exibicao-videos-op1-300x199.jpg","contentUrl":"https:\/\/tremdavale.org\/wp-content\/uploads\/01-exibicao-videos-op1-300x199.jpg","width":300,"height":199},{"@type":"BreadcrumbList","@id":"https:\/\/tremdavale.org\/pt\/2-curso-de-video-em-educacao-patrimonial-para-comunidade-escolar-exibicao-dos-videos-do-2-curso-de-video-em-educacao-patrimonial-para-comunidade-escolar\/#breadcrumb","itemListElement":[{"@type":"ListItem","position":1,"name":"In\u00edcio","item":"https:\/\/tremdavale.org\/pt\/"},{"@type":"ListItem","position":2,"name":"Exibi\u00e7\u00e3o dos v\u00eddeos do 2\u00ba Curso de V\u00eddeo em Educa\u00e7\u00e3o Patrimonial para Comunidade Escolar"}]},{"@type":"WebSite","@id":"https:\/\/tremdavale.org\/pt\/#website","url":"https:\/\/tremdavale.org\/pt\/","name":"Trem da Vale","description":"Programa de Educa\u00e7\u00e3o Patrimonial","potentialAction":[{"@type":"SearchAction","target":{"@type":"EntryPoint","urlTemplate":"https:\/\/tremdavale.org\/pt\/?s={search_term_string}"},"query-input":{"@type":"PropertyValueSpecification","valueRequired":true,"valueName":"search_term_string"}}],"inLanguage":"pt-PT"},{"@type":"Person","@id":"https:\/\/tremdavale.org\/pt\/#\/schema\/person\/50912137d47426d31329f246d02eaeca","name":"admin","image":{"@type":"ImageObject","inLanguage":"pt-PT","@id":"https:\/\/tremdavale.org\/pt\/#\/schema\/person\/image\/","url":"https:\/\/secure.gravatar.com\/avatar\/b3564f0fda6ea47959fe96a4217203e79a167568a37409758659bc3ba443b452?s=96&d=mm&r=g","contentUrl":"https:\/\/secure.gravatar.com\/avatar\/b3564f0fda6ea47959fe96a4217203e79a167568a37409758659bc3ba443b452?s=96&d=mm&r=g","caption":"admin"},"sameAs":["https:\/\/tremdavale.org"],"url":"https:\/\/tremdavale.org\/pt\/author\/admin\/"}]}},"_links":{"self":[{"href":"https:\/\/tremdavale.org\/pt\/wp-json\/wp\/v2\/posts\/38","targetHints":{"allow":["GET"]}}],"collection":[{"href":"https:\/\/tremdavale.org\/pt\/wp-json\/wp\/v2\/posts"}],"about":[{"href":"https:\/\/tremdavale.org\/pt\/wp-json\/wp\/v2\/types\/post"}],"author":[{"embeddable":true,"href":"https:\/\/tremdavale.org\/pt\/wp-json\/wp\/v2\/users\/1"}],"replies":[{"embeddable":true,"href":"https:\/\/tremdavale.org\/pt\/wp-json\/wp\/v2\/comments?post=38"}],"version-history":[{"count":0,"href":"https:\/\/tremdavale.org\/pt\/wp-json\/wp\/v2\/posts\/38\/revisions"}],"wp:featuredmedia":[{"embeddable":true,"href":"https:\/\/tremdavale.org\/pt\/wp-json\/wp\/v2\/media\/345"}],"wp:attachment":[{"href":"https:\/\/tremdavale.org\/pt\/wp-json\/wp\/v2\/media?parent=38"}],"wp:term":[{"taxonomy":"category","embeddable":true,"href":"https:\/\/tremdavale.org\/pt\/wp-json\/wp\/v2\/categories?post=38"},{"taxonomy":"post_tag","embeddable":true,"href":"https:\/\/tremdavale.org\/pt\/wp-json\/wp\/v2\/tags?post=38"}],"curies":[{"name":"wp","href":"https:\/\/api.w.org\/{rel}","templated":true}]}}