{"id":40,"date":"2013-12-19T17:09:00","date_gmt":"2013-12-19T17:09:00","guid":{"rendered":"https:\/\/tremdavale.org\/?p=40"},"modified":"2025-10-10T11:57:00","modified_gmt":"2025-10-10T11:57:00","slug":"3-mostra-de-videocabines-chapada-ouro-preto","status":"publish","type":"post","link":"https:\/\/tremdavale.org\/pt\/3-mostra-de-videocabines-chapada-ouro-preto\/","title":{"rendered":"3\u00aa Mostra de Videocabines \u2013 Chapada \u2013 Ouro Preto"},"content":{"rendered":"<p>No s\u00e1bado, dia 07 de setembro de 2013, ocorreu a terceira apresenta\u00e7\u00e3o da Mostra de Videocabines, no subdistrito de Chapada, em Ouro Preto.<a name=\"1405b00649bf0811__GoBack\" id=\"1405b00649bf0811__GoBack\"><\/a> A apresenta\u00e7\u00e3o come\u00e7ou por volta de 18 horas, na pracinha em frente \u00e0 Capela de Sant\u2019Ana, local onde tamb\u00e9m acontecia o VI Gastroarte.<\/p>\n<p>Um p\u00fablico de aproximadamente 120 pessoas prestigiou a exibi\u00e7\u00e3o da edi\u00e7\u00e3o da videocabine \u201cPaisagens e Lugares II\u201d; cuja grava\u00e7\u00e3o original foi realizada ali mesmo, no subdistrito, em 2009, pelo Vale Registrar, do Programa de Educa\u00e7\u00e3o Patrimonial Trem da Vale. Foram tamb\u00e9m exibidos os v\u00eddeos sobre \u201cCulin\u00e1ria II\u201d que tiveram grava\u00e7\u00f5es realizadas em 2007 em alguns distritos, como Santo Ant\u00f4nio do Salto, sendo a sess\u00e3o realizada em torno de 30 minutos.<\/p>\n<p>Ao final da exibi\u00e7\u00e3o, alguns participantes parabenizaram e agradeceram a equipe do Programa pela iniciativa e promo\u00e7\u00e3o da atividade, conforme registrado pelos depoimentos gravados:<\/p>\n<p>\u201c\u2026<em>Sim, eu acho que \u00e9 uma iniciativa muito boa, porque aprende a valorizar ainda mais a nossa comunidade. \u00c9 uma iniciativa muito boa do Trem da Vale estar vindo para c\u00e1, porque vai mostrar a nossa comunidade para as pessoas que n\u00e3o puderam vir aqui prestigiar a festa<\/em>.\u201d, disse Ant\u00f4nio Celestino Pereira.<\/p>\n<p>E a moradora do local e coordenadora do evento, Ana Concei\u00e7\u00e3o Guimar\u00e3es, acrescenta \u201c<em>Bom\u2026 eu achei incr\u00edvel, porque j\u00e1 tem algum tempo. Foi em 2009 e o pessoal veio aqui fazer a entrevista com gente, e eu n\u00e3o imaginava que isso estava guardado e seria apresentado para toda a comunidade, ent\u00e3o, para mim, foi uma surpresa muito bacana. Vi pessoas que agora n\u00e3o moram na Chapada mais, mas est\u00e1 sempre aqui. Eu fiquei encantada!\u201d.<\/em><\/p>\n<p>A pr\u00f3xima Mostra de Videocabines ser\u00e1 realizada no dia 04 de outubro, sexta-feira, \u00e0s 18 horas,&nbsp;na pracinha ao lado da Casa de Cultura do bairro Padre Faria, em Ouro Preto.<\/p>\n<p>&nbsp;<\/p>\n<p><img loading=\"lazy\" decoding=\"async\" class=\"size-medium\" title=\"01-3c2aa-exibicao-mostravideoc-chapadaop1\" src=\"\/wp-content\/uploads\/01-3c2aa-exibicao-mostravideoc-chapadaop1-300x240.jpg\" alt=\"A equipe do N\u00facleo de Audiovisual do Vale Registrar \u2013 Leonardo Penna (Gerente Operacional) e Isadora Bruzzi (estagi\u00e1ria) \u2013 gravam depoimento de S\u00e9rgio Rom\u00e3o Pereira, momentos antes da exibi\u00e7\u00e3o da 3\u00aa Mostra de Videocabines \u2013 \u201cPaisagens e Lugares II\u201d e \u201cCulin\u00e1ria II\u201d, na Pra\u00e7a de Sant\u2019Ana, subdistrito de Chapada, em Ouro Preto. Foto: Cristiane Evangelista\" width=\"300\" height=\"240\"><\/p>\n<p>A equipe do N\u00facleo de Audiovisual do Vale Registrar \u2013 Leonardo Penna (Gerente Operacional) e Isadora Bruzzi (estagi\u00e1ria) \u2013 gravam depoimento de S\u00e9rgio Rom\u00e3o Pereira, momentos antes da exibi\u00e7\u00e3o da 3\u00aa Mostra de Videocabines \u2013 \u201cPaisagens e Lugares II\u201d e \u201cCulin\u00e1ria II\u201d, na Pra\u00e7a de Sant\u2019Ana, subdistrito de Chapada, em Ouro Preto. Foto: Cristiane Evangelista<\/p>\n<p>&nbsp;<\/p>\n<p><img loading=\"lazy\" decoding=\"async\" class=\"size-medium\" title=\"02-3c2aa-exibicao-mostravideoc-chapadaop2\" src=\"\/wp-content\/uploads\/02-3c2aa-exibicao-mostravideoc-chapadaop2-300x199.jpg\" alt=\"Cristiane Evangelista, Agente Administrativo do Apoio T\u00e9cnico-Administrativo do Vale Registrar, preenche o Termo de Autoriza\u00e7\u00e3o para Uso de Imagem do depoente Jos\u00e9 Carvalho da Silva, na Pra\u00e7a de Sant\u2019Ana, no subdistrito de Chapada, em Ouro Preto. Foto: Wesley Maur\u00edcio\" width=\"300\" height=\"199\"><\/p>\n<p>Cristiane Evangelista, Agente Administrativo do Apoio T\u00e9cnico-Administrativo do Vale Registrar, preenche o Termo de Autoriza\u00e7\u00e3o para Uso de Imagem do depoente Jos\u00e9 Carvalho da Silva, na Pra\u00e7a de Sant\u2019Ana, no subdistrito de Chapada, em Ouro Preto. Foto: Wesley Maur\u00edcio<\/p>\n<p>&nbsp;<\/p>\n<p><img loading=\"lazy\" decoding=\"async\" class=\"size-medium\" title=\"03-3c2aa-exibicao-mostravideoc-chapadaop1\" src=\"\/wp-content\/uploads\/03-3c2aa-exibicao-mostravideoc-chapadaop1-300x199.jpg\" alt=\"Participantes da VI Gastroarte, acompanham a exibi\u00e7\u00e3o da 3\u00aa Mostra de Videocabines \u2013 \u201cPaisagens e Lugares II\u201d e \u201cCulin\u00e1ria II\u201d, na Pra\u00e7a de Sant\u2019Ana, no subdistrito de Chapada, em Ouro Preto. Foto: Isadora Bruzzi\" width=\"300\" height=\"199\"><\/p>\n<p>Participantes da VI Gastroarte, acompanham a exibi\u00e7\u00e3o da 3\u00aa Mostra de Videocabines \u2013 \u201cPaisagens e Lugares II\u201d e \u201cCulin\u00e1ria II\u201d, na Pra\u00e7a de Sant\u2019Ana, no subdistrito de Chapada, em Ouro Preto. Foto: Isadora Bruzzi<\/p>\n<p>&nbsp;<\/p>\n<p><img loading=\"lazy\" decoding=\"async\" class=\"size-medium\" title=\"04-3c2aa-exibicao-mostravideoc-chapadaop1\" src=\"\/wp-content\/uploads\/04-3c2aa-exibicao-mostravideoc-chapadaop1-300x199.jpg\" alt=\"Moradores assistem a 3\u00aa Mostra de Videocabines \u2013 \u201cPaisagens e Lugares II\u201d e \u201cCulin\u00e1ria II\u201d e na Pra\u00e7a de Sant\u2019Ana, no subdistrito de Chapada, em Ouro Preto. Foto: Isadora Bruzzi \" width=\"300\" height=\"199\"><\/p>\n<p>Moradores assistem a 3\u00aa Mostra de Videocabines \u2013 \u201cPaisagens e Lugares II\u201d e \u201cCulin\u00e1ria II\u201d e na Pra\u00e7a de Sant\u2019Ana, no subdistrito de Chapada, em Ouro Preto. Foto: Isadora Bruzzi<\/p>\n<p>&nbsp;<\/p>\n","protected":false},"excerpt":{"rendered":"<p>No s\u00e1bado, dia 07 de setembro de 2013, ocorreu a terceira apresenta\u00e7\u00e3o da Mostra de Videocabines, no subdistrito de Chapada, em Ouro Preto. A apresenta\u00e7\u00e3o come\u00e7ou por volta de 18 horas, na pracinha em frente \u00e0 Capela de Sant\u2019Ana, local onde tamb\u00e9m acontecia o VI Gastroarte. Um p\u00fablico de aproximadamente &hellip;<\/p>\n","protected":false},"author":1,"featured_media":347,"comment_status":"open","ping_status":"closed","sticky":false,"template":"","format":"standard","meta":{"footnotes":""},"categories":[2],"tags":[],"class_list":["post-40","post","type-post","status-publish","format-standard","has-post-thumbnail","hentry","category-destaques-home"],"yoast_head":"<!-- This site is optimized with the Yoast SEO plugin v26.1.1 - https:\/\/yoast.com\/wordpress\/plugins\/seo\/ -->\n<title>3\u00aa Mostra de Videocabines \u2013 Chapada \u2013 Ouro Preto &#8212; Trem da Vale<\/title>\n<meta name=\"robots\" content=\"index, follow, max-snippet:-1, max-image-preview:large, max-video-preview:-1\" \/>\n<link rel=\"canonical\" href=\"https:\/\/tremdavale.org\/pt\/3-mostra-de-videocabines-chapada-ouro-preto\/\" \/>\n<meta property=\"og:locale\" content=\"pt_PT\" \/>\n<meta property=\"og:type\" content=\"article\" \/>\n<meta property=\"og:title\" content=\"3\u00aa Mostra de Videocabines \u2013 Chapada \u2013 Ouro Preto &#8212; Trem da Vale\" \/>\n<meta property=\"og:description\" content=\"No s\u00e1bado, dia 07 de setembro de 2013, ocorreu a terceira apresenta\u00e7\u00e3o da Mostra de Videocabines, no subdistrito de Chapada, em Ouro Preto. A apresenta\u00e7\u00e3o come\u00e7ou por volta de 18 horas, na pracinha em frente \u00e0 Capela de Sant\u2019Ana, local onde tamb\u00e9m acontecia o VI Gastroarte. Um p\u00fablico de aproximadamente &hellip;\" \/>\n<meta property=\"og:url\" content=\"https:\/\/tremdavale.org\/pt\/3-mostra-de-videocabines-chapada-ouro-preto\/\" \/>\n<meta property=\"og:site_name\" content=\"Trem da Vale\" \/>\n<meta property=\"article:published_time\" content=\"2013-12-19T17:09:00+00:00\" \/>\n<meta property=\"article:modified_time\" content=\"2025-10-10T11:57:00+00:00\" \/>\n<meta property=\"og:image\" content=\"https:\/\/tremdavale.org\/wp-content\/uploads\/01-3c2aa-exibicao-mostravideoc-chapadaop1-300x240.jpg\" \/>\n\t<meta property=\"og:image:width\" content=\"300\" \/>\n\t<meta property=\"og:image:height\" content=\"240\" \/>\n\t<meta property=\"og:image:type\" content=\"image\/jpeg\" \/>\n<meta name=\"author\" content=\"admin\" \/>\n<meta name=\"twitter:card\" content=\"summary_large_image\" \/>\n<meta name=\"twitter:label1\" content=\"Escrito por\" \/>\n\t<meta name=\"twitter:data1\" content=\"admin\" \/>\n\t<meta name=\"twitter:label2\" content=\"Tempo estimado de leitura\" \/>\n\t<meta name=\"twitter:data2\" content=\"2 minutos\" \/>\n<script type=\"application\/ld+json\" class=\"yoast-schema-graph\">{\"@context\":\"https:\/\/schema.org\",\"@graph\":[{\"@type\":\"WebPage\",\"@id\":\"https:\/\/tremdavale.org\/pt\/3-mostra-de-videocabines-chapada-ouro-preto\/\",\"url\":\"https:\/\/tremdavale.org\/pt\/3-mostra-de-videocabines-chapada-ouro-preto\/\",\"name\":\"3\u00aa Mostra de Videocabines \u2013 Chapada \u2013 Ouro Preto &#8212; Trem da Vale\",\"isPartOf\":{\"@id\":\"https:\/\/tremdavale.org\/pt\/#website\"},\"primaryImageOfPage\":{\"@id\":\"https:\/\/tremdavale.org\/pt\/3-mostra-de-videocabines-chapada-ouro-preto\/#primaryimage\"},\"image\":{\"@id\":\"https:\/\/tremdavale.org\/pt\/3-mostra-de-videocabines-chapada-ouro-preto\/#primaryimage\"},\"thumbnailUrl\":\"https:\/\/tremdavale.org\/wp-content\/uploads\/01-3c2aa-exibicao-mostravideoc-chapadaop1-300x240.jpg\",\"datePublished\":\"2013-12-19T17:09:00+00:00\",\"dateModified\":\"2025-10-10T11:57:00+00:00\",\"author\":{\"@id\":\"https:\/\/tremdavale.org\/pt\/#\/schema\/person\/50912137d47426d31329f246d02eaeca\"},\"breadcrumb\":{\"@id\":\"https:\/\/tremdavale.org\/pt\/3-mostra-de-videocabines-chapada-ouro-preto\/#breadcrumb\"},\"inLanguage\":\"pt-PT\",\"potentialAction\":[{\"@type\":\"ReadAction\",\"target\":[\"https:\/\/tremdavale.org\/pt\/3-mostra-de-videocabines-chapada-ouro-preto\/\"]}]},{\"@type\":\"ImageObject\",\"inLanguage\":\"pt-PT\",\"@id\":\"https:\/\/tremdavale.org\/pt\/3-mostra-de-videocabines-chapada-ouro-preto\/#primaryimage\",\"url\":\"https:\/\/tremdavale.org\/wp-content\/uploads\/01-3c2aa-exibicao-mostravideoc-chapadaop1-300x240.jpg\",\"contentUrl\":\"https:\/\/tremdavale.org\/wp-content\/uploads\/01-3c2aa-exibicao-mostravideoc-chapadaop1-300x240.jpg\",\"width\":300,\"height\":240},{\"@type\":\"BreadcrumbList\",\"@id\":\"https:\/\/tremdavale.org\/pt\/3-mostra-de-videocabines-chapada-ouro-preto\/#breadcrumb\",\"itemListElement\":[{\"@type\":\"ListItem\",\"position\":1,\"name\":\"In\u00edcio\",\"item\":\"https:\/\/tremdavale.org\/pt\/\"},{\"@type\":\"ListItem\",\"position\":2,\"name\":\"3\u00aa Mostra de Videocabines \u2013 Chapada \u2013 Ouro Preto\"}]},{\"@type\":\"WebSite\",\"@id\":\"https:\/\/tremdavale.org\/pt\/#website\",\"url\":\"https:\/\/tremdavale.org\/pt\/\",\"name\":\"Trem da Vale\",\"description\":\"Programa de Educa\u00e7\u00e3o Patrimonial\",\"potentialAction\":[{\"@type\":\"SearchAction\",\"target\":{\"@type\":\"EntryPoint\",\"urlTemplate\":\"https:\/\/tremdavale.org\/pt\/?s={search_term_string}\"},\"query-input\":{\"@type\":\"PropertyValueSpecification\",\"valueRequired\":true,\"valueName\":\"search_term_string\"}}],\"inLanguage\":\"pt-PT\"},{\"@type\":\"Person\",\"@id\":\"https:\/\/tremdavale.org\/pt\/#\/schema\/person\/50912137d47426d31329f246d02eaeca\",\"name\":\"admin\",\"image\":{\"@type\":\"ImageObject\",\"inLanguage\":\"pt-PT\",\"@id\":\"https:\/\/tremdavale.org\/pt\/#\/schema\/person\/image\/\",\"url\":\"https:\/\/secure.gravatar.com\/avatar\/b3564f0fda6ea47959fe96a4217203e79a167568a37409758659bc3ba443b452?s=96&d=mm&r=g\",\"contentUrl\":\"https:\/\/secure.gravatar.com\/avatar\/b3564f0fda6ea47959fe96a4217203e79a167568a37409758659bc3ba443b452?s=96&d=mm&r=g\",\"caption\":\"admin\"},\"sameAs\":[\"https:\/\/tremdavale.org\"],\"url\":\"https:\/\/tremdavale.org\/pt\/author\/admin\/\"}]}<\/script>\n<!-- \/ Yoast SEO plugin. -->","yoast_head_json":{"title":"3\u00aa Mostra de Videocabines \u2013 Chapada \u2013 Ouro Preto &#8212; Trem da Vale","robots":{"index":"index","follow":"follow","max-snippet":"max-snippet:-1","max-image-preview":"max-image-preview:large","max-video-preview":"max-video-preview:-1"},"canonical":"https:\/\/tremdavale.org\/pt\/3-mostra-de-videocabines-chapada-ouro-preto\/","og_locale":"pt_PT","og_type":"article","og_title":"3\u00aa Mostra de Videocabines \u2013 Chapada \u2013 Ouro Preto &#8212; Trem da Vale","og_description":"No s\u00e1bado, dia 07 de setembro de 2013, ocorreu a terceira apresenta\u00e7\u00e3o da Mostra de Videocabines, no subdistrito de Chapada, em Ouro Preto. A apresenta\u00e7\u00e3o come\u00e7ou por volta de 18 horas, na pracinha em frente \u00e0 Capela de Sant\u2019Ana, local onde tamb\u00e9m acontecia o VI Gastroarte. Um p\u00fablico de aproximadamente &hellip;","og_url":"https:\/\/tremdavale.org\/pt\/3-mostra-de-videocabines-chapada-ouro-preto\/","og_site_name":"Trem da Vale","article_published_time":"2013-12-19T17:09:00+00:00","article_modified_time":"2025-10-10T11:57:00+00:00","og_image":[{"width":300,"height":240,"url":"https:\/\/tremdavale.org\/wp-content\/uploads\/01-3c2aa-exibicao-mostravideoc-chapadaop1-300x240.jpg","type":"image\/jpeg"}],"author":"admin","twitter_card":"summary_large_image","twitter_misc":{"Escrito por":"admin","Tempo estimado de leitura":"2 minutos"},"schema":{"@context":"https:\/\/schema.org","@graph":[{"@type":"WebPage","@id":"https:\/\/tremdavale.org\/pt\/3-mostra-de-videocabines-chapada-ouro-preto\/","url":"https:\/\/tremdavale.org\/pt\/3-mostra-de-videocabines-chapada-ouro-preto\/","name":"3\u00aa Mostra de Videocabines \u2013 Chapada \u2013 Ouro Preto &#8212; Trem da Vale","isPartOf":{"@id":"https:\/\/tremdavale.org\/pt\/#website"},"primaryImageOfPage":{"@id":"https:\/\/tremdavale.org\/pt\/3-mostra-de-videocabines-chapada-ouro-preto\/#primaryimage"},"image":{"@id":"https:\/\/tremdavale.org\/pt\/3-mostra-de-videocabines-chapada-ouro-preto\/#primaryimage"},"thumbnailUrl":"https:\/\/tremdavale.org\/wp-content\/uploads\/01-3c2aa-exibicao-mostravideoc-chapadaop1-300x240.jpg","datePublished":"2013-12-19T17:09:00+00:00","dateModified":"2025-10-10T11:57:00+00:00","author":{"@id":"https:\/\/tremdavale.org\/pt\/#\/schema\/person\/50912137d47426d31329f246d02eaeca"},"breadcrumb":{"@id":"https:\/\/tremdavale.org\/pt\/3-mostra-de-videocabines-chapada-ouro-preto\/#breadcrumb"},"inLanguage":"pt-PT","potentialAction":[{"@type":"ReadAction","target":["https:\/\/tremdavale.org\/pt\/3-mostra-de-videocabines-chapada-ouro-preto\/"]}]},{"@type":"ImageObject","inLanguage":"pt-PT","@id":"https:\/\/tremdavale.org\/pt\/3-mostra-de-videocabines-chapada-ouro-preto\/#primaryimage","url":"https:\/\/tremdavale.org\/wp-content\/uploads\/01-3c2aa-exibicao-mostravideoc-chapadaop1-300x240.jpg","contentUrl":"https:\/\/tremdavale.org\/wp-content\/uploads\/01-3c2aa-exibicao-mostravideoc-chapadaop1-300x240.jpg","width":300,"height":240},{"@type":"BreadcrumbList","@id":"https:\/\/tremdavale.org\/pt\/3-mostra-de-videocabines-chapada-ouro-preto\/#breadcrumb","itemListElement":[{"@type":"ListItem","position":1,"name":"In\u00edcio","item":"https:\/\/tremdavale.org\/pt\/"},{"@type":"ListItem","position":2,"name":"3\u00aa Mostra de Videocabines \u2013 Chapada \u2013 Ouro Preto"}]},{"@type":"WebSite","@id":"https:\/\/tremdavale.org\/pt\/#website","url":"https:\/\/tremdavale.org\/pt\/","name":"Trem da Vale","description":"Programa de Educa\u00e7\u00e3o Patrimonial","potentialAction":[{"@type":"SearchAction","target":{"@type":"EntryPoint","urlTemplate":"https:\/\/tremdavale.org\/pt\/?s={search_term_string}"},"query-input":{"@type":"PropertyValueSpecification","valueRequired":true,"valueName":"search_term_string"}}],"inLanguage":"pt-PT"},{"@type":"Person","@id":"https:\/\/tremdavale.org\/pt\/#\/schema\/person\/50912137d47426d31329f246d02eaeca","name":"admin","image":{"@type":"ImageObject","inLanguage":"pt-PT","@id":"https:\/\/tremdavale.org\/pt\/#\/schema\/person\/image\/","url":"https:\/\/secure.gravatar.com\/avatar\/b3564f0fda6ea47959fe96a4217203e79a167568a37409758659bc3ba443b452?s=96&d=mm&r=g","contentUrl":"https:\/\/secure.gravatar.com\/avatar\/b3564f0fda6ea47959fe96a4217203e79a167568a37409758659bc3ba443b452?s=96&d=mm&r=g","caption":"admin"},"sameAs":["https:\/\/tremdavale.org"],"url":"https:\/\/tremdavale.org\/pt\/author\/admin\/"}]}},"_links":{"self":[{"href":"https:\/\/tremdavale.org\/pt\/wp-json\/wp\/v2\/posts\/40","targetHints":{"allow":["GET"]}}],"collection":[{"href":"https:\/\/tremdavale.org\/pt\/wp-json\/wp\/v2\/posts"}],"about":[{"href":"https:\/\/tremdavale.org\/pt\/wp-json\/wp\/v2\/types\/post"}],"author":[{"embeddable":true,"href":"https:\/\/tremdavale.org\/pt\/wp-json\/wp\/v2\/users\/1"}],"replies":[{"embeddable":true,"href":"https:\/\/tremdavale.org\/pt\/wp-json\/wp\/v2\/comments?post=40"}],"version-history":[{"count":0,"href":"https:\/\/tremdavale.org\/pt\/wp-json\/wp\/v2\/posts\/40\/revisions"}],"wp:featuredmedia":[{"embeddable":true,"href":"https:\/\/tremdavale.org\/pt\/wp-json\/wp\/v2\/media\/347"}],"wp:attachment":[{"href":"https:\/\/tremdavale.org\/pt\/wp-json\/wp\/v2\/media?parent=40"}],"wp:term":[{"taxonomy":"category","embeddable":true,"href":"https:\/\/tremdavale.org\/pt\/wp-json\/wp\/v2\/categories?post=40"},{"taxonomy":"post_tag","embeddable":true,"href":"https:\/\/tremdavale.org\/pt\/wp-json\/wp\/v2\/tags?post=40"}],"curies":[{"name":"wp","href":"https:\/\/api.w.org\/{rel}","templated":true}]}}