{"id":41,"date":"2013-08-25T04:59:00","date_gmt":"2013-08-25T04:59:00","guid":{"rendered":"https:\/\/tremdavale.org\/?p=41"},"modified":"2025-10-10T11:57:00","modified_gmt":"2025-10-10T11:57:00","slug":"3-mostra-intermunicipal-de-preservacao-patrimonial-educacao-e-cultura","status":"publish","type":"post","link":"https:\/\/tremdavale.org\/pt\/3-mostra-intermunicipal-de-preservacao-patrimonial-educacao-e-cultura\/","title":{"rendered":"3\u00aa Mostra Intermunicipal de Preserva\u00e7\u00e3o Patrimonial: Educa\u00e7\u00e3o e Cultura"},"content":{"rendered":"<p><img loading=\"lazy\" decoding=\"async\" class=\"size-medium alignright\" title=\"cartaz_mostra_v1\" src=\"\/wp-content\/uploads\/cartaz_mostra_v1-212x300.jpg\" alt=\"cartaz_mostra_v1\" width=\"212\" height=\"300\"><\/p>\n<p>A Mostra de Preserva\u00e7\u00e3o Patrimonial se inspira na tradi\u00e7\u00e3o escolar representada pelas Feiras de Ci\u00eancias, pretendendo dar visibilidade aos projetos pedag\u00f3gicos desenvolvidos por escolas e professores, os mesmos que possibilitar\u00e3o a inser\u00e7\u00e3o e o enraizamento da quest\u00e3o patrimonial no interior do curr\u00edculo escolar.<\/p>\n<p>Com o objetivo divulgar e premiar institui\u00e7\u00f5es de ensino, bem como institui\u00e7\u00f5es e grupos representativos da comunidade das cidades de Mariana e Ouro Preto que realizem trabalho de Educa\u00e7\u00e3o e Preserva\u00e7\u00e3o Patrimonial com a participa\u00e7\u00e3o de alunos regularmente matriculados ou membros da comunidade, a Mostra est\u00e1 programada para acontecer no dia 05 de novembro, na Tenda Cultural da Esta\u00e7\u00e3o Ferrovi\u00e1ria de Ouro Preto.<\/p>\n<p>Todos os Projetos regularmente apresentados nos termos do Regulamento do Edital ser\u00e3o analisados por uma Comiss\u00e3o Julgadora, composta por cerca de 06 (seis) membros, selecionados pela coordena\u00e7\u00e3o do Trem da Vale, a seu exclusivo crit\u00e9rio, entre educadores, &nbsp;especialistas em Educa\u00e7\u00e3o Patrimonial e Patrim\u00f4nio Cultural, e representantes institui\u00e7\u00f5es parceiras do Programa Trem da Vale. Dos projetos inscritos pelas escolas, ser\u00e3o selecionados os 12 melhores em cada cidade, para apresenta\u00e7\u00e3o durante a 3\u00aa mostra Intermunicipal de Educa\u00e7\u00e3o Patrimonial. Ser\u00e3o selecionados ainda, em cada cidade, outros 04 projetos de institui\u00e7\u00f5es e\/ou grupos representativos da comunidade das cidades de Mariana e Ouro Preto que realizem trabalho de Educa\u00e7\u00e3o\/Preserva\u00e7\u00e3o Patrimonial com a participa\u00e7\u00e3o de membros da comunidade.<\/p>\n<p>Ser\u00e3o premiados:<\/p>\n<p>\u2022&nbsp; Dois trabalhos pedag\u00f3gicos: seja de professor isoladamente, seja de um grupo de professores representando uma escola &#8211; cada trabalho pedag\u00f3gico selecionado far\u00e1 jus a uma quantia em dinheiro, conforme estabelecido no edital da 3\u00aa Mostra Intermunicipal de Preserva\u00e7\u00e3o Patrimonial (clique para baixar).<\/p>\n<p>\u2022&nbsp; Tr\u00eas trabalhos de alunos: cada trabalho far\u00e1 jus a medalhas para os participantes.<\/p>\n<p>\u2022&nbsp; Dois trabalhos de outras institui\u00e7\u00f5es n\u00e3o-escolares e\/ou de grupos organizados das comunidades &#8211; cada trabalho selecionado far\u00e1 jus a uma quantia em dinheiro, conforme estabelecido no edital da 3\u00aa Mostra Intermunicipal de Preserva\u00e7\u00e3o Patrimonial.<\/p>\n<p>Clique AQUI para baixar a ficha de inscri\u00e7\u00e3o para ESCOLA.<\/p>\n<p>Clique AQUI para baixar a ficha de inscri\u00e7\u00e3o GRUPOS ORGANIZADOS.<\/p>\n<p>&nbsp;<\/p>\n","protected":false},"excerpt":{"rendered":"<p>A Mostra de Preserva\u00e7\u00e3o Patrimonial se inspira na tradi\u00e7\u00e3o escolar representada pelas Feiras de Ci\u00eancias, pretendendo dar visibilidade aos projetos pedag\u00f3gicos desenvolvidos por escolas e professores, os mesmos que possibilitar\u00e3o a inser\u00e7\u00e3o e o enraizamento da quest\u00e3o patrimonial no interior do curr\u00edculo escolar. Com o objetivo divulgar e premiar institui\u00e7\u00f5es &hellip;<\/p>\n","protected":false},"author":1,"featured_media":348,"comment_status":"open","ping_status":"closed","sticky":false,"template":"","format":"standard","meta":{"footnotes":""},"categories":[2],"tags":[],"class_list":["post-41","post","type-post","status-publish","format-standard","has-post-thumbnail","hentry","category-destaques-home"],"yoast_head":"<!-- This site is optimized with the Yoast SEO plugin v26.1.1 - https:\/\/yoast.com\/wordpress\/plugins\/seo\/ -->\n<title>3\u00aa Mostra Intermunicipal de Preserva\u00e7\u00e3o Patrimonial: Educa\u00e7\u00e3o e Cultura &#8212; Trem da Vale<\/title>\n<meta name=\"robots\" content=\"index, follow, max-snippet:-1, max-image-preview:large, max-video-preview:-1\" \/>\n<link rel=\"canonical\" href=\"https:\/\/tremdavale.org\/pt\/3-mostra-intermunicipal-de-preservacao-patrimonial-educacao-e-cultura\/\" \/>\n<meta property=\"og:locale\" content=\"pt_PT\" \/>\n<meta property=\"og:type\" content=\"article\" \/>\n<meta property=\"og:title\" content=\"3\u00aa Mostra Intermunicipal de Preserva\u00e7\u00e3o Patrimonial: Educa\u00e7\u00e3o e Cultura &#8212; Trem da Vale\" \/>\n<meta property=\"og:description\" content=\"A Mostra de Preserva\u00e7\u00e3o Patrimonial se inspira na tradi\u00e7\u00e3o escolar representada pelas Feiras de Ci\u00eancias, pretendendo dar visibilidade aos projetos pedag\u00f3gicos desenvolvidos por escolas e professores, os mesmos que possibilitar\u00e3o a inser\u00e7\u00e3o e o enraizamento da quest\u00e3o patrimonial no interior do curr\u00edculo escolar. Com o objetivo divulgar e premiar institui\u00e7\u00f5es &hellip;\" \/>\n<meta property=\"og:url\" content=\"https:\/\/tremdavale.org\/pt\/3-mostra-intermunicipal-de-preservacao-patrimonial-educacao-e-cultura\/\" \/>\n<meta property=\"og:site_name\" content=\"Trem da Vale\" \/>\n<meta property=\"article:published_time\" content=\"2013-08-25T04:59:00+00:00\" \/>\n<meta property=\"article:modified_time\" content=\"2025-10-10T11:57:00+00:00\" \/>\n<meta property=\"og:image\" content=\"https:\/\/tremdavale.org\/wp-content\/uploads\/cartaz_mostra_v1-212x300.jpg\" \/>\n\t<meta property=\"og:image:width\" content=\"212\" \/>\n\t<meta property=\"og:image:height\" content=\"300\" \/>\n\t<meta property=\"og:image:type\" content=\"image\/jpeg\" \/>\n<meta name=\"author\" content=\"admin\" \/>\n<meta name=\"twitter:card\" content=\"summary_large_image\" \/>\n<meta name=\"twitter:label1\" content=\"Escrito por\" \/>\n\t<meta name=\"twitter:data1\" content=\"admin\" \/>\n\t<meta name=\"twitter:label2\" content=\"Tempo estimado de leitura\" \/>\n\t<meta name=\"twitter:data2\" content=\"2 minutos\" \/>\n<script type=\"application\/ld+json\" class=\"yoast-schema-graph\">{\"@context\":\"https:\/\/schema.org\",\"@graph\":[{\"@type\":\"WebPage\",\"@id\":\"https:\/\/tremdavale.org\/pt\/3-mostra-intermunicipal-de-preservacao-patrimonial-educacao-e-cultura\/\",\"url\":\"https:\/\/tremdavale.org\/pt\/3-mostra-intermunicipal-de-preservacao-patrimonial-educacao-e-cultura\/\",\"name\":\"3\u00aa Mostra Intermunicipal de Preserva\u00e7\u00e3o Patrimonial: Educa\u00e7\u00e3o e Cultura &#8212; Trem da Vale\",\"isPartOf\":{\"@id\":\"https:\/\/tremdavale.org\/pt\/#website\"},\"primaryImageOfPage\":{\"@id\":\"https:\/\/tremdavale.org\/pt\/3-mostra-intermunicipal-de-preservacao-patrimonial-educacao-e-cultura\/#primaryimage\"},\"image\":{\"@id\":\"https:\/\/tremdavale.org\/pt\/3-mostra-intermunicipal-de-preservacao-patrimonial-educacao-e-cultura\/#primaryimage\"},\"thumbnailUrl\":\"https:\/\/tremdavale.org\/wp-content\/uploads\/cartaz_mostra_v1-212x300.jpg\",\"datePublished\":\"2013-08-25T04:59:00+00:00\",\"dateModified\":\"2025-10-10T11:57:00+00:00\",\"author\":{\"@id\":\"https:\/\/tremdavale.org\/pt\/#\/schema\/person\/50912137d47426d31329f246d02eaeca\"},\"breadcrumb\":{\"@id\":\"https:\/\/tremdavale.org\/pt\/3-mostra-intermunicipal-de-preservacao-patrimonial-educacao-e-cultura\/#breadcrumb\"},\"inLanguage\":\"pt-PT\",\"potentialAction\":[{\"@type\":\"ReadAction\",\"target\":[\"https:\/\/tremdavale.org\/pt\/3-mostra-intermunicipal-de-preservacao-patrimonial-educacao-e-cultura\/\"]}]},{\"@type\":\"ImageObject\",\"inLanguage\":\"pt-PT\",\"@id\":\"https:\/\/tremdavale.org\/pt\/3-mostra-intermunicipal-de-preservacao-patrimonial-educacao-e-cultura\/#primaryimage\",\"url\":\"https:\/\/tremdavale.org\/wp-content\/uploads\/cartaz_mostra_v1-212x300.jpg\",\"contentUrl\":\"https:\/\/tremdavale.org\/wp-content\/uploads\/cartaz_mostra_v1-212x300.jpg\",\"width\":212,\"height\":300},{\"@type\":\"BreadcrumbList\",\"@id\":\"https:\/\/tremdavale.org\/pt\/3-mostra-intermunicipal-de-preservacao-patrimonial-educacao-e-cultura\/#breadcrumb\",\"itemListElement\":[{\"@type\":\"ListItem\",\"position\":1,\"name\":\"In\u00edcio\",\"item\":\"https:\/\/tremdavale.org\/pt\/\"},{\"@type\":\"ListItem\",\"position\":2,\"name\":\"3\u00aa Mostra Intermunicipal de Preserva\u00e7\u00e3o Patrimonial: Educa\u00e7\u00e3o e Cultura\"}]},{\"@type\":\"WebSite\",\"@id\":\"https:\/\/tremdavale.org\/pt\/#website\",\"url\":\"https:\/\/tremdavale.org\/pt\/\",\"name\":\"Trem da Vale\",\"description\":\"Programa de Educa\u00e7\u00e3o Patrimonial\",\"potentialAction\":[{\"@type\":\"SearchAction\",\"target\":{\"@type\":\"EntryPoint\",\"urlTemplate\":\"https:\/\/tremdavale.org\/pt\/?s={search_term_string}\"},\"query-input\":{\"@type\":\"PropertyValueSpecification\",\"valueRequired\":true,\"valueName\":\"search_term_string\"}}],\"inLanguage\":\"pt-PT\"},{\"@type\":\"Person\",\"@id\":\"https:\/\/tremdavale.org\/pt\/#\/schema\/person\/50912137d47426d31329f246d02eaeca\",\"name\":\"admin\",\"image\":{\"@type\":\"ImageObject\",\"inLanguage\":\"pt-PT\",\"@id\":\"https:\/\/tremdavale.org\/pt\/#\/schema\/person\/image\/\",\"url\":\"https:\/\/secure.gravatar.com\/avatar\/b3564f0fda6ea47959fe96a4217203e79a167568a37409758659bc3ba443b452?s=96&d=mm&r=g\",\"contentUrl\":\"https:\/\/secure.gravatar.com\/avatar\/b3564f0fda6ea47959fe96a4217203e79a167568a37409758659bc3ba443b452?s=96&d=mm&r=g\",\"caption\":\"admin\"},\"sameAs\":[\"https:\/\/tremdavale.org\"],\"url\":\"https:\/\/tremdavale.org\/pt\/author\/admin\/\"}]}<\/script>\n<!-- \/ Yoast SEO plugin. -->","yoast_head_json":{"title":"3\u00aa Mostra Intermunicipal de Preserva\u00e7\u00e3o Patrimonial: Educa\u00e7\u00e3o e Cultura &#8212; Trem da Vale","robots":{"index":"index","follow":"follow","max-snippet":"max-snippet:-1","max-image-preview":"max-image-preview:large","max-video-preview":"max-video-preview:-1"},"canonical":"https:\/\/tremdavale.org\/pt\/3-mostra-intermunicipal-de-preservacao-patrimonial-educacao-e-cultura\/","og_locale":"pt_PT","og_type":"article","og_title":"3\u00aa Mostra Intermunicipal de Preserva\u00e7\u00e3o Patrimonial: Educa\u00e7\u00e3o e Cultura &#8212; Trem da Vale","og_description":"A Mostra de Preserva\u00e7\u00e3o Patrimonial se inspira na tradi\u00e7\u00e3o escolar representada pelas Feiras de Ci\u00eancias, pretendendo dar visibilidade aos projetos pedag\u00f3gicos desenvolvidos por escolas e professores, os mesmos que possibilitar\u00e3o a inser\u00e7\u00e3o e o enraizamento da quest\u00e3o patrimonial no interior do curr\u00edculo escolar. Com o objetivo divulgar e premiar institui\u00e7\u00f5es &hellip;","og_url":"https:\/\/tremdavale.org\/pt\/3-mostra-intermunicipal-de-preservacao-patrimonial-educacao-e-cultura\/","og_site_name":"Trem da Vale","article_published_time":"2013-08-25T04:59:00+00:00","article_modified_time":"2025-10-10T11:57:00+00:00","og_image":[{"width":212,"height":300,"url":"https:\/\/tremdavale.org\/wp-content\/uploads\/cartaz_mostra_v1-212x300.jpg","type":"image\/jpeg"}],"author":"admin","twitter_card":"summary_large_image","twitter_misc":{"Escrito por":"admin","Tempo estimado de leitura":"2 minutos"},"schema":{"@context":"https:\/\/schema.org","@graph":[{"@type":"WebPage","@id":"https:\/\/tremdavale.org\/pt\/3-mostra-intermunicipal-de-preservacao-patrimonial-educacao-e-cultura\/","url":"https:\/\/tremdavale.org\/pt\/3-mostra-intermunicipal-de-preservacao-patrimonial-educacao-e-cultura\/","name":"3\u00aa Mostra Intermunicipal de Preserva\u00e7\u00e3o Patrimonial: Educa\u00e7\u00e3o e Cultura &#8212; Trem da Vale","isPartOf":{"@id":"https:\/\/tremdavale.org\/pt\/#website"},"primaryImageOfPage":{"@id":"https:\/\/tremdavale.org\/pt\/3-mostra-intermunicipal-de-preservacao-patrimonial-educacao-e-cultura\/#primaryimage"},"image":{"@id":"https:\/\/tremdavale.org\/pt\/3-mostra-intermunicipal-de-preservacao-patrimonial-educacao-e-cultura\/#primaryimage"},"thumbnailUrl":"https:\/\/tremdavale.org\/wp-content\/uploads\/cartaz_mostra_v1-212x300.jpg","datePublished":"2013-08-25T04:59:00+00:00","dateModified":"2025-10-10T11:57:00+00:00","author":{"@id":"https:\/\/tremdavale.org\/pt\/#\/schema\/person\/50912137d47426d31329f246d02eaeca"},"breadcrumb":{"@id":"https:\/\/tremdavale.org\/pt\/3-mostra-intermunicipal-de-preservacao-patrimonial-educacao-e-cultura\/#breadcrumb"},"inLanguage":"pt-PT","potentialAction":[{"@type":"ReadAction","target":["https:\/\/tremdavale.org\/pt\/3-mostra-intermunicipal-de-preservacao-patrimonial-educacao-e-cultura\/"]}]},{"@type":"ImageObject","inLanguage":"pt-PT","@id":"https:\/\/tremdavale.org\/pt\/3-mostra-intermunicipal-de-preservacao-patrimonial-educacao-e-cultura\/#primaryimage","url":"https:\/\/tremdavale.org\/wp-content\/uploads\/cartaz_mostra_v1-212x300.jpg","contentUrl":"https:\/\/tremdavale.org\/wp-content\/uploads\/cartaz_mostra_v1-212x300.jpg","width":212,"height":300},{"@type":"BreadcrumbList","@id":"https:\/\/tremdavale.org\/pt\/3-mostra-intermunicipal-de-preservacao-patrimonial-educacao-e-cultura\/#breadcrumb","itemListElement":[{"@type":"ListItem","position":1,"name":"In\u00edcio","item":"https:\/\/tremdavale.org\/pt\/"},{"@type":"ListItem","position":2,"name":"3\u00aa Mostra Intermunicipal de Preserva\u00e7\u00e3o Patrimonial: Educa\u00e7\u00e3o e Cultura"}]},{"@type":"WebSite","@id":"https:\/\/tremdavale.org\/pt\/#website","url":"https:\/\/tremdavale.org\/pt\/","name":"Trem da Vale","description":"Programa de Educa\u00e7\u00e3o Patrimonial","potentialAction":[{"@type":"SearchAction","target":{"@type":"EntryPoint","urlTemplate":"https:\/\/tremdavale.org\/pt\/?s={search_term_string}"},"query-input":{"@type":"PropertyValueSpecification","valueRequired":true,"valueName":"search_term_string"}}],"inLanguage":"pt-PT"},{"@type":"Person","@id":"https:\/\/tremdavale.org\/pt\/#\/schema\/person\/50912137d47426d31329f246d02eaeca","name":"admin","image":{"@type":"ImageObject","inLanguage":"pt-PT","@id":"https:\/\/tremdavale.org\/pt\/#\/schema\/person\/image\/","url":"https:\/\/secure.gravatar.com\/avatar\/b3564f0fda6ea47959fe96a4217203e79a167568a37409758659bc3ba443b452?s=96&d=mm&r=g","contentUrl":"https:\/\/secure.gravatar.com\/avatar\/b3564f0fda6ea47959fe96a4217203e79a167568a37409758659bc3ba443b452?s=96&d=mm&r=g","caption":"admin"},"sameAs":["https:\/\/tremdavale.org"],"url":"https:\/\/tremdavale.org\/pt\/author\/admin\/"}]}},"_links":{"self":[{"href":"https:\/\/tremdavale.org\/pt\/wp-json\/wp\/v2\/posts\/41","targetHints":{"allow":["GET"]}}],"collection":[{"href":"https:\/\/tremdavale.org\/pt\/wp-json\/wp\/v2\/posts"}],"about":[{"href":"https:\/\/tremdavale.org\/pt\/wp-json\/wp\/v2\/types\/post"}],"author":[{"embeddable":true,"href":"https:\/\/tremdavale.org\/pt\/wp-json\/wp\/v2\/users\/1"}],"replies":[{"embeddable":true,"href":"https:\/\/tremdavale.org\/pt\/wp-json\/wp\/v2\/comments?post=41"}],"version-history":[{"count":0,"href":"https:\/\/tremdavale.org\/pt\/wp-json\/wp\/v2\/posts\/41\/revisions"}],"wp:featuredmedia":[{"embeddable":true,"href":"https:\/\/tremdavale.org\/pt\/wp-json\/wp\/v2\/media\/348"}],"wp:attachment":[{"href":"https:\/\/tremdavale.org\/pt\/wp-json\/wp\/v2\/media?parent=41"}],"wp:term":[{"taxonomy":"category","embeddable":true,"href":"https:\/\/tremdavale.org\/pt\/wp-json\/wp\/v2\/categories?post=41"},{"taxonomy":"post_tag","embeddable":true,"href":"https:\/\/tremdavale.org\/pt\/wp-json\/wp\/v2\/tags?post=41"}],"curies":[{"name":"wp","href":"https:\/\/api.w.org\/{rel}","templated":true}]}}